{"id":82540,"date":"2016-06-25T06:59:03","date_gmt":"2016-06-25T04:59:03","guid":{"rendered":"http:\/\/hudo.com\/si\/?p=82540"},"modified":"2016-06-25T07:00:56","modified_gmt":"2016-06-25T05:00:56","slug":"praznovanje-25-obletnice-osamosvojitve-doseglo-vrhunec","status":"publish","type":"post","link":"https:\/\/hudo.com\/si\/aktualno\/praznovanje-25-obletnice-osamosvojitve-doseglo-vrhunec\/","title":{"rendered":"Proslava ob 25. obletnici osamosvojitve: Enotnost ni nastala \u010dez no\u010d!"},"content":{"rendered":"<p>Dr\u017eavna proslava se je odvila na ve\u010d prizori\u0161\u010dih &#8211; Trg republike je gostil protokolarni del, od tam se je dogajanje preselilo na Kongresni trg, sklepni dogodek pa je bil ognjemet z ljubljanskega gradu. Po\u010dastitve obletnice slovenske osamosvojitve so se udele\u017eili tudi nem\u0161ki predsednik Joachim Gauck, hrva\u0161ka predsednica Kolinda Grabar-Kitarovi\u0107 ter predsednika Italije in Avstrije Sergio Mattarella in Heinz Fischer.<\/p>\n<p>Pahor je v govoru na proslavi poudaril, da je bila lepota osamosvojitve v tem, da je ljudi vklju\u010devala, ne izklju\u010devala, kar je bistveno in velja tudi za na\u0161e prihodnje izzive. Dodal je, da enotnost ni nastala \u010dez no\u010d, ampak je bila \u010dudovit rezultat dialoga, sodelovanja in zaupanja.<\/p>\n<p>Kot je poudaril Pahor, smo na podlagi enotnosti tako naposled odlo\u010dali skupaj: &#8220;Skupaj smo odlo\u010dali na referendumu, skupaj smo odlo\u010dali na tak ve\u010der pred 25 leti ob razglasitvi dr\u017eave, skupaj smo se borili za to, da smo dr\u017eavo obranili pred agresorjem in skupaj smo si prizadevali za njeno mednarodno priznanje.&#8221;<\/p>\n<p>Poslanke in poslance je na slavnostni seji dr\u017eavnega zbora nagovoril predsednik zbora Milan Brglez. Poudaril je, da si skupne dr\u017eave in njene osamosvojitve ne more in ne sme nih\u010de prisvojiti, ker je preprosto na\u0161a, skupna. Po njegovih besedah je bil \u010das osamosvajanja \u010das najve\u010dje dr\u017eavotvornosti, \u017eeli pa si, da bi tak\u0161no dr\u017eavotvornost vedno znova na\u0161li in udejanjali. Izpostavil je tudi, da je osamosvojitev zgodba o uspehu, in to predvsem zgodba o uspehu naroda.<\/p>\n<p>Pred dana\u0161njim dnevom dr\u017eavnosti je predsednik republike v ljubljanski Vili Podro\u017enik tudi priredil tradicionalni sprejem za svojce padlih pripadnikov Teritorialne obrambe, ministrstva za notranje zadeve in civilnih \u017ertev ter ranjenih v vojni za Slovenijo. V nagovoru je poudaril pomen enotnosti, ki smo jo Slovenci izkazali pred 25 leti ob osamosvojitvi Slovenije.<\/p>\n<p>Sprejema se je udele\u017eil tudi biv\u0161i predsednik republike Milan Ku\u010dan, ki je bil v \u010dasu osamosvojitve na \u010delu republi\u0161kega predsedstva. Kot je dejal v izjavi za STA, vidi klju\u010dni razlog osamosvojitve Slovenije v globoki krizi v tedanji Jugoslaviji in brezperspektivnosti \u017eivljenja v njej, &#8220;hkrati pa tudi v trdni odlo\u010denosti Slovencev, da nadaljujemo pot demokratizacije politi\u010dnega \u017eivljenja in povezovanja v evropske zdru\u017eevalne procese&#8221;.<\/p>\n<p>Tudi ministrica za obrambo Andreja Kati\u010d je v prazni\u010dni \u010destitki poudarila, da je bila za uresni\u010ditev dolgoletnega hrepenenja po osamosvojitvi odlo\u010dilna enotnost, ki smo jo Slovenci izkazali na plebiscitu. Zapisala je, da je rojstni dan domovine prilo\u017enost za to, da se pove\u017eemo v odgovornosti in strpnosti ter v dialogu skupaj ustvarimo \u010dim bolj\u0161e razmere za \u017eivljenje vseh, ki \u017eivijo v Sloveniji.<\/p>\n<p>Ministrica ter delegaciji Zveze veteranov vojne za Slovenijo in Zveze policijskih veteranskih dru\u0161tev Sever so na ljubljanskih \u017dalah polo\u017eile vence k spomeniku padlim in umrlim v vojni za Slovenijo. Prazni\u010dne proslave so potekale tudi po \u0161tevilnih ob\u010dinah.<\/p>\n<p>Ljubljanski nad\u0161kof metropolit Stanislav Zore pa je v nagovoru pri ma\u0161i za domovino v stolnici sv. Nikolaja opozoril, da ni dovolj dr\u017eavo le osamosvojiti, ampak jo je treba tudi zgraditi. Po njegovih besedah tudi ne zadostuje, da demokracijo zgolj zapi\u0161emo v temeljne zakone dr\u017eave: &#8220;Demokracijo je treba zgraditi v mi\u0161ljenju in v vedenju dr\u017eavljanov.&#8221; Izrazil je zaskrbljenost, ker smo za\u010deli na dr\u017eavo gledati kot na vojni plen, ki si ga je treba razdeliti.<\/p>\n<p>\u0160kof Evangeli\u010danske cerkve Geza Filo pa je v \u010destitki ob dnevu dr\u017eavnosti in 25. obletnici osamosvojitve zapisal, da &#8220;je kljub spremembam, s katerimi se vse bolj pogosto soo\u010damo, in nam Slovencem, kot majhni in mladi dru\u017ebi, marsikdaj povzro\u010dajo te\u017eave, lepo biti Slovenec&#8221;. Po njegovih besedah je treba storiti vse, &#8220;da bi vsak dr\u017eavljan za\u010dutil, da je njegova domovina del njega samega, del njegovega \u017eivljenja.&#8221;<\/p>\n<p>Z dnevom dr\u017eavnosti se Slovenija spominja 25. junija 1991, ko je tedanja skup\u0161\u010dina dan pred iztekom \u0161estmese\u010dnega roka, postavljenega za uresni\u010ditev plebiscitarne odlo\u010ditve, sprejela Temeljno ustavno listino o samostojni in neodvisni Republiki Sloveniji. Hkrati je sprejela tudi ustavni zakon za izvedbo temeljne ustavne listine in Deklaracijo o neodvisnosti.<\/p>\n<p>Svojo 25-letnico pa praznujeta tudi Slovenska zastava in grb. Skup\u0161\u010dina je namre\u010d 24. junija 1991 sprejela dopolnila k ustavi tedanje Socialisti\u010dne republike Slovenije iz leta 1974, s katerimi je dolo\u010dila njun videz in obliko.<\/p>\n","protected":false},"excerpt":{"rendered":"<p> Z osrednjo dr\u017eavno proslavo na predve\u010der dneva dr\u017eavnosti v prestolnici je praznovanje 25. obletnice osamosvojitve Slovenije doseglo vrhunec. Predsednik republike Borut Pahor je v govoru poudaril, da je bila lepota osamosvojitve v vklju\u010devanju in ne izklju\u010devanju. Pred proslavo se je na slavnostni seji sestal dr\u017eavni zbor.<\/p>\n","protected":false},"author":5,"featured_media":82541,"comment_status":"closed","ping_status":"closed","sticky":false,"template":"","format":"standard","meta":{"footnotes":""},"categories":[1179],"tags":[5645,3458,5644,1595],"source":[4511],"supertag":[],"acf":[],"yoast_head":"<!-- This site is optimized with the Yoast SEO plugin v21.3 - https:\/\/yoast.com\/wordpress\/plugins\/seo\/ -->\n<title>Proslava ob 25. obletnici osamosvojitve: Enotnost ni nastala \u010dez no\u010d! - Hudo Slovenija<\/title>\n<meta name=\"robots\" content=\"index, follow, max-snippet:-1, max-image-preview:large, max-video-preview:-1\" \/>\n<link rel=\"canonical\" href=\"https:\/\/hudo.com\/si\/aktualno\/praznovanje-25-obletnice-osamosvojitve-doseglo-vrhunec\/\" \/>\n<meta property=\"og:locale\" content=\"sl_SI\" \/>\n<meta property=\"og:type\" content=\"article\" \/>\n<meta property=\"og:title\" content=\"Proslava ob 25. obletnici osamosvojitve: Enotnost ni nastala \u010dez no\u010d! - Hudo Slovenija\" \/>\n<meta property=\"og:description\" content=\"Z osrednjo dr\u017eavno proslavo na predve\u010der dneva dr\u017eavnosti v prestolnici je praznovanje 25. obletnice osamosvojitve Slovenije doseglo vrhunec. Predsednik republike Borut Pahor je v govoru poudaril, da je bila lepota osamosvojitve v vklju\u010devanju in ne izklju\u010devanju. Pred proslavo se je na slavnostni seji sestal dr\u017eavni zbor.\" \/>\n<meta property=\"og:url\" content=\"https:\/\/hudo.com\/si\/aktualno\/praznovanje-25-obletnice-osamosvojitve-doseglo-vrhunec\/\" \/>\n<meta property=\"og:site_name\" content=\"Hudo Slovenija\" \/>\n<meta property=\"article:publisher\" content=\"https:\/\/www.facebook.com\/hudo.si\" \/>\n<meta property=\"article:published_time\" content=\"2016-06-25T04:59:03+00:00\" \/>\n<meta property=\"article:modified_time\" content=\"2016-06-25T05:00:56+00:00\" \/>\n<meta property=\"og:image\" content=\"https:\/\/hudo.com\/si\/wp-content\/uploads\/sites\/2\/2016\/06\/profimedia-0292279026.jpg\" \/>\n\t<meta property=\"og:image:width\" content=\"1250\" \/>\n\t<meta property=\"og:image:height\" content=\"833\" \/>\n\t<meta property=\"og:image:type\" content=\"image\/jpeg\" \/>\n<meta name=\"author\" content=\"A. G., STA\" \/>\n<meta name=\"twitter:card\" content=\"summary_large_image\" \/>\n<meta name=\"twitter:creator\" content=\"@hudo_si\" \/>\n<meta name=\"twitter:site\" content=\"@hudo_si\" \/>\n<meta name=\"twitter:label1\" content=\"Written by\" \/>\n\t<meta name=\"twitter:data1\" content=\"A. G., STA\" \/>\n\t<meta name=\"twitter:label2\" content=\"Est. reading time\" \/>\n\t<meta name=\"twitter:data2\" content=\"4 minute\" \/>\n<script type=\"application\/ld+json\" class=\"yoast-schema-graph\">{\"@context\":\"https:\/\/schema.org\",\"@graph\":[{\"@type\":\"Article\",\"@id\":\"https:\/\/hudo.com\/si\/aktualno\/praznovanje-25-obletnice-osamosvojitve-doseglo-vrhunec\/#article\",\"isPartOf\":{\"@id\":\"https:\/\/hudo.com\/si\/aktualno\/praznovanje-25-obletnice-osamosvojitve-doseglo-vrhunec\/\"},\"author\":{\"name\":\"A. G., STA\",\"@id\":\"https:\/\/hudo.com\/si\/#\/schema\/person\/2391667a63ea075ba94f2f2dc6b77537\"},\"headline\":\"Proslava ob 25. obletnici osamosvojitve: Enotnost ni nastala \u010dez no\u010d!\",\"datePublished\":\"2016-06-25T04:59:03+00:00\",\"dateModified\":\"2016-06-25T05:00:56+00:00\",\"mainEntityOfPage\":{\"@id\":\"https:\/\/hudo.com\/si\/aktualno\/praznovanje-25-obletnice-osamosvojitve-doseglo-vrhunec\/\"},\"wordCount\":730,\"publisher\":{\"@id\":\"https:\/\/hudo.com\/si\/#organization\"},\"keywords\":[\"25. obletnica osamosvojitve\",\"Borut Pahor\",\"osamosvojitev\",\"Slovenija\"],\"articleSection\":[\"Aktualno\"],\"inLanguage\":\"sl-SI\"},{\"@type\":\"WebPage\",\"@id\":\"https:\/\/hudo.com\/si\/aktualno\/praznovanje-25-obletnice-osamosvojitve-doseglo-vrhunec\/\",\"url\":\"https:\/\/hudo.com\/si\/aktualno\/praznovanje-25-obletnice-osamosvojitve-doseglo-vrhunec\/\",\"name\":\"Proslava ob 25. obletnici osamosvojitve: Enotnost ni nastala \u010dez no\u010d! - Hudo Slovenija\",\"isPartOf\":{\"@id\":\"https:\/\/hudo.com\/si\/#website\"},\"datePublished\":\"2016-06-25T04:59:03+00:00\",\"dateModified\":\"2016-06-25T05:00:56+00:00\",\"breadcrumb\":{\"@id\":\"https:\/\/hudo.com\/si\/aktualno\/praznovanje-25-obletnice-osamosvojitve-doseglo-vrhunec\/#breadcrumb\"},\"inLanguage\":\"sl-SI\",\"potentialAction\":[{\"@type\":\"ReadAction\",\"target\":[\"https:\/\/hudo.com\/si\/aktualno\/praznovanje-25-obletnice-osamosvojitve-doseglo-vrhunec\/\"]}]},{\"@type\":\"BreadcrumbList\",\"@id\":\"https:\/\/hudo.com\/si\/aktualno\/praznovanje-25-obletnice-osamosvojitve-doseglo-vrhunec\/#breadcrumb\",\"itemListElement\":[{\"@type\":\"ListItem\",\"position\":1,\"name\":\"Home\",\"item\":\"https:\/\/hudo.com\/si\/\"},{\"@type\":\"ListItem\",\"position\":2,\"name\":\"Proslava ob 25. obletnici osamosvojitve: Enotnost ni nastala \u010dez no\u010d!\"}]},{\"@type\":\"WebSite\",\"@id\":\"https:\/\/hudo.com\/si\/#website\",\"url\":\"https:\/\/hudo.com\/si\/\",\"name\":\"Hudo Slovenija\",\"description\":\"Vse novice iz Slovenije in sveta\",\"publisher\":{\"@id\":\"https:\/\/hudo.com\/si\/#organization\"},\"potentialAction\":[{\"@type\":\"SearchAction\",\"target\":{\"@type\":\"EntryPoint\",\"urlTemplate\":\"https:\/\/hudo.com\/si\/?s={search_term_string}\"},\"query-input\":\"required name=search_term_string\"}],\"inLanguage\":\"sl-SI\"},{\"@type\":\"Organization\",\"@id\":\"https:\/\/hudo.com\/si\/#organization\",\"name\":\"VSN Media\",\"url\":\"https:\/\/hudo.com\/si\/\",\"logo\":{\"@type\":\"ImageObject\",\"inLanguage\":\"sl-SI\",\"@id\":\"https:\/\/hudo.com\/si\/#\/schema\/logo\/image\/\",\"url\":\"https:\/\/hudo.com\/si\/wp-content\/uploads\/sites\/2\/2021\/03\/hudo-app-2.png\",\"contentUrl\":\"https:\/\/hudo.com\/si\/wp-content\/uploads\/sites\/2\/2021\/03\/hudo-app-2.png\",\"width\":2185,\"height\":2167,\"caption\":\"VSN Media\"},\"image\":{\"@id\":\"https:\/\/hudo.com\/si\/#\/schema\/logo\/image\/\"},\"sameAs\":[\"https:\/\/www.facebook.com\/hudo.si\",\"https:\/\/twitter.com\/hudo_si\"]},{\"@type\":\"Person\",\"@id\":\"https:\/\/hudo.com\/si\/#\/schema\/person\/2391667a63ea075ba94f2f2dc6b77537\",\"name\":\"A. G., STA\",\"image\":{\"@type\":\"ImageObject\",\"inLanguage\":\"sl-SI\",\"@id\":\"https:\/\/hudo.com\/si\/#\/schema\/person\/image\/\",\"url\":\"https:\/\/secure.gravatar.com\/avatar\/e13d22ac3e442658d5025fbbe6238a79?s=96&d=mm&r=g\",\"contentUrl\":\"https:\/\/secure.gravatar.com\/avatar\/e13d22ac3e442658d5025fbbe6238a79?s=96&d=mm&r=g\",\"caption\":\"A. G., STA\"},\"url\":\"https:\/\/hudo.com\/si\/author\/alenka\/\"}]}<\/script>\n<!-- \/ Yoast SEO plugin. -->","yoast_head_json":{"title":"Proslava ob 25. obletnici osamosvojitve: Enotnost ni nastala \u010dez no\u010d! - Hudo Slovenija","robots":{"index":"index","follow":"follow","max-snippet":"max-snippet:-1","max-image-preview":"max-image-preview:large","max-video-preview":"max-video-preview:-1"},"canonical":"https:\/\/hudo.com\/si\/aktualno\/praznovanje-25-obletnice-osamosvojitve-doseglo-vrhunec\/","og_locale":"sl_SI","og_type":"article","og_title":"Proslava ob 25. obletnici osamosvojitve: Enotnost ni nastala \u010dez no\u010d! - Hudo Slovenija","og_description":"Z osrednjo dr\u017eavno proslavo na predve\u010der dneva dr\u017eavnosti v prestolnici je praznovanje 25. obletnice osamosvojitve Slovenije doseglo vrhunec. Predsednik republike Borut Pahor je v govoru poudaril, da je bila lepota osamosvojitve v vklju\u010devanju in ne izklju\u010devanju. Pred proslavo se je na slavnostni seji sestal dr\u017eavni zbor.","og_url":"https:\/\/hudo.com\/si\/aktualno\/praznovanje-25-obletnice-osamosvojitve-doseglo-vrhunec\/","og_site_name":"Hudo Slovenija","article_publisher":"https:\/\/www.facebook.com\/hudo.si","article_published_time":"2016-06-25T04:59:03+00:00","article_modified_time":"2016-06-25T05:00:56+00:00","og_image":[{"width":1250,"height":833,"url":"https:\/\/hudo.com\/si\/wp-content\/uploads\/sites\/2\/2016\/06\/profimedia-0292279026.jpg","type":"image\/jpeg"}],"author":"A. G., STA","twitter_card":"summary_large_image","twitter_creator":"@hudo_si","twitter_site":"@hudo_si","twitter_misc":{"Written by":"A. G., STA","Est. reading time":"4 minute"},"schema":{"@context":"https:\/\/schema.org","@graph":[{"@type":"Article","@id":"https:\/\/hudo.com\/si\/aktualno\/praznovanje-25-obletnice-osamosvojitve-doseglo-vrhunec\/#article","isPartOf":{"@id":"https:\/\/hudo.com\/si\/aktualno\/praznovanje-25-obletnice-osamosvojitve-doseglo-vrhunec\/"},"author":{"name":"A. G., STA","@id":"https:\/\/hudo.com\/si\/#\/schema\/person\/2391667a63ea075ba94f2f2dc6b77537"},"headline":"Proslava ob 25. obletnici osamosvojitve: Enotnost ni nastala \u010dez no\u010d!","datePublished":"2016-06-25T04:59:03+00:00","dateModified":"2016-06-25T05:00:56+00:00","mainEntityOfPage":{"@id":"https:\/\/hudo.com\/si\/aktualno\/praznovanje-25-obletnice-osamosvojitve-doseglo-vrhunec\/"},"wordCount":730,"publisher":{"@id":"https:\/\/hudo.com\/si\/#organization"},"keywords":["25. obletnica osamosvojitve","Borut Pahor","osamosvojitev","Slovenija"],"articleSection":["Aktualno"],"inLanguage":"sl-SI"},{"@type":"WebPage","@id":"https:\/\/hudo.com\/si\/aktualno\/praznovanje-25-obletnice-osamosvojitve-doseglo-vrhunec\/","url":"https:\/\/hudo.com\/si\/aktualno\/praznovanje-25-obletnice-osamosvojitve-doseglo-vrhunec\/","name":"Proslava ob 25. obletnici osamosvojitve: Enotnost ni nastala \u010dez no\u010d! - Hudo Slovenija","isPartOf":{"@id":"https:\/\/hudo.com\/si\/#website"},"datePublished":"2016-06-25T04:59:03+00:00","dateModified":"2016-06-25T05:00:56+00:00","breadcrumb":{"@id":"https:\/\/hudo.com\/si\/aktualno\/praznovanje-25-obletnice-osamosvojitve-doseglo-vrhunec\/#breadcrumb"},"inLanguage":"sl-SI","potentialAction":[{"@type":"ReadAction","target":["https:\/\/hudo.com\/si\/aktualno\/praznovanje-25-obletnice-osamosvojitve-doseglo-vrhunec\/"]}]},{"@type":"BreadcrumbList","@id":"https:\/\/hudo.com\/si\/aktualno\/praznovanje-25-obletnice-osamosvojitve-doseglo-vrhunec\/#breadcrumb","itemListElement":[{"@type":"ListItem","position":1,"name":"Home","item":"https:\/\/hudo.com\/si\/"},{"@type":"ListItem","position":2,"name":"Proslava ob 25. obletnici osamosvojitve: Enotnost ni nastala \u010dez no\u010d!"}]},{"@type":"WebSite","@id":"https:\/\/hudo.com\/si\/#website","url":"https:\/\/hudo.com\/si\/","name":"Hudo Slovenija","description":"Vse novice iz Slovenije in sveta","publisher":{"@id":"https:\/\/hudo.com\/si\/#organization"},"potentialAction":[{"@type":"SearchAction","target":{"@type":"EntryPoint","urlTemplate":"https:\/\/hudo.com\/si\/?s={search_term_string}"},"query-input":"required name=search_term_string"}],"inLanguage":"sl-SI"},{"@type":"Organization","@id":"https:\/\/hudo.com\/si\/#organization","name":"VSN Media","url":"https:\/\/hudo.com\/si\/","logo":{"@type":"ImageObject","inLanguage":"sl-SI","@id":"https:\/\/hudo.com\/si\/#\/schema\/logo\/image\/","url":"https:\/\/hudo.com\/si\/wp-content\/uploads\/sites\/2\/2021\/03\/hudo-app-2.png","contentUrl":"https:\/\/hudo.com\/si\/wp-content\/uploads\/sites\/2\/2021\/03\/hudo-app-2.png","width":2185,"height":2167,"caption":"VSN Media"},"image":{"@id":"https:\/\/hudo.com\/si\/#\/schema\/logo\/image\/"},"sameAs":["https:\/\/www.facebook.com\/hudo.si","https:\/\/twitter.com\/hudo_si"]},{"@type":"Person","@id":"https:\/\/hudo.com\/si\/#\/schema\/person\/2391667a63ea075ba94f2f2dc6b77537","name":"A. G., STA","image":{"@type":"ImageObject","inLanguage":"sl-SI","@id":"https:\/\/hudo.com\/si\/#\/schema\/person\/image\/","url":"https:\/\/secure.gravatar.com\/avatar\/e13d22ac3e442658d5025fbbe6238a79?s=96&d=mm&r=g","contentUrl":"https:\/\/secure.gravatar.com\/avatar\/e13d22ac3e442658d5025fbbe6238a79?s=96&d=mm&r=g","caption":"A. G., STA"},"url":"https:\/\/hudo.com\/si\/author\/alenka\/"}]}},"amp_enabled":true,"_links":{"self":[{"href":"https:\/\/hudo.com\/si\/wp-json\/wp\/v2\/posts\/82540"}],"collection":[{"href":"https:\/\/hudo.com\/si\/wp-json\/wp\/v2\/posts"}],"about":[{"href":"https:\/\/hudo.com\/si\/wp-json\/wp\/v2\/types\/post"}],"author":[{"embeddable":true,"href":"https:\/\/hudo.com\/si\/wp-json\/wp\/v2\/users\/5"}],"replies":[{"embeddable":true,"href":"https:\/\/hudo.com\/si\/wp-json\/wp\/v2\/comments?post=82540"}],"version-history":[{"count":2,"href":"https:\/\/hudo.com\/si\/wp-json\/wp\/v2\/posts\/82540\/revisions"}],"predecessor-version":[{"id":82543,"href":"https:\/\/hudo.com\/si\/wp-json\/wp\/v2\/posts\/82540\/revisions\/82543"}],"wp:featuredmedia":[{"embeddable":true,"href":"https:\/\/hudo.com\/si\/wp-json\/wp\/v2\/media\/82541"}],"wp:attachment":[{"href":"https:\/\/hudo.com\/si\/wp-json\/wp\/v2\/media?parent=82540"}],"wp:term":[{"taxonomy":"category","embeddable":true,"href":"https:\/\/hudo.com\/si\/wp-json\/wp\/v2\/categories?post=82540"},{"taxonomy":"post_tag","embeddable":true,"href":"https:\/\/hudo.com\/si\/wp-json\/wp\/v2\/tags?post=82540"},{"taxonomy":"source","embeddable":true,"href":"https:\/\/hudo.com\/si\/wp-json\/wp\/v2\/source?post=82540"},{"taxonomy":"supertag","embeddable":true,"href":"https:\/\/hudo.com\/si\/wp-json\/wp\/v2\/supertag?post=82540"}],"curies":[{"name":"wp","href":"https:\/\/api.w.org\/{rel}","templated":true}]}}