{"id":82590,"date":"2016-06-25T08:00:00","date_gmt":"2016-06-25T06:00:00","guid":{"rendered":"http:\/\/hudo.com\/si\/2016\/06\/25\/nova-trasa-sentruper-velenje\/"},"modified":"2016-06-26T02:12:58","modified_gmt":"2016-06-26T00:12:58","slug":"nova-trasa-sentruper-velenje","status":"publish","type":"post","link":"https:\/\/hudo.com\/si\/aktualno\/nova-trasa-sentruper-velenje\/","title":{"rendered":"Nova trasa \u0160entruper-Velenje"},"content":{"rendered":"<p>Kategorija: Slovenija Sat, 25 Jun 2016 10:00:00 +0200  Velenje, Braslov\u010de &#8211; V Podgori ne bosta dve, temve\u010d eno po\u010divali\u0161\u010de. Pri kmetiji pod Goro Oljko bo cesta pokrita, da bo nad njo ostalo kmetijsko zemlji\u0161\u010de. Od Pari\u017eelj bo preko polj speljana do \u0160entruperta na nov, dodaten priklju\u010dek na avtocesto skozi Savinjsko dolino. To so glavne spremembe osnutka Dr\u017eavnega prostorskega na\u010drta (DPN) za dr\u017eavno cesto med Velenjem in avtocesto \u0160entilj-Koper, ki bo razgrnjen v za\u010detku prihodnjega meseca, ob\u010dine pa ga bodo v svojih glasilih objavile te dni. Pribli\u017eno 14 kilometrov dolg odsek ceste Velenje-Savinjska dolina na tretji razvojni osi med Avstrijo in Hrva\u0161ko na\u010drtujejo pristojna ministrstva &#8211; zdaj sta to ministrstvi za okolje in prostor ter za infrastrukturo &#8211; \u017ee ve\u010d kot desetletje. Od trase s priklju\u010dkom na avtocesto v \u0160entrupertu do priklju\u010dka na nadaljevanje ceste na Koro\u0161ko na jugu Velenja\u00a0&#8230;<\/p>\n","protected":false},"excerpt":{"rendered":"<p>Kategorija: Slovenija Sat, 25 Jun 2016 10:00:00 +0200  Velenje, Braslov\u010de &#8211; V Podgori ne bosta dve, temve\u010d eno po\u010divali\u0161\u010de. Pri kmetiji pod Goro Oljko bo cesta pokrita, da bo nad njo ostalo kmetijsko zemlji\u0161\u010de. Od Pari\u017eelj bo preko polj speljana do \u0160entruperta na nov, dodaten priklju\u010dek na avtocesto skozi Savinjsko dolino. To so glavne spremembe osnutka Dr\u017eavnega prostorskega na\u010drta (DPN) za dr\u017eavno cesto med Velenjem in avtocesto \u0160entilj-Koper, ki bo razgrnjen v za\u010detku prihodnjega meseca, ob\u010dine pa ga bodo v svojih glasilih objavile te dni. Pribli\u017eno 14 kilometrov dolg odsek ceste Velenje-Savinjska dolina na tretji razvojni osi med Avstrijo in Hrva\u0161ko na\u010drtujejo pristojna ministrstva &#8211; zdaj sta to ministrstvi za okolje in prostor ter za infrastrukturo &#8211; \u017ee ve\u010d kot desetletje. Od trase s priklju\u010dkom na avtocesto v \u0160entrupertu do priklju\u010dka na nadaljevanje ceste na Koro\u0161ko na jugu Velenja\u00a0&#8230;<\/p>\n","protected":false},"author":1,"featured_media":0,"comment_status":"closed","ping_status":"closed","sticky":false,"template":"","format":"standard","meta":{"footnotes":""},"categories":[1179],"tags":[],"source":[4511],"supertag":[],"acf":[],"yoast_head":"<!-- This site is optimized with the Yoast SEO plugin v21.3 - https:\/\/yoast.com\/wordpress\/plugins\/seo\/ -->\n<title>Nova trasa \u0160entruper-Velenje - Hudo Slovenija<\/title>\n<meta name=\"robots\" content=\"index, follow, max-snippet:-1, max-image-preview:large, max-video-preview:-1\" \/>\n<link rel=\"canonical\" href=\"https:\/\/hudo.com\/si\/aktualno\/nova-trasa-sentruper-velenje\/\" \/>\n<meta property=\"og:locale\" content=\"sl_SI\" \/>\n<meta property=\"og:type\" content=\"article\" \/>\n<meta property=\"og:title\" content=\"Nova trasa \u0160entruper-Velenje - Hudo Slovenija\" \/>\n<meta property=\"og:description\" content=\"Kategorija: Slovenija Sat, 25 Jun 2016 10:00:00 +0200 Velenje, Braslov\u010de - V Podgori ne bosta dve, temve\u010d eno po\u010divali\u0161\u010de. Pri kmetiji pod Goro Oljko bo cesta pokrita, da bo nad njo ostalo kmetijsko zemlji\u0161\u010de. Od Pari\u017eelj bo preko polj speljana do \u0160entruperta na nov, dodaten priklju\u010dek na avtocesto skozi Savinjsko dolino. To so glavne spremembe osnutka Dr\u017eavnega prostorskega na\u010drta (DPN) za dr\u017eavno cesto med Velenjem in avtocesto \u0160entilj-Koper, ki bo razgrnjen v za\u010detku prihodnjega meseca, ob\u010dine pa ga bodo v svojih glasilih objavile te dni. Pribli\u017eno 14 kilometrov dolg odsek ceste Velenje-Savinjska dolina na tretji razvojni osi med Avstrijo in Hrva\u0161ko na\u010drtujejo pristojna ministrstva - zdaj sta to ministrstvi za okolje in prostor ter za infrastrukturo - \u017ee ve\u010d kot desetletje. Od trase s priklju\u010dkom na avtocesto v \u0160entrupertu do priklju\u010dka na nadaljevanje ceste na Koro\u0161ko na jugu Velenja\u00a0...\" \/>\n<meta property=\"og:url\" content=\"https:\/\/hudo.com\/si\/aktualno\/nova-trasa-sentruper-velenje\/\" \/>\n<meta property=\"og:site_name\" content=\"Hudo Slovenija\" \/>\n<meta property=\"article:publisher\" content=\"https:\/\/www.facebook.com\/hudo.si\" \/>\n<meta property=\"article:published_time\" content=\"2016-06-25T06:00:00+00:00\" \/>\n<meta property=\"article:modified_time\" content=\"2016-06-26T00:12:58+00:00\" \/>\n<meta property=\"og:image\" content=\"https:\/\/hudo.com\/si\/wp-content\/uploads\/sites\/2\/2016\/06\/480x290_Delo_Foto-20160624121514-14730100.jpeg\" \/>\n\t<meta property=\"og:image:width\" content=\"480\" \/>\n\t<meta property=\"og:image:height\" content=\"290\" \/>\n\t<meta property=\"og:image:type\" content=\"image\/jpeg\" \/>\n<meta name=\"author\" content=\"hudo\" \/>\n<meta name=\"twitter:card\" content=\"summary_large_image\" \/>\n<meta name=\"twitter:creator\" content=\"@hudo_si\" \/>\n<meta name=\"twitter:site\" content=\"@hudo_si\" \/>\n<meta name=\"twitter:label1\" content=\"Written by\" \/>\n\t<meta name=\"twitter:data1\" content=\"hudo\" \/>\n\t<meta name=\"twitter:label2\" content=\"Est. reading time\" \/>\n\t<meta name=\"twitter:data2\" content=\"1 minuta\" \/>\n<script type=\"application\/ld+json\" class=\"yoast-schema-graph\">{\"@context\":\"https:\/\/schema.org\",\"@graph\":[{\"@type\":\"Article\",\"@id\":\"https:\/\/hudo.com\/si\/aktualno\/nova-trasa-sentruper-velenje\/#article\",\"isPartOf\":{\"@id\":\"https:\/\/hudo.com\/si\/aktualno\/nova-trasa-sentruper-velenje\/\"},\"author\":{\"name\":\"hudo\",\"@id\":\"https:\/\/hudo.com\/si\/#\/schema\/person\/601cf3379633985b20f7e50f2bb47707\"},\"headline\":\"Nova trasa \u0160entruper-Velenje\",\"datePublished\":\"2016-06-25T06:00:00+00:00\",\"dateModified\":\"2016-06-26T00:12:58+00:00\",\"mainEntityOfPage\":{\"@id\":\"https:\/\/hudo.com\/si\/aktualno\/nova-trasa-sentruper-velenje\/\"},\"wordCount\":154,\"publisher\":{\"@id\":\"https:\/\/hudo.com\/si\/#organization\"},\"articleSection\":[\"Aktualno\"],\"inLanguage\":\"sl-SI\"},{\"@type\":\"WebPage\",\"@id\":\"https:\/\/hudo.com\/si\/aktualno\/nova-trasa-sentruper-velenje\/\",\"url\":\"https:\/\/hudo.com\/si\/aktualno\/nova-trasa-sentruper-velenje\/\",\"name\":\"Nova trasa \u0160entruper-Velenje - Hudo Slovenija\",\"isPartOf\":{\"@id\":\"https:\/\/hudo.com\/si\/#website\"},\"datePublished\":\"2016-06-25T06:00:00+00:00\",\"dateModified\":\"2016-06-26T00:12:58+00:00\",\"breadcrumb\":{\"@id\":\"https:\/\/hudo.com\/si\/aktualno\/nova-trasa-sentruper-velenje\/#breadcrumb\"},\"inLanguage\":\"sl-SI\",\"potentialAction\":[{\"@type\":\"ReadAction\",\"target\":[\"https:\/\/hudo.com\/si\/aktualno\/nova-trasa-sentruper-velenje\/\"]}]},{\"@type\":\"BreadcrumbList\",\"@id\":\"https:\/\/hudo.com\/si\/aktualno\/nova-trasa-sentruper-velenje\/#breadcrumb\",\"itemListElement\":[{\"@type\":\"ListItem\",\"position\":1,\"name\":\"Home\",\"item\":\"https:\/\/hudo.com\/si\/\"},{\"@type\":\"ListItem\",\"position\":2,\"name\":\"Nova trasa \u0160entruper-Velenje\"}]},{\"@type\":\"WebSite\",\"@id\":\"https:\/\/hudo.com\/si\/#website\",\"url\":\"https:\/\/hudo.com\/si\/\",\"name\":\"Hudo Slovenija\",\"description\":\"Vse novice iz Slovenije in sveta\",\"publisher\":{\"@id\":\"https:\/\/hudo.com\/si\/#organization\"},\"potentialAction\":[{\"@type\":\"SearchAction\",\"target\":{\"@type\":\"EntryPoint\",\"urlTemplate\":\"https:\/\/hudo.com\/si\/?s={search_term_string}\"},\"query-input\":\"required name=search_term_string\"}],\"inLanguage\":\"sl-SI\"},{\"@type\":\"Organization\",\"@id\":\"https:\/\/hudo.com\/si\/#organization\",\"name\":\"VSN Media\",\"url\":\"https:\/\/hudo.com\/si\/\",\"logo\":{\"@type\":\"ImageObject\",\"inLanguage\":\"sl-SI\",\"@id\":\"https:\/\/hudo.com\/si\/#\/schema\/logo\/image\/\",\"url\":\"https:\/\/hudo.com\/si\/wp-content\/uploads\/sites\/2\/2021\/03\/hudo-app-2.png\",\"contentUrl\":\"https:\/\/hudo.com\/si\/wp-content\/uploads\/sites\/2\/2021\/03\/hudo-app-2.png\",\"width\":2185,\"height\":2167,\"caption\":\"VSN Media\"},\"image\":{\"@id\":\"https:\/\/hudo.com\/si\/#\/schema\/logo\/image\/\"},\"sameAs\":[\"https:\/\/www.facebook.com\/hudo.si\",\"https:\/\/twitter.com\/hudo_si\"]},{\"@type\":\"Person\",\"@id\":\"https:\/\/hudo.com\/si\/#\/schema\/person\/601cf3379633985b20f7e50f2bb47707\",\"name\":\"hudo\",\"image\":{\"@type\":\"ImageObject\",\"inLanguage\":\"sl-SI\",\"@id\":\"https:\/\/hudo.com\/si\/#\/schema\/person\/image\/\",\"url\":\"https:\/\/secure.gravatar.com\/avatar\/c4ca25fa72cace7a696b52ff5db9e095?s=96&d=mm&r=g\",\"contentUrl\":\"https:\/\/secure.gravatar.com\/avatar\/c4ca25fa72cace7a696b52ff5db9e095?s=96&d=mm&r=g\",\"caption\":\"hudo\"},\"url\":\"https:\/\/hudo.com\/si\/author\/hudo\/\"}]}<\/script>\n<!-- \/ Yoast SEO plugin. -->","yoast_head_json":{"title":"Nova trasa \u0160entruper-Velenje - Hudo Slovenija","robots":{"index":"index","follow":"follow","max-snippet":"max-snippet:-1","max-image-preview":"max-image-preview:large","max-video-preview":"max-video-preview:-1"},"canonical":"https:\/\/hudo.com\/si\/aktualno\/nova-trasa-sentruper-velenje\/","og_locale":"sl_SI","og_type":"article","og_title":"Nova trasa \u0160entruper-Velenje - Hudo Slovenija","og_description":"Kategorija: Slovenija Sat, 25 Jun 2016 10:00:00 +0200 Velenje, Braslov\u010de - V Podgori ne bosta dve, temve\u010d eno po\u010divali\u0161\u010de. Pri kmetiji pod Goro Oljko bo cesta pokrita, da bo nad njo ostalo kmetijsko zemlji\u0161\u010de. Od Pari\u017eelj bo preko polj speljana do \u0160entruperta na nov, dodaten priklju\u010dek na avtocesto skozi Savinjsko dolino. To so glavne spremembe osnutka Dr\u017eavnega prostorskega na\u010drta (DPN) za dr\u017eavno cesto med Velenjem in avtocesto \u0160entilj-Koper, ki bo razgrnjen v za\u010detku prihodnjega meseca, ob\u010dine pa ga bodo v svojih glasilih objavile te dni. Pribli\u017eno 14 kilometrov dolg odsek ceste Velenje-Savinjska dolina na tretji razvojni osi med Avstrijo in Hrva\u0161ko na\u010drtujejo pristojna ministrstva - zdaj sta to ministrstvi za okolje in prostor ter za infrastrukturo - \u017ee ve\u010d kot desetletje. Od trase s priklju\u010dkom na avtocesto v \u0160entrupertu do priklju\u010dka na nadaljevanje ceste na Koro\u0161ko na jugu Velenja\u00a0...","og_url":"https:\/\/hudo.com\/si\/aktualno\/nova-trasa-sentruper-velenje\/","og_site_name":"Hudo Slovenija","article_publisher":"https:\/\/www.facebook.com\/hudo.si","article_published_time":"2016-06-25T06:00:00+00:00","article_modified_time":"2016-06-26T00:12:58+00:00","og_image":[{"width":480,"height":290,"url":"https:\/\/hudo.com\/si\/wp-content\/uploads\/sites\/2\/2016\/06\/480x290_Delo_Foto-20160624121514-14730100.jpeg","type":"image\/jpeg"}],"author":"hudo","twitter_card":"summary_large_image","twitter_creator":"@hudo_si","twitter_site":"@hudo_si","twitter_misc":{"Written by":"hudo","Est. reading time":"1 minuta"},"schema":{"@context":"https:\/\/schema.org","@graph":[{"@type":"Article","@id":"https:\/\/hudo.com\/si\/aktualno\/nova-trasa-sentruper-velenje\/#article","isPartOf":{"@id":"https:\/\/hudo.com\/si\/aktualno\/nova-trasa-sentruper-velenje\/"},"author":{"name":"hudo","@id":"https:\/\/hudo.com\/si\/#\/schema\/person\/601cf3379633985b20f7e50f2bb47707"},"headline":"Nova trasa \u0160entruper-Velenje","datePublished":"2016-06-25T06:00:00+00:00","dateModified":"2016-06-26T00:12:58+00:00","mainEntityOfPage":{"@id":"https:\/\/hudo.com\/si\/aktualno\/nova-trasa-sentruper-velenje\/"},"wordCount":154,"publisher":{"@id":"https:\/\/hudo.com\/si\/#organization"},"articleSection":["Aktualno"],"inLanguage":"sl-SI"},{"@type":"WebPage","@id":"https:\/\/hudo.com\/si\/aktualno\/nova-trasa-sentruper-velenje\/","url":"https:\/\/hudo.com\/si\/aktualno\/nova-trasa-sentruper-velenje\/","name":"Nova trasa \u0160entruper-Velenje - Hudo Slovenija","isPartOf":{"@id":"https:\/\/hudo.com\/si\/#website"},"datePublished":"2016-06-25T06:00:00+00:00","dateModified":"2016-06-26T00:12:58+00:00","breadcrumb":{"@id":"https:\/\/hudo.com\/si\/aktualno\/nova-trasa-sentruper-velenje\/#breadcrumb"},"inLanguage":"sl-SI","potentialAction":[{"@type":"ReadAction","target":["https:\/\/hudo.com\/si\/aktualno\/nova-trasa-sentruper-velenje\/"]}]},{"@type":"BreadcrumbList","@id":"https:\/\/hudo.com\/si\/aktualno\/nova-trasa-sentruper-velenje\/#breadcrumb","itemListElement":[{"@type":"ListItem","position":1,"name":"Home","item":"https:\/\/hudo.com\/si\/"},{"@type":"ListItem","position":2,"name":"Nova trasa \u0160entruper-Velenje"}]},{"@type":"WebSite","@id":"https:\/\/hudo.com\/si\/#website","url":"https:\/\/hudo.com\/si\/","name":"Hudo Slovenija","description":"Vse novice iz Slovenije in sveta","publisher":{"@id":"https:\/\/hudo.com\/si\/#organization"},"potentialAction":[{"@type":"SearchAction","target":{"@type":"EntryPoint","urlTemplate":"https:\/\/hudo.com\/si\/?s={search_term_string}"},"query-input":"required name=search_term_string"}],"inLanguage":"sl-SI"},{"@type":"Organization","@id":"https:\/\/hudo.com\/si\/#organization","name":"VSN Media","url":"https:\/\/hudo.com\/si\/","logo":{"@type":"ImageObject","inLanguage":"sl-SI","@id":"https:\/\/hudo.com\/si\/#\/schema\/logo\/image\/","url":"https:\/\/hudo.com\/si\/wp-content\/uploads\/sites\/2\/2021\/03\/hudo-app-2.png","contentUrl":"https:\/\/hudo.com\/si\/wp-content\/uploads\/sites\/2\/2021\/03\/hudo-app-2.png","width":2185,"height":2167,"caption":"VSN Media"},"image":{"@id":"https:\/\/hudo.com\/si\/#\/schema\/logo\/image\/"},"sameAs":["https:\/\/www.facebook.com\/hudo.si","https:\/\/twitter.com\/hudo_si"]},{"@type":"Person","@id":"https:\/\/hudo.com\/si\/#\/schema\/person\/601cf3379633985b20f7e50f2bb47707","name":"hudo","image":{"@type":"ImageObject","inLanguage":"sl-SI","@id":"https:\/\/hudo.com\/si\/#\/schema\/person\/image\/","url":"https:\/\/secure.gravatar.com\/avatar\/c4ca25fa72cace7a696b52ff5db9e095?s=96&d=mm&r=g","contentUrl":"https:\/\/secure.gravatar.com\/avatar\/c4ca25fa72cace7a696b52ff5db9e095?s=96&d=mm&r=g","caption":"hudo"},"url":"https:\/\/hudo.com\/si\/author\/hudo\/"}]}},"amp_enabled":true,"_links":{"self":[{"href":"https:\/\/hudo.com\/si\/wp-json\/wp\/v2\/posts\/82590"}],"collection":[{"href":"https:\/\/hudo.com\/si\/wp-json\/wp\/v2\/posts"}],"about":[{"href":"https:\/\/hudo.com\/si\/wp-json\/wp\/v2\/types\/post"}],"author":[{"embeddable":true,"href":"https:\/\/hudo.com\/si\/wp-json\/wp\/v2\/users\/1"}],"replies":[{"embeddable":true,"href":"https:\/\/hudo.com\/si\/wp-json\/wp\/v2\/comments?post=82590"}],"version-history":[{"count":1,"href":"https:\/\/hudo.com\/si\/wp-json\/wp\/v2\/posts\/82590\/revisions"}],"predecessor-version":[{"id":82661,"href":"https:\/\/hudo.com\/si\/wp-json\/wp\/v2\/posts\/82590\/revisions\/82661"}],"wp:attachment":[{"href":"https:\/\/hudo.com\/si\/wp-json\/wp\/v2\/media?parent=82590"}],"wp:term":[{"taxonomy":"category","embeddable":true,"href":"https:\/\/hudo.com\/si\/wp-json\/wp\/v2\/categories?post=82590"},{"taxonomy":"post_tag","embeddable":true,"href":"https:\/\/hudo.com\/si\/wp-json\/wp\/v2\/tags?post=82590"},{"taxonomy":"source","embeddable":true,"href":"https:\/\/hudo.com\/si\/wp-json\/wp\/v2\/source?post=82590"},{"taxonomy":"supertag","embeddable":true,"href":"https:\/\/hudo.com\/si\/wp-json\/wp\/v2\/supertag?post=82590"}],"curies":[{"name":"wp","href":"https:\/\/api.w.org\/{rel}","templated":true}]}}