{"id":82642,"date":"2016-06-25T09:00:00","date_gmt":"2016-06-25T07:00:00","guid":{"rendered":"http:\/\/hudo.com\/si\/2016\/06\/25\/juncker-o-brexitu-to-ne-bo-prijateljska-locitev\/"},"modified":"2016-06-26T05:52:36","modified_gmt":"2016-06-26T03:52:36","slug":"juncker-o-brexitu-to-ne-bo-prijateljska-locitev","status":"publish","type":"post","link":"https:\/\/hudo.com\/si\/aktualno\/juncker-o-brexitu-to-ne-bo-prijateljska-locitev\/","title":{"rendered":"Juncker o Brexitu: &#8220;To ne bo prijateljska lo\u010ditev&#8221;"},"content":{"rendered":"<p>Predsednik Evropske komisije Jean-Claude Juncker je pozval k \u010dimprej\u0161nji lo\u010ditvi Velike Britanije od EU. &#8220;Ne razumem, zakaj mora britanska vlada \u010dakati do oktobra, da se odlo\u010di, ali bo poslala lo\u010ditveno pismo v Bruselj,&#8221; je dejal za nem\u0161ko televizijo ARD. &#8220;\u017delim si, da bi bilo to takoj,&#8221; je dodal.  Britanski premier David Cameron je namre\u010d po porazu na \u010detrtkovem referendumu, na katerem se je nekaj manj kot 52 odstotka udele\u017eencev glasovanja odlo\u010dilo za odhod Zdru\u017eenega kraljestva iz EU, napovedal, da bo odstopil do oktobrskega kongresa konservativne stranke in da bo pogajanja o brexitu prepustil nasledniku. Juncker se \u010dudi, zakaj je treba zdaj \u010dakati toliko \u010dasa.  Predsednik Evropske komisije je sicer priznal, da je upal, da bodo Britanci ostali v EU, vendar pa je zdaj po njegovih besedah klju\u010dno, da se lo\u010ditev izvede kar najhitreje in z najmanj bole\u010din. &#8220;To ne bo prijateljska lo\u010ditev, a tudi ni bila intimna ljubezenska zveza,&#8221; je dejal in dodal, da &#8220;to ni bil dober dan za Britance in Evropsko unijo, a moramo naprej.&#8221;  Cameronovo odlo\u010ditev, da bo \u010dakal do oktobra, je sicer kritiziral tudi predsednik Evropskega parlamenta Martin Schulz. Prav tako v izjavi za ARD je to Cameronovo napoved ozna\u010dil za \u0161kandalozno, britanski premier pa da je celoten kontinent vzel za talca.Svet<\/p>\n","protected":false},"excerpt":{"rendered":"<p>Predsednik Evropske komisije Jean-Claude Juncker je pozval k \u010dimprej\u0161nji lo\u010ditvi Velike Britanije od EU. &#8220;Ne razumem, zakaj mora britanska vlada \u010dakati do oktobra, da se odlo\u010di, ali bo poslala lo\u010ditveno pismo v Bruselj,&#8221; je dejal za nem\u0161ko televizijo ARD. &#8220;\u017delim si, da bi bilo to takoj,&#8221; je dodal.  Britanski premier David Cameron je namre\u010d po porazu na \u010detrtkovem referendumu, na katerem se je nekaj manj kot 52 odstotka udele\u017eencev glasovanja odlo\u010dilo za odhod Zdru\u017eenega kraljestva iz EU, napovedal, da bo odstopil do oktobrskega kongresa konservativne stranke in da bo pogajanja o brexitu prepustil nasledniku. Juncker se \u010dudi, zakaj je treba zdaj \u010dakati toliko \u010dasa.  Predsednik Evropske komisije je sicer priznal, da je upal, da bodo Britanci ostali v EU, vendar pa je zdaj po njegovih besedah klju\u010dno, da se lo\u010ditev izvede kar najhitreje in z najmanj bole\u010din. &#8220;To ne bo prijateljska lo\u010ditev, a tudi ni bila intimna ljubezenska zveza,&#8221; je dejal in dodal, da &#8220;to ni bil dober dan za Britance in Evropsko unijo, a moramo naprej.&#8221;  Cameronovo odlo\u010ditev, da bo \u010dakal do oktobra, je sicer kritiziral tudi predsednik Evropskega parlamenta Martin Schulz. Prav tako v izjavi za ARD je to Cameronovo napoved ozna\u010dil za \u0161kandalozno, britanski premier pa da je celoten kontinent vzel za talca.Svet<\/p>\n","protected":false},"author":1,"featured_media":0,"comment_status":"closed","ping_status":"closed","sticky":false,"template":"","format":"standard","meta":{"footnotes":""},"categories":[1179],"tags":[],"source":[1711],"supertag":[],"acf":[],"yoast_head":"<!-- This site is optimized with the Yoast SEO plugin v21.3 - https:\/\/yoast.com\/wordpress\/plugins\/seo\/ -->\n<title>Juncker o Brexitu: &quot;To ne bo prijateljska lo\u010ditev&quot; - Hudo Slovenija<\/title>\n<meta name=\"robots\" content=\"index, follow, max-snippet:-1, max-image-preview:large, max-video-preview:-1\" \/>\n<link rel=\"canonical\" href=\"https:\/\/hudo.com\/si\/aktualno\/juncker-o-brexitu-to-ne-bo-prijateljska-locitev\/\" \/>\n<meta property=\"og:locale\" content=\"sl_SI\" \/>\n<meta property=\"og:type\" content=\"article\" \/>\n<meta property=\"og:title\" content=\"Juncker o Brexitu: &quot;To ne bo prijateljska lo\u010ditev&quot; - Hudo Slovenija\" \/>\n<meta property=\"og:description\" content=\"Predsednik Evropske komisije Jean-Claude Juncker je pozval k \u010dimprej\u0161nji lo\u010ditvi Velike Britanije od EU. &quot;Ne razumem, zakaj mora britanska vlada \u010dakati do oktobra, da se odlo\u010di, ali bo poslala lo\u010ditveno pismo v Bruselj,&quot; je dejal za nem\u0161ko televizijo ARD. &quot;\u017delim si, da bi bilo to takoj,&quot; je dodal. Britanski premier David Cameron je namre\u010d po porazu na \u010detrtkovem referendumu, na katerem se je nekaj manj kot 52 odstotka udele\u017eencev glasovanja odlo\u010dilo za odhod Zdru\u017eenega kraljestva iz EU, napovedal, da bo odstopil do oktobrskega kongresa konservativne stranke in da bo pogajanja o brexitu prepustil nasledniku. Juncker se \u010dudi, zakaj je treba zdaj \u010dakati toliko \u010dasa. Predsednik Evropske komisije je sicer priznal, da je upal, da bodo Britanci ostali v EU, vendar pa je zdaj po njegovih besedah klju\u010dno, da se lo\u010ditev izvede kar najhitreje in z najmanj bole\u010din. &quot;To ne bo prijateljska lo\u010ditev, a tudi ni bila intimna ljubezenska zveza,&quot; je dejal in dodal, da &quot;to ni bil dober dan za Britance in Evropsko unijo, a moramo naprej.&quot; Cameronovo odlo\u010ditev, da bo \u010dakal do oktobra, je sicer kritiziral tudi predsednik Evropskega parlamenta Martin Schulz. Prav tako v izjavi za ARD je to Cameronovo napoved ozna\u010dil za \u0161kandalozno, britanski premier pa da je celoten kontinent vzel za talca.Svet\" \/>\n<meta property=\"og:url\" content=\"https:\/\/hudo.com\/si\/aktualno\/juncker-o-brexitu-to-ne-bo-prijateljska-locitev\/\" \/>\n<meta property=\"og:site_name\" content=\"Hudo Slovenija\" \/>\n<meta property=\"article:publisher\" content=\"https:\/\/www.facebook.com\/hudo.si\" \/>\n<meta property=\"article:published_time\" content=\"2016-06-25T07:00:00+00:00\" \/>\n<meta property=\"article:modified_time\" content=\"2016-06-26T03:52:36+00:00\" \/>\n<meta property=\"og:image\" content=\"https:\/\/hudo.com\/si\/wp-content\/uploads\/sites\/2\/2016\/06\/MDF50845-300.jpg\" \/>\n\t<meta property=\"og:image:width\" content=\"450\" \/>\n\t<meta property=\"og:image:height\" content=\"276\" \/>\n\t<meta property=\"og:image:type\" content=\"image\/jpeg\" \/>\n<meta name=\"author\" content=\"hudo\" \/>\n<meta name=\"twitter:card\" content=\"summary_large_image\" \/>\n<meta name=\"twitter:creator\" content=\"@hudo_si\" \/>\n<meta name=\"twitter:site\" content=\"@hudo_si\" \/>\n<meta name=\"twitter:label1\" content=\"Written by\" \/>\n\t<meta name=\"twitter:data1\" content=\"hudo\" \/>\n\t<meta name=\"twitter:label2\" content=\"Est. reading time\" \/>\n\t<meta name=\"twitter:data2\" content=\"1 minuta\" \/>\n<script type=\"application\/ld+json\" class=\"yoast-schema-graph\">{\"@context\":\"https:\/\/schema.org\",\"@graph\":[{\"@type\":\"Article\",\"@id\":\"https:\/\/hudo.com\/si\/aktualno\/juncker-o-brexitu-to-ne-bo-prijateljska-locitev\/#article\",\"isPartOf\":{\"@id\":\"https:\/\/hudo.com\/si\/aktualno\/juncker-o-brexitu-to-ne-bo-prijateljska-locitev\/\"},\"author\":{\"name\":\"hudo\",\"@id\":\"https:\/\/hudo.com\/si\/#\/schema\/person\/601cf3379633985b20f7e50f2bb47707\"},\"headline\":\"Juncker o Brexitu: &#8220;To ne bo prijateljska lo\u010ditev&#8221;\",\"datePublished\":\"2016-06-25T07:00:00+00:00\",\"dateModified\":\"2016-06-26T03:52:36+00:00\",\"mainEntityOfPage\":{\"@id\":\"https:\/\/hudo.com\/si\/aktualno\/juncker-o-brexitu-to-ne-bo-prijateljska-locitev\/\"},\"wordCount\":229,\"publisher\":{\"@id\":\"https:\/\/hudo.com\/si\/#organization\"},\"articleSection\":[\"Aktualno\"],\"inLanguage\":\"sl-SI\"},{\"@type\":\"WebPage\",\"@id\":\"https:\/\/hudo.com\/si\/aktualno\/juncker-o-brexitu-to-ne-bo-prijateljska-locitev\/\",\"url\":\"https:\/\/hudo.com\/si\/aktualno\/juncker-o-brexitu-to-ne-bo-prijateljska-locitev\/\",\"name\":\"Juncker o Brexitu: \\\"To ne bo prijateljska lo\u010ditev\\\" - Hudo Slovenija\",\"isPartOf\":{\"@id\":\"https:\/\/hudo.com\/si\/#website\"},\"datePublished\":\"2016-06-25T07:00:00+00:00\",\"dateModified\":\"2016-06-26T03:52:36+00:00\",\"breadcrumb\":{\"@id\":\"https:\/\/hudo.com\/si\/aktualno\/juncker-o-brexitu-to-ne-bo-prijateljska-locitev\/#breadcrumb\"},\"inLanguage\":\"sl-SI\",\"potentialAction\":[{\"@type\":\"ReadAction\",\"target\":[\"https:\/\/hudo.com\/si\/aktualno\/juncker-o-brexitu-to-ne-bo-prijateljska-locitev\/\"]}]},{\"@type\":\"BreadcrumbList\",\"@id\":\"https:\/\/hudo.com\/si\/aktualno\/juncker-o-brexitu-to-ne-bo-prijateljska-locitev\/#breadcrumb\",\"itemListElement\":[{\"@type\":\"ListItem\",\"position\":1,\"name\":\"Home\",\"item\":\"https:\/\/hudo.com\/si\/\"},{\"@type\":\"ListItem\",\"position\":2,\"name\":\"Juncker o Brexitu: &#8220;To ne bo prijateljska lo\u010ditev&#8221;\"}]},{\"@type\":\"WebSite\",\"@id\":\"https:\/\/hudo.com\/si\/#website\",\"url\":\"https:\/\/hudo.com\/si\/\",\"name\":\"Hudo Slovenija\",\"description\":\"Vse novice iz Slovenije in sveta\",\"publisher\":{\"@id\":\"https:\/\/hudo.com\/si\/#organization\"},\"potentialAction\":[{\"@type\":\"SearchAction\",\"target\":{\"@type\":\"EntryPoint\",\"urlTemplate\":\"https:\/\/hudo.com\/si\/?s={search_term_string}\"},\"query-input\":\"required name=search_term_string\"}],\"inLanguage\":\"sl-SI\"},{\"@type\":\"Organization\",\"@id\":\"https:\/\/hudo.com\/si\/#organization\",\"name\":\"VSN Media\",\"url\":\"https:\/\/hudo.com\/si\/\",\"logo\":{\"@type\":\"ImageObject\",\"inLanguage\":\"sl-SI\",\"@id\":\"https:\/\/hudo.com\/si\/#\/schema\/logo\/image\/\",\"url\":\"https:\/\/hudo.com\/si\/wp-content\/uploads\/sites\/2\/2021\/03\/hudo-app-2.png\",\"contentUrl\":\"https:\/\/hudo.com\/si\/wp-content\/uploads\/sites\/2\/2021\/03\/hudo-app-2.png\",\"width\":2185,\"height\":2167,\"caption\":\"VSN Media\"},\"image\":{\"@id\":\"https:\/\/hudo.com\/si\/#\/schema\/logo\/image\/\"},\"sameAs\":[\"https:\/\/www.facebook.com\/hudo.si\",\"https:\/\/twitter.com\/hudo_si\"]},{\"@type\":\"Person\",\"@id\":\"https:\/\/hudo.com\/si\/#\/schema\/person\/601cf3379633985b20f7e50f2bb47707\",\"name\":\"hudo\",\"image\":{\"@type\":\"ImageObject\",\"inLanguage\":\"sl-SI\",\"@id\":\"https:\/\/hudo.com\/si\/#\/schema\/person\/image\/\",\"url\":\"https:\/\/secure.gravatar.com\/avatar\/c4ca25fa72cace7a696b52ff5db9e095?s=96&d=mm&r=g\",\"contentUrl\":\"https:\/\/secure.gravatar.com\/avatar\/c4ca25fa72cace7a696b52ff5db9e095?s=96&d=mm&r=g\",\"caption\":\"hudo\"},\"url\":\"https:\/\/hudo.com\/si\/author\/hudo\/\"}]}<\/script>\n<!-- \/ Yoast SEO plugin. -->","yoast_head_json":{"title":"Juncker o Brexitu: \"To ne bo prijateljska lo\u010ditev\" - Hudo Slovenija","robots":{"index":"index","follow":"follow","max-snippet":"max-snippet:-1","max-image-preview":"max-image-preview:large","max-video-preview":"max-video-preview:-1"},"canonical":"https:\/\/hudo.com\/si\/aktualno\/juncker-o-brexitu-to-ne-bo-prijateljska-locitev\/","og_locale":"sl_SI","og_type":"article","og_title":"Juncker o Brexitu: \"To ne bo prijateljska lo\u010ditev\" - Hudo Slovenija","og_description":"Predsednik Evropske komisije Jean-Claude Juncker je pozval k \u010dimprej\u0161nji lo\u010ditvi Velike Britanije od EU. \"Ne razumem, zakaj mora britanska vlada \u010dakati do oktobra, da se odlo\u010di, ali bo poslala lo\u010ditveno pismo v Bruselj,\" je dejal za nem\u0161ko televizijo ARD. \"\u017delim si, da bi bilo to takoj,\" je dodal. Britanski premier David Cameron je namre\u010d po porazu na \u010detrtkovem referendumu, na katerem se je nekaj manj kot 52 odstotka udele\u017eencev glasovanja odlo\u010dilo za odhod Zdru\u017eenega kraljestva iz EU, napovedal, da bo odstopil do oktobrskega kongresa konservativne stranke in da bo pogajanja o brexitu prepustil nasledniku. Juncker se \u010dudi, zakaj je treba zdaj \u010dakati toliko \u010dasa. Predsednik Evropske komisije je sicer priznal, da je upal, da bodo Britanci ostali v EU, vendar pa je zdaj po njegovih besedah klju\u010dno, da se lo\u010ditev izvede kar najhitreje in z najmanj bole\u010din. \"To ne bo prijateljska lo\u010ditev, a tudi ni bila intimna ljubezenska zveza,\" je dejal in dodal, da \"to ni bil dober dan za Britance in Evropsko unijo, a moramo naprej.\" Cameronovo odlo\u010ditev, da bo \u010dakal do oktobra, je sicer kritiziral tudi predsednik Evropskega parlamenta Martin Schulz. Prav tako v izjavi za ARD je to Cameronovo napoved ozna\u010dil za \u0161kandalozno, britanski premier pa da je celoten kontinent vzel za talca.Svet","og_url":"https:\/\/hudo.com\/si\/aktualno\/juncker-o-brexitu-to-ne-bo-prijateljska-locitev\/","og_site_name":"Hudo Slovenija","article_publisher":"https:\/\/www.facebook.com\/hudo.si","article_published_time":"2016-06-25T07:00:00+00:00","article_modified_time":"2016-06-26T03:52:36+00:00","og_image":[{"width":450,"height":276,"url":"https:\/\/hudo.com\/si\/wp-content\/uploads\/sites\/2\/2016\/06\/MDF50845-300.jpg","type":"image\/jpeg"}],"author":"hudo","twitter_card":"summary_large_image","twitter_creator":"@hudo_si","twitter_site":"@hudo_si","twitter_misc":{"Written by":"hudo","Est. reading time":"1 minuta"},"schema":{"@context":"https:\/\/schema.org","@graph":[{"@type":"Article","@id":"https:\/\/hudo.com\/si\/aktualno\/juncker-o-brexitu-to-ne-bo-prijateljska-locitev\/#article","isPartOf":{"@id":"https:\/\/hudo.com\/si\/aktualno\/juncker-o-brexitu-to-ne-bo-prijateljska-locitev\/"},"author":{"name":"hudo","@id":"https:\/\/hudo.com\/si\/#\/schema\/person\/601cf3379633985b20f7e50f2bb47707"},"headline":"Juncker o Brexitu: &#8220;To ne bo prijateljska lo\u010ditev&#8221;","datePublished":"2016-06-25T07:00:00+00:00","dateModified":"2016-06-26T03:52:36+00:00","mainEntityOfPage":{"@id":"https:\/\/hudo.com\/si\/aktualno\/juncker-o-brexitu-to-ne-bo-prijateljska-locitev\/"},"wordCount":229,"publisher":{"@id":"https:\/\/hudo.com\/si\/#organization"},"articleSection":["Aktualno"],"inLanguage":"sl-SI"},{"@type":"WebPage","@id":"https:\/\/hudo.com\/si\/aktualno\/juncker-o-brexitu-to-ne-bo-prijateljska-locitev\/","url":"https:\/\/hudo.com\/si\/aktualno\/juncker-o-brexitu-to-ne-bo-prijateljska-locitev\/","name":"Juncker o Brexitu: \"To ne bo prijateljska lo\u010ditev\" - Hudo Slovenija","isPartOf":{"@id":"https:\/\/hudo.com\/si\/#website"},"datePublished":"2016-06-25T07:00:00+00:00","dateModified":"2016-06-26T03:52:36+00:00","breadcrumb":{"@id":"https:\/\/hudo.com\/si\/aktualno\/juncker-o-brexitu-to-ne-bo-prijateljska-locitev\/#breadcrumb"},"inLanguage":"sl-SI","potentialAction":[{"@type":"ReadAction","target":["https:\/\/hudo.com\/si\/aktualno\/juncker-o-brexitu-to-ne-bo-prijateljska-locitev\/"]}]},{"@type":"BreadcrumbList","@id":"https:\/\/hudo.com\/si\/aktualno\/juncker-o-brexitu-to-ne-bo-prijateljska-locitev\/#breadcrumb","itemListElement":[{"@type":"ListItem","position":1,"name":"Home","item":"https:\/\/hudo.com\/si\/"},{"@type":"ListItem","position":2,"name":"Juncker o Brexitu: &#8220;To ne bo prijateljska lo\u010ditev&#8221;"}]},{"@type":"WebSite","@id":"https:\/\/hudo.com\/si\/#website","url":"https:\/\/hudo.com\/si\/","name":"Hudo Slovenija","description":"Vse novice iz Slovenije in sveta","publisher":{"@id":"https:\/\/hudo.com\/si\/#organization"},"potentialAction":[{"@type":"SearchAction","target":{"@type":"EntryPoint","urlTemplate":"https:\/\/hudo.com\/si\/?s={search_term_string}"},"query-input":"required name=search_term_string"}],"inLanguage":"sl-SI"},{"@type":"Organization","@id":"https:\/\/hudo.com\/si\/#organization","name":"VSN Media","url":"https:\/\/hudo.com\/si\/","logo":{"@type":"ImageObject","inLanguage":"sl-SI","@id":"https:\/\/hudo.com\/si\/#\/schema\/logo\/image\/","url":"https:\/\/hudo.com\/si\/wp-content\/uploads\/sites\/2\/2021\/03\/hudo-app-2.png","contentUrl":"https:\/\/hudo.com\/si\/wp-content\/uploads\/sites\/2\/2021\/03\/hudo-app-2.png","width":2185,"height":2167,"caption":"VSN Media"},"image":{"@id":"https:\/\/hudo.com\/si\/#\/schema\/logo\/image\/"},"sameAs":["https:\/\/www.facebook.com\/hudo.si","https:\/\/twitter.com\/hudo_si"]},{"@type":"Person","@id":"https:\/\/hudo.com\/si\/#\/schema\/person\/601cf3379633985b20f7e50f2bb47707","name":"hudo","image":{"@type":"ImageObject","inLanguage":"sl-SI","@id":"https:\/\/hudo.com\/si\/#\/schema\/person\/image\/","url":"https:\/\/secure.gravatar.com\/avatar\/c4ca25fa72cace7a696b52ff5db9e095?s=96&d=mm&r=g","contentUrl":"https:\/\/secure.gravatar.com\/avatar\/c4ca25fa72cace7a696b52ff5db9e095?s=96&d=mm&r=g","caption":"hudo"},"url":"https:\/\/hudo.com\/si\/author\/hudo\/"}]}},"amp_enabled":true,"_links":{"self":[{"href":"https:\/\/hudo.com\/si\/wp-json\/wp\/v2\/posts\/82642"}],"collection":[{"href":"https:\/\/hudo.com\/si\/wp-json\/wp\/v2\/posts"}],"about":[{"href":"https:\/\/hudo.com\/si\/wp-json\/wp\/v2\/types\/post"}],"author":[{"embeddable":true,"href":"https:\/\/hudo.com\/si\/wp-json\/wp\/v2\/users\/1"}],"replies":[{"embeddable":true,"href":"https:\/\/hudo.com\/si\/wp-json\/wp\/v2\/comments?post=82642"}],"version-history":[{"count":1,"href":"https:\/\/hudo.com\/si\/wp-json\/wp\/v2\/posts\/82642\/revisions"}],"predecessor-version":[{"id":82723,"href":"https:\/\/hudo.com\/si\/wp-json\/wp\/v2\/posts\/82642\/revisions\/82723"}],"wp:attachment":[{"href":"https:\/\/hudo.com\/si\/wp-json\/wp\/v2\/media?parent=82642"}],"wp:term":[{"taxonomy":"category","embeddable":true,"href":"https:\/\/hudo.com\/si\/wp-json\/wp\/v2\/categories?post=82642"},{"taxonomy":"post_tag","embeddable":true,"href":"https:\/\/hudo.com\/si\/wp-json\/wp\/v2\/tags?post=82642"},{"taxonomy":"source","embeddable":true,"href":"https:\/\/hudo.com\/si\/wp-json\/wp\/v2\/source?post=82642"},{"taxonomy":"supertag","embeddable":true,"href":"https:\/\/hudo.com\/si\/wp-json\/wp\/v2\/supertag?post=82642"}],"curies":[{"name":"wp","href":"https:\/\/api.w.org\/{rel}","templated":true}]}}