{"id":82648,"date":"2016-06-25T08:45:00","date_gmt":"2016-06-25T06:45:00","guid":{"rendered":"http:\/\/hudo.com\/si\/2016\/06\/25\/sodba-zoper-balkanskega-kralja-kokaina-razveljavljena\/"},"modified":"2016-06-26T05:52:44","modified_gmt":"2016-06-26T03:52:44","slug":"sodba-zoper-balkanskega-kralja-kokaina-razveljavljena","status":"publish","type":"post","link":"https:\/\/hudo.com\/si\/aktualno\/sodba-zoper-balkanskega-kralja-kokaina-razveljavljena\/","title":{"rendered":"Sodba zoper balkanskega kralja kokaina razveljavljena"},"content":{"rendered":"<p>Prizivno sodi\u0161\u010de v Beogradu je razveljavilo prvostopenjsko obsodbo t. i. balkanskega kralja kokaina Darka \u0160ari\u0107a, v kateri je bil obsojen na 20 let zapora zaradi tihotapljenja kokaina iz Latinske Amerike v Evropo. Sodi\u0161\u010de je sodbo razveljavilo zaradi &#8220;bistvene kr\u0161itve postopka&#8221; in odredilo ponovno sojenje, poro\u010da srbska tiskovna agencija Tanjug.  Sodi\u0161\u010de je odlo\u010ditev objavilo v\u010deraj na svoji spletni strani, sprejeta pa je bila 25. maja. \u0160ari\u0107 sicer ostaja v priporu do nadaljnje odlo\u010ditve prvostopenjskega sodi\u0161\u010da.  \u0160ari\u0107eva obramba je le dan prej vlo\u017eila prito\u017ebo na obsodbo iz julija lani, ker da so bile v procesu storjene \u0161tevilne kr\u0161itve kazenskega postopka. Vi\u0161je sodi\u0161\u010de je prito\u017ebi ugodilo.  \u0160ari\u0107a je sicer 13. julija lani posebno sodi\u0161\u010de v Beogradu spoznalo za krivega tihotapljenja 5,7 tone kokaina iz Latinske Amerike v Zahodno Evropo in ga obsodilo na 20-letno zaporno kazen. Tudi preostali obto\u017eenci so bili spoznani za krive in obsojeni na zaporne kazni.  Proces, ki je potekal po \u0161estih zdru\u017eenih obto\u017enicah proti 36 obto\u017eenim, od katerih jih je 14 \u0161e vedno na begu, se je za\u010del oktobra 2009 z aretacijo prvih osumljencev in zaplembo okoli dveh ton kokaina v Urugvaju, kasneje pa je bil ve\u010dkrat raz\u0161irjen.  Na zato\u017eni klopi beograjskega sodi\u0161\u010da je bilo poleg \u0160ari\u0107a \u0161e devet obto\u017eencev, devet jih je doseglo dogovor s to\u017eilstvom o priznanju krivde, trije pa so dobili status pri\u010de sodelavca.  43-letni \u0160ari\u0107 velja za enega glavnih organizatorjev trgovine z drogo na Balkanu. Slovenski del \u0160ari\u0107evega narkokartela naj bi vodil Dragan To\u0161i\u0107, ki je eden od obto\u017eenih v zadevi Balkanski bojevnik.Svet<\/p>\n","protected":false},"excerpt":{"rendered":"<p>Prizivno sodi\u0161\u010de v Beogradu je razveljavilo prvostopenjsko obsodbo t. i. balkanskega kralja kokaina Darka \u0160ari\u0107a, v kateri je bil obsojen na 20 let zapora zaradi tihotapljenja kokaina iz Latinske Amerike v Evropo. Sodi\u0161\u010de je sodbo razveljavilo zaradi &#8220;bistvene kr\u0161itve postopka&#8221; in odredilo ponovno sojenje, poro\u010da srbska tiskovna agencija Tanjug.  Sodi\u0161\u010de je odlo\u010ditev objavilo v\u010deraj na svoji spletni strani, sprejeta pa je bila 25. maja. \u0160ari\u0107 sicer ostaja v priporu do nadaljnje odlo\u010ditve prvostopenjskega sodi\u0161\u010da.  \u0160ari\u0107eva obramba je le dan prej vlo\u017eila prito\u017ebo na obsodbo iz julija lani, ker da so bile v procesu storjene \u0161tevilne kr\u0161itve kazenskega postopka. Vi\u0161je sodi\u0161\u010de je prito\u017ebi ugodilo.  \u0160ari\u0107a je sicer 13. julija lani posebno sodi\u0161\u010de v Beogradu spoznalo za krivega tihotapljenja 5,7 tone kokaina iz Latinske Amerike v Zahodno Evropo in ga obsodilo na 20-letno zaporno kazen. Tudi preostali obto\u017eenci so bili spoznani za krive in obsojeni na zaporne kazni.  Proces, ki je potekal po \u0161estih zdru\u017eenih obto\u017enicah proti 36 obto\u017eenim, od katerih jih je 14 \u0161e vedno na begu, se je za\u010del oktobra 2009 z aretacijo prvih osumljencev in zaplembo okoli dveh ton kokaina v Urugvaju, kasneje pa je bil ve\u010dkrat raz\u0161irjen.  Na zato\u017eni klopi beograjskega sodi\u0161\u010da je bilo poleg \u0160ari\u0107a \u0161e devet obto\u017eencev, devet jih je doseglo dogovor s to\u017eilstvom o priznanju krivde, trije pa so dobili status pri\u010de sodelavca.  43-letni \u0160ari\u0107 velja za enega glavnih organizatorjev trgovine z drogo na Balkanu. Slovenski del \u0160ari\u0107evega narkokartela naj bi vodil Dragan To\u0161i\u0107, ki je eden od obto\u017eenih v zadevi Balkanski bojevnik.Svet<\/p>\n","protected":false},"author":1,"featured_media":0,"comment_status":"closed","ping_status":"closed","sticky":false,"template":"","format":"standard","meta":{"footnotes":""},"categories":[1179],"tags":[],"source":[1711],"supertag":[],"acf":[],"yoast_head":"<!-- This site is optimized with the Yoast SEO plugin v21.3 - https:\/\/yoast.com\/wordpress\/plugins\/seo\/ -->\n<title>Sodba zoper balkanskega kralja kokaina razveljavljena - Hudo Slovenija<\/title>\n<meta name=\"robots\" content=\"index, follow, max-snippet:-1, max-image-preview:large, max-video-preview:-1\" \/>\n<link rel=\"canonical\" href=\"https:\/\/hudo.com\/si\/aktualno\/sodba-zoper-balkanskega-kralja-kokaina-razveljavljena\/\" \/>\n<meta property=\"og:locale\" content=\"sl_SI\" \/>\n<meta property=\"og:type\" content=\"article\" \/>\n<meta property=\"og:title\" content=\"Sodba zoper balkanskega kralja kokaina razveljavljena - Hudo Slovenija\" \/>\n<meta property=\"og:description\" content=\"Prizivno sodi\u0161\u010de v Beogradu je razveljavilo prvostopenjsko obsodbo t. i. balkanskega kralja kokaina Darka \u0160ari\u0107a, v kateri je bil obsojen na 20 let zapora zaradi tihotapljenja kokaina iz Latinske Amerike v Evropo. Sodi\u0161\u010de je sodbo razveljavilo zaradi &quot;bistvene kr\u0161itve postopka&quot; in odredilo ponovno sojenje, poro\u010da srbska tiskovna agencija Tanjug. Sodi\u0161\u010de je odlo\u010ditev objavilo v\u010deraj na svoji spletni strani, sprejeta pa je bila 25. maja. \u0160ari\u0107 sicer ostaja v priporu do nadaljnje odlo\u010ditve prvostopenjskega sodi\u0161\u010da. \u0160ari\u0107eva obramba je le dan prej vlo\u017eila prito\u017ebo na obsodbo iz julija lani, ker da so bile v procesu storjene \u0161tevilne kr\u0161itve kazenskega postopka. Vi\u0161je sodi\u0161\u010de je prito\u017ebi ugodilo. \u0160ari\u0107a je sicer 13. julija lani posebno sodi\u0161\u010de v Beogradu spoznalo za krivega tihotapljenja 5,7 tone kokaina iz Latinske Amerike v Zahodno Evropo in ga obsodilo na 20-letno zaporno kazen. Tudi preostali obto\u017eenci so bili spoznani za krive in obsojeni na zaporne kazni. Proces, ki je potekal po \u0161estih zdru\u017eenih obto\u017enicah proti 36 obto\u017eenim, od katerih jih je 14 \u0161e vedno na begu, se je za\u010del oktobra 2009 z aretacijo prvih osumljencev in zaplembo okoli dveh ton kokaina v Urugvaju, kasneje pa je bil ve\u010dkrat raz\u0161irjen. Na zato\u017eni klopi beograjskega sodi\u0161\u010da je bilo poleg \u0160ari\u0107a \u0161e devet obto\u017eencev, devet jih je doseglo dogovor s to\u017eilstvom o priznanju krivde, trije pa so dobili status pri\u010de sodelavca. 43-letni \u0160ari\u0107 velja za enega glavnih organizatorjev trgovine z drogo na Balkanu. Slovenski del \u0160ari\u0107evega narkokartela naj bi vodil Dragan To\u0161i\u0107, ki je eden od obto\u017eenih v zadevi Balkanski bojevnik.Svet\" \/>\n<meta property=\"og:url\" content=\"https:\/\/hudo.com\/si\/aktualno\/sodba-zoper-balkanskega-kralja-kokaina-razveljavljena\/\" \/>\n<meta property=\"og:site_name\" content=\"Hudo Slovenija\" \/>\n<meta property=\"article:publisher\" content=\"https:\/\/www.facebook.com\/hudo.si\" \/>\n<meta property=\"article:published_time\" content=\"2016-06-25T06:45:00+00:00\" \/>\n<meta property=\"article:modified_time\" content=\"2016-06-26T03:52:44+00:00\" \/>\n<meta property=\"og:image\" content=\"https:\/\/hudo.com\/si\/wp-content\/uploads\/sites\/2\/2016\/06\/01219077F-300.jpg\" \/>\n\t<meta property=\"og:image:width\" content=\"450\" \/>\n\t<meta property=\"og:image:height\" content=\"323\" \/>\n\t<meta property=\"og:image:type\" content=\"image\/jpeg\" \/>\n<meta name=\"author\" content=\"hudo\" \/>\n<meta name=\"twitter:card\" content=\"summary_large_image\" \/>\n<meta name=\"twitter:creator\" content=\"@hudo_si\" \/>\n<meta name=\"twitter:site\" content=\"@hudo_si\" \/>\n<meta name=\"twitter:label1\" content=\"Written by\" \/>\n\t<meta name=\"twitter:data1\" content=\"hudo\" \/>\n\t<meta name=\"twitter:label2\" content=\"Est. reading time\" \/>\n\t<meta name=\"twitter:data2\" content=\"1 minuta\" \/>\n<script type=\"application\/ld+json\" class=\"yoast-schema-graph\">{\"@context\":\"https:\/\/schema.org\",\"@graph\":[{\"@type\":\"Article\",\"@id\":\"https:\/\/hudo.com\/si\/aktualno\/sodba-zoper-balkanskega-kralja-kokaina-razveljavljena\/#article\",\"isPartOf\":{\"@id\":\"https:\/\/hudo.com\/si\/aktualno\/sodba-zoper-balkanskega-kralja-kokaina-razveljavljena\/\"},\"author\":{\"name\":\"hudo\",\"@id\":\"https:\/\/hudo.com\/si\/#\/schema\/person\/601cf3379633985b20f7e50f2bb47707\"},\"headline\":\"Sodba zoper balkanskega kralja kokaina razveljavljena\",\"datePublished\":\"2016-06-25T06:45:00+00:00\",\"dateModified\":\"2016-06-26T03:52:44+00:00\",\"mainEntityOfPage\":{\"@id\":\"https:\/\/hudo.com\/si\/aktualno\/sodba-zoper-balkanskega-kralja-kokaina-razveljavljena\/\"},\"wordCount\":283,\"publisher\":{\"@id\":\"https:\/\/hudo.com\/si\/#organization\"},\"articleSection\":[\"Aktualno\"],\"inLanguage\":\"sl-SI\"},{\"@type\":\"WebPage\",\"@id\":\"https:\/\/hudo.com\/si\/aktualno\/sodba-zoper-balkanskega-kralja-kokaina-razveljavljena\/\",\"url\":\"https:\/\/hudo.com\/si\/aktualno\/sodba-zoper-balkanskega-kralja-kokaina-razveljavljena\/\",\"name\":\"Sodba zoper balkanskega kralja kokaina razveljavljena - Hudo Slovenija\",\"isPartOf\":{\"@id\":\"https:\/\/hudo.com\/si\/#website\"},\"datePublished\":\"2016-06-25T06:45:00+00:00\",\"dateModified\":\"2016-06-26T03:52:44+00:00\",\"breadcrumb\":{\"@id\":\"https:\/\/hudo.com\/si\/aktualno\/sodba-zoper-balkanskega-kralja-kokaina-razveljavljena\/#breadcrumb\"},\"inLanguage\":\"sl-SI\",\"potentialAction\":[{\"@type\":\"ReadAction\",\"target\":[\"https:\/\/hudo.com\/si\/aktualno\/sodba-zoper-balkanskega-kralja-kokaina-razveljavljena\/\"]}]},{\"@type\":\"BreadcrumbList\",\"@id\":\"https:\/\/hudo.com\/si\/aktualno\/sodba-zoper-balkanskega-kralja-kokaina-razveljavljena\/#breadcrumb\",\"itemListElement\":[{\"@type\":\"ListItem\",\"position\":1,\"name\":\"Home\",\"item\":\"https:\/\/hudo.com\/si\/\"},{\"@type\":\"ListItem\",\"position\":2,\"name\":\"Sodba zoper balkanskega kralja kokaina razveljavljena\"}]},{\"@type\":\"WebSite\",\"@id\":\"https:\/\/hudo.com\/si\/#website\",\"url\":\"https:\/\/hudo.com\/si\/\",\"name\":\"Hudo Slovenija\",\"description\":\"Vse novice iz Slovenije in sveta\",\"publisher\":{\"@id\":\"https:\/\/hudo.com\/si\/#organization\"},\"potentialAction\":[{\"@type\":\"SearchAction\",\"target\":{\"@type\":\"EntryPoint\",\"urlTemplate\":\"https:\/\/hudo.com\/si\/?s={search_term_string}\"},\"query-input\":\"required name=search_term_string\"}],\"inLanguage\":\"sl-SI\"},{\"@type\":\"Organization\",\"@id\":\"https:\/\/hudo.com\/si\/#organization\",\"name\":\"VSN Media\",\"url\":\"https:\/\/hudo.com\/si\/\",\"logo\":{\"@type\":\"ImageObject\",\"inLanguage\":\"sl-SI\",\"@id\":\"https:\/\/hudo.com\/si\/#\/schema\/logo\/image\/\",\"url\":\"https:\/\/hudo.com\/si\/wp-content\/uploads\/sites\/2\/2021\/03\/hudo-app-2.png\",\"contentUrl\":\"https:\/\/hudo.com\/si\/wp-content\/uploads\/sites\/2\/2021\/03\/hudo-app-2.png\",\"width\":2185,\"height\":2167,\"caption\":\"VSN Media\"},\"image\":{\"@id\":\"https:\/\/hudo.com\/si\/#\/schema\/logo\/image\/\"},\"sameAs\":[\"https:\/\/www.facebook.com\/hudo.si\",\"https:\/\/twitter.com\/hudo_si\"]},{\"@type\":\"Person\",\"@id\":\"https:\/\/hudo.com\/si\/#\/schema\/person\/601cf3379633985b20f7e50f2bb47707\",\"name\":\"hudo\",\"image\":{\"@type\":\"ImageObject\",\"inLanguage\":\"sl-SI\",\"@id\":\"https:\/\/hudo.com\/si\/#\/schema\/person\/image\/\",\"url\":\"https:\/\/secure.gravatar.com\/avatar\/c4ca25fa72cace7a696b52ff5db9e095?s=96&d=mm&r=g\",\"contentUrl\":\"https:\/\/secure.gravatar.com\/avatar\/c4ca25fa72cace7a696b52ff5db9e095?s=96&d=mm&r=g\",\"caption\":\"hudo\"},\"url\":\"https:\/\/hudo.com\/si\/author\/hudo\/\"}]}<\/script>\n<!-- \/ Yoast SEO plugin. -->","yoast_head_json":{"title":"Sodba zoper balkanskega kralja kokaina razveljavljena - Hudo Slovenija","robots":{"index":"index","follow":"follow","max-snippet":"max-snippet:-1","max-image-preview":"max-image-preview:large","max-video-preview":"max-video-preview:-1"},"canonical":"https:\/\/hudo.com\/si\/aktualno\/sodba-zoper-balkanskega-kralja-kokaina-razveljavljena\/","og_locale":"sl_SI","og_type":"article","og_title":"Sodba zoper balkanskega kralja kokaina razveljavljena - Hudo Slovenija","og_description":"Prizivno sodi\u0161\u010de v Beogradu je razveljavilo prvostopenjsko obsodbo t. i. balkanskega kralja kokaina Darka \u0160ari\u0107a, v kateri je bil obsojen na 20 let zapora zaradi tihotapljenja kokaina iz Latinske Amerike v Evropo. Sodi\u0161\u010de je sodbo razveljavilo zaradi \"bistvene kr\u0161itve postopka\" in odredilo ponovno sojenje, poro\u010da srbska tiskovna agencija Tanjug. Sodi\u0161\u010de je odlo\u010ditev objavilo v\u010deraj na svoji spletni strani, sprejeta pa je bila 25. maja. \u0160ari\u0107 sicer ostaja v priporu do nadaljnje odlo\u010ditve prvostopenjskega sodi\u0161\u010da. \u0160ari\u0107eva obramba je le dan prej vlo\u017eila prito\u017ebo na obsodbo iz julija lani, ker da so bile v procesu storjene \u0161tevilne kr\u0161itve kazenskega postopka. Vi\u0161je sodi\u0161\u010de je prito\u017ebi ugodilo. \u0160ari\u0107a je sicer 13. julija lani posebno sodi\u0161\u010de v Beogradu spoznalo za krivega tihotapljenja 5,7 tone kokaina iz Latinske Amerike v Zahodno Evropo in ga obsodilo na 20-letno zaporno kazen. Tudi preostali obto\u017eenci so bili spoznani za krive in obsojeni na zaporne kazni. Proces, ki je potekal po \u0161estih zdru\u017eenih obto\u017enicah proti 36 obto\u017eenim, od katerih jih je 14 \u0161e vedno na begu, se je za\u010del oktobra 2009 z aretacijo prvih osumljencev in zaplembo okoli dveh ton kokaina v Urugvaju, kasneje pa je bil ve\u010dkrat raz\u0161irjen. Na zato\u017eni klopi beograjskega sodi\u0161\u010da je bilo poleg \u0160ari\u0107a \u0161e devet obto\u017eencev, devet jih je doseglo dogovor s to\u017eilstvom o priznanju krivde, trije pa so dobili status pri\u010de sodelavca. 43-letni \u0160ari\u0107 velja za enega glavnih organizatorjev trgovine z drogo na Balkanu. Slovenski del \u0160ari\u0107evega narkokartela naj bi vodil Dragan To\u0161i\u0107, ki je eden od obto\u017eenih v zadevi Balkanski bojevnik.Svet","og_url":"https:\/\/hudo.com\/si\/aktualno\/sodba-zoper-balkanskega-kralja-kokaina-razveljavljena\/","og_site_name":"Hudo Slovenija","article_publisher":"https:\/\/www.facebook.com\/hudo.si","article_published_time":"2016-06-25T06:45:00+00:00","article_modified_time":"2016-06-26T03:52:44+00:00","og_image":[{"width":450,"height":323,"url":"https:\/\/hudo.com\/si\/wp-content\/uploads\/sites\/2\/2016\/06\/01219077F-300.jpg","type":"image\/jpeg"}],"author":"hudo","twitter_card":"summary_large_image","twitter_creator":"@hudo_si","twitter_site":"@hudo_si","twitter_misc":{"Written by":"hudo","Est. reading time":"1 minuta"},"schema":{"@context":"https:\/\/schema.org","@graph":[{"@type":"Article","@id":"https:\/\/hudo.com\/si\/aktualno\/sodba-zoper-balkanskega-kralja-kokaina-razveljavljena\/#article","isPartOf":{"@id":"https:\/\/hudo.com\/si\/aktualno\/sodba-zoper-balkanskega-kralja-kokaina-razveljavljena\/"},"author":{"name":"hudo","@id":"https:\/\/hudo.com\/si\/#\/schema\/person\/601cf3379633985b20f7e50f2bb47707"},"headline":"Sodba zoper balkanskega kralja kokaina razveljavljena","datePublished":"2016-06-25T06:45:00+00:00","dateModified":"2016-06-26T03:52:44+00:00","mainEntityOfPage":{"@id":"https:\/\/hudo.com\/si\/aktualno\/sodba-zoper-balkanskega-kralja-kokaina-razveljavljena\/"},"wordCount":283,"publisher":{"@id":"https:\/\/hudo.com\/si\/#organization"},"articleSection":["Aktualno"],"inLanguage":"sl-SI"},{"@type":"WebPage","@id":"https:\/\/hudo.com\/si\/aktualno\/sodba-zoper-balkanskega-kralja-kokaina-razveljavljena\/","url":"https:\/\/hudo.com\/si\/aktualno\/sodba-zoper-balkanskega-kralja-kokaina-razveljavljena\/","name":"Sodba zoper balkanskega kralja kokaina razveljavljena - Hudo Slovenija","isPartOf":{"@id":"https:\/\/hudo.com\/si\/#website"},"datePublished":"2016-06-25T06:45:00+00:00","dateModified":"2016-06-26T03:52:44+00:00","breadcrumb":{"@id":"https:\/\/hudo.com\/si\/aktualno\/sodba-zoper-balkanskega-kralja-kokaina-razveljavljena\/#breadcrumb"},"inLanguage":"sl-SI","potentialAction":[{"@type":"ReadAction","target":["https:\/\/hudo.com\/si\/aktualno\/sodba-zoper-balkanskega-kralja-kokaina-razveljavljena\/"]}]},{"@type":"BreadcrumbList","@id":"https:\/\/hudo.com\/si\/aktualno\/sodba-zoper-balkanskega-kralja-kokaina-razveljavljena\/#breadcrumb","itemListElement":[{"@type":"ListItem","position":1,"name":"Home","item":"https:\/\/hudo.com\/si\/"},{"@type":"ListItem","position":2,"name":"Sodba zoper balkanskega kralja kokaina razveljavljena"}]},{"@type":"WebSite","@id":"https:\/\/hudo.com\/si\/#website","url":"https:\/\/hudo.com\/si\/","name":"Hudo Slovenija","description":"Vse novice iz Slovenije in sveta","publisher":{"@id":"https:\/\/hudo.com\/si\/#organization"},"potentialAction":[{"@type":"SearchAction","target":{"@type":"EntryPoint","urlTemplate":"https:\/\/hudo.com\/si\/?s={search_term_string}"},"query-input":"required name=search_term_string"}],"inLanguage":"sl-SI"},{"@type":"Organization","@id":"https:\/\/hudo.com\/si\/#organization","name":"VSN Media","url":"https:\/\/hudo.com\/si\/","logo":{"@type":"ImageObject","inLanguage":"sl-SI","@id":"https:\/\/hudo.com\/si\/#\/schema\/logo\/image\/","url":"https:\/\/hudo.com\/si\/wp-content\/uploads\/sites\/2\/2021\/03\/hudo-app-2.png","contentUrl":"https:\/\/hudo.com\/si\/wp-content\/uploads\/sites\/2\/2021\/03\/hudo-app-2.png","width":2185,"height":2167,"caption":"VSN Media"},"image":{"@id":"https:\/\/hudo.com\/si\/#\/schema\/logo\/image\/"},"sameAs":["https:\/\/www.facebook.com\/hudo.si","https:\/\/twitter.com\/hudo_si"]},{"@type":"Person","@id":"https:\/\/hudo.com\/si\/#\/schema\/person\/601cf3379633985b20f7e50f2bb47707","name":"hudo","image":{"@type":"ImageObject","inLanguage":"sl-SI","@id":"https:\/\/hudo.com\/si\/#\/schema\/person\/image\/","url":"https:\/\/secure.gravatar.com\/avatar\/c4ca25fa72cace7a696b52ff5db9e095?s=96&d=mm&r=g","contentUrl":"https:\/\/secure.gravatar.com\/avatar\/c4ca25fa72cace7a696b52ff5db9e095?s=96&d=mm&r=g","caption":"hudo"},"url":"https:\/\/hudo.com\/si\/author\/hudo\/"}]}},"amp_enabled":true,"_links":{"self":[{"href":"https:\/\/hudo.com\/si\/wp-json\/wp\/v2\/posts\/82648"}],"collection":[{"href":"https:\/\/hudo.com\/si\/wp-json\/wp\/v2\/posts"}],"about":[{"href":"https:\/\/hudo.com\/si\/wp-json\/wp\/v2\/types\/post"}],"author":[{"embeddable":true,"href":"https:\/\/hudo.com\/si\/wp-json\/wp\/v2\/users\/1"}],"replies":[{"embeddable":true,"href":"https:\/\/hudo.com\/si\/wp-json\/wp\/v2\/comments?post=82648"}],"version-history":[{"count":1,"href":"https:\/\/hudo.com\/si\/wp-json\/wp\/v2\/posts\/82648\/revisions"}],"predecessor-version":[{"id":82724,"href":"https:\/\/hudo.com\/si\/wp-json\/wp\/v2\/posts\/82648\/revisions\/82724"}],"wp:attachment":[{"href":"https:\/\/hudo.com\/si\/wp-json\/wp\/v2\/media?parent=82648"}],"wp:term":[{"taxonomy":"category","embeddable":true,"href":"https:\/\/hudo.com\/si\/wp-json\/wp\/v2\/categories?post=82648"},{"taxonomy":"post_tag","embeddable":true,"href":"https:\/\/hudo.com\/si\/wp-json\/wp\/v2\/tags?post=82648"},{"taxonomy":"source","embeddable":true,"href":"https:\/\/hudo.com\/si\/wp-json\/wp\/v2\/source?post=82648"},{"taxonomy":"supertag","embeddable":true,"href":"https:\/\/hudo.com\/si\/wp-json\/wp\/v2\/supertag?post=82648"}],"curies":[{"name":"wp","href":"https:\/\/api.w.org\/{rel}","templated":true}]}}