{"id":82657,"date":"2016-06-25T08:15:00","date_gmt":"2016-06-25T06:15:00","guid":{"rendered":"http:\/\/hudo.com\/si\/2016\/06\/25\/papez-molil-za-zrtve-genocida-nad-armenci\/"},"modified":"2016-06-25T08:15:00","modified_gmt":"2016-06-25T06:15:00","slug":"papez-molil-za-zrtve-genocida-nad-armenci","status":"publish","type":"post","link":"https:\/\/hudo.com\/si\/aktualno\/papez-molil-za-zrtve-genocida-nad-armenci\/","title":{"rendered":"Pape\u017e molil za \u017ertve genocida nad Armenci"},"content":{"rendered":"<p>Pape\u017e Fran\u010di\u0161ek je danes med obiskom Armenije obiskal spominsko obele\u017eje \u017ertvam genocida nad Armenci, ki so ga med prvo svetovno vojno izvedli otomanski Turki. Pape\u017e je pred spomenik Cicernakaberd polo\u017eil venec rumenih vrtnic in tiho molil. Nato pa je tam posadil \u0161e drevo.  Pape\u017e je tridnevni obisk v Armeniji za\u010del v petek in \u017ee ob za\u010detnem sre\u010danju z armenskim predsednikom Ser\u017eem Sarkisjanom mno\u017ei\u010dni pokol okoli 1,5 milijona Armencev v letih 1915-1916 ozna\u010dil za genocid in na ta na\u010din ponovil to oceno izpred leta dni, ko je s tem mo\u010dno razburil Tur\u010dijo. Ankara namre\u010d vztraja, da so \u0161tevilke o \u017ertvah napihnjene, da je \u0161lo za spopade med prvo svetovno vojno in da so ljudje umirali na obeh straneh, kar pa da ni genocid.  &#8220;Ta tragedija, ta genocid, je bil na \u017ealost za\u010detek \u017ealostnega niza velikih katastrof v prej\u0161njem stoletju,&#8221; je bil v\u010deraj v Erevanu jasen pape\u017e. &#8220;Te katastrofe so bile posledica abnormalnih rasisti\u010dnih, ideolo\u0161kih ali verskih motivov,&#8221; je \u0161e dejal.  Pape\u017ea sta danes ob spomeniku Cicernakaberd spremljala tudi predsednik Sarkisjan in poglavar armenske cerkve Karekin II. Obisk tega spomenika na obrobju Erevana spada sicer med protokolarne obveznosti za vse tuje goste na dr\u017eavni\u0161kih obiskih v Armeniji.  Pape\u017e bo sicer danes ma\u0161eval na severu dr\u017eave v kraju Gjumri, nato pa ga \u010daka \u0161e ekumenska molitev pred ve\u010d deset tiso\u010d ljudmi v sredi\u0161\u010du Erevana.Svet<\/p>\n","protected":false},"excerpt":{"rendered":"<p>Pape\u017e Fran\u010di\u0161ek je danes med obiskom Armenije obiskal spominsko obele\u017eje \u017ertvam genocida nad Armenci, ki so ga med prvo svetovno vojno izvedli otomanski Turki. Pape\u017e je pred spomenik Cicernakaberd polo\u017eil venec rumenih vrtnic in tiho molil. Nato pa je tam posadil \u0161e drevo.  Pape\u017e je tridnevni obisk v Armeniji za\u010del v petek in \u017ee ob za\u010detnem sre\u010danju z armenskim predsednikom Ser\u017eem Sarkisjanom mno\u017ei\u010dni pokol okoli 1,5 milijona Armencev v letih 1915-1916 ozna\u010dil za genocid in na ta na\u010din ponovil to oceno izpred leta dni, ko je s tem mo\u010dno razburil Tur\u010dijo. Ankara namre\u010d vztraja, da so \u0161tevilke o \u017ertvah napihnjene, da je \u0161lo za spopade med prvo svetovno vojno in da so ljudje umirali na obeh straneh, kar pa da ni genocid.  &#8220;Ta tragedija, ta genocid, je bil na \u017ealost za\u010detek \u017ealostnega niza velikih katastrof v prej\u0161njem stoletju,&#8221; je bil v\u010deraj v Erevanu jasen pape\u017e. &#8220;Te katastrofe so bile posledica abnormalnih rasisti\u010dnih, ideolo\u0161kih ali verskih motivov,&#8221; je \u0161e dejal.  Pape\u017ea sta danes ob spomeniku Cicernakaberd spremljala tudi predsednik Sarkisjan in poglavar armenske cerkve Karekin II. Obisk tega spomenika na obrobju Erevana spada sicer med protokolarne obveznosti za vse tuje goste na dr\u017eavni\u0161kih obiskih v Armeniji.  Pape\u017e bo sicer danes ma\u0161eval na severu dr\u017eave v kraju Gjumri, nato pa ga \u010daka \u0161e ekumenska molitev pred ve\u010d deset tiso\u010d ljudmi v sredi\u0161\u010du Erevana.Svet<\/p>\n","protected":false},"author":1,"featured_media":0,"comment_status":"closed","ping_status":"closed","sticky":false,"template":"","format":"standard","meta":{"footnotes":""},"categories":[1179],"tags":[],"source":[1711],"supertag":[],"acf":[],"yoast_head":"<!-- This site is optimized with the Yoast SEO plugin v21.3 - https:\/\/yoast.com\/wordpress\/plugins\/seo\/ -->\n<title>Pape\u017e molil za \u017ertve genocida nad Armenci - Hudo Slovenija<\/title>\n<meta name=\"robots\" content=\"index, follow, max-snippet:-1, max-image-preview:large, max-video-preview:-1\" \/>\n<link rel=\"canonical\" href=\"https:\/\/hudo.com\/si\/aktualno\/papez-molil-za-zrtve-genocida-nad-armenci\/\" \/>\n<meta property=\"og:locale\" content=\"sl_SI\" \/>\n<meta property=\"og:type\" content=\"article\" \/>\n<meta property=\"og:title\" content=\"Pape\u017e molil za \u017ertve genocida nad Armenci - Hudo Slovenija\" \/>\n<meta property=\"og:description\" content=\"Pape\u017e Fran\u010di\u0161ek je danes med obiskom Armenije obiskal spominsko obele\u017eje \u017ertvam genocida nad Armenci, ki so ga med prvo svetovno vojno izvedli otomanski Turki. Pape\u017e je pred spomenik Cicernakaberd polo\u017eil venec rumenih vrtnic in tiho molil. Nato pa je tam posadil \u0161e drevo. Pape\u017e je tridnevni obisk v Armeniji za\u010del v petek in \u017ee ob za\u010detnem sre\u010danju z armenskim predsednikom Ser\u017eem Sarkisjanom mno\u017ei\u010dni pokol okoli 1,5 milijona Armencev v letih 1915-1916 ozna\u010dil za genocid in na ta na\u010din ponovil to oceno izpred leta dni, ko je s tem mo\u010dno razburil Tur\u010dijo. Ankara namre\u010d vztraja, da so \u0161tevilke o \u017ertvah napihnjene, da je \u0161lo za spopade med prvo svetovno vojno in da so ljudje umirali na obeh straneh, kar pa da ni genocid. &quot;Ta tragedija, ta genocid, je bil na \u017ealost za\u010detek \u017ealostnega niza velikih katastrof v prej\u0161njem stoletju,&quot; je bil v\u010deraj v Erevanu jasen pape\u017e. &quot;Te katastrofe so bile posledica abnormalnih rasisti\u010dnih, ideolo\u0161kih ali verskih motivov,&quot; je \u0161e dejal. Pape\u017ea sta danes ob spomeniku Cicernakaberd spremljala tudi predsednik Sarkisjan in poglavar armenske cerkve Karekin II. Obisk tega spomenika na obrobju Erevana spada sicer med protokolarne obveznosti za vse tuje goste na dr\u017eavni\u0161kih obiskih v Armeniji. Pape\u017e bo sicer danes ma\u0161eval na severu dr\u017eave v kraju Gjumri, nato pa ga \u010daka \u0161e ekumenska molitev pred ve\u010d deset tiso\u010d ljudmi v sredi\u0161\u010du Erevana.Svet\" \/>\n<meta property=\"og:url\" content=\"https:\/\/hudo.com\/si\/aktualno\/papez-molil-za-zrtve-genocida-nad-armenci\/\" \/>\n<meta property=\"og:site_name\" content=\"Hudo Slovenija\" \/>\n<meta property=\"article:publisher\" content=\"https:\/\/www.facebook.com\/hudo.si\" \/>\n<meta property=\"article:published_time\" content=\"2016-06-25T06:15:00+00:00\" \/>\n<meta property=\"og:image\" content=\"https:\/\/hudo.com\/si\/wp-content\/uploads\/sites\/2\/2016\/06\/05388901-300.jpg\" \/>\n\t<meta property=\"og:image:width\" content=\"450\" \/>\n\t<meta property=\"og:image:height\" content=\"344\" \/>\n\t<meta property=\"og:image:type\" content=\"image\/jpeg\" \/>\n<meta name=\"author\" content=\"hudo\" \/>\n<meta name=\"twitter:card\" content=\"summary_large_image\" \/>\n<meta name=\"twitter:creator\" content=\"@hudo_si\" \/>\n<meta name=\"twitter:site\" content=\"@hudo_si\" \/>\n<meta name=\"twitter:label1\" content=\"Written by\" \/>\n\t<meta name=\"twitter:data1\" content=\"hudo\" \/>\n\t<meta name=\"twitter:label2\" content=\"Est. reading time\" \/>\n\t<meta name=\"twitter:data2\" content=\"1 minuta\" \/>\n<script type=\"application\/ld+json\" class=\"yoast-schema-graph\">{\"@context\":\"https:\/\/schema.org\",\"@graph\":[{\"@type\":\"Article\",\"@id\":\"https:\/\/hudo.com\/si\/aktualno\/papez-molil-za-zrtve-genocida-nad-armenci\/#article\",\"isPartOf\":{\"@id\":\"https:\/\/hudo.com\/si\/aktualno\/papez-molil-za-zrtve-genocida-nad-armenci\/\"},\"author\":{\"name\":\"hudo\",\"@id\":\"https:\/\/hudo.com\/si\/#\/schema\/person\/601cf3379633985b20f7e50f2bb47707\"},\"headline\":\"Pape\u017e molil za \u017ertve genocida nad Armenci\",\"datePublished\":\"2016-06-25T06:15:00+00:00\",\"dateModified\":\"2016-06-25T06:15:00+00:00\",\"mainEntityOfPage\":{\"@id\":\"https:\/\/hudo.com\/si\/aktualno\/papez-molil-za-zrtve-genocida-nad-armenci\/\"},\"wordCount\":253,\"publisher\":{\"@id\":\"https:\/\/hudo.com\/si\/#organization\"},\"articleSection\":[\"Aktualno\"],\"inLanguage\":\"sl-SI\"},{\"@type\":\"WebPage\",\"@id\":\"https:\/\/hudo.com\/si\/aktualno\/papez-molil-za-zrtve-genocida-nad-armenci\/\",\"url\":\"https:\/\/hudo.com\/si\/aktualno\/papez-molil-za-zrtve-genocida-nad-armenci\/\",\"name\":\"Pape\u017e molil za \u017ertve genocida nad Armenci - Hudo Slovenija\",\"isPartOf\":{\"@id\":\"https:\/\/hudo.com\/si\/#website\"},\"datePublished\":\"2016-06-25T06:15:00+00:00\",\"dateModified\":\"2016-06-25T06:15:00+00:00\",\"breadcrumb\":{\"@id\":\"https:\/\/hudo.com\/si\/aktualno\/papez-molil-za-zrtve-genocida-nad-armenci\/#breadcrumb\"},\"inLanguage\":\"sl-SI\",\"potentialAction\":[{\"@type\":\"ReadAction\",\"target\":[\"https:\/\/hudo.com\/si\/aktualno\/papez-molil-za-zrtve-genocida-nad-armenci\/\"]}]},{\"@type\":\"BreadcrumbList\",\"@id\":\"https:\/\/hudo.com\/si\/aktualno\/papez-molil-za-zrtve-genocida-nad-armenci\/#breadcrumb\",\"itemListElement\":[{\"@type\":\"ListItem\",\"position\":1,\"name\":\"Home\",\"item\":\"https:\/\/hudo.com\/si\/\"},{\"@type\":\"ListItem\",\"position\":2,\"name\":\"Pape\u017e molil za \u017ertve genocida nad Armenci\"}]},{\"@type\":\"WebSite\",\"@id\":\"https:\/\/hudo.com\/si\/#website\",\"url\":\"https:\/\/hudo.com\/si\/\",\"name\":\"Hudo Slovenija\",\"description\":\"Vse novice iz Slovenije in sveta\",\"publisher\":{\"@id\":\"https:\/\/hudo.com\/si\/#organization\"},\"potentialAction\":[{\"@type\":\"SearchAction\",\"target\":{\"@type\":\"EntryPoint\",\"urlTemplate\":\"https:\/\/hudo.com\/si\/?s={search_term_string}\"},\"query-input\":\"required name=search_term_string\"}],\"inLanguage\":\"sl-SI\"},{\"@type\":\"Organization\",\"@id\":\"https:\/\/hudo.com\/si\/#organization\",\"name\":\"VSN Media\",\"url\":\"https:\/\/hudo.com\/si\/\",\"logo\":{\"@type\":\"ImageObject\",\"inLanguage\":\"sl-SI\",\"@id\":\"https:\/\/hudo.com\/si\/#\/schema\/logo\/image\/\",\"url\":\"https:\/\/hudo.com\/si\/wp-content\/uploads\/sites\/2\/2021\/03\/hudo-app-2.png\",\"contentUrl\":\"https:\/\/hudo.com\/si\/wp-content\/uploads\/sites\/2\/2021\/03\/hudo-app-2.png\",\"width\":2185,\"height\":2167,\"caption\":\"VSN Media\"},\"image\":{\"@id\":\"https:\/\/hudo.com\/si\/#\/schema\/logo\/image\/\"},\"sameAs\":[\"https:\/\/www.facebook.com\/hudo.si\",\"https:\/\/twitter.com\/hudo_si\"]},{\"@type\":\"Person\",\"@id\":\"https:\/\/hudo.com\/si\/#\/schema\/person\/601cf3379633985b20f7e50f2bb47707\",\"name\":\"hudo\",\"image\":{\"@type\":\"ImageObject\",\"inLanguage\":\"sl-SI\",\"@id\":\"https:\/\/hudo.com\/si\/#\/schema\/person\/image\/\",\"url\":\"https:\/\/secure.gravatar.com\/avatar\/c4ca25fa72cace7a696b52ff5db9e095?s=96&d=mm&r=g\",\"contentUrl\":\"https:\/\/secure.gravatar.com\/avatar\/c4ca25fa72cace7a696b52ff5db9e095?s=96&d=mm&r=g\",\"caption\":\"hudo\"},\"url\":\"https:\/\/hudo.com\/si\/author\/hudo\/\"}]}<\/script>\n<!-- \/ Yoast SEO plugin. -->","yoast_head_json":{"title":"Pape\u017e molil za \u017ertve genocida nad Armenci - Hudo Slovenija","robots":{"index":"index","follow":"follow","max-snippet":"max-snippet:-1","max-image-preview":"max-image-preview:large","max-video-preview":"max-video-preview:-1"},"canonical":"https:\/\/hudo.com\/si\/aktualno\/papez-molil-za-zrtve-genocida-nad-armenci\/","og_locale":"sl_SI","og_type":"article","og_title":"Pape\u017e molil za \u017ertve genocida nad Armenci - Hudo Slovenija","og_description":"Pape\u017e Fran\u010di\u0161ek je danes med obiskom Armenije obiskal spominsko obele\u017eje \u017ertvam genocida nad Armenci, ki so ga med prvo svetovno vojno izvedli otomanski Turki. Pape\u017e je pred spomenik Cicernakaberd polo\u017eil venec rumenih vrtnic in tiho molil. Nato pa je tam posadil \u0161e drevo. Pape\u017e je tridnevni obisk v Armeniji za\u010del v petek in \u017ee ob za\u010detnem sre\u010danju z armenskim predsednikom Ser\u017eem Sarkisjanom mno\u017ei\u010dni pokol okoli 1,5 milijona Armencev v letih 1915-1916 ozna\u010dil za genocid in na ta na\u010din ponovil to oceno izpred leta dni, ko je s tem mo\u010dno razburil Tur\u010dijo. Ankara namre\u010d vztraja, da so \u0161tevilke o \u017ertvah napihnjene, da je \u0161lo za spopade med prvo svetovno vojno in da so ljudje umirali na obeh straneh, kar pa da ni genocid. \"Ta tragedija, ta genocid, je bil na \u017ealost za\u010detek \u017ealostnega niza velikih katastrof v prej\u0161njem stoletju,\" je bil v\u010deraj v Erevanu jasen pape\u017e. \"Te katastrofe so bile posledica abnormalnih rasisti\u010dnih, ideolo\u0161kih ali verskih motivov,\" je \u0161e dejal. Pape\u017ea sta danes ob spomeniku Cicernakaberd spremljala tudi predsednik Sarkisjan in poglavar armenske cerkve Karekin II. Obisk tega spomenika na obrobju Erevana spada sicer med protokolarne obveznosti za vse tuje goste na dr\u017eavni\u0161kih obiskih v Armeniji. Pape\u017e bo sicer danes ma\u0161eval na severu dr\u017eave v kraju Gjumri, nato pa ga \u010daka \u0161e ekumenska molitev pred ve\u010d deset tiso\u010d ljudmi v sredi\u0161\u010du Erevana.Svet","og_url":"https:\/\/hudo.com\/si\/aktualno\/papez-molil-za-zrtve-genocida-nad-armenci\/","og_site_name":"Hudo Slovenija","article_publisher":"https:\/\/www.facebook.com\/hudo.si","article_published_time":"2016-06-25T06:15:00+00:00","og_image":[{"width":450,"height":344,"url":"https:\/\/hudo.com\/si\/wp-content\/uploads\/sites\/2\/2016\/06\/05388901-300.jpg","type":"image\/jpeg"}],"author":"hudo","twitter_card":"summary_large_image","twitter_creator":"@hudo_si","twitter_site":"@hudo_si","twitter_misc":{"Written by":"hudo","Est. reading time":"1 minuta"},"schema":{"@context":"https:\/\/schema.org","@graph":[{"@type":"Article","@id":"https:\/\/hudo.com\/si\/aktualno\/papez-molil-za-zrtve-genocida-nad-armenci\/#article","isPartOf":{"@id":"https:\/\/hudo.com\/si\/aktualno\/papez-molil-za-zrtve-genocida-nad-armenci\/"},"author":{"name":"hudo","@id":"https:\/\/hudo.com\/si\/#\/schema\/person\/601cf3379633985b20f7e50f2bb47707"},"headline":"Pape\u017e molil za \u017ertve genocida nad Armenci","datePublished":"2016-06-25T06:15:00+00:00","dateModified":"2016-06-25T06:15:00+00:00","mainEntityOfPage":{"@id":"https:\/\/hudo.com\/si\/aktualno\/papez-molil-za-zrtve-genocida-nad-armenci\/"},"wordCount":253,"publisher":{"@id":"https:\/\/hudo.com\/si\/#organization"},"articleSection":["Aktualno"],"inLanguage":"sl-SI"},{"@type":"WebPage","@id":"https:\/\/hudo.com\/si\/aktualno\/papez-molil-za-zrtve-genocida-nad-armenci\/","url":"https:\/\/hudo.com\/si\/aktualno\/papez-molil-za-zrtve-genocida-nad-armenci\/","name":"Pape\u017e molil za \u017ertve genocida nad Armenci - Hudo Slovenija","isPartOf":{"@id":"https:\/\/hudo.com\/si\/#website"},"datePublished":"2016-06-25T06:15:00+00:00","dateModified":"2016-06-25T06:15:00+00:00","breadcrumb":{"@id":"https:\/\/hudo.com\/si\/aktualno\/papez-molil-za-zrtve-genocida-nad-armenci\/#breadcrumb"},"inLanguage":"sl-SI","potentialAction":[{"@type":"ReadAction","target":["https:\/\/hudo.com\/si\/aktualno\/papez-molil-za-zrtve-genocida-nad-armenci\/"]}]},{"@type":"BreadcrumbList","@id":"https:\/\/hudo.com\/si\/aktualno\/papez-molil-za-zrtve-genocida-nad-armenci\/#breadcrumb","itemListElement":[{"@type":"ListItem","position":1,"name":"Home","item":"https:\/\/hudo.com\/si\/"},{"@type":"ListItem","position":2,"name":"Pape\u017e molil za \u017ertve genocida nad Armenci"}]},{"@type":"WebSite","@id":"https:\/\/hudo.com\/si\/#website","url":"https:\/\/hudo.com\/si\/","name":"Hudo Slovenija","description":"Vse novice iz Slovenije in sveta","publisher":{"@id":"https:\/\/hudo.com\/si\/#organization"},"potentialAction":[{"@type":"SearchAction","target":{"@type":"EntryPoint","urlTemplate":"https:\/\/hudo.com\/si\/?s={search_term_string}"},"query-input":"required name=search_term_string"}],"inLanguage":"sl-SI"},{"@type":"Organization","@id":"https:\/\/hudo.com\/si\/#organization","name":"VSN Media","url":"https:\/\/hudo.com\/si\/","logo":{"@type":"ImageObject","inLanguage":"sl-SI","@id":"https:\/\/hudo.com\/si\/#\/schema\/logo\/image\/","url":"https:\/\/hudo.com\/si\/wp-content\/uploads\/sites\/2\/2021\/03\/hudo-app-2.png","contentUrl":"https:\/\/hudo.com\/si\/wp-content\/uploads\/sites\/2\/2021\/03\/hudo-app-2.png","width":2185,"height":2167,"caption":"VSN Media"},"image":{"@id":"https:\/\/hudo.com\/si\/#\/schema\/logo\/image\/"},"sameAs":["https:\/\/www.facebook.com\/hudo.si","https:\/\/twitter.com\/hudo_si"]},{"@type":"Person","@id":"https:\/\/hudo.com\/si\/#\/schema\/person\/601cf3379633985b20f7e50f2bb47707","name":"hudo","image":{"@type":"ImageObject","inLanguage":"sl-SI","@id":"https:\/\/hudo.com\/si\/#\/schema\/person\/image\/","url":"https:\/\/secure.gravatar.com\/avatar\/c4ca25fa72cace7a696b52ff5db9e095?s=96&d=mm&r=g","contentUrl":"https:\/\/secure.gravatar.com\/avatar\/c4ca25fa72cace7a696b52ff5db9e095?s=96&d=mm&r=g","caption":"hudo"},"url":"https:\/\/hudo.com\/si\/author\/hudo\/"}]}},"amp_enabled":true,"_links":{"self":[{"href":"https:\/\/hudo.com\/si\/wp-json\/wp\/v2\/posts\/82657"}],"collection":[{"href":"https:\/\/hudo.com\/si\/wp-json\/wp\/v2\/posts"}],"about":[{"href":"https:\/\/hudo.com\/si\/wp-json\/wp\/v2\/types\/post"}],"author":[{"embeddable":true,"href":"https:\/\/hudo.com\/si\/wp-json\/wp\/v2\/users\/1"}],"replies":[{"embeddable":true,"href":"https:\/\/hudo.com\/si\/wp-json\/wp\/v2\/comments?post=82657"}],"version-history":[{"count":0,"href":"https:\/\/hudo.com\/si\/wp-json\/wp\/v2\/posts\/82657\/revisions"}],"wp:attachment":[{"href":"https:\/\/hudo.com\/si\/wp-json\/wp\/v2\/media?parent=82657"}],"wp:term":[{"taxonomy":"category","embeddable":true,"href":"https:\/\/hudo.com\/si\/wp-json\/wp\/v2\/categories?post=82657"},{"taxonomy":"post_tag","embeddable":true,"href":"https:\/\/hudo.com\/si\/wp-json\/wp\/v2\/tags?post=82657"},{"taxonomy":"source","embeddable":true,"href":"https:\/\/hudo.com\/si\/wp-json\/wp\/v2\/source?post=82657"},{"taxonomy":"supertag","embeddable":true,"href":"https:\/\/hudo.com\/si\/wp-json\/wp\/v2\/supertag?post=82657"}],"curies":[{"name":"wp","href":"https:\/\/api.w.org\/{rel}","templated":true}]}}