{"id":82691,"date":"2016-06-25T13:01:00","date_gmt":"2016-06-25T11:01:00","guid":{"rendered":"http:\/\/hudo.com\/si\/2016\/06\/25\/bojazen-pred-preveliko-mocjo-levicarskega-podemosa\/"},"modified":"2016-06-25T13:01:00","modified_gmt":"2016-06-25T11:01:00","slug":"bojazen-pred-preveliko-mocjo-levicarskega-podemosa","status":"publish","type":"post","link":"https:\/\/hudo.com\/si\/aktualno\/bojazen-pred-preveliko-mocjo-levicarskega-podemosa\/","title":{"rendered":"Bojazen pred preveliko mo\u010djo levi\u010darskega Podemosa"},"content":{"rendered":"<p>Kategorija: Evropa Sat, 25 Jun 2016 15:01:00 +0200  \u0160panci bodo v nedeljo \u017ee drugi\u010d v pol leta \u0161li na voli\u0161\u010da. A kot ka\u017eejo najnovej\u0161e raziskave javnega mnenja se politi\u010dno nebo nad Iberskim polotokom tudi prihodnji teden ne bo ni\u010d bolj zjasnilo. Utegne se celo zgoditi, da volitve tudi zdaj, tako kot tiste decembrske, ne bodo dale jasnega rezultata, kdo bo lahko vodil \u0161pansko vlado. \u010ce bodo obveljale na javnomnenjskih anketah utemeljene predvolilne napovedi agencije Metroscopia, naj bi Ljudska stranka (PP) dosedanjega premiera Mariana Rajoya dobila 29 odstotkov glasov oziroma 114 poslancev v 350 sede\u017eev velikem \u0161panskem parlamentu. Kar je devet poslancev manj, kolikor so Ljudski stranki volivci namenili na decembrskih volitvah. Na drugo mesto naj bi se prebila koalicija gibanja Podemos in Zdru\u017eene levice (IU) pod vodstvom Pabla Iglesiasa, ki naj bi dobila 26 odstotkov glasov ali 93 poslanskih\u00a0&#8230;<\/p>\n","protected":false},"excerpt":{"rendered":"<p>Kategorija: Evropa Sat, 25 Jun 2016 15:01:00 +0200  \u0160panci bodo v nedeljo \u017ee drugi\u010d v pol leta \u0161li na voli\u0161\u010da. A kot ka\u017eejo najnovej\u0161e raziskave javnega mnenja se politi\u010dno nebo nad Iberskim polotokom tudi prihodnji teden ne bo ni\u010d bolj zjasnilo. Utegne se celo zgoditi, da volitve tudi zdaj, tako kot tiste decembrske, ne bodo dale jasnega rezultata, kdo bo lahko vodil \u0161pansko vlado. \u010ce bodo obveljale na javnomnenjskih anketah utemeljene predvolilne napovedi agencije Metroscopia, naj bi Ljudska stranka (PP) dosedanjega premiera Mariana Rajoya dobila 29 odstotkov glasov oziroma 114 poslancev v 350 sede\u017eev velikem \u0161panskem parlamentu. Kar je devet poslancev manj, kolikor so Ljudski stranki volivci namenili na decembrskih volitvah. Na drugo mesto naj bi se prebila koalicija gibanja Podemos in Zdru\u017eene levice (IU) pod vodstvom Pabla Iglesiasa, ki naj bi dobila 26 odstotkov glasov ali 93 poslanskih\u00a0&#8230;<\/p>\n","protected":false},"author":1,"featured_media":0,"comment_status":"closed","ping_status":"closed","sticky":false,"template":"","format":"standard","meta":{"footnotes":""},"categories":[1179],"tags":[],"source":[4511],"supertag":[],"acf":[],"yoast_head":"<!-- This site is optimized with the Yoast SEO plugin v21.3 - https:\/\/yoast.com\/wordpress\/plugins\/seo\/ -->\n<title>Bojazen pred preveliko mo\u010djo levi\u010darskega Podemosa - Hudo Slovenija<\/title>\n<meta name=\"robots\" content=\"index, follow, max-snippet:-1, max-image-preview:large, max-video-preview:-1\" \/>\n<link rel=\"canonical\" href=\"https:\/\/hudo.com\/si\/aktualno\/bojazen-pred-preveliko-mocjo-levicarskega-podemosa\/\" \/>\n<meta property=\"og:locale\" content=\"sl_SI\" \/>\n<meta property=\"og:type\" content=\"article\" \/>\n<meta property=\"og:title\" content=\"Bojazen pred preveliko mo\u010djo levi\u010darskega Podemosa - Hudo Slovenija\" \/>\n<meta property=\"og:description\" content=\"Kategorija: Evropa Sat, 25 Jun 2016 15:01:00 +0200 \u0160panci bodo v nedeljo \u017ee drugi\u010d v pol leta \u0161li na voli\u0161\u010da. A kot ka\u017eejo najnovej\u0161e raziskave javnega mnenja se politi\u010dno nebo nad Iberskim polotokom tudi prihodnji teden ne bo ni\u010d bolj zjasnilo. Utegne se celo zgoditi, da volitve tudi zdaj, tako kot tiste decembrske, ne bodo dale jasnega rezultata, kdo bo lahko vodil \u0161pansko vlado. \u010ce bodo obveljale na javnomnenjskih anketah utemeljene predvolilne napovedi agencije Metroscopia, naj bi Ljudska stranka (PP) dosedanjega premiera Mariana Rajoya dobila 29 odstotkov glasov oziroma 114 poslancev v 350 sede\u017eev velikem \u0161panskem parlamentu. Kar je devet poslancev manj, kolikor so Ljudski stranki volivci namenili na decembrskih volitvah. Na drugo mesto naj bi se prebila koalicija gibanja Podemos in Zdru\u017eene levice (IU) pod vodstvom Pabla Iglesiasa, ki naj bi dobila 26 odstotkov glasov ali 93 poslanskih\u00a0...\" \/>\n<meta property=\"og:url\" content=\"https:\/\/hudo.com\/si\/aktualno\/bojazen-pred-preveliko-mocjo-levicarskega-podemosa\/\" \/>\n<meta property=\"og:site_name\" content=\"Hudo Slovenija\" \/>\n<meta property=\"article:publisher\" content=\"https:\/\/www.facebook.com\/hudo.si\" \/>\n<meta property=\"article:published_time\" content=\"2016-06-25T11:01:00+00:00\" \/>\n<meta property=\"og:image\" content=\"https:\/\/hudo.com\/si\/wp-content\/uploads\/sites\/2\/2016\/06\/480x290_Reuters_Pictures-20160218140822-81985600.jpeg\" \/>\n\t<meta property=\"og:image:width\" content=\"480\" \/>\n\t<meta property=\"og:image:height\" content=\"290\" \/>\n\t<meta property=\"og:image:type\" content=\"image\/jpeg\" \/>\n<meta name=\"author\" content=\"hudo\" \/>\n<meta name=\"twitter:card\" content=\"summary_large_image\" \/>\n<meta name=\"twitter:creator\" content=\"@hudo_si\" \/>\n<meta name=\"twitter:site\" content=\"@hudo_si\" \/>\n<meta name=\"twitter:label1\" content=\"Written by\" \/>\n\t<meta name=\"twitter:data1\" content=\"hudo\" \/>\n\t<meta name=\"twitter:label2\" content=\"Est. reading time\" \/>\n\t<meta name=\"twitter:data2\" content=\"1 minuta\" \/>\n<script type=\"application\/ld+json\" class=\"yoast-schema-graph\">{\"@context\":\"https:\/\/schema.org\",\"@graph\":[{\"@type\":\"Article\",\"@id\":\"https:\/\/hudo.com\/si\/aktualno\/bojazen-pred-preveliko-mocjo-levicarskega-podemosa\/#article\",\"isPartOf\":{\"@id\":\"https:\/\/hudo.com\/si\/aktualno\/bojazen-pred-preveliko-mocjo-levicarskega-podemosa\/\"},\"author\":{\"name\":\"hudo\",\"@id\":\"https:\/\/hudo.com\/si\/#\/schema\/person\/601cf3379633985b20f7e50f2bb47707\"},\"headline\":\"Bojazen pred preveliko mo\u010djo levi\u010darskega Podemosa\",\"datePublished\":\"2016-06-25T11:01:00+00:00\",\"dateModified\":\"2016-06-25T11:01:00+00:00\",\"mainEntityOfPage\":{\"@id\":\"https:\/\/hudo.com\/si\/aktualno\/bojazen-pred-preveliko-mocjo-levicarskega-podemosa\/\"},\"wordCount\":144,\"publisher\":{\"@id\":\"https:\/\/hudo.com\/si\/#organization\"},\"articleSection\":[\"Aktualno\"],\"inLanguage\":\"sl-SI\"},{\"@type\":\"WebPage\",\"@id\":\"https:\/\/hudo.com\/si\/aktualno\/bojazen-pred-preveliko-mocjo-levicarskega-podemosa\/\",\"url\":\"https:\/\/hudo.com\/si\/aktualno\/bojazen-pred-preveliko-mocjo-levicarskega-podemosa\/\",\"name\":\"Bojazen pred preveliko mo\u010djo levi\u010darskega Podemosa - Hudo Slovenija\",\"isPartOf\":{\"@id\":\"https:\/\/hudo.com\/si\/#website\"},\"datePublished\":\"2016-06-25T11:01:00+00:00\",\"dateModified\":\"2016-06-25T11:01:00+00:00\",\"breadcrumb\":{\"@id\":\"https:\/\/hudo.com\/si\/aktualno\/bojazen-pred-preveliko-mocjo-levicarskega-podemosa\/#breadcrumb\"},\"inLanguage\":\"sl-SI\",\"potentialAction\":[{\"@type\":\"ReadAction\",\"target\":[\"https:\/\/hudo.com\/si\/aktualno\/bojazen-pred-preveliko-mocjo-levicarskega-podemosa\/\"]}]},{\"@type\":\"BreadcrumbList\",\"@id\":\"https:\/\/hudo.com\/si\/aktualno\/bojazen-pred-preveliko-mocjo-levicarskega-podemosa\/#breadcrumb\",\"itemListElement\":[{\"@type\":\"ListItem\",\"position\":1,\"name\":\"Home\",\"item\":\"https:\/\/hudo.com\/si\/\"},{\"@type\":\"ListItem\",\"position\":2,\"name\":\"Bojazen pred preveliko mo\u010djo levi\u010darskega Podemosa\"}]},{\"@type\":\"WebSite\",\"@id\":\"https:\/\/hudo.com\/si\/#website\",\"url\":\"https:\/\/hudo.com\/si\/\",\"name\":\"Hudo Slovenija\",\"description\":\"Vse novice iz Slovenije in sveta\",\"publisher\":{\"@id\":\"https:\/\/hudo.com\/si\/#organization\"},\"potentialAction\":[{\"@type\":\"SearchAction\",\"target\":{\"@type\":\"EntryPoint\",\"urlTemplate\":\"https:\/\/hudo.com\/si\/?s={search_term_string}\"},\"query-input\":\"required name=search_term_string\"}],\"inLanguage\":\"sl-SI\"},{\"@type\":\"Organization\",\"@id\":\"https:\/\/hudo.com\/si\/#organization\",\"name\":\"VSN Media\",\"url\":\"https:\/\/hudo.com\/si\/\",\"logo\":{\"@type\":\"ImageObject\",\"inLanguage\":\"sl-SI\",\"@id\":\"https:\/\/hudo.com\/si\/#\/schema\/logo\/image\/\",\"url\":\"https:\/\/hudo.com\/si\/wp-content\/uploads\/sites\/2\/2021\/03\/hudo-app-2.png\",\"contentUrl\":\"https:\/\/hudo.com\/si\/wp-content\/uploads\/sites\/2\/2021\/03\/hudo-app-2.png\",\"width\":2185,\"height\":2167,\"caption\":\"VSN Media\"},\"image\":{\"@id\":\"https:\/\/hudo.com\/si\/#\/schema\/logo\/image\/\"},\"sameAs\":[\"https:\/\/www.facebook.com\/hudo.si\",\"https:\/\/twitter.com\/hudo_si\"]},{\"@type\":\"Person\",\"@id\":\"https:\/\/hudo.com\/si\/#\/schema\/person\/601cf3379633985b20f7e50f2bb47707\",\"name\":\"hudo\",\"image\":{\"@type\":\"ImageObject\",\"inLanguage\":\"sl-SI\",\"@id\":\"https:\/\/hudo.com\/si\/#\/schema\/person\/image\/\",\"url\":\"https:\/\/secure.gravatar.com\/avatar\/c4ca25fa72cace7a696b52ff5db9e095?s=96&d=mm&r=g\",\"contentUrl\":\"https:\/\/secure.gravatar.com\/avatar\/c4ca25fa72cace7a696b52ff5db9e095?s=96&d=mm&r=g\",\"caption\":\"hudo\"},\"url\":\"https:\/\/hudo.com\/si\/author\/hudo\/\"}]}<\/script>\n<!-- \/ Yoast SEO plugin. -->","yoast_head_json":{"title":"Bojazen pred preveliko mo\u010djo levi\u010darskega Podemosa - Hudo Slovenija","robots":{"index":"index","follow":"follow","max-snippet":"max-snippet:-1","max-image-preview":"max-image-preview:large","max-video-preview":"max-video-preview:-1"},"canonical":"https:\/\/hudo.com\/si\/aktualno\/bojazen-pred-preveliko-mocjo-levicarskega-podemosa\/","og_locale":"sl_SI","og_type":"article","og_title":"Bojazen pred preveliko mo\u010djo levi\u010darskega Podemosa - Hudo Slovenija","og_description":"Kategorija: Evropa Sat, 25 Jun 2016 15:01:00 +0200 \u0160panci bodo v nedeljo \u017ee drugi\u010d v pol leta \u0161li na voli\u0161\u010da. A kot ka\u017eejo najnovej\u0161e raziskave javnega mnenja se politi\u010dno nebo nad Iberskim polotokom tudi prihodnji teden ne bo ni\u010d bolj zjasnilo. Utegne se celo zgoditi, da volitve tudi zdaj, tako kot tiste decembrske, ne bodo dale jasnega rezultata, kdo bo lahko vodil \u0161pansko vlado. \u010ce bodo obveljale na javnomnenjskih anketah utemeljene predvolilne napovedi agencije Metroscopia, naj bi Ljudska stranka (PP) dosedanjega premiera Mariana Rajoya dobila 29 odstotkov glasov oziroma 114 poslancev v 350 sede\u017eev velikem \u0161panskem parlamentu. Kar je devet poslancev manj, kolikor so Ljudski stranki volivci namenili na decembrskih volitvah. Na drugo mesto naj bi se prebila koalicija gibanja Podemos in Zdru\u017eene levice (IU) pod vodstvom Pabla Iglesiasa, ki naj bi dobila 26 odstotkov glasov ali 93 poslanskih\u00a0...","og_url":"https:\/\/hudo.com\/si\/aktualno\/bojazen-pred-preveliko-mocjo-levicarskega-podemosa\/","og_site_name":"Hudo Slovenija","article_publisher":"https:\/\/www.facebook.com\/hudo.si","article_published_time":"2016-06-25T11:01:00+00:00","og_image":[{"width":480,"height":290,"url":"https:\/\/hudo.com\/si\/wp-content\/uploads\/sites\/2\/2016\/06\/480x290_Reuters_Pictures-20160218140822-81985600.jpeg","type":"image\/jpeg"}],"author":"hudo","twitter_card":"summary_large_image","twitter_creator":"@hudo_si","twitter_site":"@hudo_si","twitter_misc":{"Written by":"hudo","Est. reading time":"1 minuta"},"schema":{"@context":"https:\/\/schema.org","@graph":[{"@type":"Article","@id":"https:\/\/hudo.com\/si\/aktualno\/bojazen-pred-preveliko-mocjo-levicarskega-podemosa\/#article","isPartOf":{"@id":"https:\/\/hudo.com\/si\/aktualno\/bojazen-pred-preveliko-mocjo-levicarskega-podemosa\/"},"author":{"name":"hudo","@id":"https:\/\/hudo.com\/si\/#\/schema\/person\/601cf3379633985b20f7e50f2bb47707"},"headline":"Bojazen pred preveliko mo\u010djo levi\u010darskega Podemosa","datePublished":"2016-06-25T11:01:00+00:00","dateModified":"2016-06-25T11:01:00+00:00","mainEntityOfPage":{"@id":"https:\/\/hudo.com\/si\/aktualno\/bojazen-pred-preveliko-mocjo-levicarskega-podemosa\/"},"wordCount":144,"publisher":{"@id":"https:\/\/hudo.com\/si\/#organization"},"articleSection":["Aktualno"],"inLanguage":"sl-SI"},{"@type":"WebPage","@id":"https:\/\/hudo.com\/si\/aktualno\/bojazen-pred-preveliko-mocjo-levicarskega-podemosa\/","url":"https:\/\/hudo.com\/si\/aktualno\/bojazen-pred-preveliko-mocjo-levicarskega-podemosa\/","name":"Bojazen pred preveliko mo\u010djo levi\u010darskega Podemosa - Hudo Slovenija","isPartOf":{"@id":"https:\/\/hudo.com\/si\/#website"},"datePublished":"2016-06-25T11:01:00+00:00","dateModified":"2016-06-25T11:01:00+00:00","breadcrumb":{"@id":"https:\/\/hudo.com\/si\/aktualno\/bojazen-pred-preveliko-mocjo-levicarskega-podemosa\/#breadcrumb"},"inLanguage":"sl-SI","potentialAction":[{"@type":"ReadAction","target":["https:\/\/hudo.com\/si\/aktualno\/bojazen-pred-preveliko-mocjo-levicarskega-podemosa\/"]}]},{"@type":"BreadcrumbList","@id":"https:\/\/hudo.com\/si\/aktualno\/bojazen-pred-preveliko-mocjo-levicarskega-podemosa\/#breadcrumb","itemListElement":[{"@type":"ListItem","position":1,"name":"Home","item":"https:\/\/hudo.com\/si\/"},{"@type":"ListItem","position":2,"name":"Bojazen pred preveliko mo\u010djo levi\u010darskega Podemosa"}]},{"@type":"WebSite","@id":"https:\/\/hudo.com\/si\/#website","url":"https:\/\/hudo.com\/si\/","name":"Hudo Slovenija","description":"Vse novice iz Slovenije in sveta","publisher":{"@id":"https:\/\/hudo.com\/si\/#organization"},"potentialAction":[{"@type":"SearchAction","target":{"@type":"EntryPoint","urlTemplate":"https:\/\/hudo.com\/si\/?s={search_term_string}"},"query-input":"required name=search_term_string"}],"inLanguage":"sl-SI"},{"@type":"Organization","@id":"https:\/\/hudo.com\/si\/#organization","name":"VSN Media","url":"https:\/\/hudo.com\/si\/","logo":{"@type":"ImageObject","inLanguage":"sl-SI","@id":"https:\/\/hudo.com\/si\/#\/schema\/logo\/image\/","url":"https:\/\/hudo.com\/si\/wp-content\/uploads\/sites\/2\/2021\/03\/hudo-app-2.png","contentUrl":"https:\/\/hudo.com\/si\/wp-content\/uploads\/sites\/2\/2021\/03\/hudo-app-2.png","width":2185,"height":2167,"caption":"VSN Media"},"image":{"@id":"https:\/\/hudo.com\/si\/#\/schema\/logo\/image\/"},"sameAs":["https:\/\/www.facebook.com\/hudo.si","https:\/\/twitter.com\/hudo_si"]},{"@type":"Person","@id":"https:\/\/hudo.com\/si\/#\/schema\/person\/601cf3379633985b20f7e50f2bb47707","name":"hudo","image":{"@type":"ImageObject","inLanguage":"sl-SI","@id":"https:\/\/hudo.com\/si\/#\/schema\/person\/image\/","url":"https:\/\/secure.gravatar.com\/avatar\/c4ca25fa72cace7a696b52ff5db9e095?s=96&d=mm&r=g","contentUrl":"https:\/\/secure.gravatar.com\/avatar\/c4ca25fa72cace7a696b52ff5db9e095?s=96&d=mm&r=g","caption":"hudo"},"url":"https:\/\/hudo.com\/si\/author\/hudo\/"}]}},"amp_enabled":true,"_links":{"self":[{"href":"https:\/\/hudo.com\/si\/wp-json\/wp\/v2\/posts\/82691"}],"collection":[{"href":"https:\/\/hudo.com\/si\/wp-json\/wp\/v2\/posts"}],"about":[{"href":"https:\/\/hudo.com\/si\/wp-json\/wp\/v2\/types\/post"}],"author":[{"embeddable":true,"href":"https:\/\/hudo.com\/si\/wp-json\/wp\/v2\/users\/1"}],"replies":[{"embeddable":true,"href":"https:\/\/hudo.com\/si\/wp-json\/wp\/v2\/comments?post=82691"}],"version-history":[{"count":0,"href":"https:\/\/hudo.com\/si\/wp-json\/wp\/v2\/posts\/82691\/revisions"}],"wp:attachment":[{"href":"https:\/\/hudo.com\/si\/wp-json\/wp\/v2\/media?parent=82691"}],"wp:term":[{"taxonomy":"category","embeddable":true,"href":"https:\/\/hudo.com\/si\/wp-json\/wp\/v2\/categories?post=82691"},{"taxonomy":"post_tag","embeddable":true,"href":"https:\/\/hudo.com\/si\/wp-json\/wp\/v2\/tags?post=82691"},{"taxonomy":"source","embeddable":true,"href":"https:\/\/hudo.com\/si\/wp-json\/wp\/v2\/source?post=82691"},{"taxonomy":"supertag","embeddable":true,"href":"https:\/\/hudo.com\/si\/wp-json\/wp\/v2\/supertag?post=82691"}],"curies":[{"name":"wp","href":"https:\/\/api.w.org\/{rel}","templated":true}]}}