{"id":82701,"date":"2016-06-25T12:27:00","date_gmt":"2016-06-25T10:27:00","guid":{"rendered":"http:\/\/hudo.com\/si\/2016\/06\/25\/belgijskega-kolesarja-zbudili-iz-kome\/"},"modified":"2016-06-25T19:16:07","modified_gmt":"2016-06-25T17:16:07","slug":"belgijskega-kolesarja-zbudili-iz-kome","status":"publish","type":"post","link":"https:\/\/hudo.com\/si\/aktualno\/belgijskega-kolesarja-zbudili-iz-kome\/","title":{"rendered":"Belgijskega kolesarja zbudili iz kome"},"content":{"rendered":"<p>Kategorija: Kolesarstvo Sat, 25 Jun 2016 14:27:00 +0200  Genk &#8211; Belgijskega kolesarja Stiga Broeckxa, ki se je konec maja hudo po\u0161kodoval na tretji etapi dirke po Belgiji, so danes v bolni\u0161nici v Genku zbudili iz kome, a ob tem ni pokazal reakcij. \u0160estindvajsetletni kolesar je bil 21. maja vpleten v nesre\u010do 20 kolesarjev, ki je bila posledica tr\u010denja dveh motoristov. Pri omenjenem padcu kolesarjev se je po\u0161kodovalo 11 tekmovalcev, najhuje pa jo je skupil Broeckx (Lotto Soudal), ki je bil zaradi mo\u017eganske krvavitve dolgo \u010dasa v komi, njegovo stanje pa je bilo kriti\u010dno. Belgijca je na dirki Kuurne-Brussel-Kuurne letos enkrat \u017ee zbil motorist. Zaradi po\u0161kodb glave so kirurgi opravili dve operaciji, nato je bil Broeckx v umetni komi, da si je telo opomoglo od operacije in po\u0161kodb, danes pa so ga sku\u0161ali zbuditi, a se ni odzival. Podobna nesre\u010da je letos\u00a0&#8230;<\/p>\n","protected":false},"excerpt":{"rendered":"<p>Kategorija: Kolesarstvo Sat, 25 Jun 2016 14:27:00 +0200  Genk &#8211; Belgijskega kolesarja Stiga Broeckxa, ki se je konec maja hudo po\u0161kodoval na tretji etapi dirke po Belgiji, so danes v bolni\u0161nici v Genku zbudili iz kome, a ob tem ni pokazal reakcij. \u0160estindvajsetletni kolesar je bil 21. maja vpleten v nesre\u010do 20 kolesarjev, ki je bila posledica tr\u010denja dveh motoristov. Pri omenjenem padcu kolesarjev se je po\u0161kodovalo 11 tekmovalcev, najhuje pa jo je skupil Broeckx (Lotto Soudal), ki je bil zaradi mo\u017eganske krvavitve dolgo \u010dasa v komi, njegovo stanje pa je bilo kriti\u010dno. Belgijca je na dirki Kuurne-Brussel-Kuurne letos enkrat \u017ee zbil motorist. Zaradi po\u0161kodb glave so kirurgi opravili dve operaciji, nato je bil Broeckx v umetni komi, da si je telo opomoglo od operacije in po\u0161kodb, danes pa so ga sku\u0161ali zbuditi, a se ni odzival. Podobna nesre\u010da je letos\u00a0&#8230;<\/p>\n","protected":false},"author":1,"featured_media":0,"comment_status":"closed","ping_status":"closed","sticky":false,"template":"","format":"standard","meta":{"footnotes":""},"categories":[1179],"tags":[],"source":[4511],"supertag":[],"acf":[],"yoast_head":"<!-- This site is optimized with the Yoast SEO plugin v21.3 - https:\/\/yoast.com\/wordpress\/plugins\/seo\/ -->\n<title>Belgijskega kolesarja zbudili iz kome - Hudo Slovenija<\/title>\n<meta name=\"robots\" content=\"index, follow, max-snippet:-1, max-image-preview:large, max-video-preview:-1\" \/>\n<link rel=\"canonical\" href=\"https:\/\/hudo.com\/si\/aktualno\/belgijskega-kolesarja-zbudili-iz-kome\/\" \/>\n<meta property=\"og:locale\" content=\"sl_SI\" \/>\n<meta property=\"og:type\" content=\"article\" \/>\n<meta property=\"og:title\" content=\"Belgijskega kolesarja zbudili iz kome - Hudo Slovenija\" \/>\n<meta property=\"og:description\" content=\"Kategorija: Kolesarstvo Sat, 25 Jun 2016 14:27:00 +0200 Genk - Belgijskega kolesarja Stiga Broeckxa, ki se je konec maja hudo po\u0161kodoval na tretji etapi dirke po Belgiji, so danes v bolni\u0161nici v Genku zbudili iz kome, a ob tem ni pokazal reakcij. \u0160estindvajsetletni kolesar je bil 21. maja vpleten v nesre\u010do 20 kolesarjev, ki je bila posledica tr\u010denja dveh motoristov. Pri omenjenem padcu kolesarjev se je po\u0161kodovalo 11 tekmovalcev, najhuje pa jo je skupil Broeckx (Lotto Soudal), ki je bil zaradi mo\u017eganske krvavitve dolgo \u010dasa v komi, njegovo stanje pa je bilo kriti\u010dno. Belgijca je na dirki Kuurne-Brussel-Kuurne letos enkrat \u017ee zbil motorist. Zaradi po\u0161kodb glave so kirurgi opravili dve operaciji, nato je bil Broeckx v umetni komi, da si je telo opomoglo od operacije in po\u0161kodb, danes pa so ga sku\u0161ali zbuditi, a se ni odzival. Podobna nesre\u010da je letos\u00a0...\" \/>\n<meta property=\"og:url\" content=\"https:\/\/hudo.com\/si\/aktualno\/belgijskega-kolesarja-zbudili-iz-kome\/\" \/>\n<meta property=\"og:site_name\" content=\"Hudo Slovenija\" \/>\n<meta property=\"article:publisher\" content=\"https:\/\/www.facebook.com\/hudo.si\" \/>\n<meta property=\"article:published_time\" content=\"2016-06-25T10:27:00+00:00\" \/>\n<meta property=\"article:modified_time\" content=\"2016-06-25T17:16:07+00:00\" \/>\n<meta property=\"og:image\" content=\"https:\/\/hudo.com\/si\/wp-content\/uploads\/sites\/2\/2016\/06\/480x290_Delo_Foto-20160616130610-73718400.jpeg\" \/>\n\t<meta property=\"og:image:width\" content=\"480\" \/>\n\t<meta property=\"og:image:height\" content=\"290\" \/>\n\t<meta property=\"og:image:type\" content=\"image\/jpeg\" \/>\n<meta name=\"author\" content=\"hudo\" \/>\n<meta name=\"twitter:card\" content=\"summary_large_image\" \/>\n<meta name=\"twitter:creator\" content=\"@hudo_si\" \/>\n<meta name=\"twitter:site\" content=\"@hudo_si\" \/>\n<meta name=\"twitter:label1\" content=\"Written by\" \/>\n\t<meta name=\"twitter:data1\" content=\"hudo\" \/>\n\t<meta name=\"twitter:label2\" content=\"Est. reading time\" \/>\n\t<meta name=\"twitter:data2\" content=\"1 minuta\" \/>\n<script type=\"application\/ld+json\" class=\"yoast-schema-graph\">{\"@context\":\"https:\/\/schema.org\",\"@graph\":[{\"@type\":\"Article\",\"@id\":\"https:\/\/hudo.com\/si\/aktualno\/belgijskega-kolesarja-zbudili-iz-kome\/#article\",\"isPartOf\":{\"@id\":\"https:\/\/hudo.com\/si\/aktualno\/belgijskega-kolesarja-zbudili-iz-kome\/\"},\"author\":{\"name\":\"hudo\",\"@id\":\"https:\/\/hudo.com\/si\/#\/schema\/person\/601cf3379633985b20f7e50f2bb47707\"},\"headline\":\"Belgijskega kolesarja zbudili iz kome\",\"datePublished\":\"2016-06-25T10:27:00+00:00\",\"dateModified\":\"2016-06-25T17:16:07+00:00\",\"mainEntityOfPage\":{\"@id\":\"https:\/\/hudo.com\/si\/aktualno\/belgijskega-kolesarja-zbudili-iz-kome\/\"},\"wordCount\":150,\"publisher\":{\"@id\":\"https:\/\/hudo.com\/si\/#organization\"},\"articleSection\":[\"Aktualno\"],\"inLanguage\":\"sl-SI\"},{\"@type\":\"WebPage\",\"@id\":\"https:\/\/hudo.com\/si\/aktualno\/belgijskega-kolesarja-zbudili-iz-kome\/\",\"url\":\"https:\/\/hudo.com\/si\/aktualno\/belgijskega-kolesarja-zbudili-iz-kome\/\",\"name\":\"Belgijskega kolesarja zbudili iz kome - Hudo Slovenija\",\"isPartOf\":{\"@id\":\"https:\/\/hudo.com\/si\/#website\"},\"datePublished\":\"2016-06-25T10:27:00+00:00\",\"dateModified\":\"2016-06-25T17:16:07+00:00\",\"breadcrumb\":{\"@id\":\"https:\/\/hudo.com\/si\/aktualno\/belgijskega-kolesarja-zbudili-iz-kome\/#breadcrumb\"},\"inLanguage\":\"sl-SI\",\"potentialAction\":[{\"@type\":\"ReadAction\",\"target\":[\"https:\/\/hudo.com\/si\/aktualno\/belgijskega-kolesarja-zbudili-iz-kome\/\"]}]},{\"@type\":\"BreadcrumbList\",\"@id\":\"https:\/\/hudo.com\/si\/aktualno\/belgijskega-kolesarja-zbudili-iz-kome\/#breadcrumb\",\"itemListElement\":[{\"@type\":\"ListItem\",\"position\":1,\"name\":\"Home\",\"item\":\"https:\/\/hudo.com\/si\/\"},{\"@type\":\"ListItem\",\"position\":2,\"name\":\"Belgijskega kolesarja zbudili iz kome\"}]},{\"@type\":\"WebSite\",\"@id\":\"https:\/\/hudo.com\/si\/#website\",\"url\":\"https:\/\/hudo.com\/si\/\",\"name\":\"Hudo Slovenija\",\"description\":\"Vse novice iz Slovenije in sveta\",\"publisher\":{\"@id\":\"https:\/\/hudo.com\/si\/#organization\"},\"potentialAction\":[{\"@type\":\"SearchAction\",\"target\":{\"@type\":\"EntryPoint\",\"urlTemplate\":\"https:\/\/hudo.com\/si\/?s={search_term_string}\"},\"query-input\":\"required name=search_term_string\"}],\"inLanguage\":\"sl-SI\"},{\"@type\":\"Organization\",\"@id\":\"https:\/\/hudo.com\/si\/#organization\",\"name\":\"VSN Media\",\"url\":\"https:\/\/hudo.com\/si\/\",\"logo\":{\"@type\":\"ImageObject\",\"inLanguage\":\"sl-SI\",\"@id\":\"https:\/\/hudo.com\/si\/#\/schema\/logo\/image\/\",\"url\":\"https:\/\/hudo.com\/si\/wp-content\/uploads\/sites\/2\/2021\/03\/hudo-app-2.png\",\"contentUrl\":\"https:\/\/hudo.com\/si\/wp-content\/uploads\/sites\/2\/2021\/03\/hudo-app-2.png\",\"width\":2185,\"height\":2167,\"caption\":\"VSN Media\"},\"image\":{\"@id\":\"https:\/\/hudo.com\/si\/#\/schema\/logo\/image\/\"},\"sameAs\":[\"https:\/\/www.facebook.com\/hudo.si\",\"https:\/\/twitter.com\/hudo_si\"]},{\"@type\":\"Person\",\"@id\":\"https:\/\/hudo.com\/si\/#\/schema\/person\/601cf3379633985b20f7e50f2bb47707\",\"name\":\"hudo\",\"image\":{\"@type\":\"ImageObject\",\"inLanguage\":\"sl-SI\",\"@id\":\"https:\/\/hudo.com\/si\/#\/schema\/person\/image\/\",\"url\":\"https:\/\/secure.gravatar.com\/avatar\/c4ca25fa72cace7a696b52ff5db9e095?s=96&d=mm&r=g\",\"contentUrl\":\"https:\/\/secure.gravatar.com\/avatar\/c4ca25fa72cace7a696b52ff5db9e095?s=96&d=mm&r=g\",\"caption\":\"hudo\"},\"url\":\"https:\/\/hudo.com\/si\/author\/hudo\/\"}]}<\/script>\n<!-- \/ Yoast SEO plugin. -->","yoast_head_json":{"title":"Belgijskega kolesarja zbudili iz kome - Hudo Slovenija","robots":{"index":"index","follow":"follow","max-snippet":"max-snippet:-1","max-image-preview":"max-image-preview:large","max-video-preview":"max-video-preview:-1"},"canonical":"https:\/\/hudo.com\/si\/aktualno\/belgijskega-kolesarja-zbudili-iz-kome\/","og_locale":"sl_SI","og_type":"article","og_title":"Belgijskega kolesarja zbudili iz kome - Hudo Slovenija","og_description":"Kategorija: Kolesarstvo Sat, 25 Jun 2016 14:27:00 +0200 Genk - Belgijskega kolesarja Stiga Broeckxa, ki se je konec maja hudo po\u0161kodoval na tretji etapi dirke po Belgiji, so danes v bolni\u0161nici v Genku zbudili iz kome, a ob tem ni pokazal reakcij. \u0160estindvajsetletni kolesar je bil 21. maja vpleten v nesre\u010do 20 kolesarjev, ki je bila posledica tr\u010denja dveh motoristov. Pri omenjenem padcu kolesarjev se je po\u0161kodovalo 11 tekmovalcev, najhuje pa jo je skupil Broeckx (Lotto Soudal), ki je bil zaradi mo\u017eganske krvavitve dolgo \u010dasa v komi, njegovo stanje pa je bilo kriti\u010dno. Belgijca je na dirki Kuurne-Brussel-Kuurne letos enkrat \u017ee zbil motorist. Zaradi po\u0161kodb glave so kirurgi opravili dve operaciji, nato je bil Broeckx v umetni komi, da si je telo opomoglo od operacije in po\u0161kodb, danes pa so ga sku\u0161ali zbuditi, a se ni odzival. Podobna nesre\u010da je letos\u00a0...","og_url":"https:\/\/hudo.com\/si\/aktualno\/belgijskega-kolesarja-zbudili-iz-kome\/","og_site_name":"Hudo Slovenija","article_publisher":"https:\/\/www.facebook.com\/hudo.si","article_published_time":"2016-06-25T10:27:00+00:00","article_modified_time":"2016-06-25T17:16:07+00:00","og_image":[{"width":480,"height":290,"url":"https:\/\/hudo.com\/si\/wp-content\/uploads\/sites\/2\/2016\/06\/480x290_Delo_Foto-20160616130610-73718400.jpeg","type":"image\/jpeg"}],"author":"hudo","twitter_card":"summary_large_image","twitter_creator":"@hudo_si","twitter_site":"@hudo_si","twitter_misc":{"Written by":"hudo","Est. reading time":"1 minuta"},"schema":{"@context":"https:\/\/schema.org","@graph":[{"@type":"Article","@id":"https:\/\/hudo.com\/si\/aktualno\/belgijskega-kolesarja-zbudili-iz-kome\/#article","isPartOf":{"@id":"https:\/\/hudo.com\/si\/aktualno\/belgijskega-kolesarja-zbudili-iz-kome\/"},"author":{"name":"hudo","@id":"https:\/\/hudo.com\/si\/#\/schema\/person\/601cf3379633985b20f7e50f2bb47707"},"headline":"Belgijskega kolesarja zbudili iz kome","datePublished":"2016-06-25T10:27:00+00:00","dateModified":"2016-06-25T17:16:07+00:00","mainEntityOfPage":{"@id":"https:\/\/hudo.com\/si\/aktualno\/belgijskega-kolesarja-zbudili-iz-kome\/"},"wordCount":150,"publisher":{"@id":"https:\/\/hudo.com\/si\/#organization"},"articleSection":["Aktualno"],"inLanguage":"sl-SI"},{"@type":"WebPage","@id":"https:\/\/hudo.com\/si\/aktualno\/belgijskega-kolesarja-zbudili-iz-kome\/","url":"https:\/\/hudo.com\/si\/aktualno\/belgijskega-kolesarja-zbudili-iz-kome\/","name":"Belgijskega kolesarja zbudili iz kome - Hudo Slovenija","isPartOf":{"@id":"https:\/\/hudo.com\/si\/#website"},"datePublished":"2016-06-25T10:27:00+00:00","dateModified":"2016-06-25T17:16:07+00:00","breadcrumb":{"@id":"https:\/\/hudo.com\/si\/aktualno\/belgijskega-kolesarja-zbudili-iz-kome\/#breadcrumb"},"inLanguage":"sl-SI","potentialAction":[{"@type":"ReadAction","target":["https:\/\/hudo.com\/si\/aktualno\/belgijskega-kolesarja-zbudili-iz-kome\/"]}]},{"@type":"BreadcrumbList","@id":"https:\/\/hudo.com\/si\/aktualno\/belgijskega-kolesarja-zbudili-iz-kome\/#breadcrumb","itemListElement":[{"@type":"ListItem","position":1,"name":"Home","item":"https:\/\/hudo.com\/si\/"},{"@type":"ListItem","position":2,"name":"Belgijskega kolesarja zbudili iz kome"}]},{"@type":"WebSite","@id":"https:\/\/hudo.com\/si\/#website","url":"https:\/\/hudo.com\/si\/","name":"Hudo Slovenija","description":"Vse novice iz Slovenije in sveta","publisher":{"@id":"https:\/\/hudo.com\/si\/#organization"},"potentialAction":[{"@type":"SearchAction","target":{"@type":"EntryPoint","urlTemplate":"https:\/\/hudo.com\/si\/?s={search_term_string}"},"query-input":"required name=search_term_string"}],"inLanguage":"sl-SI"},{"@type":"Organization","@id":"https:\/\/hudo.com\/si\/#organization","name":"VSN Media","url":"https:\/\/hudo.com\/si\/","logo":{"@type":"ImageObject","inLanguage":"sl-SI","@id":"https:\/\/hudo.com\/si\/#\/schema\/logo\/image\/","url":"https:\/\/hudo.com\/si\/wp-content\/uploads\/sites\/2\/2021\/03\/hudo-app-2.png","contentUrl":"https:\/\/hudo.com\/si\/wp-content\/uploads\/sites\/2\/2021\/03\/hudo-app-2.png","width":2185,"height":2167,"caption":"VSN Media"},"image":{"@id":"https:\/\/hudo.com\/si\/#\/schema\/logo\/image\/"},"sameAs":["https:\/\/www.facebook.com\/hudo.si","https:\/\/twitter.com\/hudo_si"]},{"@type":"Person","@id":"https:\/\/hudo.com\/si\/#\/schema\/person\/601cf3379633985b20f7e50f2bb47707","name":"hudo","image":{"@type":"ImageObject","inLanguage":"sl-SI","@id":"https:\/\/hudo.com\/si\/#\/schema\/person\/image\/","url":"https:\/\/secure.gravatar.com\/avatar\/c4ca25fa72cace7a696b52ff5db9e095?s=96&d=mm&r=g","contentUrl":"https:\/\/secure.gravatar.com\/avatar\/c4ca25fa72cace7a696b52ff5db9e095?s=96&d=mm&r=g","caption":"hudo"},"url":"https:\/\/hudo.com\/si\/author\/hudo\/"}]}},"amp_enabled":true,"_links":{"self":[{"href":"https:\/\/hudo.com\/si\/wp-json\/wp\/v2\/posts\/82701"}],"collection":[{"href":"https:\/\/hudo.com\/si\/wp-json\/wp\/v2\/posts"}],"about":[{"href":"https:\/\/hudo.com\/si\/wp-json\/wp\/v2\/types\/post"}],"author":[{"embeddable":true,"href":"https:\/\/hudo.com\/si\/wp-json\/wp\/v2\/users\/1"}],"replies":[{"embeddable":true,"href":"https:\/\/hudo.com\/si\/wp-json\/wp\/v2\/comments?post=82701"}],"version-history":[{"count":1,"href":"https:\/\/hudo.com\/si\/wp-json\/wp\/v2\/posts\/82701\/revisions"}],"predecessor-version":[{"id":82772,"href":"https:\/\/hudo.com\/si\/wp-json\/wp\/v2\/posts\/82701\/revisions\/82772"}],"wp:attachment":[{"href":"https:\/\/hudo.com\/si\/wp-json\/wp\/v2\/media?parent=82701"}],"wp:term":[{"taxonomy":"category","embeddable":true,"href":"https:\/\/hudo.com\/si\/wp-json\/wp\/v2\/categories?post=82701"},{"taxonomy":"post_tag","embeddable":true,"href":"https:\/\/hudo.com\/si\/wp-json\/wp\/v2\/tags?post=82701"},{"taxonomy":"source","embeddable":true,"href":"https:\/\/hudo.com\/si\/wp-json\/wp\/v2\/source?post=82701"},{"taxonomy":"supertag","embeddable":true,"href":"https:\/\/hudo.com\/si\/wp-json\/wp\/v2\/supertag?post=82701"}],"curies":[{"name":"wp","href":"https:\/\/api.w.org\/{rel}","templated":true}]}}