{"id":82741,"date":"2016-06-25T16:00:00","date_gmt":"2016-06-25T14:00:00","guid":{"rendered":"http:\/\/hudo.com\/si\/2016\/06\/25\/spanija-iz-prve-roke-med-zgodbo-in-resnicnostjo\/"},"modified":"2016-06-25T16:00:00","modified_gmt":"2016-06-25T14:00:00","slug":"spanija-iz-prve-roke-med-zgodbo-in-resnicnostjo","status":"publish","type":"post","link":"https:\/\/hudo.com\/si\/aktualno\/spanija-iz-prve-roke-med-zgodbo-in-resnicnostjo\/","title":{"rendered":"\u0160panija iz prve roke: Med zgodbo in resni\u010dnostjo"},"content":{"rendered":"<p>Kategorija: Evropa Sat, 25 Jun 2016 18:00:00 +0200  \u00bbDa je pe\u0161\u010dica \u0161panskih vojakov osvojila azte\u0161ko cesarstvo,\u00ab je zapisal Carlo Ginzburg, \u00bbje bila prav tako pomembna prevlada na podro\u010dju ustvarjanja zgodb kot dejstvo, da so imeli na razpolago konje in pu\u0161ke. \u0160lo je za boj za kulturno prevlado, ki zagotavlja pravico odlo\u010danja o tem, kaj je resnica.\u00ab Pripomba znanega zgodovinarja nam lahko odpre vrata v \u0160panijo zadnjih let. Da gre v veliki meri za osvajanje komunikacijske sfere, je jasno. Spomnimo se samo dveh zgovornih primerov: Jos\u00e9 Mar\u00eda Aznar je po teroristi\u010dnem napadu na Atocho 11. marca 2004 trdil, da je bila za grozodejstvo odgovorna ETA in da razlag ne gre iskati v mednarodnem prostoru. Ta zdrs v zgodbo, ki ni bila ve\u010d v koraku s \u010dasom, je gotovo zape\u010datil njegov poraz na volitvah istega leta. Drug primer je \u0161e izrazitej\u0161i.\u00a0&#8230;<\/p>\n","protected":false},"excerpt":{"rendered":"<p>Kategorija: Evropa Sat, 25 Jun 2016 18:00:00 +0200  \u00bbDa je pe\u0161\u010dica \u0161panskih vojakov osvojila azte\u0161ko cesarstvo,\u00ab je zapisal Carlo Ginzburg, \u00bbje bila prav tako pomembna prevlada na podro\u010dju ustvarjanja zgodb kot dejstvo, da so imeli na razpolago konje in pu\u0161ke. \u0160lo je za boj za kulturno prevlado, ki zagotavlja pravico odlo\u010danja o tem, kaj je resnica.\u00ab Pripomba znanega zgodovinarja nam lahko odpre vrata v \u0160panijo zadnjih let. Da gre v veliki meri za osvajanje komunikacijske sfere, je jasno. Spomnimo se samo dveh zgovornih primerov: Jos\u00e9 Mar\u00eda Aznar je po teroristi\u010dnem napadu na Atocho 11. marca 2004 trdil, da je bila za grozodejstvo odgovorna ETA in da razlag ne gre iskati v mednarodnem prostoru. Ta zdrs v zgodbo, ki ni bila ve\u010d v koraku s \u010dasom, je gotovo zape\u010datil njegov poraz na volitvah istega leta. Drug primer je \u0161e izrazitej\u0161i.\u00a0&#8230;<\/p>\n","protected":false},"author":1,"featured_media":0,"comment_status":"closed","ping_status":"closed","sticky":false,"template":"","format":"standard","meta":{"footnotes":""},"categories":[1179],"tags":[],"source":[4511],"supertag":[],"acf":[],"yoast_head":"<!-- This site is optimized with the Yoast SEO plugin v21.3 - https:\/\/yoast.com\/wordpress\/plugins\/seo\/ -->\n<title>\u0160panija iz prve roke: Med zgodbo in resni\u010dnostjo - Hudo Slovenija<\/title>\n<meta name=\"robots\" content=\"index, follow, max-snippet:-1, max-image-preview:large, max-video-preview:-1\" \/>\n<link rel=\"canonical\" href=\"https:\/\/hudo.com\/si\/aktualno\/spanija-iz-prve-roke-med-zgodbo-in-resnicnostjo\/\" \/>\n<meta property=\"og:locale\" content=\"sl_SI\" \/>\n<meta property=\"og:type\" content=\"article\" \/>\n<meta property=\"og:title\" content=\"\u0160panija iz prve roke: Med zgodbo in resni\u010dnostjo - Hudo Slovenija\" \/>\n<meta property=\"og:description\" content=\"Kategorija: Evropa Sat, 25 Jun 2016 18:00:00 +0200 \u00bbDa je pe\u0161\u010dica \u0161panskih vojakov osvojila azte\u0161ko cesarstvo,\u00ab je zapisal Carlo Ginzburg, \u00bbje bila prav tako pomembna prevlada na podro\u010dju ustvarjanja zgodb kot dejstvo, da so imeli na razpolago konje in pu\u0161ke. \u0160lo je za boj za kulturno prevlado, ki zagotavlja pravico odlo\u010danja o tem, kaj je resnica.\u00ab Pripomba znanega zgodovinarja nam lahko odpre vrata v \u0160panijo zadnjih let. Da gre v veliki meri za osvajanje komunikacijske sfere, je jasno. Spomnimo se samo dveh zgovornih primerov: Jos\u00e9 Mar\u00eda Aznar je po teroristi\u010dnem napadu na Atocho 11. marca 2004 trdil, da je bila za grozodejstvo odgovorna ETA in da razlag ne gre iskati v mednarodnem prostoru. Ta zdrs v zgodbo, ki ni bila ve\u010d v koraku s \u010dasom, je gotovo zape\u010datil njegov poraz na volitvah istega leta. Drug primer je \u0161e izrazitej\u0161i.\u00a0...\" \/>\n<meta property=\"og:url\" content=\"https:\/\/hudo.com\/si\/aktualno\/spanija-iz-prve-roke-med-zgodbo-in-resnicnostjo\/\" \/>\n<meta property=\"og:site_name\" content=\"Hudo Slovenija\" \/>\n<meta property=\"article:publisher\" content=\"https:\/\/www.facebook.com\/hudo.si\" \/>\n<meta property=\"article:published_time\" content=\"2016-06-25T14:00:00+00:00\" \/>\n<meta property=\"og:image\" content=\"https:\/\/hudo.com\/si\/wp-content\/uploads\/sites\/2\/2016\/06\/480x290_Reuters_Pictures-20160623150758-76163300.jpeg\" \/>\n\t<meta property=\"og:image:width\" content=\"480\" \/>\n\t<meta property=\"og:image:height\" content=\"290\" \/>\n\t<meta property=\"og:image:type\" content=\"image\/jpeg\" \/>\n<meta name=\"author\" content=\"hudo\" \/>\n<meta name=\"twitter:card\" content=\"summary_large_image\" \/>\n<meta name=\"twitter:creator\" content=\"@hudo_si\" \/>\n<meta name=\"twitter:site\" content=\"@hudo_si\" \/>\n<meta name=\"twitter:label1\" content=\"Written by\" \/>\n\t<meta name=\"twitter:data1\" content=\"hudo\" \/>\n\t<meta name=\"twitter:label2\" content=\"Est. reading time\" \/>\n\t<meta name=\"twitter:data2\" content=\"1 minuta\" \/>\n<script type=\"application\/ld+json\" class=\"yoast-schema-graph\">{\"@context\":\"https:\/\/schema.org\",\"@graph\":[{\"@type\":\"Article\",\"@id\":\"https:\/\/hudo.com\/si\/aktualno\/spanija-iz-prve-roke-med-zgodbo-in-resnicnostjo\/#article\",\"isPartOf\":{\"@id\":\"https:\/\/hudo.com\/si\/aktualno\/spanija-iz-prve-roke-med-zgodbo-in-resnicnostjo\/\"},\"author\":{\"name\":\"hudo\",\"@id\":\"https:\/\/hudo.com\/si\/#\/schema\/person\/601cf3379633985b20f7e50f2bb47707\"},\"headline\":\"\u0160panija iz prve roke: Med zgodbo in resni\u010dnostjo\",\"datePublished\":\"2016-06-25T14:00:00+00:00\",\"dateModified\":\"2016-06-25T14:00:00+00:00\",\"mainEntityOfPage\":{\"@id\":\"https:\/\/hudo.com\/si\/aktualno\/spanija-iz-prve-roke-med-zgodbo-in-resnicnostjo\/\"},\"wordCount\":151,\"publisher\":{\"@id\":\"https:\/\/hudo.com\/si\/#organization\"},\"articleSection\":[\"Aktualno\"],\"inLanguage\":\"sl-SI\"},{\"@type\":\"WebPage\",\"@id\":\"https:\/\/hudo.com\/si\/aktualno\/spanija-iz-prve-roke-med-zgodbo-in-resnicnostjo\/\",\"url\":\"https:\/\/hudo.com\/si\/aktualno\/spanija-iz-prve-roke-med-zgodbo-in-resnicnostjo\/\",\"name\":\"\u0160panija iz prve roke: Med zgodbo in resni\u010dnostjo - Hudo Slovenija\",\"isPartOf\":{\"@id\":\"https:\/\/hudo.com\/si\/#website\"},\"datePublished\":\"2016-06-25T14:00:00+00:00\",\"dateModified\":\"2016-06-25T14:00:00+00:00\",\"breadcrumb\":{\"@id\":\"https:\/\/hudo.com\/si\/aktualno\/spanija-iz-prve-roke-med-zgodbo-in-resnicnostjo\/#breadcrumb\"},\"inLanguage\":\"sl-SI\",\"potentialAction\":[{\"@type\":\"ReadAction\",\"target\":[\"https:\/\/hudo.com\/si\/aktualno\/spanija-iz-prve-roke-med-zgodbo-in-resnicnostjo\/\"]}]},{\"@type\":\"BreadcrumbList\",\"@id\":\"https:\/\/hudo.com\/si\/aktualno\/spanija-iz-prve-roke-med-zgodbo-in-resnicnostjo\/#breadcrumb\",\"itemListElement\":[{\"@type\":\"ListItem\",\"position\":1,\"name\":\"Home\",\"item\":\"https:\/\/hudo.com\/si\/\"},{\"@type\":\"ListItem\",\"position\":2,\"name\":\"\u0160panija iz prve roke: Med zgodbo in resni\u010dnostjo\"}]},{\"@type\":\"WebSite\",\"@id\":\"https:\/\/hudo.com\/si\/#website\",\"url\":\"https:\/\/hudo.com\/si\/\",\"name\":\"Hudo Slovenija\",\"description\":\"Vse novice iz Slovenije in sveta\",\"publisher\":{\"@id\":\"https:\/\/hudo.com\/si\/#organization\"},\"potentialAction\":[{\"@type\":\"SearchAction\",\"target\":{\"@type\":\"EntryPoint\",\"urlTemplate\":\"https:\/\/hudo.com\/si\/?s={search_term_string}\"},\"query-input\":\"required name=search_term_string\"}],\"inLanguage\":\"sl-SI\"},{\"@type\":\"Organization\",\"@id\":\"https:\/\/hudo.com\/si\/#organization\",\"name\":\"VSN Media\",\"url\":\"https:\/\/hudo.com\/si\/\",\"logo\":{\"@type\":\"ImageObject\",\"inLanguage\":\"sl-SI\",\"@id\":\"https:\/\/hudo.com\/si\/#\/schema\/logo\/image\/\",\"url\":\"https:\/\/hudo.com\/si\/wp-content\/uploads\/sites\/2\/2021\/03\/hudo-app-2.png\",\"contentUrl\":\"https:\/\/hudo.com\/si\/wp-content\/uploads\/sites\/2\/2021\/03\/hudo-app-2.png\",\"width\":2185,\"height\":2167,\"caption\":\"VSN Media\"},\"image\":{\"@id\":\"https:\/\/hudo.com\/si\/#\/schema\/logo\/image\/\"},\"sameAs\":[\"https:\/\/www.facebook.com\/hudo.si\",\"https:\/\/twitter.com\/hudo_si\"]},{\"@type\":\"Person\",\"@id\":\"https:\/\/hudo.com\/si\/#\/schema\/person\/601cf3379633985b20f7e50f2bb47707\",\"name\":\"hudo\",\"image\":{\"@type\":\"ImageObject\",\"inLanguage\":\"sl-SI\",\"@id\":\"https:\/\/hudo.com\/si\/#\/schema\/person\/image\/\",\"url\":\"https:\/\/secure.gravatar.com\/avatar\/c4ca25fa72cace7a696b52ff5db9e095?s=96&d=mm&r=g\",\"contentUrl\":\"https:\/\/secure.gravatar.com\/avatar\/c4ca25fa72cace7a696b52ff5db9e095?s=96&d=mm&r=g\",\"caption\":\"hudo\"},\"url\":\"https:\/\/hudo.com\/si\/author\/hudo\/\"}]}<\/script>\n<!-- \/ Yoast SEO plugin. -->","yoast_head_json":{"title":"\u0160panija iz prve roke: Med zgodbo in resni\u010dnostjo - Hudo Slovenija","robots":{"index":"index","follow":"follow","max-snippet":"max-snippet:-1","max-image-preview":"max-image-preview:large","max-video-preview":"max-video-preview:-1"},"canonical":"https:\/\/hudo.com\/si\/aktualno\/spanija-iz-prve-roke-med-zgodbo-in-resnicnostjo\/","og_locale":"sl_SI","og_type":"article","og_title":"\u0160panija iz prve roke: Med zgodbo in resni\u010dnostjo - Hudo Slovenija","og_description":"Kategorija: Evropa Sat, 25 Jun 2016 18:00:00 +0200 \u00bbDa je pe\u0161\u010dica \u0161panskih vojakov osvojila azte\u0161ko cesarstvo,\u00ab je zapisal Carlo Ginzburg, \u00bbje bila prav tako pomembna prevlada na podro\u010dju ustvarjanja zgodb kot dejstvo, da so imeli na razpolago konje in pu\u0161ke. \u0160lo je za boj za kulturno prevlado, ki zagotavlja pravico odlo\u010danja o tem, kaj je resnica.\u00ab Pripomba znanega zgodovinarja nam lahko odpre vrata v \u0160panijo zadnjih let. Da gre v veliki meri za osvajanje komunikacijske sfere, je jasno. Spomnimo se samo dveh zgovornih primerov: Jos\u00e9 Mar\u00eda Aznar je po teroristi\u010dnem napadu na Atocho 11. marca 2004 trdil, da je bila za grozodejstvo odgovorna ETA in da razlag ne gre iskati v mednarodnem prostoru. Ta zdrs v zgodbo, ki ni bila ve\u010d v koraku s \u010dasom, je gotovo zape\u010datil njegov poraz na volitvah istega leta. Drug primer je \u0161e izrazitej\u0161i.\u00a0...","og_url":"https:\/\/hudo.com\/si\/aktualno\/spanija-iz-prve-roke-med-zgodbo-in-resnicnostjo\/","og_site_name":"Hudo Slovenija","article_publisher":"https:\/\/www.facebook.com\/hudo.si","article_published_time":"2016-06-25T14:00:00+00:00","og_image":[{"width":480,"height":290,"url":"https:\/\/hudo.com\/si\/wp-content\/uploads\/sites\/2\/2016\/06\/480x290_Reuters_Pictures-20160623150758-76163300.jpeg","type":"image\/jpeg"}],"author":"hudo","twitter_card":"summary_large_image","twitter_creator":"@hudo_si","twitter_site":"@hudo_si","twitter_misc":{"Written by":"hudo","Est. reading time":"1 minuta"},"schema":{"@context":"https:\/\/schema.org","@graph":[{"@type":"Article","@id":"https:\/\/hudo.com\/si\/aktualno\/spanija-iz-prve-roke-med-zgodbo-in-resnicnostjo\/#article","isPartOf":{"@id":"https:\/\/hudo.com\/si\/aktualno\/spanija-iz-prve-roke-med-zgodbo-in-resnicnostjo\/"},"author":{"name":"hudo","@id":"https:\/\/hudo.com\/si\/#\/schema\/person\/601cf3379633985b20f7e50f2bb47707"},"headline":"\u0160panija iz prve roke: Med zgodbo in resni\u010dnostjo","datePublished":"2016-06-25T14:00:00+00:00","dateModified":"2016-06-25T14:00:00+00:00","mainEntityOfPage":{"@id":"https:\/\/hudo.com\/si\/aktualno\/spanija-iz-prve-roke-med-zgodbo-in-resnicnostjo\/"},"wordCount":151,"publisher":{"@id":"https:\/\/hudo.com\/si\/#organization"},"articleSection":["Aktualno"],"inLanguage":"sl-SI"},{"@type":"WebPage","@id":"https:\/\/hudo.com\/si\/aktualno\/spanija-iz-prve-roke-med-zgodbo-in-resnicnostjo\/","url":"https:\/\/hudo.com\/si\/aktualno\/spanija-iz-prve-roke-med-zgodbo-in-resnicnostjo\/","name":"\u0160panija iz prve roke: Med zgodbo in resni\u010dnostjo - Hudo Slovenija","isPartOf":{"@id":"https:\/\/hudo.com\/si\/#website"},"datePublished":"2016-06-25T14:00:00+00:00","dateModified":"2016-06-25T14:00:00+00:00","breadcrumb":{"@id":"https:\/\/hudo.com\/si\/aktualno\/spanija-iz-prve-roke-med-zgodbo-in-resnicnostjo\/#breadcrumb"},"inLanguage":"sl-SI","potentialAction":[{"@type":"ReadAction","target":["https:\/\/hudo.com\/si\/aktualno\/spanija-iz-prve-roke-med-zgodbo-in-resnicnostjo\/"]}]},{"@type":"BreadcrumbList","@id":"https:\/\/hudo.com\/si\/aktualno\/spanija-iz-prve-roke-med-zgodbo-in-resnicnostjo\/#breadcrumb","itemListElement":[{"@type":"ListItem","position":1,"name":"Home","item":"https:\/\/hudo.com\/si\/"},{"@type":"ListItem","position":2,"name":"\u0160panija iz prve roke: Med zgodbo in resni\u010dnostjo"}]},{"@type":"WebSite","@id":"https:\/\/hudo.com\/si\/#website","url":"https:\/\/hudo.com\/si\/","name":"Hudo Slovenija","description":"Vse novice iz Slovenije in sveta","publisher":{"@id":"https:\/\/hudo.com\/si\/#organization"},"potentialAction":[{"@type":"SearchAction","target":{"@type":"EntryPoint","urlTemplate":"https:\/\/hudo.com\/si\/?s={search_term_string}"},"query-input":"required name=search_term_string"}],"inLanguage":"sl-SI"},{"@type":"Organization","@id":"https:\/\/hudo.com\/si\/#organization","name":"VSN Media","url":"https:\/\/hudo.com\/si\/","logo":{"@type":"ImageObject","inLanguage":"sl-SI","@id":"https:\/\/hudo.com\/si\/#\/schema\/logo\/image\/","url":"https:\/\/hudo.com\/si\/wp-content\/uploads\/sites\/2\/2021\/03\/hudo-app-2.png","contentUrl":"https:\/\/hudo.com\/si\/wp-content\/uploads\/sites\/2\/2021\/03\/hudo-app-2.png","width":2185,"height":2167,"caption":"VSN Media"},"image":{"@id":"https:\/\/hudo.com\/si\/#\/schema\/logo\/image\/"},"sameAs":["https:\/\/www.facebook.com\/hudo.si","https:\/\/twitter.com\/hudo_si"]},{"@type":"Person","@id":"https:\/\/hudo.com\/si\/#\/schema\/person\/601cf3379633985b20f7e50f2bb47707","name":"hudo","image":{"@type":"ImageObject","inLanguage":"sl-SI","@id":"https:\/\/hudo.com\/si\/#\/schema\/person\/image\/","url":"https:\/\/secure.gravatar.com\/avatar\/c4ca25fa72cace7a696b52ff5db9e095?s=96&d=mm&r=g","contentUrl":"https:\/\/secure.gravatar.com\/avatar\/c4ca25fa72cace7a696b52ff5db9e095?s=96&d=mm&r=g","caption":"hudo"},"url":"https:\/\/hudo.com\/si\/author\/hudo\/"}]}},"amp_enabled":true,"_links":{"self":[{"href":"https:\/\/hudo.com\/si\/wp-json\/wp\/v2\/posts\/82741"}],"collection":[{"href":"https:\/\/hudo.com\/si\/wp-json\/wp\/v2\/posts"}],"about":[{"href":"https:\/\/hudo.com\/si\/wp-json\/wp\/v2\/types\/post"}],"author":[{"embeddable":true,"href":"https:\/\/hudo.com\/si\/wp-json\/wp\/v2\/users\/1"}],"replies":[{"embeddable":true,"href":"https:\/\/hudo.com\/si\/wp-json\/wp\/v2\/comments?post=82741"}],"version-history":[{"count":0,"href":"https:\/\/hudo.com\/si\/wp-json\/wp\/v2\/posts\/82741\/revisions"}],"wp:attachment":[{"href":"https:\/\/hudo.com\/si\/wp-json\/wp\/v2\/media?parent=82741"}],"wp:term":[{"taxonomy":"category","embeddable":true,"href":"https:\/\/hudo.com\/si\/wp-json\/wp\/v2\/categories?post=82741"},{"taxonomy":"post_tag","embeddable":true,"href":"https:\/\/hudo.com\/si\/wp-json\/wp\/v2\/tags?post=82741"},{"taxonomy":"source","embeddable":true,"href":"https:\/\/hudo.com\/si\/wp-json\/wp\/v2\/source?post=82741"},{"taxonomy":"supertag","embeddable":true,"href":"https:\/\/hudo.com\/si\/wp-json\/wp\/v2\/supertag?post=82741"}],"curies":[{"name":"wp","href":"https:\/\/api.w.org\/{rel}","templated":true}]}}