{"id":83353,"date":"2016-06-27T05:35:00","date_gmt":"2016-06-27T03:35:00","guid":{"rendered":"http:\/\/hudo.com\/si\/2016\/06\/27\/radio-slovenija-drzavni-sekretar-dragonja-bo-odstopil-s-polozaja-2\/"},"modified":"2016-06-28T03:16:15","modified_gmt":"2016-06-28T01:16:15","slug":"radio-slovenija-drzavni-sekretar-dragonja-bo-odstopil-s-polozaja","status":"publish","type":"post","link":"https:\/\/hudo.com\/si\/aktualno\/radio-slovenija-drzavni-sekretar-dragonja-bo-odstopil-s-polozaja\/","title":{"rendered":"Radio Slovenija: Dr\u017eavni sekretar Dragonja bo odstopil s polo\u017eaja"},"content":{"rendered":"<p>Dr\u017eavni sekretar na ministrstvu za finance Metod Dragonja bo zaradi razgrevanja konflikta pri nameravani zamenjavi nadzornikov Luke Koper odstopil s polo\u017eaja, je poro\u010dal Radio Slovenija. Vpra\u0161anje pa je, ali bo to pomirilo civilno iniciativo in zaposlene, ki v torek zaradi napovedane zamenjave napovedujejo proteste, navaja radio. Dragonja je bil zadnje dni tar\u010da kritik, ker je na seji komisije za nadzor javnih financ navajal podatke o donosu na kapital iz obdobja med letoma 2011 in 2013. Takrat je bil povpre\u010dni donos na kapital 2,5 odstotka, a se je do leto\u0161njega prvega \u010detrtletja zvi\u0161al na 15,4 odstotka. Odgovornost za napa\u010dne izjave je pretekli teden najprej sprejel v kratki izjavi za TV Slovenija, v petek pa so s finan\u010dnega ministrstva poslali \u0161e njegovo izjavo za javnost. &#8220;Zavedam se, da sem storil napako z navajanjem neaktualnih podatkov na seji parlamentarne komisije za nadzor javnih financ. Vendar hkrati podarjam, da nisem imel namena manipulirati s podatki in zavajati javnosti,&#8221; je zapisal. Vse izjave so po njegovih besedah sledile cilju izbolj\u0161anja upravljanja z dr\u017eavnim premo\u017eenjem in temu, da se Luka Koper naprej uspe\u0161no in dinami\u010dno razvija, hkrati pa prispeva ve\u010d dr\u017eavi. \u0160e vedno je prepri\u010dan, da bi morala Luka Koper svoj dividendni donos podvojiti. Zaradi suma vplivanja na nadzornike Luke Koper se je pod udarom zna\u0161el tudi minister za infrastrukturo Peter Ga\u0161per\u0161i\u010d, zoper katerega so v ZL pripravili interpelacijo.Slovenija<\/p>\n","protected":false},"excerpt":{"rendered":"<p>Dr\u017eavni sekretar na ministrstvu za finance Metod Dragonja bo zaradi razgrevanja konflikta pri nameravani zamenjavi nadzornikov Luke Koper odstopil s polo\u017eaja, je poro\u010dal Radio Slovenija. Vpra\u0161anje pa je, ali bo to pomirilo civilno iniciativo in zaposlene, ki v torek zaradi napovedane zamenjave napovedujejo proteste, navaja radio. Dragonja je bil zadnje dni tar\u010da kritik, ker je na seji komisije za nadzor javnih financ navajal podatke o donosu na kapital iz obdobja med letoma 2011 in 2013. Takrat je bil povpre\u010dni donos na kapital 2,5 odstotka, a se je do leto\u0161njega prvega \u010detrtletja zvi\u0161al na 15,4 odstotka. Odgovornost za napa\u010dne izjave je pretekli teden najprej sprejel v kratki izjavi za TV Slovenija, v petek pa so s finan\u010dnega ministrstva poslali \u0161e njegovo izjavo za javnost. &#8220;Zavedam se, da sem storil napako z navajanjem neaktualnih podatkov na seji parlamentarne komisije za nadzor javnih financ. Vendar hkrati podarjam, da nisem imel namena manipulirati s podatki in zavajati javnosti,&#8221; je zapisal. Vse izjave so po njegovih besedah sledile cilju izbolj\u0161anja upravljanja z dr\u017eavnim premo\u017eenjem in temu, da se Luka Koper naprej uspe\u0161no in dinami\u010dno razvija, hkrati pa prispeva ve\u010d dr\u017eavi. \u0160e vedno je prepri\u010dan, da bi morala Luka Koper svoj dividendni donos podvojiti. Zaradi suma vplivanja na nadzornike Luke Koper se je pod udarom zna\u0161el tudi minister za infrastrukturo Peter Ga\u0161per\u0161i\u010d, zoper katerega so v ZL pripravili interpelacijo.Slovenija<\/p>\n","protected":false},"author":1,"featured_media":0,"comment_status":"closed","ping_status":"closed","sticky":false,"template":"","format":"standard","meta":{"footnotes":""},"categories":[1179],"tags":[],"source":[1711],"supertag":[],"acf":[],"yoast_head":"<!-- This site is optimized with the Yoast SEO plugin v21.3 - https:\/\/yoast.com\/wordpress\/plugins\/seo\/ -->\n<title>Radio Slovenija: Dr\u017eavni sekretar Dragonja bo odstopil s polo\u017eaja - Hudo Slovenija<\/title>\n<meta name=\"robots\" content=\"index, follow, max-snippet:-1, max-image-preview:large, max-video-preview:-1\" \/>\n<link rel=\"canonical\" href=\"https:\/\/hudo.com\/si\/aktualno\/radio-slovenija-drzavni-sekretar-dragonja-bo-odstopil-s-polozaja\/\" \/>\n<meta property=\"og:locale\" content=\"sl_SI\" \/>\n<meta property=\"og:type\" content=\"article\" \/>\n<meta property=\"og:title\" content=\"Radio Slovenija: Dr\u017eavni sekretar Dragonja bo odstopil s polo\u017eaja - Hudo Slovenija\" \/>\n<meta property=\"og:description\" content=\"Dr\u017eavni sekretar na ministrstvu za finance Metod Dragonja bo zaradi razgrevanja konflikta pri nameravani zamenjavi nadzornikov Luke Koper odstopil s polo\u017eaja, je poro\u010dal Radio Slovenija. Vpra\u0161anje pa je, ali bo to pomirilo civilno iniciativo in zaposlene, ki v torek zaradi napovedane zamenjave napovedujejo proteste, navaja radio. Dragonja je bil zadnje dni tar\u010da kritik, ker je na seji komisije za nadzor javnih financ navajal podatke o donosu na kapital iz obdobja med letoma 2011 in 2013. Takrat je bil povpre\u010dni donos na kapital 2,5 odstotka, a se je do leto\u0161njega prvega \u010detrtletja zvi\u0161al na 15,4 odstotka. Odgovornost za napa\u010dne izjave je pretekli teden najprej sprejel v kratki izjavi za TV Slovenija, v petek pa so s finan\u010dnega ministrstva poslali \u0161e njegovo izjavo za javnost. &quot;Zavedam se, da sem storil napako z navajanjem neaktualnih podatkov na seji parlamentarne komisije za nadzor javnih financ. Vendar hkrati podarjam, da nisem imel namena manipulirati s podatki in zavajati javnosti,&quot; je zapisal. Vse izjave so po njegovih besedah sledile cilju izbolj\u0161anja upravljanja z dr\u017eavnim premo\u017eenjem in temu, da se Luka Koper naprej uspe\u0161no in dinami\u010dno razvija, hkrati pa prispeva ve\u010d dr\u017eavi. \u0160e vedno je prepri\u010dan, da bi morala Luka Koper svoj dividendni donos podvojiti. Zaradi suma vplivanja na nadzornike Luke Koper se je pod udarom zna\u0161el tudi minister za infrastrukturo Peter Ga\u0161per\u0161i\u010d, zoper katerega so v ZL pripravili interpelacijo.Slovenija\" \/>\n<meta property=\"og:url\" content=\"https:\/\/hudo.com\/si\/aktualno\/radio-slovenija-drzavni-sekretar-dragonja-bo-odstopil-s-polozaja\/\" \/>\n<meta property=\"og:site_name\" content=\"Hudo Slovenija\" \/>\n<meta property=\"article:publisher\" content=\"https:\/\/www.facebook.com\/hudo.si\" \/>\n<meta property=\"article:published_time\" content=\"2016-06-27T03:35:00+00:00\" \/>\n<meta property=\"article:modified_time\" content=\"2016-06-28T01:16:15+00:00\" \/>\n<meta property=\"og:image\" content=\"https:\/\/hudo.com\/si\/wp-content\/uploads\/sites\/2\/2016\/06\/01386400F-300.jpg\" \/>\n\t<meta property=\"og:image:width\" content=\"450\" \/>\n\t<meta property=\"og:image:height\" content=\"300\" \/>\n\t<meta property=\"og:image:type\" content=\"image\/jpeg\" \/>\n<meta name=\"author\" content=\"hudo\" \/>\n<meta name=\"twitter:card\" content=\"summary_large_image\" \/>\n<meta name=\"twitter:creator\" content=\"@hudo_si\" \/>\n<meta name=\"twitter:site\" content=\"@hudo_si\" \/>\n<meta name=\"twitter:label1\" content=\"Written by\" \/>\n\t<meta name=\"twitter:data1\" content=\"hudo\" \/>\n\t<meta name=\"twitter:label2\" content=\"Est. reading time\" \/>\n\t<meta name=\"twitter:data2\" content=\"1 minuta\" \/>\n<script type=\"application\/ld+json\" class=\"yoast-schema-graph\">{\"@context\":\"https:\/\/schema.org\",\"@graph\":[{\"@type\":\"Article\",\"@id\":\"https:\/\/hudo.com\/si\/aktualno\/radio-slovenija-drzavni-sekretar-dragonja-bo-odstopil-s-polozaja\/#article\",\"isPartOf\":{\"@id\":\"https:\/\/hudo.com\/si\/aktualno\/radio-slovenija-drzavni-sekretar-dragonja-bo-odstopil-s-polozaja\/\"},\"author\":{\"name\":\"hudo\",\"@id\":\"https:\/\/hudo.com\/si\/#\/schema\/person\/601cf3379633985b20f7e50f2bb47707\"},\"headline\":\"Radio Slovenija: Dr\u017eavni sekretar Dragonja bo odstopil s polo\u017eaja\",\"datePublished\":\"2016-06-27T03:35:00+00:00\",\"dateModified\":\"2016-06-28T01:16:15+00:00\",\"mainEntityOfPage\":{\"@id\":\"https:\/\/hudo.com\/si\/aktualno\/radio-slovenija-drzavni-sekretar-dragonja-bo-odstopil-s-polozaja\/\"},\"wordCount\":251,\"publisher\":{\"@id\":\"https:\/\/hudo.com\/si\/#organization\"},\"articleSection\":[\"Aktualno\"],\"inLanguage\":\"sl-SI\"},{\"@type\":\"WebPage\",\"@id\":\"https:\/\/hudo.com\/si\/aktualno\/radio-slovenija-drzavni-sekretar-dragonja-bo-odstopil-s-polozaja\/\",\"url\":\"https:\/\/hudo.com\/si\/aktualno\/radio-slovenija-drzavni-sekretar-dragonja-bo-odstopil-s-polozaja\/\",\"name\":\"Radio Slovenija: Dr\u017eavni sekretar Dragonja bo odstopil s polo\u017eaja - Hudo Slovenija\",\"isPartOf\":{\"@id\":\"https:\/\/hudo.com\/si\/#website\"},\"datePublished\":\"2016-06-27T03:35:00+00:00\",\"dateModified\":\"2016-06-28T01:16:15+00:00\",\"breadcrumb\":{\"@id\":\"https:\/\/hudo.com\/si\/aktualno\/radio-slovenija-drzavni-sekretar-dragonja-bo-odstopil-s-polozaja\/#breadcrumb\"},\"inLanguage\":\"sl-SI\",\"potentialAction\":[{\"@type\":\"ReadAction\",\"target\":[\"https:\/\/hudo.com\/si\/aktualno\/radio-slovenija-drzavni-sekretar-dragonja-bo-odstopil-s-polozaja\/\"]}]},{\"@type\":\"BreadcrumbList\",\"@id\":\"https:\/\/hudo.com\/si\/aktualno\/radio-slovenija-drzavni-sekretar-dragonja-bo-odstopil-s-polozaja\/#breadcrumb\",\"itemListElement\":[{\"@type\":\"ListItem\",\"position\":1,\"name\":\"Home\",\"item\":\"https:\/\/hudo.com\/si\/\"},{\"@type\":\"ListItem\",\"position\":2,\"name\":\"Radio Slovenija: Dr\u017eavni sekretar Dragonja bo odstopil s polo\u017eaja\"}]},{\"@type\":\"WebSite\",\"@id\":\"https:\/\/hudo.com\/si\/#website\",\"url\":\"https:\/\/hudo.com\/si\/\",\"name\":\"Hudo Slovenija\",\"description\":\"Vse novice iz Slovenije in sveta\",\"publisher\":{\"@id\":\"https:\/\/hudo.com\/si\/#organization\"},\"potentialAction\":[{\"@type\":\"SearchAction\",\"target\":{\"@type\":\"EntryPoint\",\"urlTemplate\":\"https:\/\/hudo.com\/si\/?s={search_term_string}\"},\"query-input\":\"required name=search_term_string\"}],\"inLanguage\":\"sl-SI\"},{\"@type\":\"Organization\",\"@id\":\"https:\/\/hudo.com\/si\/#organization\",\"name\":\"VSN Media\",\"url\":\"https:\/\/hudo.com\/si\/\",\"logo\":{\"@type\":\"ImageObject\",\"inLanguage\":\"sl-SI\",\"@id\":\"https:\/\/hudo.com\/si\/#\/schema\/logo\/image\/\",\"url\":\"https:\/\/hudo.com\/si\/wp-content\/uploads\/sites\/2\/2021\/03\/hudo-app-2.png\",\"contentUrl\":\"https:\/\/hudo.com\/si\/wp-content\/uploads\/sites\/2\/2021\/03\/hudo-app-2.png\",\"width\":2185,\"height\":2167,\"caption\":\"VSN Media\"},\"image\":{\"@id\":\"https:\/\/hudo.com\/si\/#\/schema\/logo\/image\/\"},\"sameAs\":[\"https:\/\/www.facebook.com\/hudo.si\",\"https:\/\/twitter.com\/hudo_si\"]},{\"@type\":\"Person\",\"@id\":\"https:\/\/hudo.com\/si\/#\/schema\/person\/601cf3379633985b20f7e50f2bb47707\",\"name\":\"hudo\",\"image\":{\"@type\":\"ImageObject\",\"inLanguage\":\"sl-SI\",\"@id\":\"https:\/\/hudo.com\/si\/#\/schema\/person\/image\/\",\"url\":\"https:\/\/secure.gravatar.com\/avatar\/c4ca25fa72cace7a696b52ff5db9e095?s=96&d=mm&r=g\",\"contentUrl\":\"https:\/\/secure.gravatar.com\/avatar\/c4ca25fa72cace7a696b52ff5db9e095?s=96&d=mm&r=g\",\"caption\":\"hudo\"},\"url\":\"https:\/\/hudo.com\/si\/author\/hudo\/\"}]}<\/script>\n<!-- \/ Yoast SEO plugin. -->","yoast_head_json":{"title":"Radio Slovenija: Dr\u017eavni sekretar Dragonja bo odstopil s polo\u017eaja - Hudo Slovenija","robots":{"index":"index","follow":"follow","max-snippet":"max-snippet:-1","max-image-preview":"max-image-preview:large","max-video-preview":"max-video-preview:-1"},"canonical":"https:\/\/hudo.com\/si\/aktualno\/radio-slovenija-drzavni-sekretar-dragonja-bo-odstopil-s-polozaja\/","og_locale":"sl_SI","og_type":"article","og_title":"Radio Slovenija: Dr\u017eavni sekretar Dragonja bo odstopil s polo\u017eaja - Hudo Slovenija","og_description":"Dr\u017eavni sekretar na ministrstvu za finance Metod Dragonja bo zaradi razgrevanja konflikta pri nameravani zamenjavi nadzornikov Luke Koper odstopil s polo\u017eaja, je poro\u010dal Radio Slovenija. Vpra\u0161anje pa je, ali bo to pomirilo civilno iniciativo in zaposlene, ki v torek zaradi napovedane zamenjave napovedujejo proteste, navaja radio. Dragonja je bil zadnje dni tar\u010da kritik, ker je na seji komisije za nadzor javnih financ navajal podatke o donosu na kapital iz obdobja med letoma 2011 in 2013. Takrat je bil povpre\u010dni donos na kapital 2,5 odstotka, a se je do leto\u0161njega prvega \u010detrtletja zvi\u0161al na 15,4 odstotka. Odgovornost za napa\u010dne izjave je pretekli teden najprej sprejel v kratki izjavi za TV Slovenija, v petek pa so s finan\u010dnega ministrstva poslali \u0161e njegovo izjavo za javnost. \"Zavedam se, da sem storil napako z navajanjem neaktualnih podatkov na seji parlamentarne komisije za nadzor javnih financ. Vendar hkrati podarjam, da nisem imel namena manipulirati s podatki in zavajati javnosti,\" je zapisal. Vse izjave so po njegovih besedah sledile cilju izbolj\u0161anja upravljanja z dr\u017eavnim premo\u017eenjem in temu, da se Luka Koper naprej uspe\u0161no in dinami\u010dno razvija, hkrati pa prispeva ve\u010d dr\u017eavi. \u0160e vedno je prepri\u010dan, da bi morala Luka Koper svoj dividendni donos podvojiti. Zaradi suma vplivanja na nadzornike Luke Koper se je pod udarom zna\u0161el tudi minister za infrastrukturo Peter Ga\u0161per\u0161i\u010d, zoper katerega so v ZL pripravili interpelacijo.Slovenija","og_url":"https:\/\/hudo.com\/si\/aktualno\/radio-slovenija-drzavni-sekretar-dragonja-bo-odstopil-s-polozaja\/","og_site_name":"Hudo Slovenija","article_publisher":"https:\/\/www.facebook.com\/hudo.si","article_published_time":"2016-06-27T03:35:00+00:00","article_modified_time":"2016-06-28T01:16:15+00:00","og_image":[{"width":450,"height":300,"url":"https:\/\/hudo.com\/si\/wp-content\/uploads\/sites\/2\/2016\/06\/01386400F-300.jpg","type":"image\/jpeg"}],"author":"hudo","twitter_card":"summary_large_image","twitter_creator":"@hudo_si","twitter_site":"@hudo_si","twitter_misc":{"Written by":"hudo","Est. reading time":"1 minuta"},"schema":{"@context":"https:\/\/schema.org","@graph":[{"@type":"Article","@id":"https:\/\/hudo.com\/si\/aktualno\/radio-slovenija-drzavni-sekretar-dragonja-bo-odstopil-s-polozaja\/#article","isPartOf":{"@id":"https:\/\/hudo.com\/si\/aktualno\/radio-slovenija-drzavni-sekretar-dragonja-bo-odstopil-s-polozaja\/"},"author":{"name":"hudo","@id":"https:\/\/hudo.com\/si\/#\/schema\/person\/601cf3379633985b20f7e50f2bb47707"},"headline":"Radio Slovenija: Dr\u017eavni sekretar Dragonja bo odstopil s polo\u017eaja","datePublished":"2016-06-27T03:35:00+00:00","dateModified":"2016-06-28T01:16:15+00:00","mainEntityOfPage":{"@id":"https:\/\/hudo.com\/si\/aktualno\/radio-slovenija-drzavni-sekretar-dragonja-bo-odstopil-s-polozaja\/"},"wordCount":251,"publisher":{"@id":"https:\/\/hudo.com\/si\/#organization"},"articleSection":["Aktualno"],"inLanguage":"sl-SI"},{"@type":"WebPage","@id":"https:\/\/hudo.com\/si\/aktualno\/radio-slovenija-drzavni-sekretar-dragonja-bo-odstopil-s-polozaja\/","url":"https:\/\/hudo.com\/si\/aktualno\/radio-slovenija-drzavni-sekretar-dragonja-bo-odstopil-s-polozaja\/","name":"Radio Slovenija: Dr\u017eavni sekretar Dragonja bo odstopil s polo\u017eaja - Hudo Slovenija","isPartOf":{"@id":"https:\/\/hudo.com\/si\/#website"},"datePublished":"2016-06-27T03:35:00+00:00","dateModified":"2016-06-28T01:16:15+00:00","breadcrumb":{"@id":"https:\/\/hudo.com\/si\/aktualno\/radio-slovenija-drzavni-sekretar-dragonja-bo-odstopil-s-polozaja\/#breadcrumb"},"inLanguage":"sl-SI","potentialAction":[{"@type":"ReadAction","target":["https:\/\/hudo.com\/si\/aktualno\/radio-slovenija-drzavni-sekretar-dragonja-bo-odstopil-s-polozaja\/"]}]},{"@type":"BreadcrumbList","@id":"https:\/\/hudo.com\/si\/aktualno\/radio-slovenija-drzavni-sekretar-dragonja-bo-odstopil-s-polozaja\/#breadcrumb","itemListElement":[{"@type":"ListItem","position":1,"name":"Home","item":"https:\/\/hudo.com\/si\/"},{"@type":"ListItem","position":2,"name":"Radio Slovenija: Dr\u017eavni sekretar Dragonja bo odstopil s polo\u017eaja"}]},{"@type":"WebSite","@id":"https:\/\/hudo.com\/si\/#website","url":"https:\/\/hudo.com\/si\/","name":"Hudo Slovenija","description":"Vse novice iz Slovenije in sveta","publisher":{"@id":"https:\/\/hudo.com\/si\/#organization"},"potentialAction":[{"@type":"SearchAction","target":{"@type":"EntryPoint","urlTemplate":"https:\/\/hudo.com\/si\/?s={search_term_string}"},"query-input":"required name=search_term_string"}],"inLanguage":"sl-SI"},{"@type":"Organization","@id":"https:\/\/hudo.com\/si\/#organization","name":"VSN Media","url":"https:\/\/hudo.com\/si\/","logo":{"@type":"ImageObject","inLanguage":"sl-SI","@id":"https:\/\/hudo.com\/si\/#\/schema\/logo\/image\/","url":"https:\/\/hudo.com\/si\/wp-content\/uploads\/sites\/2\/2021\/03\/hudo-app-2.png","contentUrl":"https:\/\/hudo.com\/si\/wp-content\/uploads\/sites\/2\/2021\/03\/hudo-app-2.png","width":2185,"height":2167,"caption":"VSN Media"},"image":{"@id":"https:\/\/hudo.com\/si\/#\/schema\/logo\/image\/"},"sameAs":["https:\/\/www.facebook.com\/hudo.si","https:\/\/twitter.com\/hudo_si"]},{"@type":"Person","@id":"https:\/\/hudo.com\/si\/#\/schema\/person\/601cf3379633985b20f7e50f2bb47707","name":"hudo","image":{"@type":"ImageObject","inLanguage":"sl-SI","@id":"https:\/\/hudo.com\/si\/#\/schema\/person\/image\/","url":"https:\/\/secure.gravatar.com\/avatar\/c4ca25fa72cace7a696b52ff5db9e095?s=96&d=mm&r=g","contentUrl":"https:\/\/secure.gravatar.com\/avatar\/c4ca25fa72cace7a696b52ff5db9e095?s=96&d=mm&r=g","caption":"hudo"},"url":"https:\/\/hudo.com\/si\/author\/hudo\/"}]}},"amp_enabled":true,"_links":{"self":[{"href":"https:\/\/hudo.com\/si\/wp-json\/wp\/v2\/posts\/83353"}],"collection":[{"href":"https:\/\/hudo.com\/si\/wp-json\/wp\/v2\/posts"}],"about":[{"href":"https:\/\/hudo.com\/si\/wp-json\/wp\/v2\/types\/post"}],"author":[{"embeddable":true,"href":"https:\/\/hudo.com\/si\/wp-json\/wp\/v2\/users\/1"}],"replies":[{"embeddable":true,"href":"https:\/\/hudo.com\/si\/wp-json\/wp\/v2\/comments?post=83353"}],"version-history":[{"count":1,"href":"https:\/\/hudo.com\/si\/wp-json\/wp\/v2\/posts\/83353\/revisions"}],"predecessor-version":[{"id":83602,"href":"https:\/\/hudo.com\/si\/wp-json\/wp\/v2\/posts\/83353\/revisions\/83602"}],"wp:attachment":[{"href":"https:\/\/hudo.com\/si\/wp-json\/wp\/v2\/media?parent=83353"}],"wp:term":[{"taxonomy":"category","embeddable":true,"href":"https:\/\/hudo.com\/si\/wp-json\/wp\/v2\/categories?post=83353"},{"taxonomy":"post_tag","embeddable":true,"href":"https:\/\/hudo.com\/si\/wp-json\/wp\/v2\/tags?post=83353"},{"taxonomy":"source","embeddable":true,"href":"https:\/\/hudo.com\/si\/wp-json\/wp\/v2\/source?post=83353"},{"taxonomy":"supertag","embeddable":true,"href":"https:\/\/hudo.com\/si\/wp-json\/wp\/v2\/supertag?post=83353"}],"curies":[{"name":"wp","href":"https:\/\/api.w.org\/{rel}","templated":true}]}}