{"id":83392,"date":"2016-06-27T04:00:00","date_gmt":"2016-06-27T02:00:00","guid":{"rendered":"http:\/\/hudo.com\/si\/2016\/06\/27\/denacionalizacija-na-hrvaskem-zadnji-ne-v-cakalni-vrsti-za-pravico\/"},"modified":"2016-06-27T20:26:09","modified_gmt":"2016-06-27T18:26:09","slug":"denacionalizacija-na-hrvaskem-zadnji-ne-v-cakalni-vrsti-za-pravico","status":"publish","type":"post","link":"https:\/\/hudo.com\/si\/aktualno\/denacionalizacija-na-hrvaskem-zadnji-ne-v-cakalni-vrsti-za-pravico\/","title":{"rendered":"Denacionalizacija na Hrva\u0161kem: Zadnji \u00bbne\u00ab v \u010dakalni vrsti za pravico"},"content":{"rendered":"<p>Kategorija: Ozadja Mon, 27 Jun 2016 06:00:00 +0200  Slovenskim dr\u017eavljanom, ki na Hrva\u0161kem zahtevajo vra\u010dilo po vojni odvzetega premo\u017eenja oziroma od\u0161kodnino, po vsem sode\u010d ne more pomagati niti dr\u017eavno to\u017eilstvo. Prvi\u010d objavljamo tudi dokumente, ki ka\u017eejo, kako so hrva\u0161ki organi zavajali upravi\u010dence.V Ozadjih smo pred kratkim pisali o te\u017eavah na\u0161ih dr\u017eavljanov, ki \u017ee ve\u010d kot dve desetletji na Hrva\u0161kem zahtevajo vra\u010dilo po drugi svetovni vojni odvzetega premo\u017eenja. Pri sosedih to, poleg drugih aktov, omogo\u010da krovni zakon o od\u0161kodnini za premo\u017eenje, odvzeto v obdobju jugoslovanske komunisti\u010dne vladavine. Ve\u010dini slovenskih dr\u017eavljanov so vlogo zavrnili, ker je vse do odlo\u010ditev najvi\u0161jih sodnih organov veljalo, da se tujcem premo\u017eenje ne sme vra\u010dati, razen v primeru, da bi imeli hrva\u0161ko dr\u017eavljanstvo, ali \u010de bi bil z dr\u017eavo, iz katere so, podpisan meddr\u017eavni sporazum. Ker dr\u017eavljanstva niso imeli in ker sporazuma \u0161e danes ni\u00a0&#8230;<\/p>\n","protected":false},"excerpt":{"rendered":"<p>Kategorija: Ozadja Mon, 27 Jun 2016 06:00:00 +0200  Slovenskim dr\u017eavljanom, ki na Hrva\u0161kem zahtevajo vra\u010dilo po vojni odvzetega premo\u017eenja oziroma od\u0161kodnino, po vsem sode\u010d ne more pomagati niti dr\u017eavno to\u017eilstvo. Prvi\u010d objavljamo tudi dokumente, ki ka\u017eejo, kako so hrva\u0161ki organi zavajali upravi\u010dence.V Ozadjih smo pred kratkim pisali o te\u017eavah na\u0161ih dr\u017eavljanov, ki \u017ee ve\u010d kot dve desetletji na Hrva\u0161kem zahtevajo vra\u010dilo po drugi svetovni vojni odvzetega premo\u017eenja. Pri sosedih to, poleg drugih aktov, omogo\u010da krovni zakon o od\u0161kodnini za premo\u017eenje, odvzeto v obdobju jugoslovanske komunisti\u010dne vladavine. Ve\u010dini slovenskih dr\u017eavljanov so vlogo zavrnili, ker je vse do odlo\u010ditev najvi\u0161jih sodnih organov veljalo, da se tujcem premo\u017eenje ne sme vra\u010dati, razen v primeru, da bi imeli hrva\u0161ko dr\u017eavljanstvo, ali \u010de bi bil z dr\u017eavo, iz katere so, podpisan meddr\u017eavni sporazum. Ker dr\u017eavljanstva niso imeli in ker sporazuma \u0161e danes ni\u00a0&#8230;<\/p>\n","protected":false},"author":1,"featured_media":0,"comment_status":"closed","ping_status":"closed","sticky":false,"template":"","format":"standard","meta":{"footnotes":""},"categories":[1179],"tags":[],"source":[4511],"supertag":[],"acf":[],"yoast_head":"<!-- This site is optimized with the Yoast SEO plugin v21.3 - https:\/\/yoast.com\/wordpress\/plugins\/seo\/ -->\n<title>Denacionalizacija na Hrva\u0161kem: Zadnji \u00bbne\u00ab v \u010dakalni vrsti za pravico - Hudo Slovenija<\/title>\n<meta name=\"robots\" content=\"index, follow, max-snippet:-1, max-image-preview:large, max-video-preview:-1\" \/>\n<link rel=\"canonical\" href=\"https:\/\/hudo.com\/si\/aktualno\/denacionalizacija-na-hrvaskem-zadnji-ne-v-cakalni-vrsti-za-pravico\/\" \/>\n<meta property=\"og:locale\" content=\"sl_SI\" \/>\n<meta property=\"og:type\" content=\"article\" \/>\n<meta property=\"og:title\" content=\"Denacionalizacija na Hrva\u0161kem: Zadnji \u00bbne\u00ab v \u010dakalni vrsti za pravico - Hudo Slovenija\" \/>\n<meta property=\"og:description\" content=\"Kategorija: Ozadja Mon, 27 Jun 2016 06:00:00 +0200 Slovenskim dr\u017eavljanom, ki na Hrva\u0161kem zahtevajo vra\u010dilo po vojni odvzetega premo\u017eenja oziroma od\u0161kodnino, po vsem sode\u010d ne more pomagati niti dr\u017eavno to\u017eilstvo. Prvi\u010d objavljamo tudi dokumente, ki ka\u017eejo, kako so hrva\u0161ki organi zavajali upravi\u010dence.V Ozadjih smo pred kratkim pisali o te\u017eavah na\u0161ih dr\u017eavljanov, ki \u017ee ve\u010d kot dve desetletji na Hrva\u0161kem zahtevajo vra\u010dilo po drugi svetovni vojni odvzetega premo\u017eenja. Pri sosedih to, poleg drugih aktov, omogo\u010da krovni zakon o od\u0161kodnini za premo\u017eenje, odvzeto v obdobju jugoslovanske komunisti\u010dne vladavine. Ve\u010dini slovenskih dr\u017eavljanov so vlogo zavrnili, ker je vse do odlo\u010ditev najvi\u0161jih sodnih organov veljalo, da se tujcem premo\u017eenje ne sme vra\u010dati, razen v primeru, da bi imeli hrva\u0161ko dr\u017eavljanstvo, ali \u010de bi bil z dr\u017eavo, iz katere so, podpisan meddr\u017eavni sporazum. Ker dr\u017eavljanstva niso imeli in ker sporazuma \u0161e danes ni\u00a0...\" \/>\n<meta property=\"og:url\" content=\"https:\/\/hudo.com\/si\/aktualno\/denacionalizacija-na-hrvaskem-zadnji-ne-v-cakalni-vrsti-za-pravico\/\" \/>\n<meta property=\"og:site_name\" content=\"Hudo Slovenija\" \/>\n<meta property=\"article:publisher\" content=\"https:\/\/www.facebook.com\/hudo.si\" \/>\n<meta property=\"article:published_time\" content=\"2016-06-27T02:00:00+00:00\" \/>\n<meta property=\"article:modified_time\" content=\"2016-06-27T18:26:09+00:00\" \/>\n<meta property=\"og:image\" content=\"https:\/\/hudo.com\/si\/wp-content\/uploads\/sites\/2\/2016\/06\/480x290_Ozadja__djvu_814609_mdr_rsi_hires0.jpeg\" \/>\n\t<meta property=\"og:image:width\" content=\"480\" \/>\n\t<meta property=\"og:image:height\" content=\"290\" \/>\n\t<meta property=\"og:image:type\" content=\"image\/jpeg\" \/>\n<meta name=\"author\" content=\"hudo\" \/>\n<meta name=\"twitter:card\" content=\"summary_large_image\" \/>\n<meta name=\"twitter:creator\" content=\"@hudo_si\" \/>\n<meta name=\"twitter:site\" content=\"@hudo_si\" \/>\n<meta name=\"twitter:label1\" content=\"Written by\" \/>\n\t<meta name=\"twitter:data1\" content=\"hudo\" \/>\n\t<meta name=\"twitter:label2\" content=\"Est. reading time\" \/>\n\t<meta name=\"twitter:data2\" content=\"1 minuta\" \/>\n<script type=\"application\/ld+json\" class=\"yoast-schema-graph\">{\"@context\":\"https:\/\/schema.org\",\"@graph\":[{\"@type\":\"Article\",\"@id\":\"https:\/\/hudo.com\/si\/aktualno\/denacionalizacija-na-hrvaskem-zadnji-ne-v-cakalni-vrsti-za-pravico\/#article\",\"isPartOf\":{\"@id\":\"https:\/\/hudo.com\/si\/aktualno\/denacionalizacija-na-hrvaskem-zadnji-ne-v-cakalni-vrsti-za-pravico\/\"},\"author\":{\"name\":\"hudo\",\"@id\":\"https:\/\/hudo.com\/si\/#\/schema\/person\/601cf3379633985b20f7e50f2bb47707\"},\"headline\":\"Denacionalizacija na Hrva\u0161kem: Zadnji \u00bbne\u00ab v \u010dakalni vrsti za pravico\",\"datePublished\":\"2016-06-27T02:00:00+00:00\",\"dateModified\":\"2016-06-27T18:26:09+00:00\",\"mainEntityOfPage\":{\"@id\":\"https:\/\/hudo.com\/si\/aktualno\/denacionalizacija-na-hrvaskem-zadnji-ne-v-cakalni-vrsti-za-pravico\/\"},\"wordCount\":177,\"publisher\":{\"@id\":\"https:\/\/hudo.com\/si\/#organization\"},\"articleSection\":[\"Aktualno\"],\"inLanguage\":\"sl-SI\"},{\"@type\":\"WebPage\",\"@id\":\"https:\/\/hudo.com\/si\/aktualno\/denacionalizacija-na-hrvaskem-zadnji-ne-v-cakalni-vrsti-za-pravico\/\",\"url\":\"https:\/\/hudo.com\/si\/aktualno\/denacionalizacija-na-hrvaskem-zadnji-ne-v-cakalni-vrsti-za-pravico\/\",\"name\":\"Denacionalizacija na Hrva\u0161kem: Zadnji \u00bbne\u00ab v \u010dakalni vrsti za pravico - Hudo Slovenija\",\"isPartOf\":{\"@id\":\"https:\/\/hudo.com\/si\/#website\"},\"datePublished\":\"2016-06-27T02:00:00+00:00\",\"dateModified\":\"2016-06-27T18:26:09+00:00\",\"breadcrumb\":{\"@id\":\"https:\/\/hudo.com\/si\/aktualno\/denacionalizacija-na-hrvaskem-zadnji-ne-v-cakalni-vrsti-za-pravico\/#breadcrumb\"},\"inLanguage\":\"sl-SI\",\"potentialAction\":[{\"@type\":\"ReadAction\",\"target\":[\"https:\/\/hudo.com\/si\/aktualno\/denacionalizacija-na-hrvaskem-zadnji-ne-v-cakalni-vrsti-za-pravico\/\"]}]},{\"@type\":\"BreadcrumbList\",\"@id\":\"https:\/\/hudo.com\/si\/aktualno\/denacionalizacija-na-hrvaskem-zadnji-ne-v-cakalni-vrsti-za-pravico\/#breadcrumb\",\"itemListElement\":[{\"@type\":\"ListItem\",\"position\":1,\"name\":\"Home\",\"item\":\"https:\/\/hudo.com\/si\/\"},{\"@type\":\"ListItem\",\"position\":2,\"name\":\"Denacionalizacija na Hrva\u0161kem: Zadnji \u00bbne\u00ab v \u010dakalni vrsti za pravico\"}]},{\"@type\":\"WebSite\",\"@id\":\"https:\/\/hudo.com\/si\/#website\",\"url\":\"https:\/\/hudo.com\/si\/\",\"name\":\"Hudo Slovenija\",\"description\":\"Vse novice iz Slovenije in sveta\",\"publisher\":{\"@id\":\"https:\/\/hudo.com\/si\/#organization\"},\"potentialAction\":[{\"@type\":\"SearchAction\",\"target\":{\"@type\":\"EntryPoint\",\"urlTemplate\":\"https:\/\/hudo.com\/si\/?s={search_term_string}\"},\"query-input\":\"required name=search_term_string\"}],\"inLanguage\":\"sl-SI\"},{\"@type\":\"Organization\",\"@id\":\"https:\/\/hudo.com\/si\/#organization\",\"name\":\"VSN Media\",\"url\":\"https:\/\/hudo.com\/si\/\",\"logo\":{\"@type\":\"ImageObject\",\"inLanguage\":\"sl-SI\",\"@id\":\"https:\/\/hudo.com\/si\/#\/schema\/logo\/image\/\",\"url\":\"https:\/\/hudo.com\/si\/wp-content\/uploads\/sites\/2\/2021\/03\/hudo-app-2.png\",\"contentUrl\":\"https:\/\/hudo.com\/si\/wp-content\/uploads\/sites\/2\/2021\/03\/hudo-app-2.png\",\"width\":2185,\"height\":2167,\"caption\":\"VSN Media\"},\"image\":{\"@id\":\"https:\/\/hudo.com\/si\/#\/schema\/logo\/image\/\"},\"sameAs\":[\"https:\/\/www.facebook.com\/hudo.si\",\"https:\/\/twitter.com\/hudo_si\"]},{\"@type\":\"Person\",\"@id\":\"https:\/\/hudo.com\/si\/#\/schema\/person\/601cf3379633985b20f7e50f2bb47707\",\"name\":\"hudo\",\"image\":{\"@type\":\"ImageObject\",\"inLanguage\":\"sl-SI\",\"@id\":\"https:\/\/hudo.com\/si\/#\/schema\/person\/image\/\",\"url\":\"https:\/\/secure.gravatar.com\/avatar\/c4ca25fa72cace7a696b52ff5db9e095?s=96&d=mm&r=g\",\"contentUrl\":\"https:\/\/secure.gravatar.com\/avatar\/c4ca25fa72cace7a696b52ff5db9e095?s=96&d=mm&r=g\",\"caption\":\"hudo\"},\"url\":\"https:\/\/hudo.com\/si\/author\/hudo\/\"}]}<\/script>\n<!-- \/ Yoast SEO plugin. -->","yoast_head_json":{"title":"Denacionalizacija na Hrva\u0161kem: Zadnji \u00bbne\u00ab v \u010dakalni vrsti za pravico - Hudo Slovenija","robots":{"index":"index","follow":"follow","max-snippet":"max-snippet:-1","max-image-preview":"max-image-preview:large","max-video-preview":"max-video-preview:-1"},"canonical":"https:\/\/hudo.com\/si\/aktualno\/denacionalizacija-na-hrvaskem-zadnji-ne-v-cakalni-vrsti-za-pravico\/","og_locale":"sl_SI","og_type":"article","og_title":"Denacionalizacija na Hrva\u0161kem: Zadnji \u00bbne\u00ab v \u010dakalni vrsti za pravico - Hudo Slovenija","og_description":"Kategorija: Ozadja Mon, 27 Jun 2016 06:00:00 +0200 Slovenskim dr\u017eavljanom, ki na Hrva\u0161kem zahtevajo vra\u010dilo po vojni odvzetega premo\u017eenja oziroma od\u0161kodnino, po vsem sode\u010d ne more pomagati niti dr\u017eavno to\u017eilstvo. Prvi\u010d objavljamo tudi dokumente, ki ka\u017eejo, kako so hrva\u0161ki organi zavajali upravi\u010dence.V Ozadjih smo pred kratkim pisali o te\u017eavah na\u0161ih dr\u017eavljanov, ki \u017ee ve\u010d kot dve desetletji na Hrva\u0161kem zahtevajo vra\u010dilo po drugi svetovni vojni odvzetega premo\u017eenja. Pri sosedih to, poleg drugih aktov, omogo\u010da krovni zakon o od\u0161kodnini za premo\u017eenje, odvzeto v obdobju jugoslovanske komunisti\u010dne vladavine. Ve\u010dini slovenskih dr\u017eavljanov so vlogo zavrnili, ker je vse do odlo\u010ditev najvi\u0161jih sodnih organov veljalo, da se tujcem premo\u017eenje ne sme vra\u010dati, razen v primeru, da bi imeli hrva\u0161ko dr\u017eavljanstvo, ali \u010de bi bil z dr\u017eavo, iz katere so, podpisan meddr\u017eavni sporazum. Ker dr\u017eavljanstva niso imeli in ker sporazuma \u0161e danes ni\u00a0...","og_url":"https:\/\/hudo.com\/si\/aktualno\/denacionalizacija-na-hrvaskem-zadnji-ne-v-cakalni-vrsti-za-pravico\/","og_site_name":"Hudo Slovenija","article_publisher":"https:\/\/www.facebook.com\/hudo.si","article_published_time":"2016-06-27T02:00:00+00:00","article_modified_time":"2016-06-27T18:26:09+00:00","og_image":[{"width":480,"height":290,"url":"https:\/\/hudo.com\/si\/wp-content\/uploads\/sites\/2\/2016\/06\/480x290_Ozadja__djvu_814609_mdr_rsi_hires0.jpeg","type":"image\/jpeg"}],"author":"hudo","twitter_card":"summary_large_image","twitter_creator":"@hudo_si","twitter_site":"@hudo_si","twitter_misc":{"Written by":"hudo","Est. reading time":"1 minuta"},"schema":{"@context":"https:\/\/schema.org","@graph":[{"@type":"Article","@id":"https:\/\/hudo.com\/si\/aktualno\/denacionalizacija-na-hrvaskem-zadnji-ne-v-cakalni-vrsti-za-pravico\/#article","isPartOf":{"@id":"https:\/\/hudo.com\/si\/aktualno\/denacionalizacija-na-hrvaskem-zadnji-ne-v-cakalni-vrsti-za-pravico\/"},"author":{"name":"hudo","@id":"https:\/\/hudo.com\/si\/#\/schema\/person\/601cf3379633985b20f7e50f2bb47707"},"headline":"Denacionalizacija na Hrva\u0161kem: Zadnji \u00bbne\u00ab v \u010dakalni vrsti za pravico","datePublished":"2016-06-27T02:00:00+00:00","dateModified":"2016-06-27T18:26:09+00:00","mainEntityOfPage":{"@id":"https:\/\/hudo.com\/si\/aktualno\/denacionalizacija-na-hrvaskem-zadnji-ne-v-cakalni-vrsti-za-pravico\/"},"wordCount":177,"publisher":{"@id":"https:\/\/hudo.com\/si\/#organization"},"articleSection":["Aktualno"],"inLanguage":"sl-SI"},{"@type":"WebPage","@id":"https:\/\/hudo.com\/si\/aktualno\/denacionalizacija-na-hrvaskem-zadnji-ne-v-cakalni-vrsti-za-pravico\/","url":"https:\/\/hudo.com\/si\/aktualno\/denacionalizacija-na-hrvaskem-zadnji-ne-v-cakalni-vrsti-za-pravico\/","name":"Denacionalizacija na Hrva\u0161kem: Zadnji \u00bbne\u00ab v \u010dakalni vrsti za pravico - Hudo Slovenija","isPartOf":{"@id":"https:\/\/hudo.com\/si\/#website"},"datePublished":"2016-06-27T02:00:00+00:00","dateModified":"2016-06-27T18:26:09+00:00","breadcrumb":{"@id":"https:\/\/hudo.com\/si\/aktualno\/denacionalizacija-na-hrvaskem-zadnji-ne-v-cakalni-vrsti-za-pravico\/#breadcrumb"},"inLanguage":"sl-SI","potentialAction":[{"@type":"ReadAction","target":["https:\/\/hudo.com\/si\/aktualno\/denacionalizacija-na-hrvaskem-zadnji-ne-v-cakalni-vrsti-za-pravico\/"]}]},{"@type":"BreadcrumbList","@id":"https:\/\/hudo.com\/si\/aktualno\/denacionalizacija-na-hrvaskem-zadnji-ne-v-cakalni-vrsti-za-pravico\/#breadcrumb","itemListElement":[{"@type":"ListItem","position":1,"name":"Home","item":"https:\/\/hudo.com\/si\/"},{"@type":"ListItem","position":2,"name":"Denacionalizacija na Hrva\u0161kem: Zadnji \u00bbne\u00ab v \u010dakalni vrsti za pravico"}]},{"@type":"WebSite","@id":"https:\/\/hudo.com\/si\/#website","url":"https:\/\/hudo.com\/si\/","name":"Hudo Slovenija","description":"Vse novice iz Slovenije in sveta","publisher":{"@id":"https:\/\/hudo.com\/si\/#organization"},"potentialAction":[{"@type":"SearchAction","target":{"@type":"EntryPoint","urlTemplate":"https:\/\/hudo.com\/si\/?s={search_term_string}"},"query-input":"required name=search_term_string"}],"inLanguage":"sl-SI"},{"@type":"Organization","@id":"https:\/\/hudo.com\/si\/#organization","name":"VSN Media","url":"https:\/\/hudo.com\/si\/","logo":{"@type":"ImageObject","inLanguage":"sl-SI","@id":"https:\/\/hudo.com\/si\/#\/schema\/logo\/image\/","url":"https:\/\/hudo.com\/si\/wp-content\/uploads\/sites\/2\/2021\/03\/hudo-app-2.png","contentUrl":"https:\/\/hudo.com\/si\/wp-content\/uploads\/sites\/2\/2021\/03\/hudo-app-2.png","width":2185,"height":2167,"caption":"VSN Media"},"image":{"@id":"https:\/\/hudo.com\/si\/#\/schema\/logo\/image\/"},"sameAs":["https:\/\/www.facebook.com\/hudo.si","https:\/\/twitter.com\/hudo_si"]},{"@type":"Person","@id":"https:\/\/hudo.com\/si\/#\/schema\/person\/601cf3379633985b20f7e50f2bb47707","name":"hudo","image":{"@type":"ImageObject","inLanguage":"sl-SI","@id":"https:\/\/hudo.com\/si\/#\/schema\/person\/image\/","url":"https:\/\/secure.gravatar.com\/avatar\/c4ca25fa72cace7a696b52ff5db9e095?s=96&d=mm&r=g","contentUrl":"https:\/\/secure.gravatar.com\/avatar\/c4ca25fa72cace7a696b52ff5db9e095?s=96&d=mm&r=g","caption":"hudo"},"url":"https:\/\/hudo.com\/si\/author\/hudo\/"}]}},"amp_enabled":true,"_links":{"self":[{"href":"https:\/\/hudo.com\/si\/wp-json\/wp\/v2\/posts\/83392"}],"collection":[{"href":"https:\/\/hudo.com\/si\/wp-json\/wp\/v2\/posts"}],"about":[{"href":"https:\/\/hudo.com\/si\/wp-json\/wp\/v2\/types\/post"}],"author":[{"embeddable":true,"href":"https:\/\/hudo.com\/si\/wp-json\/wp\/v2\/users\/1"}],"replies":[{"embeddable":true,"href":"https:\/\/hudo.com\/si\/wp-json\/wp\/v2\/comments?post=83392"}],"version-history":[{"count":1,"href":"https:\/\/hudo.com\/si\/wp-json\/wp\/v2\/posts\/83392\/revisions"}],"predecessor-version":[{"id":83623,"href":"https:\/\/hudo.com\/si\/wp-json\/wp\/v2\/posts\/83392\/revisions\/83623"}],"wp:attachment":[{"href":"https:\/\/hudo.com\/si\/wp-json\/wp\/v2\/media?parent=83392"}],"wp:term":[{"taxonomy":"category","embeddable":true,"href":"https:\/\/hudo.com\/si\/wp-json\/wp\/v2\/categories?post=83392"},{"taxonomy":"post_tag","embeddable":true,"href":"https:\/\/hudo.com\/si\/wp-json\/wp\/v2\/tags?post=83392"},{"taxonomy":"source","embeddable":true,"href":"https:\/\/hudo.com\/si\/wp-json\/wp\/v2\/source?post=83392"},{"taxonomy":"supertag","embeddable":true,"href":"https:\/\/hudo.com\/si\/wp-json\/wp\/v2\/supertag?post=83392"}],"curies":[{"name":"wp","href":"https:\/\/api.w.org\/{rel}","templated":true}]}}