{"id":84478,"date":"2016-06-28T17:11:00","date_gmt":"2016-06-28T15:11:00","guid":{"rendered":"http:\/\/hudo.com\/si\/2016\/06\/28\/cerar-v-pogovorih-o-brexitu-ne-vidi-potrebe-po-prisotnosti-janse\/"},"modified":"2016-06-29T10:47:50","modified_gmt":"2016-06-29T08:47:50","slug":"cerar-v-pogovorih-o-brexitu-ne-vidi-potrebe-po-prisotnosti-janse","status":"publish","type":"post","link":"https:\/\/hudo.com\/si\/aktualno\/cerar-v-pogovorih-o-brexitu-ne-vidi-potrebe-po-prisotnosti-janse\/","title":{"rendered":"Cerar v pogovorih o brexitu ne vidi potrebe po prisotnosti Jan\u0161e"},"content":{"rendered":"<p>Kategorija: Politika Tue, 28 Jun 2016 19:11:00 +0200  Bruselj &#8211; Premier Miro Cerar namerava predsednika republike Boruta Pahorja seznaniti s pogovori o britanskem referendumu, o katerem bo tekla beseda na dvodnevnem vrhu EU v Bruslju. Vendar pa ne razume, zakaj bi moral biti na sre\u010danju, ki ga je na temo brexita predlagal Pahor, navzo\u010d tudi predsednik SDS Janez Jan\u0161a. Pahor ga je, kot je povedal Cerar, obvestil, da bi se \u017eelel sre\u010dati z njim in se seznaniti s pogovori v Bruslju, kjer danes in v sredo poteka dvodnevno sre\u010danje predsednikov dr\u017eav in vlad EU. Glavna tema pogovorov bo namre\u010d izid britanskega referenduma, na katerem so se volivci odlo\u010dili za izstop iz EU, in njegove posledice za EU. Prav je, da kot predsednik vlade predsednika Pahorja seznanim s potekom pogovorov v Bruslju, je pred za\u010detkom zasedanja voditeljev v Bruslju danes dejal\u00a0&#8230;<\/p>\n","protected":false},"excerpt":{"rendered":"<p>Kategorija: Politika Tue, 28 Jun 2016 19:11:00 +0200  Bruselj &#8211; Premier Miro Cerar namerava predsednika republike Boruta Pahorja seznaniti s pogovori o britanskem referendumu, o katerem bo tekla beseda na dvodnevnem vrhu EU v Bruslju. Vendar pa ne razume, zakaj bi moral biti na sre\u010danju, ki ga je na temo brexita predlagal Pahor, navzo\u010d tudi predsednik SDS Janez Jan\u0161a. Pahor ga je, kot je povedal Cerar, obvestil, da bi se \u017eelel sre\u010dati z njim in se seznaniti s pogovori v Bruslju, kjer danes in v sredo poteka dvodnevno sre\u010danje predsednikov dr\u017eav in vlad EU. Glavna tema pogovorov bo namre\u010d izid britanskega referenduma, na katerem so se volivci odlo\u010dili za izstop iz EU, in njegove posledice za EU. Prav je, da kot predsednik vlade predsednika Pahorja seznanim s potekom pogovorov v Bruslju, je pred za\u010detkom zasedanja voditeljev v Bruslju danes dejal\u00a0&#8230;<\/p>\n","protected":false},"author":1,"featured_media":0,"comment_status":"closed","ping_status":"closed","sticky":false,"template":"","format":"standard","meta":{"footnotes":""},"categories":[1179],"tags":[],"source":[4511],"supertag":[],"acf":[],"yoast_head":"<!-- This site is optimized with the Yoast SEO plugin v21.3 - https:\/\/yoast.com\/wordpress\/plugins\/seo\/ -->\n<title>Cerar v pogovorih o brexitu ne vidi potrebe po prisotnosti Jan\u0161e - Hudo Slovenija<\/title>\n<meta name=\"robots\" content=\"index, follow, max-snippet:-1, max-image-preview:large, max-video-preview:-1\" \/>\n<link rel=\"canonical\" href=\"https:\/\/hudo.com\/si\/aktualno\/cerar-v-pogovorih-o-brexitu-ne-vidi-potrebe-po-prisotnosti-janse\/\" \/>\n<meta property=\"og:locale\" content=\"sl_SI\" \/>\n<meta property=\"og:type\" content=\"article\" \/>\n<meta property=\"og:title\" content=\"Cerar v pogovorih o brexitu ne vidi potrebe po prisotnosti Jan\u0161e - Hudo Slovenija\" \/>\n<meta property=\"og:description\" content=\"Kategorija: Politika Tue, 28 Jun 2016 19:11:00 +0200 Bruselj - Premier Miro Cerar namerava predsednika republike Boruta Pahorja seznaniti s pogovori o britanskem referendumu, o katerem bo tekla beseda na dvodnevnem vrhu EU v Bruslju. Vendar pa ne razume, zakaj bi moral biti na sre\u010danju, ki ga je na temo brexita predlagal Pahor, navzo\u010d tudi predsednik SDS Janez Jan\u0161a. Pahor ga je, kot je povedal Cerar, obvestil, da bi se \u017eelel sre\u010dati z njim in se seznaniti s pogovori v Bruslju, kjer danes in v sredo poteka dvodnevno sre\u010danje predsednikov dr\u017eav in vlad EU. Glavna tema pogovorov bo namre\u010d izid britanskega referenduma, na katerem so se volivci odlo\u010dili za izstop iz EU, in njegove posledice za EU. Prav je, da kot predsednik vlade predsednika Pahorja seznanim s potekom pogovorov v Bruslju, je pred za\u010detkom zasedanja voditeljev v Bruslju danes dejal\u00a0...\" \/>\n<meta property=\"og:url\" content=\"https:\/\/hudo.com\/si\/aktualno\/cerar-v-pogovorih-o-brexitu-ne-vidi-potrebe-po-prisotnosti-janse\/\" \/>\n<meta property=\"og:site_name\" content=\"Hudo Slovenija\" \/>\n<meta property=\"article:publisher\" content=\"https:\/\/www.facebook.com\/hudo.si\" \/>\n<meta property=\"article:published_time\" content=\"2016-06-28T15:11:00+00:00\" \/>\n<meta property=\"article:modified_time\" content=\"2016-06-29T08:47:50+00:00\" \/>\n<meta property=\"og:image\" content=\"https:\/\/hudo.com\/si\/wp-content\/uploads\/sites\/2\/2016\/06\/480x290_djvu_2180019_cakaricn_uho-Dr-Miro-Cerar.jpeg\" \/>\n\t<meta property=\"og:image:width\" content=\"480\" \/>\n\t<meta property=\"og:image:height\" content=\"290\" \/>\n\t<meta property=\"og:image:type\" content=\"image\/jpeg\" \/>\n<meta name=\"author\" content=\"hudo\" \/>\n<meta name=\"twitter:card\" content=\"summary_large_image\" \/>\n<meta name=\"twitter:creator\" content=\"@hudo_si\" \/>\n<meta name=\"twitter:site\" content=\"@hudo_si\" \/>\n<meta name=\"twitter:label1\" content=\"Written by\" \/>\n\t<meta name=\"twitter:data1\" content=\"hudo\" \/>\n\t<meta name=\"twitter:label2\" content=\"Est. reading time\" \/>\n\t<meta name=\"twitter:data2\" content=\"1 minuta\" \/>\n<script type=\"application\/ld+json\" class=\"yoast-schema-graph\">{\"@context\":\"https:\/\/schema.org\",\"@graph\":[{\"@type\":\"Article\",\"@id\":\"https:\/\/hudo.com\/si\/aktualno\/cerar-v-pogovorih-o-brexitu-ne-vidi-potrebe-po-prisotnosti-janse\/#article\",\"isPartOf\":{\"@id\":\"https:\/\/hudo.com\/si\/aktualno\/cerar-v-pogovorih-o-brexitu-ne-vidi-potrebe-po-prisotnosti-janse\/\"},\"author\":{\"name\":\"hudo\",\"@id\":\"https:\/\/hudo.com\/si\/#\/schema\/person\/601cf3379633985b20f7e50f2bb47707\"},\"headline\":\"Cerar v pogovorih o brexitu ne vidi potrebe po prisotnosti Jan\u0161e\",\"datePublished\":\"2016-06-28T15:11:00+00:00\",\"dateModified\":\"2016-06-29T08:47:50+00:00\",\"mainEntityOfPage\":{\"@id\":\"https:\/\/hudo.com\/si\/aktualno\/cerar-v-pogovorih-o-brexitu-ne-vidi-potrebe-po-prisotnosti-janse\/\"},\"wordCount\":155,\"publisher\":{\"@id\":\"https:\/\/hudo.com\/si\/#organization\"},\"articleSection\":[\"Aktualno\"],\"inLanguage\":\"sl-SI\"},{\"@type\":\"WebPage\",\"@id\":\"https:\/\/hudo.com\/si\/aktualno\/cerar-v-pogovorih-o-brexitu-ne-vidi-potrebe-po-prisotnosti-janse\/\",\"url\":\"https:\/\/hudo.com\/si\/aktualno\/cerar-v-pogovorih-o-brexitu-ne-vidi-potrebe-po-prisotnosti-janse\/\",\"name\":\"Cerar v pogovorih o brexitu ne vidi potrebe po prisotnosti Jan\u0161e - Hudo Slovenija\",\"isPartOf\":{\"@id\":\"https:\/\/hudo.com\/si\/#website\"},\"datePublished\":\"2016-06-28T15:11:00+00:00\",\"dateModified\":\"2016-06-29T08:47:50+00:00\",\"breadcrumb\":{\"@id\":\"https:\/\/hudo.com\/si\/aktualno\/cerar-v-pogovorih-o-brexitu-ne-vidi-potrebe-po-prisotnosti-janse\/#breadcrumb\"},\"inLanguage\":\"sl-SI\",\"potentialAction\":[{\"@type\":\"ReadAction\",\"target\":[\"https:\/\/hudo.com\/si\/aktualno\/cerar-v-pogovorih-o-brexitu-ne-vidi-potrebe-po-prisotnosti-janse\/\"]}]},{\"@type\":\"BreadcrumbList\",\"@id\":\"https:\/\/hudo.com\/si\/aktualno\/cerar-v-pogovorih-o-brexitu-ne-vidi-potrebe-po-prisotnosti-janse\/#breadcrumb\",\"itemListElement\":[{\"@type\":\"ListItem\",\"position\":1,\"name\":\"Home\",\"item\":\"https:\/\/hudo.com\/si\/\"},{\"@type\":\"ListItem\",\"position\":2,\"name\":\"Cerar v pogovorih o brexitu ne vidi potrebe po prisotnosti Jan\u0161e\"}]},{\"@type\":\"WebSite\",\"@id\":\"https:\/\/hudo.com\/si\/#website\",\"url\":\"https:\/\/hudo.com\/si\/\",\"name\":\"Hudo Slovenija\",\"description\":\"Vse novice iz Slovenije in sveta\",\"publisher\":{\"@id\":\"https:\/\/hudo.com\/si\/#organization\"},\"potentialAction\":[{\"@type\":\"SearchAction\",\"target\":{\"@type\":\"EntryPoint\",\"urlTemplate\":\"https:\/\/hudo.com\/si\/?s={search_term_string}\"},\"query-input\":\"required name=search_term_string\"}],\"inLanguage\":\"sl-SI\"},{\"@type\":\"Organization\",\"@id\":\"https:\/\/hudo.com\/si\/#organization\",\"name\":\"VSN Media\",\"url\":\"https:\/\/hudo.com\/si\/\",\"logo\":{\"@type\":\"ImageObject\",\"inLanguage\":\"sl-SI\",\"@id\":\"https:\/\/hudo.com\/si\/#\/schema\/logo\/image\/\",\"url\":\"https:\/\/hudo.com\/si\/wp-content\/uploads\/sites\/2\/2021\/03\/hudo-app-2.png\",\"contentUrl\":\"https:\/\/hudo.com\/si\/wp-content\/uploads\/sites\/2\/2021\/03\/hudo-app-2.png\",\"width\":2185,\"height\":2167,\"caption\":\"VSN Media\"},\"image\":{\"@id\":\"https:\/\/hudo.com\/si\/#\/schema\/logo\/image\/\"},\"sameAs\":[\"https:\/\/www.facebook.com\/hudo.si\",\"https:\/\/twitter.com\/hudo_si\"]},{\"@type\":\"Person\",\"@id\":\"https:\/\/hudo.com\/si\/#\/schema\/person\/601cf3379633985b20f7e50f2bb47707\",\"name\":\"hudo\",\"image\":{\"@type\":\"ImageObject\",\"inLanguage\":\"sl-SI\",\"@id\":\"https:\/\/hudo.com\/si\/#\/schema\/person\/image\/\",\"url\":\"https:\/\/secure.gravatar.com\/avatar\/c4ca25fa72cace7a696b52ff5db9e095?s=96&d=mm&r=g\",\"contentUrl\":\"https:\/\/secure.gravatar.com\/avatar\/c4ca25fa72cace7a696b52ff5db9e095?s=96&d=mm&r=g\",\"caption\":\"hudo\"},\"url\":\"https:\/\/hudo.com\/si\/author\/hudo\/\"}]}<\/script>\n<!-- \/ Yoast SEO plugin. -->","yoast_head_json":{"title":"Cerar v pogovorih o brexitu ne vidi potrebe po prisotnosti Jan\u0161e - Hudo Slovenija","robots":{"index":"index","follow":"follow","max-snippet":"max-snippet:-1","max-image-preview":"max-image-preview:large","max-video-preview":"max-video-preview:-1"},"canonical":"https:\/\/hudo.com\/si\/aktualno\/cerar-v-pogovorih-o-brexitu-ne-vidi-potrebe-po-prisotnosti-janse\/","og_locale":"sl_SI","og_type":"article","og_title":"Cerar v pogovorih o brexitu ne vidi potrebe po prisotnosti Jan\u0161e - Hudo Slovenija","og_description":"Kategorija: Politika Tue, 28 Jun 2016 19:11:00 +0200 Bruselj - Premier Miro Cerar namerava predsednika republike Boruta Pahorja seznaniti s pogovori o britanskem referendumu, o katerem bo tekla beseda na dvodnevnem vrhu EU v Bruslju. Vendar pa ne razume, zakaj bi moral biti na sre\u010danju, ki ga je na temo brexita predlagal Pahor, navzo\u010d tudi predsednik SDS Janez Jan\u0161a. Pahor ga je, kot je povedal Cerar, obvestil, da bi se \u017eelel sre\u010dati z njim in se seznaniti s pogovori v Bruslju, kjer danes in v sredo poteka dvodnevno sre\u010danje predsednikov dr\u017eav in vlad EU. Glavna tema pogovorov bo namre\u010d izid britanskega referenduma, na katerem so se volivci odlo\u010dili za izstop iz EU, in njegove posledice za EU. Prav je, da kot predsednik vlade predsednika Pahorja seznanim s potekom pogovorov v Bruslju, je pred za\u010detkom zasedanja voditeljev v Bruslju danes dejal\u00a0...","og_url":"https:\/\/hudo.com\/si\/aktualno\/cerar-v-pogovorih-o-brexitu-ne-vidi-potrebe-po-prisotnosti-janse\/","og_site_name":"Hudo Slovenija","article_publisher":"https:\/\/www.facebook.com\/hudo.si","article_published_time":"2016-06-28T15:11:00+00:00","article_modified_time":"2016-06-29T08:47:50+00:00","og_image":[{"width":480,"height":290,"url":"https:\/\/hudo.com\/si\/wp-content\/uploads\/sites\/2\/2016\/06\/480x290_djvu_2180019_cakaricn_uho-Dr-Miro-Cerar.jpeg","type":"image\/jpeg"}],"author":"hudo","twitter_card":"summary_large_image","twitter_creator":"@hudo_si","twitter_site":"@hudo_si","twitter_misc":{"Written by":"hudo","Est. reading time":"1 minuta"},"schema":{"@context":"https:\/\/schema.org","@graph":[{"@type":"Article","@id":"https:\/\/hudo.com\/si\/aktualno\/cerar-v-pogovorih-o-brexitu-ne-vidi-potrebe-po-prisotnosti-janse\/#article","isPartOf":{"@id":"https:\/\/hudo.com\/si\/aktualno\/cerar-v-pogovorih-o-brexitu-ne-vidi-potrebe-po-prisotnosti-janse\/"},"author":{"name":"hudo","@id":"https:\/\/hudo.com\/si\/#\/schema\/person\/601cf3379633985b20f7e50f2bb47707"},"headline":"Cerar v pogovorih o brexitu ne vidi potrebe po prisotnosti Jan\u0161e","datePublished":"2016-06-28T15:11:00+00:00","dateModified":"2016-06-29T08:47:50+00:00","mainEntityOfPage":{"@id":"https:\/\/hudo.com\/si\/aktualno\/cerar-v-pogovorih-o-brexitu-ne-vidi-potrebe-po-prisotnosti-janse\/"},"wordCount":155,"publisher":{"@id":"https:\/\/hudo.com\/si\/#organization"},"articleSection":["Aktualno"],"inLanguage":"sl-SI"},{"@type":"WebPage","@id":"https:\/\/hudo.com\/si\/aktualno\/cerar-v-pogovorih-o-brexitu-ne-vidi-potrebe-po-prisotnosti-janse\/","url":"https:\/\/hudo.com\/si\/aktualno\/cerar-v-pogovorih-o-brexitu-ne-vidi-potrebe-po-prisotnosti-janse\/","name":"Cerar v pogovorih o brexitu ne vidi potrebe po prisotnosti Jan\u0161e - Hudo Slovenija","isPartOf":{"@id":"https:\/\/hudo.com\/si\/#website"},"datePublished":"2016-06-28T15:11:00+00:00","dateModified":"2016-06-29T08:47:50+00:00","breadcrumb":{"@id":"https:\/\/hudo.com\/si\/aktualno\/cerar-v-pogovorih-o-brexitu-ne-vidi-potrebe-po-prisotnosti-janse\/#breadcrumb"},"inLanguage":"sl-SI","potentialAction":[{"@type":"ReadAction","target":["https:\/\/hudo.com\/si\/aktualno\/cerar-v-pogovorih-o-brexitu-ne-vidi-potrebe-po-prisotnosti-janse\/"]}]},{"@type":"BreadcrumbList","@id":"https:\/\/hudo.com\/si\/aktualno\/cerar-v-pogovorih-o-brexitu-ne-vidi-potrebe-po-prisotnosti-janse\/#breadcrumb","itemListElement":[{"@type":"ListItem","position":1,"name":"Home","item":"https:\/\/hudo.com\/si\/"},{"@type":"ListItem","position":2,"name":"Cerar v pogovorih o brexitu ne vidi potrebe po prisotnosti Jan\u0161e"}]},{"@type":"WebSite","@id":"https:\/\/hudo.com\/si\/#website","url":"https:\/\/hudo.com\/si\/","name":"Hudo Slovenija","description":"Vse novice iz Slovenije in sveta","publisher":{"@id":"https:\/\/hudo.com\/si\/#organization"},"potentialAction":[{"@type":"SearchAction","target":{"@type":"EntryPoint","urlTemplate":"https:\/\/hudo.com\/si\/?s={search_term_string}"},"query-input":"required name=search_term_string"}],"inLanguage":"sl-SI"},{"@type":"Organization","@id":"https:\/\/hudo.com\/si\/#organization","name":"VSN Media","url":"https:\/\/hudo.com\/si\/","logo":{"@type":"ImageObject","inLanguage":"sl-SI","@id":"https:\/\/hudo.com\/si\/#\/schema\/logo\/image\/","url":"https:\/\/hudo.com\/si\/wp-content\/uploads\/sites\/2\/2021\/03\/hudo-app-2.png","contentUrl":"https:\/\/hudo.com\/si\/wp-content\/uploads\/sites\/2\/2021\/03\/hudo-app-2.png","width":2185,"height":2167,"caption":"VSN Media"},"image":{"@id":"https:\/\/hudo.com\/si\/#\/schema\/logo\/image\/"},"sameAs":["https:\/\/www.facebook.com\/hudo.si","https:\/\/twitter.com\/hudo_si"]},{"@type":"Person","@id":"https:\/\/hudo.com\/si\/#\/schema\/person\/601cf3379633985b20f7e50f2bb47707","name":"hudo","image":{"@type":"ImageObject","inLanguage":"sl-SI","@id":"https:\/\/hudo.com\/si\/#\/schema\/person\/image\/","url":"https:\/\/secure.gravatar.com\/avatar\/c4ca25fa72cace7a696b52ff5db9e095?s=96&d=mm&r=g","contentUrl":"https:\/\/secure.gravatar.com\/avatar\/c4ca25fa72cace7a696b52ff5db9e095?s=96&d=mm&r=g","caption":"hudo"},"url":"https:\/\/hudo.com\/si\/author\/hudo\/"}]}},"amp_enabled":true,"_links":{"self":[{"href":"https:\/\/hudo.com\/si\/wp-json\/wp\/v2\/posts\/84478"}],"collection":[{"href":"https:\/\/hudo.com\/si\/wp-json\/wp\/v2\/posts"}],"about":[{"href":"https:\/\/hudo.com\/si\/wp-json\/wp\/v2\/types\/post"}],"author":[{"embeddable":true,"href":"https:\/\/hudo.com\/si\/wp-json\/wp\/v2\/users\/1"}],"replies":[{"embeddable":true,"href":"https:\/\/hudo.com\/si\/wp-json\/wp\/v2\/comments?post=84478"}],"version-history":[{"count":1,"href":"https:\/\/hudo.com\/si\/wp-json\/wp\/v2\/posts\/84478\/revisions"}],"predecessor-version":[{"id":84857,"href":"https:\/\/hudo.com\/si\/wp-json\/wp\/v2\/posts\/84478\/revisions\/84857"}],"wp:attachment":[{"href":"https:\/\/hudo.com\/si\/wp-json\/wp\/v2\/media?parent=84478"}],"wp:term":[{"taxonomy":"category","embeddable":true,"href":"https:\/\/hudo.com\/si\/wp-json\/wp\/v2\/categories?post=84478"},{"taxonomy":"post_tag","embeddable":true,"href":"https:\/\/hudo.com\/si\/wp-json\/wp\/v2\/tags?post=84478"},{"taxonomy":"source","embeddable":true,"href":"https:\/\/hudo.com\/si\/wp-json\/wp\/v2\/source?post=84478"},{"taxonomy":"supertag","embeddable":true,"href":"https:\/\/hudo.com\/si\/wp-json\/wp\/v2\/supertag?post=84478"}],"curies":[{"name":"wp","href":"https:\/\/api.w.org\/{rel}","templated":true}]}}