{"id":84482,"date":"2016-06-28T17:00:00","date_gmt":"2016-06-28T15:00:00","guid":{"rendered":"http:\/\/hudo.com\/si\/2016\/06\/28\/v-planici-hrup-vetrovnika-zmotil-zagovornike-miru\/"},"modified":"2016-06-29T10:47:56","modified_gmt":"2016-06-29T08:47:56","slug":"v-planici-hrup-vetrovnika-zmotil-zagovornike-miru","status":"publish","type":"post","link":"https:\/\/hudo.com\/si\/aktualno\/v-planici-hrup-vetrovnika-zmotil-zagovornike-miru\/","title":{"rendered":"V Planici hrup vetrovnika zmotil zagovornike miru"},"content":{"rendered":"<p>Kategorija: Slovenija Tue, 28 Jun 2016 19:00:00 +0200  Planica \u2013 \u0160e preden so v nordijskem centru v Planici sploh dobro zagnali vetrovnik, je ta \u017ee zmotil iniciativo za mirno dolino Tamar in TNP, ki je zaradi domnevno pretiranega hrupa napravo prijavila pristojnim in\u0161pekcijskim slu\u017ebam. Na okoljskem in\u0161pektoratu njihovih navedb o neznosnem hrupu niso potrdili, direktor zavoda Planica Jelko Gros pa je napovedal ukrepe za dodatno zmanj\u0161anje sli\u0161nosti naprave. \u00bbDokler nismo opravili meritev frekvenc oziroma jakosti zvoka, nismo mogli izvesti vseh nastavitev vetrovnika. Meritve imamo in zdaj izvajamo dodatne ukrepe za omejitev hrupa,\u00ab je dejal direktor zavoda Planica Jelko Gros. O \u010dezmernem obremenjevanju okolja s hrupom, ki ga menda povzro\u010da vetrovnik, so bile pred dnevi obve\u0161\u010dene in\u0161pekcijske slu\u017ebe. V anonimni prijavi iniciative za mirno dolino Tamar in TNP so prijavitelji zapisali, da se je zadnji mesec okoli centra \u0161iril\u00a0&#8230;<\/p>\n","protected":false},"excerpt":{"rendered":"<p>Kategorija: Slovenija Tue, 28 Jun 2016 19:00:00 +0200  Planica \u2013 \u0160e preden so v nordijskem centru v Planici sploh dobro zagnali vetrovnik, je ta \u017ee zmotil iniciativo za mirno dolino Tamar in TNP, ki je zaradi domnevno pretiranega hrupa napravo prijavila pristojnim in\u0161pekcijskim slu\u017ebam. Na okoljskem in\u0161pektoratu njihovih navedb o neznosnem hrupu niso potrdili, direktor zavoda Planica Jelko Gros pa je napovedal ukrepe za dodatno zmanj\u0161anje sli\u0161nosti naprave. \u00bbDokler nismo opravili meritev frekvenc oziroma jakosti zvoka, nismo mogli izvesti vseh nastavitev vetrovnika. Meritve imamo in zdaj izvajamo dodatne ukrepe za omejitev hrupa,\u00ab je dejal direktor zavoda Planica Jelko Gros. O \u010dezmernem obremenjevanju okolja s hrupom, ki ga menda povzro\u010da vetrovnik, so bile pred dnevi obve\u0161\u010dene in\u0161pekcijske slu\u017ebe. V anonimni prijavi iniciative za mirno dolino Tamar in TNP so prijavitelji zapisali, da se je zadnji mesec okoli centra \u0161iril\u00a0&#8230;<\/p>\n","protected":false},"author":1,"featured_media":0,"comment_status":"closed","ping_status":"closed","sticky":false,"template":"","format":"standard","meta":{"footnotes":""},"categories":[1179],"tags":[],"source":[4511],"supertag":[],"acf":[],"yoast_head":"<!-- This site is optimized with the Yoast SEO plugin v21.3 - https:\/\/yoast.com\/wordpress\/plugins\/seo\/ -->\n<title>V Planici hrup vetrovnika zmotil zagovornike miru - Hudo Slovenija<\/title>\n<meta name=\"robots\" content=\"index, follow, max-snippet:-1, max-image-preview:large, max-video-preview:-1\" \/>\n<link rel=\"canonical\" href=\"https:\/\/hudo.com\/si\/aktualno\/v-planici-hrup-vetrovnika-zmotil-zagovornike-miru\/\" \/>\n<meta property=\"og:locale\" content=\"sl_SI\" \/>\n<meta property=\"og:type\" content=\"article\" \/>\n<meta property=\"og:title\" content=\"V Planici hrup vetrovnika zmotil zagovornike miru - Hudo Slovenija\" \/>\n<meta property=\"og:description\" content=\"Kategorija: Slovenija Tue, 28 Jun 2016 19:00:00 +0200 Planica \u2013 \u0160e preden so v nordijskem centru v Planici sploh dobro zagnali vetrovnik, je ta \u017ee zmotil iniciativo za mirno dolino Tamar in TNP, ki je zaradi domnevno pretiranega hrupa napravo prijavila pristojnim in\u0161pekcijskim slu\u017ebam. Na okoljskem in\u0161pektoratu njihovih navedb o neznosnem hrupu niso potrdili, direktor zavoda Planica Jelko Gros pa je napovedal ukrepe za dodatno zmanj\u0161anje sli\u0161nosti naprave. \u00bbDokler nismo opravili meritev frekvenc oziroma jakosti zvoka, nismo mogli izvesti vseh nastavitev vetrovnika. Meritve imamo in zdaj izvajamo dodatne ukrepe za omejitev hrupa,\u00ab je dejal direktor zavoda Planica Jelko Gros. O \u010dezmernem obremenjevanju okolja s hrupom, ki ga menda povzro\u010da vetrovnik, so bile pred dnevi obve\u0161\u010dene in\u0161pekcijske slu\u017ebe. V anonimni prijavi iniciative za mirno dolino Tamar in TNP so prijavitelji zapisali, da se je zadnji mesec okoli centra \u0161iril\u00a0...\" \/>\n<meta property=\"og:url\" content=\"https:\/\/hudo.com\/si\/aktualno\/v-planici-hrup-vetrovnika-zmotil-zagovornike-miru\/\" \/>\n<meta property=\"og:site_name\" content=\"Hudo Slovenija\" \/>\n<meta property=\"article:publisher\" content=\"https:\/\/www.facebook.com\/hudo.si\" \/>\n<meta property=\"article:published_time\" content=\"2016-06-28T15:00:00+00:00\" \/>\n<meta property=\"article:modified_time\" content=\"2016-06-29T08:47:56+00:00\" \/>\n<meta property=\"og:image\" content=\"https:\/\/hudo.com\/si\/wp-content\/uploads\/sites\/2\/2016\/06\/480x290_Sl_dopisnistvo__4Z2A3017_hires0.jpeg\" \/>\n\t<meta property=\"og:image:width\" content=\"480\" \/>\n\t<meta property=\"og:image:height\" content=\"290\" \/>\n\t<meta property=\"og:image:type\" content=\"image\/jpeg\" \/>\n<meta name=\"author\" content=\"hudo\" \/>\n<meta name=\"twitter:card\" content=\"summary_large_image\" \/>\n<meta name=\"twitter:creator\" content=\"@hudo_si\" \/>\n<meta name=\"twitter:site\" content=\"@hudo_si\" \/>\n<meta name=\"twitter:label1\" content=\"Written by\" \/>\n\t<meta name=\"twitter:data1\" content=\"hudo\" \/>\n\t<meta name=\"twitter:label2\" content=\"Est. reading time\" \/>\n\t<meta name=\"twitter:data2\" content=\"1 minuta\" \/>\n<script type=\"application\/ld+json\" class=\"yoast-schema-graph\">{\"@context\":\"https:\/\/schema.org\",\"@graph\":[{\"@type\":\"Article\",\"@id\":\"https:\/\/hudo.com\/si\/aktualno\/v-planici-hrup-vetrovnika-zmotil-zagovornike-miru\/#article\",\"isPartOf\":{\"@id\":\"https:\/\/hudo.com\/si\/aktualno\/v-planici-hrup-vetrovnika-zmotil-zagovornike-miru\/\"},\"author\":{\"name\":\"hudo\",\"@id\":\"https:\/\/hudo.com\/si\/#\/schema\/person\/601cf3379633985b20f7e50f2bb47707\"},\"headline\":\"V Planici hrup vetrovnika zmotil zagovornike miru\",\"datePublished\":\"2016-06-28T15:00:00+00:00\",\"dateModified\":\"2016-06-29T08:47:56+00:00\",\"mainEntityOfPage\":{\"@id\":\"https:\/\/hudo.com\/si\/aktualno\/v-planici-hrup-vetrovnika-zmotil-zagovornike-miru\/\"},\"wordCount\":149,\"publisher\":{\"@id\":\"https:\/\/hudo.com\/si\/#organization\"},\"articleSection\":[\"Aktualno\"],\"inLanguage\":\"sl-SI\"},{\"@type\":\"WebPage\",\"@id\":\"https:\/\/hudo.com\/si\/aktualno\/v-planici-hrup-vetrovnika-zmotil-zagovornike-miru\/\",\"url\":\"https:\/\/hudo.com\/si\/aktualno\/v-planici-hrup-vetrovnika-zmotil-zagovornike-miru\/\",\"name\":\"V Planici hrup vetrovnika zmotil zagovornike miru - Hudo Slovenija\",\"isPartOf\":{\"@id\":\"https:\/\/hudo.com\/si\/#website\"},\"datePublished\":\"2016-06-28T15:00:00+00:00\",\"dateModified\":\"2016-06-29T08:47:56+00:00\",\"breadcrumb\":{\"@id\":\"https:\/\/hudo.com\/si\/aktualno\/v-planici-hrup-vetrovnika-zmotil-zagovornike-miru\/#breadcrumb\"},\"inLanguage\":\"sl-SI\",\"potentialAction\":[{\"@type\":\"ReadAction\",\"target\":[\"https:\/\/hudo.com\/si\/aktualno\/v-planici-hrup-vetrovnika-zmotil-zagovornike-miru\/\"]}]},{\"@type\":\"BreadcrumbList\",\"@id\":\"https:\/\/hudo.com\/si\/aktualno\/v-planici-hrup-vetrovnika-zmotil-zagovornike-miru\/#breadcrumb\",\"itemListElement\":[{\"@type\":\"ListItem\",\"position\":1,\"name\":\"Home\",\"item\":\"https:\/\/hudo.com\/si\/\"},{\"@type\":\"ListItem\",\"position\":2,\"name\":\"V Planici hrup vetrovnika zmotil zagovornike miru\"}]},{\"@type\":\"WebSite\",\"@id\":\"https:\/\/hudo.com\/si\/#website\",\"url\":\"https:\/\/hudo.com\/si\/\",\"name\":\"Hudo Slovenija\",\"description\":\"Vse novice iz Slovenije in sveta\",\"publisher\":{\"@id\":\"https:\/\/hudo.com\/si\/#organization\"},\"potentialAction\":[{\"@type\":\"SearchAction\",\"target\":{\"@type\":\"EntryPoint\",\"urlTemplate\":\"https:\/\/hudo.com\/si\/?s={search_term_string}\"},\"query-input\":\"required name=search_term_string\"}],\"inLanguage\":\"sl-SI\"},{\"@type\":\"Organization\",\"@id\":\"https:\/\/hudo.com\/si\/#organization\",\"name\":\"VSN Media\",\"url\":\"https:\/\/hudo.com\/si\/\",\"logo\":{\"@type\":\"ImageObject\",\"inLanguage\":\"sl-SI\",\"@id\":\"https:\/\/hudo.com\/si\/#\/schema\/logo\/image\/\",\"url\":\"https:\/\/hudo.com\/si\/wp-content\/uploads\/sites\/2\/2021\/03\/hudo-app-2.png\",\"contentUrl\":\"https:\/\/hudo.com\/si\/wp-content\/uploads\/sites\/2\/2021\/03\/hudo-app-2.png\",\"width\":2185,\"height\":2167,\"caption\":\"VSN Media\"},\"image\":{\"@id\":\"https:\/\/hudo.com\/si\/#\/schema\/logo\/image\/\"},\"sameAs\":[\"https:\/\/www.facebook.com\/hudo.si\",\"https:\/\/twitter.com\/hudo_si\"]},{\"@type\":\"Person\",\"@id\":\"https:\/\/hudo.com\/si\/#\/schema\/person\/601cf3379633985b20f7e50f2bb47707\",\"name\":\"hudo\",\"image\":{\"@type\":\"ImageObject\",\"inLanguage\":\"sl-SI\",\"@id\":\"https:\/\/hudo.com\/si\/#\/schema\/person\/image\/\",\"url\":\"https:\/\/secure.gravatar.com\/avatar\/c4ca25fa72cace7a696b52ff5db9e095?s=96&d=mm&r=g\",\"contentUrl\":\"https:\/\/secure.gravatar.com\/avatar\/c4ca25fa72cace7a696b52ff5db9e095?s=96&d=mm&r=g\",\"caption\":\"hudo\"},\"url\":\"https:\/\/hudo.com\/si\/author\/hudo\/\"}]}<\/script>\n<!-- \/ Yoast SEO plugin. -->","yoast_head_json":{"title":"V Planici hrup vetrovnika zmotil zagovornike miru - Hudo Slovenija","robots":{"index":"index","follow":"follow","max-snippet":"max-snippet:-1","max-image-preview":"max-image-preview:large","max-video-preview":"max-video-preview:-1"},"canonical":"https:\/\/hudo.com\/si\/aktualno\/v-planici-hrup-vetrovnika-zmotil-zagovornike-miru\/","og_locale":"sl_SI","og_type":"article","og_title":"V Planici hrup vetrovnika zmotil zagovornike miru - Hudo Slovenija","og_description":"Kategorija: Slovenija Tue, 28 Jun 2016 19:00:00 +0200 Planica \u2013 \u0160e preden so v nordijskem centru v Planici sploh dobro zagnali vetrovnik, je ta \u017ee zmotil iniciativo za mirno dolino Tamar in TNP, ki je zaradi domnevno pretiranega hrupa napravo prijavila pristojnim in\u0161pekcijskim slu\u017ebam. Na okoljskem in\u0161pektoratu njihovih navedb o neznosnem hrupu niso potrdili, direktor zavoda Planica Jelko Gros pa je napovedal ukrepe za dodatno zmanj\u0161anje sli\u0161nosti naprave. \u00bbDokler nismo opravili meritev frekvenc oziroma jakosti zvoka, nismo mogli izvesti vseh nastavitev vetrovnika. Meritve imamo in zdaj izvajamo dodatne ukrepe za omejitev hrupa,\u00ab je dejal direktor zavoda Planica Jelko Gros. O \u010dezmernem obremenjevanju okolja s hrupom, ki ga menda povzro\u010da vetrovnik, so bile pred dnevi obve\u0161\u010dene in\u0161pekcijske slu\u017ebe. V anonimni prijavi iniciative za mirno dolino Tamar in TNP so prijavitelji zapisali, da se je zadnji mesec okoli centra \u0161iril\u00a0...","og_url":"https:\/\/hudo.com\/si\/aktualno\/v-planici-hrup-vetrovnika-zmotil-zagovornike-miru\/","og_site_name":"Hudo Slovenija","article_publisher":"https:\/\/www.facebook.com\/hudo.si","article_published_time":"2016-06-28T15:00:00+00:00","article_modified_time":"2016-06-29T08:47:56+00:00","og_image":[{"width":480,"height":290,"url":"https:\/\/hudo.com\/si\/wp-content\/uploads\/sites\/2\/2016\/06\/480x290_Sl_dopisnistvo__4Z2A3017_hires0.jpeg","type":"image\/jpeg"}],"author":"hudo","twitter_card":"summary_large_image","twitter_creator":"@hudo_si","twitter_site":"@hudo_si","twitter_misc":{"Written by":"hudo","Est. reading time":"1 minuta"},"schema":{"@context":"https:\/\/schema.org","@graph":[{"@type":"Article","@id":"https:\/\/hudo.com\/si\/aktualno\/v-planici-hrup-vetrovnika-zmotil-zagovornike-miru\/#article","isPartOf":{"@id":"https:\/\/hudo.com\/si\/aktualno\/v-planici-hrup-vetrovnika-zmotil-zagovornike-miru\/"},"author":{"name":"hudo","@id":"https:\/\/hudo.com\/si\/#\/schema\/person\/601cf3379633985b20f7e50f2bb47707"},"headline":"V Planici hrup vetrovnika zmotil zagovornike miru","datePublished":"2016-06-28T15:00:00+00:00","dateModified":"2016-06-29T08:47:56+00:00","mainEntityOfPage":{"@id":"https:\/\/hudo.com\/si\/aktualno\/v-planici-hrup-vetrovnika-zmotil-zagovornike-miru\/"},"wordCount":149,"publisher":{"@id":"https:\/\/hudo.com\/si\/#organization"},"articleSection":["Aktualno"],"inLanguage":"sl-SI"},{"@type":"WebPage","@id":"https:\/\/hudo.com\/si\/aktualno\/v-planici-hrup-vetrovnika-zmotil-zagovornike-miru\/","url":"https:\/\/hudo.com\/si\/aktualno\/v-planici-hrup-vetrovnika-zmotil-zagovornike-miru\/","name":"V Planici hrup vetrovnika zmotil zagovornike miru - Hudo Slovenija","isPartOf":{"@id":"https:\/\/hudo.com\/si\/#website"},"datePublished":"2016-06-28T15:00:00+00:00","dateModified":"2016-06-29T08:47:56+00:00","breadcrumb":{"@id":"https:\/\/hudo.com\/si\/aktualno\/v-planici-hrup-vetrovnika-zmotil-zagovornike-miru\/#breadcrumb"},"inLanguage":"sl-SI","potentialAction":[{"@type":"ReadAction","target":["https:\/\/hudo.com\/si\/aktualno\/v-planici-hrup-vetrovnika-zmotil-zagovornike-miru\/"]}]},{"@type":"BreadcrumbList","@id":"https:\/\/hudo.com\/si\/aktualno\/v-planici-hrup-vetrovnika-zmotil-zagovornike-miru\/#breadcrumb","itemListElement":[{"@type":"ListItem","position":1,"name":"Home","item":"https:\/\/hudo.com\/si\/"},{"@type":"ListItem","position":2,"name":"V Planici hrup vetrovnika zmotil zagovornike miru"}]},{"@type":"WebSite","@id":"https:\/\/hudo.com\/si\/#website","url":"https:\/\/hudo.com\/si\/","name":"Hudo Slovenija","description":"Vse novice iz Slovenije in sveta","publisher":{"@id":"https:\/\/hudo.com\/si\/#organization"},"potentialAction":[{"@type":"SearchAction","target":{"@type":"EntryPoint","urlTemplate":"https:\/\/hudo.com\/si\/?s={search_term_string}"},"query-input":"required name=search_term_string"}],"inLanguage":"sl-SI"},{"@type":"Organization","@id":"https:\/\/hudo.com\/si\/#organization","name":"VSN Media","url":"https:\/\/hudo.com\/si\/","logo":{"@type":"ImageObject","inLanguage":"sl-SI","@id":"https:\/\/hudo.com\/si\/#\/schema\/logo\/image\/","url":"https:\/\/hudo.com\/si\/wp-content\/uploads\/sites\/2\/2021\/03\/hudo-app-2.png","contentUrl":"https:\/\/hudo.com\/si\/wp-content\/uploads\/sites\/2\/2021\/03\/hudo-app-2.png","width":2185,"height":2167,"caption":"VSN Media"},"image":{"@id":"https:\/\/hudo.com\/si\/#\/schema\/logo\/image\/"},"sameAs":["https:\/\/www.facebook.com\/hudo.si","https:\/\/twitter.com\/hudo_si"]},{"@type":"Person","@id":"https:\/\/hudo.com\/si\/#\/schema\/person\/601cf3379633985b20f7e50f2bb47707","name":"hudo","image":{"@type":"ImageObject","inLanguage":"sl-SI","@id":"https:\/\/hudo.com\/si\/#\/schema\/person\/image\/","url":"https:\/\/secure.gravatar.com\/avatar\/c4ca25fa72cace7a696b52ff5db9e095?s=96&d=mm&r=g","contentUrl":"https:\/\/secure.gravatar.com\/avatar\/c4ca25fa72cace7a696b52ff5db9e095?s=96&d=mm&r=g","caption":"hudo"},"url":"https:\/\/hudo.com\/si\/author\/hudo\/"}]}},"amp_enabled":true,"_links":{"self":[{"href":"https:\/\/hudo.com\/si\/wp-json\/wp\/v2\/posts\/84482"}],"collection":[{"href":"https:\/\/hudo.com\/si\/wp-json\/wp\/v2\/posts"}],"about":[{"href":"https:\/\/hudo.com\/si\/wp-json\/wp\/v2\/types\/post"}],"author":[{"embeddable":true,"href":"https:\/\/hudo.com\/si\/wp-json\/wp\/v2\/users\/1"}],"replies":[{"embeddable":true,"href":"https:\/\/hudo.com\/si\/wp-json\/wp\/v2\/comments?post=84482"}],"version-history":[{"count":1,"href":"https:\/\/hudo.com\/si\/wp-json\/wp\/v2\/posts\/84482\/revisions"}],"predecessor-version":[{"id":84677,"href":"https:\/\/hudo.com\/si\/wp-json\/wp\/v2\/posts\/84482\/revisions\/84677"}],"wp:attachment":[{"href":"https:\/\/hudo.com\/si\/wp-json\/wp\/v2\/media?parent=84482"}],"wp:term":[{"taxonomy":"category","embeddable":true,"href":"https:\/\/hudo.com\/si\/wp-json\/wp\/v2\/categories?post=84482"},{"taxonomy":"post_tag","embeddable":true,"href":"https:\/\/hudo.com\/si\/wp-json\/wp\/v2\/tags?post=84482"},{"taxonomy":"source","embeddable":true,"href":"https:\/\/hudo.com\/si\/wp-json\/wp\/v2\/source?post=84482"},{"taxonomy":"supertag","embeddable":true,"href":"https:\/\/hudo.com\/si\/wp-json\/wp\/v2\/supertag?post=84482"}],"curies":[{"name":"wp","href":"https:\/\/api.w.org\/{rel}","templated":true}]}}