{"id":84488,"date":"2016-06-28T16:15:00","date_gmt":"2016-06-28T14:15:00","guid":{"rendered":"http:\/\/hudo.com\/si\/2016\/06\/28\/cerar-ne-razume-pahorja-zakaj-bi-moral-biti-na-pogovoru-o-brexitu-tudi-jansa\/"},"modified":"2016-06-29T15:41:11","modified_gmt":"2016-06-29T13:41:11","slug":"cerar-ne-razume-pahorja-zakaj-bi-moral-biti-na-pogovoru-o-brexitu-tudi-jansa","status":"publish","type":"post","link":"https:\/\/hudo.com\/si\/aktualno\/cerar-ne-razume-pahorja-zakaj-bi-moral-biti-na-pogovoru-o-brexitu-tudi-jansa\/","title":{"rendered":"Cerar ne razume Pahorja, zakaj bi moral biti na pogovoru o brexitu tudi Jan\u0161a"},"content":{"rendered":"<p>Premier Miro Cerar namerava predsednika republike Boruta Pahorja seznaniti s pogovori o britanskem referendumu na vrhu EU v Bruslju. Vendar pa ne razume, zakaj bi moral na sre\u010danju, ki ga je predlagal Pahor, biti navzo\u010d tudi predsednik SDS Janez Jan\u0161a. Pahor ga je, kot je povedal Cerar, obvestil, da bi se \u017eelel sre\u010dati z njim in se seznaniti s pogovori v Bruslju, kjer je danes in v sredo sre\u010danje predsednikov dr\u017eav in vlad Evropske unije. Prav je, da kot predsednik vlade predsednika seznanim s potekom pogovorov v Bruslju, je pred za\u010detkom zasedanja voditeljev EU danes dejal Cerar. &#8220;Nikakor pa ne razumem, zakaj bi moral biti pri tem razgovoru prisoten Jan\u0161a,&#8221; je dejal. Po njegovem bi bilo morda razumljivo, da sta navzo\u010da \u0161e predsednik dr\u017eavnega zbora in dr\u017eavnega sveta. Ne razume pa, zakaj bi moral biti na teh pogovorih navzo\u010d eden od vodij politi\u010dnih strank, kajti gre za medinstitucionalni pogovor. &#8220;Upam, da \u010de se bomo dobili, se bomo dobili v tak\u0161ni sestavi, v kakr\u0161ni bo to smiselno,&#8221; je dejal Cerar. Predsednik dr\u017eave Borut Pahor je za Televizijo Slovenija v soboto povedal, da je po odlo\u010ditvi britanskih volivcev za odhod iz EU na pogovor v tem tednu povabil predsednika vlade in predsednika najve\u010dje opozicijske stranke. Pahor je ob tem ponovil mnenje, da bo prihodnost EU federalna ali pa je ne bo ve\u010d. Za federalno ureditev Evrope se je zavzel tudi na osrednji dr\u017eavni slovesnosti ob 25. obletnici samostojnosti Slovenije. Po mnenju Cerarja federalna Evropa med drugim pomeni tudi izgubo suverenosti slovenske dr\u017eave, zato se za kaj takega ne more zavzemati. &#8220;Ta pristop v tem trenutku ni produktiven, ker lahko vzbuja nelagodja na nekih skrajnih poljih politi\u010dnih spektrov v Evropi,&#8221; je dejal na vpra\u0161anje, ali naj gre prenova EU v smeri federalne Evrope. Premier meni, da je treba biti realen in graditi Evropo v razumnem smislu, tako kot smo jo gradili doslej. To pa pomeni zasledovati skupne cilje, ohraniti enotnost sedemindvajseterice, pa tudi nadaljevati z investicijskimi<\/p>\n","protected":false},"excerpt":{"rendered":"<p>Premier Miro Cerar namerava predsednika republike Boruta Pahorja seznaniti s pogovori o britanskem referendumu na vrhu EU v Bruslju. Vendar pa ne razume, zakaj bi moral na sre\u010danju, ki ga je predlagal Pahor, biti navzo\u010d tudi predsednik SDS Janez Jan\u0161a. Pahor ga je, kot je povedal Cerar, obvestil, da bi se \u017eelel sre\u010dati z njim in se seznaniti s pogovori v Bruslju, kjer je danes in v sredo sre\u010danje predsednikov dr\u017eav in vlad Evropske unije. Prav je, da kot predsednik vlade predsednika seznanim s potekom pogovorov v Bruslju, je pred za\u010detkom zasedanja voditeljev EU danes dejal Cerar. &#8220;Nikakor pa ne razumem, zakaj bi moral biti pri tem razgovoru prisoten Jan\u0161a,&#8221; je dejal. Po njegovem bi bilo morda razumljivo, da sta navzo\u010da \u0161e predsednik dr\u017eavnega zbora in dr\u017eavnega sveta. Ne razume pa, zakaj bi moral biti na teh pogovorih navzo\u010d eden od vodij politi\u010dnih strank, kajti gre za medinstitucionalni pogovor. &#8220;Upam, da \u010de se bomo dobili, se bomo dobili v tak\u0161ni sestavi, v kakr\u0161ni bo to smiselno,&#8221; je dejal Cerar. Predsednik dr\u017eave Borut Pahor je za Televizijo Slovenija v soboto povedal, da je po odlo\u010ditvi britanskih volivcev za odhod iz EU na pogovor v tem tednu povabil predsednika vlade in predsednika najve\u010dje opozicijske stranke. Pahor je ob tem ponovil mnenje, da bo prihodnost EU federalna ali pa je ne bo ve\u010d. Za federalno ureditev Evrope se je zavzel tudi na osrednji dr\u017eavni slovesnosti ob 25. obletnici samostojnosti Slovenije. Po mnenju Cerarja federalna Evropa med drugim pomeni tudi izgubo suverenosti slovenske dr\u017eave, zato se za kaj takega ne more zavzemati. &#8220;Ta pristop v tem trenutku ni produktiven, ker lahko vzbuja nelagodja na nekih skrajnih poljih politi\u010dnih spektrov v Evropi,&#8221; je dejal na vpra\u0161anje, ali naj gre prenova EU v smeri federalne Evrope. Premier meni, da je treba biti realen in graditi Evropo v razumnem smislu, tako kot smo jo gradili doslej. To pa pomeni zasledovati skupne cilje, ohraniti enotnost sedemindvajseterice, pa tudi nadaljevati z investicijskimi<\/p>\n","protected":false},"author":1,"featured_media":0,"comment_status":"closed","ping_status":"closed","sticky":false,"template":"","format":"standard","meta":{"footnotes":""},"categories":[1179],"tags":[],"source":[1711],"supertag":[],"acf":[],"yoast_head":"<!-- This site is optimized with the Yoast SEO plugin v21.3 - https:\/\/yoast.com\/wordpress\/plugins\/seo\/ -->\n<title>Cerar ne razume Pahorja, zakaj bi moral biti na pogovoru o brexitu tudi Jan\u0161a - Hudo Slovenija<\/title>\n<meta name=\"robots\" content=\"index, follow, max-snippet:-1, max-image-preview:large, max-video-preview:-1\" \/>\n<link rel=\"canonical\" href=\"https:\/\/hudo.com\/si\/aktualno\/cerar-ne-razume-pahorja-zakaj-bi-moral-biti-na-pogovoru-o-brexitu-tudi-jansa\/\" \/>\n<meta property=\"og:locale\" content=\"sl_SI\" \/>\n<meta property=\"og:type\" content=\"article\" \/>\n<meta property=\"og:title\" content=\"Cerar ne razume Pahorja, zakaj bi moral biti na pogovoru o brexitu tudi Jan\u0161a - Hudo Slovenija\" \/>\n<meta property=\"og:description\" content=\"Premier Miro Cerar namerava predsednika republike Boruta Pahorja seznaniti s pogovori o britanskem referendumu na vrhu EU v Bruslju. Vendar pa ne razume, zakaj bi moral na sre\u010danju, ki ga je predlagal Pahor, biti navzo\u010d tudi predsednik SDS Janez Jan\u0161a. Pahor ga je, kot je povedal Cerar, obvestil, da bi se \u017eelel sre\u010dati z njim in se seznaniti s pogovori v Bruslju, kjer je danes in v sredo sre\u010danje predsednikov dr\u017eav in vlad Evropske unije. Prav je, da kot predsednik vlade predsednika seznanim s potekom pogovorov v Bruslju, je pred za\u010detkom zasedanja voditeljev EU danes dejal Cerar. &quot;Nikakor pa ne razumem, zakaj bi moral biti pri tem razgovoru prisoten Jan\u0161a,&quot; je dejal. Po njegovem bi bilo morda razumljivo, da sta navzo\u010da \u0161e predsednik dr\u017eavnega zbora in dr\u017eavnega sveta. Ne razume pa, zakaj bi moral biti na teh pogovorih navzo\u010d eden od vodij politi\u010dnih strank, kajti gre za medinstitucionalni pogovor. &quot;Upam, da \u010de se bomo dobili, se bomo dobili v tak\u0161ni sestavi, v kakr\u0161ni bo to smiselno,&quot; je dejal Cerar. Predsednik dr\u017eave Borut Pahor je za Televizijo Slovenija v soboto povedal, da je po odlo\u010ditvi britanskih volivcev za odhod iz EU na pogovor v tem tednu povabil predsednika vlade in predsednika najve\u010dje opozicijske stranke. Pahor je ob tem ponovil mnenje, da bo prihodnost EU federalna ali pa je ne bo ve\u010d. Za federalno ureditev Evrope se je zavzel tudi na osrednji dr\u017eavni slovesnosti ob 25. obletnici samostojnosti Slovenije. Po mnenju Cerarja federalna Evropa med drugim pomeni tudi izgubo suverenosti slovenske dr\u017eave, zato se za kaj takega ne more zavzemati. &quot;Ta pristop v tem trenutku ni produktiven, ker lahko vzbuja nelagodja na nekih skrajnih poljih politi\u010dnih spektrov v Evropi,&quot; je dejal na vpra\u0161anje, ali naj gre prenova EU v smeri federalne Evrope. Premier meni, da je treba biti realen in graditi Evropo v razumnem smislu, tako kot smo jo gradili doslej. To pa pomeni zasledovati skupne cilje, ohraniti enotnost sedemindvajseterice, pa tudi nadaljevati z investicijskimi\" \/>\n<meta property=\"og:url\" content=\"https:\/\/hudo.com\/si\/aktualno\/cerar-ne-razume-pahorja-zakaj-bi-moral-biti-na-pogovoru-o-brexitu-tudi-jansa\/\" \/>\n<meta property=\"og:site_name\" content=\"Hudo Slovenija\" \/>\n<meta property=\"article:publisher\" content=\"https:\/\/www.facebook.com\/hudo.si\" \/>\n<meta property=\"article:published_time\" content=\"2016-06-28T14:15:00+00:00\" \/>\n<meta property=\"article:modified_time\" content=\"2016-06-29T13:41:11+00:00\" \/>\n<meta property=\"og:image\" content=\"https:\/\/hudo.com\/si\/wp-content\/uploads\/sites\/2\/2016\/06\/05396493-300.jpg\" \/>\n\t<meta property=\"og:image:width\" content=\"450\" \/>\n\t<meta property=\"og:image:height\" content=\"584\" \/>\n\t<meta property=\"og:image:type\" content=\"image\/jpeg\" \/>\n<meta name=\"author\" content=\"hudo\" \/>\n<meta name=\"twitter:card\" content=\"summary_large_image\" \/>\n<meta name=\"twitter:creator\" content=\"@hudo_si\" \/>\n<meta name=\"twitter:site\" content=\"@hudo_si\" \/>\n<meta name=\"twitter:label1\" content=\"Written by\" \/>\n\t<meta name=\"twitter:data1\" content=\"hudo\" \/>\n\t<meta name=\"twitter:label2\" content=\"Est. reading time\" \/>\n\t<meta name=\"twitter:data2\" content=\"2 minuti\" \/>\n<script type=\"application\/ld+json\" class=\"yoast-schema-graph\">{\"@context\":\"https:\/\/schema.org\",\"@graph\":[{\"@type\":\"Article\",\"@id\":\"https:\/\/hudo.com\/si\/aktualno\/cerar-ne-razume-pahorja-zakaj-bi-moral-biti-na-pogovoru-o-brexitu-tudi-jansa\/#article\",\"isPartOf\":{\"@id\":\"https:\/\/hudo.com\/si\/aktualno\/cerar-ne-razume-pahorja-zakaj-bi-moral-biti-na-pogovoru-o-brexitu-tudi-jansa\/\"},\"author\":{\"name\":\"hudo\",\"@id\":\"https:\/\/hudo.com\/si\/#\/schema\/person\/601cf3379633985b20f7e50f2bb47707\"},\"headline\":\"Cerar ne razume Pahorja, zakaj bi moral biti na pogovoru o brexitu tudi Jan\u0161a\",\"datePublished\":\"2016-06-28T14:15:00+00:00\",\"dateModified\":\"2016-06-29T13:41:11+00:00\",\"mainEntityOfPage\":{\"@id\":\"https:\/\/hudo.com\/si\/aktualno\/cerar-ne-razume-pahorja-zakaj-bi-moral-biti-na-pogovoru-o-brexitu-tudi-jansa\/\"},\"wordCount\":357,\"publisher\":{\"@id\":\"https:\/\/hudo.com\/si\/#organization\"},\"articleSection\":[\"Aktualno\"],\"inLanguage\":\"sl-SI\"},{\"@type\":\"WebPage\",\"@id\":\"https:\/\/hudo.com\/si\/aktualno\/cerar-ne-razume-pahorja-zakaj-bi-moral-biti-na-pogovoru-o-brexitu-tudi-jansa\/\",\"url\":\"https:\/\/hudo.com\/si\/aktualno\/cerar-ne-razume-pahorja-zakaj-bi-moral-biti-na-pogovoru-o-brexitu-tudi-jansa\/\",\"name\":\"Cerar ne razume Pahorja, zakaj bi moral biti na pogovoru o brexitu tudi Jan\u0161a - Hudo Slovenija\",\"isPartOf\":{\"@id\":\"https:\/\/hudo.com\/si\/#website\"},\"datePublished\":\"2016-06-28T14:15:00+00:00\",\"dateModified\":\"2016-06-29T13:41:11+00:00\",\"breadcrumb\":{\"@id\":\"https:\/\/hudo.com\/si\/aktualno\/cerar-ne-razume-pahorja-zakaj-bi-moral-biti-na-pogovoru-o-brexitu-tudi-jansa\/#breadcrumb\"},\"inLanguage\":\"sl-SI\",\"potentialAction\":[{\"@type\":\"ReadAction\",\"target\":[\"https:\/\/hudo.com\/si\/aktualno\/cerar-ne-razume-pahorja-zakaj-bi-moral-biti-na-pogovoru-o-brexitu-tudi-jansa\/\"]}]},{\"@type\":\"BreadcrumbList\",\"@id\":\"https:\/\/hudo.com\/si\/aktualno\/cerar-ne-razume-pahorja-zakaj-bi-moral-biti-na-pogovoru-o-brexitu-tudi-jansa\/#breadcrumb\",\"itemListElement\":[{\"@type\":\"ListItem\",\"position\":1,\"name\":\"Home\",\"item\":\"https:\/\/hudo.com\/si\/\"},{\"@type\":\"ListItem\",\"position\":2,\"name\":\"Cerar ne razume Pahorja, zakaj bi moral biti na pogovoru o brexitu tudi Jan\u0161a\"}]},{\"@type\":\"WebSite\",\"@id\":\"https:\/\/hudo.com\/si\/#website\",\"url\":\"https:\/\/hudo.com\/si\/\",\"name\":\"Hudo Slovenija\",\"description\":\"Vse novice iz Slovenije in sveta\",\"publisher\":{\"@id\":\"https:\/\/hudo.com\/si\/#organization\"},\"potentialAction\":[{\"@type\":\"SearchAction\",\"target\":{\"@type\":\"EntryPoint\",\"urlTemplate\":\"https:\/\/hudo.com\/si\/?s={search_term_string}\"},\"query-input\":\"required name=search_term_string\"}],\"inLanguage\":\"sl-SI\"},{\"@type\":\"Organization\",\"@id\":\"https:\/\/hudo.com\/si\/#organization\",\"name\":\"VSN Media\",\"url\":\"https:\/\/hudo.com\/si\/\",\"logo\":{\"@type\":\"ImageObject\",\"inLanguage\":\"sl-SI\",\"@id\":\"https:\/\/hudo.com\/si\/#\/schema\/logo\/image\/\",\"url\":\"https:\/\/hudo.com\/si\/wp-content\/uploads\/sites\/2\/2021\/03\/hudo-app-2.png\",\"contentUrl\":\"https:\/\/hudo.com\/si\/wp-content\/uploads\/sites\/2\/2021\/03\/hudo-app-2.png\",\"width\":2185,\"height\":2167,\"caption\":\"VSN Media\"},\"image\":{\"@id\":\"https:\/\/hudo.com\/si\/#\/schema\/logo\/image\/\"},\"sameAs\":[\"https:\/\/www.facebook.com\/hudo.si\",\"https:\/\/twitter.com\/hudo_si\"]},{\"@type\":\"Person\",\"@id\":\"https:\/\/hudo.com\/si\/#\/schema\/person\/601cf3379633985b20f7e50f2bb47707\",\"name\":\"hudo\",\"image\":{\"@type\":\"ImageObject\",\"inLanguage\":\"sl-SI\",\"@id\":\"https:\/\/hudo.com\/si\/#\/schema\/person\/image\/\",\"url\":\"https:\/\/secure.gravatar.com\/avatar\/c4ca25fa72cace7a696b52ff5db9e095?s=96&d=mm&r=g\",\"contentUrl\":\"https:\/\/secure.gravatar.com\/avatar\/c4ca25fa72cace7a696b52ff5db9e095?s=96&d=mm&r=g\",\"caption\":\"hudo\"},\"url\":\"https:\/\/hudo.com\/si\/author\/hudo\/\"}]}<\/script>\n<!-- \/ Yoast SEO plugin. -->","yoast_head_json":{"title":"Cerar ne razume Pahorja, zakaj bi moral biti na pogovoru o brexitu tudi Jan\u0161a - Hudo Slovenija","robots":{"index":"index","follow":"follow","max-snippet":"max-snippet:-1","max-image-preview":"max-image-preview:large","max-video-preview":"max-video-preview:-1"},"canonical":"https:\/\/hudo.com\/si\/aktualno\/cerar-ne-razume-pahorja-zakaj-bi-moral-biti-na-pogovoru-o-brexitu-tudi-jansa\/","og_locale":"sl_SI","og_type":"article","og_title":"Cerar ne razume Pahorja, zakaj bi moral biti na pogovoru o brexitu tudi Jan\u0161a - Hudo Slovenija","og_description":"Premier Miro Cerar namerava predsednika republike Boruta Pahorja seznaniti s pogovori o britanskem referendumu na vrhu EU v Bruslju. Vendar pa ne razume, zakaj bi moral na sre\u010danju, ki ga je predlagal Pahor, biti navzo\u010d tudi predsednik SDS Janez Jan\u0161a. Pahor ga je, kot je povedal Cerar, obvestil, da bi se \u017eelel sre\u010dati z njim in se seznaniti s pogovori v Bruslju, kjer je danes in v sredo sre\u010danje predsednikov dr\u017eav in vlad Evropske unije. Prav je, da kot predsednik vlade predsednika seznanim s potekom pogovorov v Bruslju, je pred za\u010detkom zasedanja voditeljev EU danes dejal Cerar. \"Nikakor pa ne razumem, zakaj bi moral biti pri tem razgovoru prisoten Jan\u0161a,\" je dejal. Po njegovem bi bilo morda razumljivo, da sta navzo\u010da \u0161e predsednik dr\u017eavnega zbora in dr\u017eavnega sveta. Ne razume pa, zakaj bi moral biti na teh pogovorih navzo\u010d eden od vodij politi\u010dnih strank, kajti gre za medinstitucionalni pogovor. \"Upam, da \u010de se bomo dobili, se bomo dobili v tak\u0161ni sestavi, v kakr\u0161ni bo to smiselno,\" je dejal Cerar. Predsednik dr\u017eave Borut Pahor je za Televizijo Slovenija v soboto povedal, da je po odlo\u010ditvi britanskih volivcev za odhod iz EU na pogovor v tem tednu povabil predsednika vlade in predsednika najve\u010dje opozicijske stranke. Pahor je ob tem ponovil mnenje, da bo prihodnost EU federalna ali pa je ne bo ve\u010d. Za federalno ureditev Evrope se je zavzel tudi na osrednji dr\u017eavni slovesnosti ob 25. obletnici samostojnosti Slovenije. Po mnenju Cerarja federalna Evropa med drugim pomeni tudi izgubo suverenosti slovenske dr\u017eave, zato se za kaj takega ne more zavzemati. \"Ta pristop v tem trenutku ni produktiven, ker lahko vzbuja nelagodja na nekih skrajnih poljih politi\u010dnih spektrov v Evropi,\" je dejal na vpra\u0161anje, ali naj gre prenova EU v smeri federalne Evrope. Premier meni, da je treba biti realen in graditi Evropo v razumnem smislu, tako kot smo jo gradili doslej. To pa pomeni zasledovati skupne cilje, ohraniti enotnost sedemindvajseterice, pa tudi nadaljevati z investicijskimi","og_url":"https:\/\/hudo.com\/si\/aktualno\/cerar-ne-razume-pahorja-zakaj-bi-moral-biti-na-pogovoru-o-brexitu-tudi-jansa\/","og_site_name":"Hudo Slovenija","article_publisher":"https:\/\/www.facebook.com\/hudo.si","article_published_time":"2016-06-28T14:15:00+00:00","article_modified_time":"2016-06-29T13:41:11+00:00","og_image":[{"width":450,"height":584,"url":"https:\/\/hudo.com\/si\/wp-content\/uploads\/sites\/2\/2016\/06\/05396493-300.jpg","type":"image\/jpeg"}],"author":"hudo","twitter_card":"summary_large_image","twitter_creator":"@hudo_si","twitter_site":"@hudo_si","twitter_misc":{"Written by":"hudo","Est. reading time":"2 minuti"},"schema":{"@context":"https:\/\/schema.org","@graph":[{"@type":"Article","@id":"https:\/\/hudo.com\/si\/aktualno\/cerar-ne-razume-pahorja-zakaj-bi-moral-biti-na-pogovoru-o-brexitu-tudi-jansa\/#article","isPartOf":{"@id":"https:\/\/hudo.com\/si\/aktualno\/cerar-ne-razume-pahorja-zakaj-bi-moral-biti-na-pogovoru-o-brexitu-tudi-jansa\/"},"author":{"name":"hudo","@id":"https:\/\/hudo.com\/si\/#\/schema\/person\/601cf3379633985b20f7e50f2bb47707"},"headline":"Cerar ne razume Pahorja, zakaj bi moral biti na pogovoru o brexitu tudi Jan\u0161a","datePublished":"2016-06-28T14:15:00+00:00","dateModified":"2016-06-29T13:41:11+00:00","mainEntityOfPage":{"@id":"https:\/\/hudo.com\/si\/aktualno\/cerar-ne-razume-pahorja-zakaj-bi-moral-biti-na-pogovoru-o-brexitu-tudi-jansa\/"},"wordCount":357,"publisher":{"@id":"https:\/\/hudo.com\/si\/#organization"},"articleSection":["Aktualno"],"inLanguage":"sl-SI"},{"@type":"WebPage","@id":"https:\/\/hudo.com\/si\/aktualno\/cerar-ne-razume-pahorja-zakaj-bi-moral-biti-na-pogovoru-o-brexitu-tudi-jansa\/","url":"https:\/\/hudo.com\/si\/aktualno\/cerar-ne-razume-pahorja-zakaj-bi-moral-biti-na-pogovoru-o-brexitu-tudi-jansa\/","name":"Cerar ne razume Pahorja, zakaj bi moral biti na pogovoru o brexitu tudi Jan\u0161a - Hudo Slovenija","isPartOf":{"@id":"https:\/\/hudo.com\/si\/#website"},"datePublished":"2016-06-28T14:15:00+00:00","dateModified":"2016-06-29T13:41:11+00:00","breadcrumb":{"@id":"https:\/\/hudo.com\/si\/aktualno\/cerar-ne-razume-pahorja-zakaj-bi-moral-biti-na-pogovoru-o-brexitu-tudi-jansa\/#breadcrumb"},"inLanguage":"sl-SI","potentialAction":[{"@type":"ReadAction","target":["https:\/\/hudo.com\/si\/aktualno\/cerar-ne-razume-pahorja-zakaj-bi-moral-biti-na-pogovoru-o-brexitu-tudi-jansa\/"]}]},{"@type":"BreadcrumbList","@id":"https:\/\/hudo.com\/si\/aktualno\/cerar-ne-razume-pahorja-zakaj-bi-moral-biti-na-pogovoru-o-brexitu-tudi-jansa\/#breadcrumb","itemListElement":[{"@type":"ListItem","position":1,"name":"Home","item":"https:\/\/hudo.com\/si\/"},{"@type":"ListItem","position":2,"name":"Cerar ne razume Pahorja, zakaj bi moral biti na pogovoru o brexitu tudi Jan\u0161a"}]},{"@type":"WebSite","@id":"https:\/\/hudo.com\/si\/#website","url":"https:\/\/hudo.com\/si\/","name":"Hudo Slovenija","description":"Vse novice iz Slovenije in sveta","publisher":{"@id":"https:\/\/hudo.com\/si\/#organization"},"potentialAction":[{"@type":"SearchAction","target":{"@type":"EntryPoint","urlTemplate":"https:\/\/hudo.com\/si\/?s={search_term_string}"},"query-input":"required name=search_term_string"}],"inLanguage":"sl-SI"},{"@type":"Organization","@id":"https:\/\/hudo.com\/si\/#organization","name":"VSN Media","url":"https:\/\/hudo.com\/si\/","logo":{"@type":"ImageObject","inLanguage":"sl-SI","@id":"https:\/\/hudo.com\/si\/#\/schema\/logo\/image\/","url":"https:\/\/hudo.com\/si\/wp-content\/uploads\/sites\/2\/2021\/03\/hudo-app-2.png","contentUrl":"https:\/\/hudo.com\/si\/wp-content\/uploads\/sites\/2\/2021\/03\/hudo-app-2.png","width":2185,"height":2167,"caption":"VSN Media"},"image":{"@id":"https:\/\/hudo.com\/si\/#\/schema\/logo\/image\/"},"sameAs":["https:\/\/www.facebook.com\/hudo.si","https:\/\/twitter.com\/hudo_si"]},{"@type":"Person","@id":"https:\/\/hudo.com\/si\/#\/schema\/person\/601cf3379633985b20f7e50f2bb47707","name":"hudo","image":{"@type":"ImageObject","inLanguage":"sl-SI","@id":"https:\/\/hudo.com\/si\/#\/schema\/person\/image\/","url":"https:\/\/secure.gravatar.com\/avatar\/c4ca25fa72cace7a696b52ff5db9e095?s=96&d=mm&r=g","contentUrl":"https:\/\/secure.gravatar.com\/avatar\/c4ca25fa72cace7a696b52ff5db9e095?s=96&d=mm&r=g","caption":"hudo"},"url":"https:\/\/hudo.com\/si\/author\/hudo\/"}]}},"amp_enabled":true,"_links":{"self":[{"href":"https:\/\/hudo.com\/si\/wp-json\/wp\/v2\/posts\/84488"}],"collection":[{"href":"https:\/\/hudo.com\/si\/wp-json\/wp\/v2\/posts"}],"about":[{"href":"https:\/\/hudo.com\/si\/wp-json\/wp\/v2\/types\/post"}],"author":[{"embeddable":true,"href":"https:\/\/hudo.com\/si\/wp-json\/wp\/v2\/users\/1"}],"replies":[{"embeddable":true,"href":"https:\/\/hudo.com\/si\/wp-json\/wp\/v2\/comments?post=84488"}],"version-history":[{"count":1,"href":"https:\/\/hudo.com\/si\/wp-json\/wp\/v2\/posts\/84488\/revisions"}],"predecessor-version":[{"id":84678,"href":"https:\/\/hudo.com\/si\/wp-json\/wp\/v2\/posts\/84488\/revisions\/84678"}],"wp:attachment":[{"href":"https:\/\/hudo.com\/si\/wp-json\/wp\/v2\/media?parent=84488"}],"wp:term":[{"taxonomy":"category","embeddable":true,"href":"https:\/\/hudo.com\/si\/wp-json\/wp\/v2\/categories?post=84488"},{"taxonomy":"post_tag","embeddable":true,"href":"https:\/\/hudo.com\/si\/wp-json\/wp\/v2\/tags?post=84488"},{"taxonomy":"source","embeddable":true,"href":"https:\/\/hudo.com\/si\/wp-json\/wp\/v2\/source?post=84488"},{"taxonomy":"supertag","embeddable":true,"href":"https:\/\/hudo.com\/si\/wp-json\/wp\/v2\/supertag?post=84488"}],"curies":[{"name":"wp","href":"https:\/\/api.w.org\/{rel}","templated":true}]}}