{"id":84500,"date":"2016-06-28T16:01:36","date_gmt":"2016-06-28T14:01:36","guid":{"rendered":"http:\/\/hudo.com\/si\/2016\/06\/28\/foto-nagaceni-jazbec-se-je-vrnil-pred-luko-delat-ne-cmerat\/"},"modified":"2016-06-29T19:01:16","modified_gmt":"2016-06-29T17:01:16","slug":"foto-nagaceni-jazbec-se-je-vrnil-pred-luko-delat-ne-cmerat","status":"publish","type":"post","link":"https:\/\/hudo.com\/si\/aktualno\/foto-nagaceni-jazbec-se-je-vrnil-pred-luko-delat-ne-cmerat\/","title":{"rendered":"FOTO: Naga\u010deni jazbec se je vrnil pred Luko: &#8220;Delat, ne cmerat!&#8221;"},"content":{"rendered":"<p>&#8220;Vlada, prodaj sebe, to je strate\u0161ka nalo\u017eba!&#8221; in &#8220;Jazbeca v jazbino&#8221; sporo\u010daju transparenti na protestnem shodu pred Luko Koper. Ob slovenskih zastavah in transparentih je bilo mo\u010d opaziti precej &#8220;rde\u010de&#8221; ikonografije z rde\u010dimi zvezdami in zastavami. Premier Miro Cerar je pred shodom za za\u0161\u010dito Luke Koper, katerega organizatorji so prepri\u010dani, da \u017eeli vlada Luko prodati, spomnil, da je vlada opredelila kot Luko strate\u0161ko nalo\u017ebo, ki ostaja v dr\u017eavni lasti. Ob tem je pozval Luko Koper in SDH, da &#8220;se vzdr\u017eita vseh ravnanj, ki bi lahko \u0161kodili Luki&#8221;.<\/p>\n","protected":false},"excerpt":{"rendered":"<p>&#8220;Vlada, prodaj sebe, to je strate\u0161ka nalo\u017eba!&#8221; in &#8220;Jazbeca v jazbino&#8221; sporo\u010daju transparenti na protestnem shodu pred Luko Koper. Ob slovenskih zastavah in transparentih je bilo mo\u010d opaziti precej &#8220;rde\u010de&#8221; ikonografije z rde\u010dimi zvezdami in zastavami. Premier Miro Cerar je pred shodom za za\u0161\u010dito Luke Koper, katerega organizatorji so prepri\u010dani, da \u017eeli vlada Luko prodati, spomnil, da je vlada opredelila kot Luko strate\u0161ko nalo\u017ebo, ki ostaja v dr\u017eavni lasti. Ob tem je pozval Luko Koper in SDH, da &#8220;se vzdr\u017eita vseh ravnanj, ki bi lahko \u0161kodili Luki&#8221;.<\/p>\n","protected":false},"author":1,"featured_media":0,"comment_status":"closed","ping_status":"closed","sticky":false,"template":"","format":"standard","meta":{"footnotes":""},"categories":[1179],"tags":[],"source":[5113],"supertag":[],"acf":[],"yoast_head":"<!-- This site is optimized with the Yoast SEO plugin v21.3 - https:\/\/yoast.com\/wordpress\/plugins\/seo\/ -->\n<title>FOTO: Naga\u010deni jazbec se je vrnil pred Luko: &quot;Delat, ne cmerat!&quot; - Hudo Slovenija<\/title>\n<meta name=\"robots\" content=\"index, follow, max-snippet:-1, max-image-preview:large, max-video-preview:-1\" \/>\n<link rel=\"canonical\" href=\"https:\/\/hudo.com\/si\/aktualno\/foto-nagaceni-jazbec-se-je-vrnil-pred-luko-delat-ne-cmerat\/\" \/>\n<meta property=\"og:locale\" content=\"sl_SI\" \/>\n<meta property=\"og:type\" content=\"article\" \/>\n<meta property=\"og:title\" content=\"FOTO: Naga\u010deni jazbec se je vrnil pred Luko: &quot;Delat, ne cmerat!&quot; - Hudo Slovenija\" \/>\n<meta property=\"og:description\" content=\"&quot;Vlada, prodaj sebe, to je strate\u0161ka nalo\u017eba!&quot; in &quot;Jazbeca v jazbino&quot; sporo\u010daju transparenti na protestnem shodu pred Luko Koper. Ob slovenskih zastavah in transparentih je bilo mo\u010d opaziti precej &quot;rde\u010de&quot; ikonografije z rde\u010dimi zvezdami in zastavami. Premier Miro Cerar je pred shodom za za\u0161\u010dito Luke Koper, katerega organizatorji so prepri\u010dani, da \u017eeli vlada Luko prodati, spomnil, da je vlada opredelila kot Luko strate\u0161ko nalo\u017ebo, ki ostaja v dr\u017eavni lasti. Ob tem je pozval Luko Koper in SDH, da &quot;se vzdr\u017eita vseh ravnanj, ki bi lahko \u0161kodili Luki&quot;.\" \/>\n<meta property=\"og:url\" content=\"https:\/\/hudo.com\/si\/aktualno\/foto-nagaceni-jazbec-se-je-vrnil-pred-luko-delat-ne-cmerat\/\" \/>\n<meta property=\"og:site_name\" content=\"Hudo Slovenija\" \/>\n<meta property=\"article:publisher\" content=\"https:\/\/www.facebook.com\/hudo.si\" \/>\n<meta property=\"article:published_time\" content=\"2016-06-28T14:01:36+00:00\" \/>\n<meta property=\"article:modified_time\" content=\"2016-06-29T17:01:16+00:00\" \/>\n<meta property=\"og:image\" content=\"https:\/\/hudo.com\/si\/wp-content\/uploads\/sites\/2\/2016\/06\/jazbec-magacen_bobo.jpg\" \/>\n\t<meta property=\"og:image:width\" content=\"640\" \/>\n\t<meta property=\"og:image:height\" content=\"316\" \/>\n\t<meta property=\"og:image:type\" content=\"image\/jpeg\" \/>\n<meta name=\"author\" content=\"hudo\" \/>\n<meta name=\"twitter:card\" content=\"summary_large_image\" \/>\n<meta name=\"twitter:creator\" content=\"@hudo_si\" \/>\n<meta name=\"twitter:site\" content=\"@hudo_si\" \/>\n<meta name=\"twitter:label1\" content=\"Written by\" \/>\n\t<meta name=\"twitter:data1\" content=\"hudo\" \/>\n<script type=\"application\/ld+json\" class=\"yoast-schema-graph\">{\"@context\":\"https:\/\/schema.org\",\"@graph\":[{\"@type\":\"Article\",\"@id\":\"https:\/\/hudo.com\/si\/aktualno\/foto-nagaceni-jazbec-se-je-vrnil-pred-luko-delat-ne-cmerat\/#article\",\"isPartOf\":{\"@id\":\"https:\/\/hudo.com\/si\/aktualno\/foto-nagaceni-jazbec-se-je-vrnil-pred-luko-delat-ne-cmerat\/\"},\"author\":{\"name\":\"hudo\",\"@id\":\"https:\/\/hudo.com\/si\/#\/schema\/person\/601cf3379633985b20f7e50f2bb47707\"},\"headline\":\"FOTO: Naga\u010deni jazbec se je vrnil pred Luko: &#8220;Delat, ne cmerat!&#8221;\",\"datePublished\":\"2016-06-28T14:01:36+00:00\",\"dateModified\":\"2016-06-29T17:01:16+00:00\",\"mainEntityOfPage\":{\"@id\":\"https:\/\/hudo.com\/si\/aktualno\/foto-nagaceni-jazbec-se-je-vrnil-pred-luko-delat-ne-cmerat\/\"},\"wordCount\":110,\"publisher\":{\"@id\":\"https:\/\/hudo.com\/si\/#organization\"},\"articleSection\":[\"Aktualno\"],\"inLanguage\":\"sl-SI\"},{\"@type\":\"WebPage\",\"@id\":\"https:\/\/hudo.com\/si\/aktualno\/foto-nagaceni-jazbec-se-je-vrnil-pred-luko-delat-ne-cmerat\/\",\"url\":\"https:\/\/hudo.com\/si\/aktualno\/foto-nagaceni-jazbec-se-je-vrnil-pred-luko-delat-ne-cmerat\/\",\"name\":\"FOTO: Naga\u010deni jazbec se je vrnil pred Luko: \\\"Delat, ne cmerat!\\\" - Hudo Slovenija\",\"isPartOf\":{\"@id\":\"https:\/\/hudo.com\/si\/#website\"},\"datePublished\":\"2016-06-28T14:01:36+00:00\",\"dateModified\":\"2016-06-29T17:01:16+00:00\",\"breadcrumb\":{\"@id\":\"https:\/\/hudo.com\/si\/aktualno\/foto-nagaceni-jazbec-se-je-vrnil-pred-luko-delat-ne-cmerat\/#breadcrumb\"},\"inLanguage\":\"sl-SI\",\"potentialAction\":[{\"@type\":\"ReadAction\",\"target\":[\"https:\/\/hudo.com\/si\/aktualno\/foto-nagaceni-jazbec-se-je-vrnil-pred-luko-delat-ne-cmerat\/\"]}]},{\"@type\":\"BreadcrumbList\",\"@id\":\"https:\/\/hudo.com\/si\/aktualno\/foto-nagaceni-jazbec-se-je-vrnil-pred-luko-delat-ne-cmerat\/#breadcrumb\",\"itemListElement\":[{\"@type\":\"ListItem\",\"position\":1,\"name\":\"Home\",\"item\":\"https:\/\/hudo.com\/si\/\"},{\"@type\":\"ListItem\",\"position\":2,\"name\":\"FOTO: Naga\u010deni jazbec se je vrnil pred Luko: &#8220;Delat, ne cmerat!&#8221;\"}]},{\"@type\":\"WebSite\",\"@id\":\"https:\/\/hudo.com\/si\/#website\",\"url\":\"https:\/\/hudo.com\/si\/\",\"name\":\"Hudo Slovenija\",\"description\":\"Vse novice iz Slovenije in sveta\",\"publisher\":{\"@id\":\"https:\/\/hudo.com\/si\/#organization\"},\"potentialAction\":[{\"@type\":\"SearchAction\",\"target\":{\"@type\":\"EntryPoint\",\"urlTemplate\":\"https:\/\/hudo.com\/si\/?s={search_term_string}\"},\"query-input\":\"required name=search_term_string\"}],\"inLanguage\":\"sl-SI\"},{\"@type\":\"Organization\",\"@id\":\"https:\/\/hudo.com\/si\/#organization\",\"name\":\"VSN Media\",\"url\":\"https:\/\/hudo.com\/si\/\",\"logo\":{\"@type\":\"ImageObject\",\"inLanguage\":\"sl-SI\",\"@id\":\"https:\/\/hudo.com\/si\/#\/schema\/logo\/image\/\",\"url\":\"https:\/\/hudo.com\/si\/wp-content\/uploads\/sites\/2\/2021\/03\/hudo-app-2.png\",\"contentUrl\":\"https:\/\/hudo.com\/si\/wp-content\/uploads\/sites\/2\/2021\/03\/hudo-app-2.png\",\"width\":2185,\"height\":2167,\"caption\":\"VSN Media\"},\"image\":{\"@id\":\"https:\/\/hudo.com\/si\/#\/schema\/logo\/image\/\"},\"sameAs\":[\"https:\/\/www.facebook.com\/hudo.si\",\"https:\/\/twitter.com\/hudo_si\"]},{\"@type\":\"Person\",\"@id\":\"https:\/\/hudo.com\/si\/#\/schema\/person\/601cf3379633985b20f7e50f2bb47707\",\"name\":\"hudo\",\"image\":{\"@type\":\"ImageObject\",\"inLanguage\":\"sl-SI\",\"@id\":\"https:\/\/hudo.com\/si\/#\/schema\/person\/image\/\",\"url\":\"https:\/\/secure.gravatar.com\/avatar\/c4ca25fa72cace7a696b52ff5db9e095?s=96&d=mm&r=g\",\"contentUrl\":\"https:\/\/secure.gravatar.com\/avatar\/c4ca25fa72cace7a696b52ff5db9e095?s=96&d=mm&r=g\",\"caption\":\"hudo\"},\"url\":\"https:\/\/hudo.com\/si\/author\/hudo\/\"}]}<\/script>\n<!-- \/ Yoast SEO plugin. -->","yoast_head_json":{"title":"FOTO: Naga\u010deni jazbec se je vrnil pred Luko: \"Delat, ne cmerat!\" - Hudo Slovenija","robots":{"index":"index","follow":"follow","max-snippet":"max-snippet:-1","max-image-preview":"max-image-preview:large","max-video-preview":"max-video-preview:-1"},"canonical":"https:\/\/hudo.com\/si\/aktualno\/foto-nagaceni-jazbec-se-je-vrnil-pred-luko-delat-ne-cmerat\/","og_locale":"sl_SI","og_type":"article","og_title":"FOTO: Naga\u010deni jazbec se je vrnil pred Luko: \"Delat, ne cmerat!\" - Hudo Slovenija","og_description":"\"Vlada, prodaj sebe, to je strate\u0161ka nalo\u017eba!\" in \"Jazbeca v jazbino\" sporo\u010daju transparenti na protestnem shodu pred Luko Koper. Ob slovenskih zastavah in transparentih je bilo mo\u010d opaziti precej \"rde\u010de\" ikonografije z rde\u010dimi zvezdami in zastavami. Premier Miro Cerar je pred shodom za za\u0161\u010dito Luke Koper, katerega organizatorji so prepri\u010dani, da \u017eeli vlada Luko prodati, spomnil, da je vlada opredelila kot Luko strate\u0161ko nalo\u017ebo, ki ostaja v dr\u017eavni lasti. Ob tem je pozval Luko Koper in SDH, da \"se vzdr\u017eita vseh ravnanj, ki bi lahko \u0161kodili Luki\".","og_url":"https:\/\/hudo.com\/si\/aktualno\/foto-nagaceni-jazbec-se-je-vrnil-pred-luko-delat-ne-cmerat\/","og_site_name":"Hudo Slovenija","article_publisher":"https:\/\/www.facebook.com\/hudo.si","article_published_time":"2016-06-28T14:01:36+00:00","article_modified_time":"2016-06-29T17:01:16+00:00","og_image":[{"width":640,"height":316,"url":"https:\/\/hudo.com\/si\/wp-content\/uploads\/sites\/2\/2016\/06\/jazbec-magacen_bobo.jpg","type":"image\/jpeg"}],"author":"hudo","twitter_card":"summary_large_image","twitter_creator":"@hudo_si","twitter_site":"@hudo_si","twitter_misc":{"Written by":"hudo"},"schema":{"@context":"https:\/\/schema.org","@graph":[{"@type":"Article","@id":"https:\/\/hudo.com\/si\/aktualno\/foto-nagaceni-jazbec-se-je-vrnil-pred-luko-delat-ne-cmerat\/#article","isPartOf":{"@id":"https:\/\/hudo.com\/si\/aktualno\/foto-nagaceni-jazbec-se-je-vrnil-pred-luko-delat-ne-cmerat\/"},"author":{"name":"hudo","@id":"https:\/\/hudo.com\/si\/#\/schema\/person\/601cf3379633985b20f7e50f2bb47707"},"headline":"FOTO: Naga\u010deni jazbec se je vrnil pred Luko: &#8220;Delat, ne cmerat!&#8221;","datePublished":"2016-06-28T14:01:36+00:00","dateModified":"2016-06-29T17:01:16+00:00","mainEntityOfPage":{"@id":"https:\/\/hudo.com\/si\/aktualno\/foto-nagaceni-jazbec-se-je-vrnil-pred-luko-delat-ne-cmerat\/"},"wordCount":110,"publisher":{"@id":"https:\/\/hudo.com\/si\/#organization"},"articleSection":["Aktualno"],"inLanguage":"sl-SI"},{"@type":"WebPage","@id":"https:\/\/hudo.com\/si\/aktualno\/foto-nagaceni-jazbec-se-je-vrnil-pred-luko-delat-ne-cmerat\/","url":"https:\/\/hudo.com\/si\/aktualno\/foto-nagaceni-jazbec-se-je-vrnil-pred-luko-delat-ne-cmerat\/","name":"FOTO: Naga\u010deni jazbec se je vrnil pred Luko: \"Delat, ne cmerat!\" - Hudo Slovenija","isPartOf":{"@id":"https:\/\/hudo.com\/si\/#website"},"datePublished":"2016-06-28T14:01:36+00:00","dateModified":"2016-06-29T17:01:16+00:00","breadcrumb":{"@id":"https:\/\/hudo.com\/si\/aktualno\/foto-nagaceni-jazbec-se-je-vrnil-pred-luko-delat-ne-cmerat\/#breadcrumb"},"inLanguage":"sl-SI","potentialAction":[{"@type":"ReadAction","target":["https:\/\/hudo.com\/si\/aktualno\/foto-nagaceni-jazbec-se-je-vrnil-pred-luko-delat-ne-cmerat\/"]}]},{"@type":"BreadcrumbList","@id":"https:\/\/hudo.com\/si\/aktualno\/foto-nagaceni-jazbec-se-je-vrnil-pred-luko-delat-ne-cmerat\/#breadcrumb","itemListElement":[{"@type":"ListItem","position":1,"name":"Home","item":"https:\/\/hudo.com\/si\/"},{"@type":"ListItem","position":2,"name":"FOTO: Naga\u010deni jazbec se je vrnil pred Luko: &#8220;Delat, ne cmerat!&#8221;"}]},{"@type":"WebSite","@id":"https:\/\/hudo.com\/si\/#website","url":"https:\/\/hudo.com\/si\/","name":"Hudo Slovenija","description":"Vse novice iz Slovenije in sveta","publisher":{"@id":"https:\/\/hudo.com\/si\/#organization"},"potentialAction":[{"@type":"SearchAction","target":{"@type":"EntryPoint","urlTemplate":"https:\/\/hudo.com\/si\/?s={search_term_string}"},"query-input":"required name=search_term_string"}],"inLanguage":"sl-SI"},{"@type":"Organization","@id":"https:\/\/hudo.com\/si\/#organization","name":"VSN Media","url":"https:\/\/hudo.com\/si\/","logo":{"@type":"ImageObject","inLanguage":"sl-SI","@id":"https:\/\/hudo.com\/si\/#\/schema\/logo\/image\/","url":"https:\/\/hudo.com\/si\/wp-content\/uploads\/sites\/2\/2021\/03\/hudo-app-2.png","contentUrl":"https:\/\/hudo.com\/si\/wp-content\/uploads\/sites\/2\/2021\/03\/hudo-app-2.png","width":2185,"height":2167,"caption":"VSN Media"},"image":{"@id":"https:\/\/hudo.com\/si\/#\/schema\/logo\/image\/"},"sameAs":["https:\/\/www.facebook.com\/hudo.si","https:\/\/twitter.com\/hudo_si"]},{"@type":"Person","@id":"https:\/\/hudo.com\/si\/#\/schema\/person\/601cf3379633985b20f7e50f2bb47707","name":"hudo","image":{"@type":"ImageObject","inLanguage":"sl-SI","@id":"https:\/\/hudo.com\/si\/#\/schema\/person\/image\/","url":"https:\/\/secure.gravatar.com\/avatar\/c4ca25fa72cace7a696b52ff5db9e095?s=96&d=mm&r=g","contentUrl":"https:\/\/secure.gravatar.com\/avatar\/c4ca25fa72cace7a696b52ff5db9e095?s=96&d=mm&r=g","caption":"hudo"},"url":"https:\/\/hudo.com\/si\/author\/hudo\/"}]}},"amp_enabled":true,"_links":{"self":[{"href":"https:\/\/hudo.com\/si\/wp-json\/wp\/v2\/posts\/84500"}],"collection":[{"href":"https:\/\/hudo.com\/si\/wp-json\/wp\/v2\/posts"}],"about":[{"href":"https:\/\/hudo.com\/si\/wp-json\/wp\/v2\/types\/post"}],"author":[{"embeddable":true,"href":"https:\/\/hudo.com\/si\/wp-json\/wp\/v2\/users\/1"}],"replies":[{"embeddable":true,"href":"https:\/\/hudo.com\/si\/wp-json\/wp\/v2\/comments?post=84500"}],"version-history":[{"count":1,"href":"https:\/\/hudo.com\/si\/wp-json\/wp\/v2\/posts\/84500\/revisions"}],"predecessor-version":[{"id":84684,"href":"https:\/\/hudo.com\/si\/wp-json\/wp\/v2\/posts\/84500\/revisions\/84684"}],"wp:attachment":[{"href":"https:\/\/hudo.com\/si\/wp-json\/wp\/v2\/media?parent=84500"}],"wp:term":[{"taxonomy":"category","embeddable":true,"href":"https:\/\/hudo.com\/si\/wp-json\/wp\/v2\/categories?post=84500"},{"taxonomy":"post_tag","embeddable":true,"href":"https:\/\/hudo.com\/si\/wp-json\/wp\/v2\/tags?post=84500"},{"taxonomy":"source","embeddable":true,"href":"https:\/\/hudo.com\/si\/wp-json\/wp\/v2\/source?post=84500"},{"taxonomy":"supertag","embeddable":true,"href":"https:\/\/hudo.com\/si\/wp-json\/wp\/v2\/supertag?post=84500"}],"curies":[{"name":"wp","href":"https:\/\/api.w.org\/{rel}","templated":true}]}}