{"id":84755,"date":"2016-06-29T12:30:51","date_gmt":"2016-06-29T10:30:51","guid":{"rendered":"http:\/\/hudo.com\/si\/?p=84755"},"modified":"2016-06-29T12:30:38","modified_gmt":"2016-06-29T10:30:38","slug":"v-carigradu-ubitih-36-ranjenih-vsaj-147-ljudi","status":"publish","type":"post","link":"https:\/\/hudo.com\/si\/aktualno\/v-carigradu-ubitih-36-ranjenih-vsaj-147-ljudi\/","title":{"rendered":"Aktualne \u0161tevilke vse vi\u0161je: Carigradu ubitih 41, ranjenih vsaj 239 ljudi"},"content":{"rendered":"<p>Tur\u0161ki premier Binali Yildirim je, po poro\u010danju televizije CNN sporo\u010dil, da je bilo ubitih najmanj 36 ljudi, za napad pa \u0161e ni nih\u010de prevzel odgovornosti.<\/p>\n<p>Pravosodni minister Tur\u010dije Bekir Bozdag pa je sporo\u010dil, da je bilo ranjenih najmanj 147 ljudi. Vsi trije teroristi so se sami pokon\u010dali z bombami.<\/p>\n<p><strong>Guverner Carigrada je pred nekaj trenutki poro\u010dal o precej vi\u0161jem \u0161tevilu \u017ertev; ubitih naj bi bilo kar 41 ljudi, ranjenih 239.<\/strong><\/p>\n<p>Pri\u010de poro\u010dajo, da so se nenadoma zasli\u0161ali streli, nakar je odjeknila eksplozija, nakar spet streli in spet eksplozija. Ena od bomb je eksplodirala tik pred vhodom v mednarodni terminal, druga pa pred vhodom na letali\u0161\u010de ob varnostni kontroli.<\/p>\n<p>Po besedah Yildirima, so se teroristi pripeljali do letali\u0161\u010da v taksiju in nato napadli. Najprej z oro\u017ejem, nato pa so se razstrelili. Po njegovem mnenju je za napad najverjetneje odgovorna Islamska dr\u017eava (IS).<\/p>\n<p>Tur\u0161ki predsednik Recep Tayyip Erdogan je po napadu pozval k skupnemu mednarodnemu boju proti terorizmu, ker teroristi ne delajo razlik med Istanbulom in Londonom, med Ankaro in Berlinom in drugimi mesti.<\/p>\n<p>Mednarodna skupnost izra\u017ea so\u017ealje in podporo Tur\u010diji v boju proti terorizmu. Prvi so se oglasili Ameri\u010dni:<\/p>\n<blockquote><p>&#8220;ZDA najostreje kar je mo\u017eno obsojajo grozljiv teroristi\u010dni napad na carigrajskem letali\u0161\u010du Ataturk, ki je ubil in ranil ducate ljudi. Letali\u0161\u010de Ataturk je tako kot bruseljsko letali\u0161\u010de, ki je bilo napadeno pred tem, simbol mednarodne povezanosti,&#8221; je sporo\u010dil tiskovni predstavnik Bele hi\u0161e Josh Earnest in izrazil so\u017ealje \u017ertvam in njihovim dru\u017einam ter vso podporo ZDA Tur\u010diji.<\/p><\/blockquote>\n<p>Odgovornosti za napad za enkrat \u0161e ni prevzela nobena od skupin, strokovnjaki pa domnevajo, da je \u0161lo za Islamsko dr\u017eavo. Tur\u010dija je sicer v teh dneh ravno podpisala dogovor z Izraelom o pospe\u0161enem sodelovanju.<\/p>\n","protected":false},"excerpt":{"rendered":"<p>Varnostniki za las prepre\u010dili \u0161e ve\u010djo katastrofo<\/p>\n","protected":false},"author":5,"featured_media":84756,"comment_status":"closed","ping_status":"closed","sticky":false,"template":"","format":"standard","meta":{"footnotes":""},"categories":[1179],"tags":[4500,4676,1887],"source":[4511],"supertag":[7150],"acf":[],"yoast_head":"<!-- This site is optimized with the Yoast SEO plugin v21.3 - https:\/\/yoast.com\/wordpress\/plugins\/seo\/ -->\n<title>Aktualne \u0161tevilke vse vi\u0161je: Carigradu ubitih 41, ranjenih vsaj 239 ljudi - Hudo Slovenija<\/title>\n<meta name=\"robots\" content=\"index, follow, max-snippet:-1, max-image-preview:large, max-video-preview:-1\" \/>\n<link rel=\"canonical\" href=\"https:\/\/hudo.com\/si\/aktualno\/v-carigradu-ubitih-36-ranjenih-vsaj-147-ljudi\/\" \/>\n<meta property=\"og:locale\" content=\"sl_SI\" \/>\n<meta property=\"og:type\" content=\"article\" \/>\n<meta property=\"og:title\" content=\"Aktualne \u0161tevilke vse vi\u0161je: Carigradu ubitih 41, ranjenih vsaj 239 ljudi - Hudo Slovenija\" \/>\n<meta property=\"og:description\" content=\"Varnostniki za las prepre\u010dili \u0161e ve\u010djo katastrofo\" \/>\n<meta property=\"og:url\" content=\"https:\/\/hudo.com\/si\/aktualno\/v-carigradu-ubitih-36-ranjenih-vsaj-147-ljudi\/\" \/>\n<meta property=\"og:site_name\" content=\"Hudo Slovenija\" \/>\n<meta property=\"article:publisher\" content=\"https:\/\/www.facebook.com\/hudo.si\" \/>\n<meta property=\"article:published_time\" content=\"2016-06-29T10:30:51+00:00\" \/>\n<meta property=\"article:modified_time\" content=\"2016-06-29T10:30:38+00:00\" \/>\n<meta property=\"og:image\" content=\"https:\/\/hudo.com\/si\/wp-content\/uploads\/sites\/2\/2016\/06\/ataturk.jpg\" \/>\n\t<meta property=\"og:image:width\" content=\"1920\" \/>\n\t<meta property=\"og:image:height\" content=\"1200\" \/>\n\t<meta property=\"og:image:type\" content=\"image\/jpeg\" \/>\n<meta name=\"author\" content=\"A. G., STA\" \/>\n<meta name=\"twitter:card\" content=\"summary_large_image\" \/>\n<meta name=\"twitter:creator\" content=\"@hudo_si\" \/>\n<meta name=\"twitter:site\" content=\"@hudo_si\" \/>\n<meta name=\"twitter:label1\" content=\"Written by\" \/>\n\t<meta name=\"twitter:data1\" content=\"A. G., STA\" \/>\n\t<meta name=\"twitter:label2\" content=\"Est. reading time\" \/>\n\t<meta name=\"twitter:data2\" content=\"2 minuti\" \/>\n<script type=\"application\/ld+json\" class=\"yoast-schema-graph\">{\"@context\":\"https:\/\/schema.org\",\"@graph\":[{\"@type\":\"Article\",\"@id\":\"https:\/\/hudo.com\/si\/aktualno\/v-carigradu-ubitih-36-ranjenih-vsaj-147-ljudi\/#article\",\"isPartOf\":{\"@id\":\"https:\/\/hudo.com\/si\/aktualno\/v-carigradu-ubitih-36-ranjenih-vsaj-147-ljudi\/\"},\"author\":{\"name\":\"A. G., STA\",\"@id\":\"https:\/\/hudo.com\/si\/#\/schema\/person\/2391667a63ea075ba94f2f2dc6b77537\"},\"headline\":\"Aktualne \u0161tevilke vse vi\u0161je: Carigradu ubitih 41, ranjenih vsaj 239 ljudi\",\"datePublished\":\"2016-06-29T10:30:51+00:00\",\"dateModified\":\"2016-06-29T10:30:38+00:00\",\"mainEntityOfPage\":{\"@id\":\"https:\/\/hudo.com\/si\/aktualno\/v-carigradu-ubitih-36-ranjenih-vsaj-147-ljudi\/\"},\"wordCount\":318,\"publisher\":{\"@id\":\"https:\/\/hudo.com\/si\/#organization\"},\"keywords\":[\"Islamska dr\u017eava\",\"teroristi\u010dni napad\",\"tur\u010dija\"],\"articleSection\":[\"Aktualno\"],\"inLanguage\":\"sl-SI\"},{\"@type\":\"WebPage\",\"@id\":\"https:\/\/hudo.com\/si\/aktualno\/v-carigradu-ubitih-36-ranjenih-vsaj-147-ljudi\/\",\"url\":\"https:\/\/hudo.com\/si\/aktualno\/v-carigradu-ubitih-36-ranjenih-vsaj-147-ljudi\/\",\"name\":\"Aktualne \u0161tevilke vse vi\u0161je: Carigradu ubitih 41, ranjenih vsaj 239 ljudi - Hudo Slovenija\",\"isPartOf\":{\"@id\":\"https:\/\/hudo.com\/si\/#website\"},\"datePublished\":\"2016-06-29T10:30:51+00:00\",\"dateModified\":\"2016-06-29T10:30:38+00:00\",\"breadcrumb\":{\"@id\":\"https:\/\/hudo.com\/si\/aktualno\/v-carigradu-ubitih-36-ranjenih-vsaj-147-ljudi\/#breadcrumb\"},\"inLanguage\":\"sl-SI\",\"potentialAction\":[{\"@type\":\"ReadAction\",\"target\":[\"https:\/\/hudo.com\/si\/aktualno\/v-carigradu-ubitih-36-ranjenih-vsaj-147-ljudi\/\"]}]},{\"@type\":\"BreadcrumbList\",\"@id\":\"https:\/\/hudo.com\/si\/aktualno\/v-carigradu-ubitih-36-ranjenih-vsaj-147-ljudi\/#breadcrumb\",\"itemListElement\":[{\"@type\":\"ListItem\",\"position\":1,\"name\":\"Home\",\"item\":\"https:\/\/hudo.com\/si\/\"},{\"@type\":\"ListItem\",\"position\":2,\"name\":\"Aktualne \u0161tevilke vse vi\u0161je: Carigradu ubitih 41, ranjenih vsaj 239 ljudi\"}]},{\"@type\":\"WebSite\",\"@id\":\"https:\/\/hudo.com\/si\/#website\",\"url\":\"https:\/\/hudo.com\/si\/\",\"name\":\"Hudo Slovenija\",\"description\":\"Vse novice iz Slovenije in sveta\",\"publisher\":{\"@id\":\"https:\/\/hudo.com\/si\/#organization\"},\"potentialAction\":[{\"@type\":\"SearchAction\",\"target\":{\"@type\":\"EntryPoint\",\"urlTemplate\":\"https:\/\/hudo.com\/si\/?s={search_term_string}\"},\"query-input\":\"required name=search_term_string\"}],\"inLanguage\":\"sl-SI\"},{\"@type\":\"Organization\",\"@id\":\"https:\/\/hudo.com\/si\/#organization\",\"name\":\"VSN Media\",\"url\":\"https:\/\/hudo.com\/si\/\",\"logo\":{\"@type\":\"ImageObject\",\"inLanguage\":\"sl-SI\",\"@id\":\"https:\/\/hudo.com\/si\/#\/schema\/logo\/image\/\",\"url\":\"https:\/\/hudo.com\/si\/wp-content\/uploads\/sites\/2\/2021\/03\/hudo-app-2.png\",\"contentUrl\":\"https:\/\/hudo.com\/si\/wp-content\/uploads\/sites\/2\/2021\/03\/hudo-app-2.png\",\"width\":2185,\"height\":2167,\"caption\":\"VSN Media\"},\"image\":{\"@id\":\"https:\/\/hudo.com\/si\/#\/schema\/logo\/image\/\"},\"sameAs\":[\"https:\/\/www.facebook.com\/hudo.si\",\"https:\/\/twitter.com\/hudo_si\"]},{\"@type\":\"Person\",\"@id\":\"https:\/\/hudo.com\/si\/#\/schema\/person\/2391667a63ea075ba94f2f2dc6b77537\",\"name\":\"A. G., STA\",\"image\":{\"@type\":\"ImageObject\",\"inLanguage\":\"sl-SI\",\"@id\":\"https:\/\/hudo.com\/si\/#\/schema\/person\/image\/\",\"url\":\"https:\/\/secure.gravatar.com\/avatar\/e13d22ac3e442658d5025fbbe6238a79?s=96&d=mm&r=g\",\"contentUrl\":\"https:\/\/secure.gravatar.com\/avatar\/e13d22ac3e442658d5025fbbe6238a79?s=96&d=mm&r=g\",\"caption\":\"A. G., STA\"},\"url\":\"https:\/\/hudo.com\/si\/author\/alenka\/\"}]}<\/script>\n<!-- \/ Yoast SEO plugin. -->","yoast_head_json":{"title":"Aktualne \u0161tevilke vse vi\u0161je: Carigradu ubitih 41, ranjenih vsaj 239 ljudi - Hudo Slovenija","robots":{"index":"index","follow":"follow","max-snippet":"max-snippet:-1","max-image-preview":"max-image-preview:large","max-video-preview":"max-video-preview:-1"},"canonical":"https:\/\/hudo.com\/si\/aktualno\/v-carigradu-ubitih-36-ranjenih-vsaj-147-ljudi\/","og_locale":"sl_SI","og_type":"article","og_title":"Aktualne \u0161tevilke vse vi\u0161je: Carigradu ubitih 41, ranjenih vsaj 239 ljudi - Hudo Slovenija","og_description":"Varnostniki za las prepre\u010dili \u0161e ve\u010djo katastrofo","og_url":"https:\/\/hudo.com\/si\/aktualno\/v-carigradu-ubitih-36-ranjenih-vsaj-147-ljudi\/","og_site_name":"Hudo Slovenija","article_publisher":"https:\/\/www.facebook.com\/hudo.si","article_published_time":"2016-06-29T10:30:51+00:00","article_modified_time":"2016-06-29T10:30:38+00:00","og_image":[{"width":1920,"height":1200,"url":"https:\/\/hudo.com\/si\/wp-content\/uploads\/sites\/2\/2016\/06\/ataturk.jpg","type":"image\/jpeg"}],"author":"A. G., STA","twitter_card":"summary_large_image","twitter_creator":"@hudo_si","twitter_site":"@hudo_si","twitter_misc":{"Written by":"A. G., STA","Est. reading time":"2 minuti"},"schema":{"@context":"https:\/\/schema.org","@graph":[{"@type":"Article","@id":"https:\/\/hudo.com\/si\/aktualno\/v-carigradu-ubitih-36-ranjenih-vsaj-147-ljudi\/#article","isPartOf":{"@id":"https:\/\/hudo.com\/si\/aktualno\/v-carigradu-ubitih-36-ranjenih-vsaj-147-ljudi\/"},"author":{"name":"A. G., STA","@id":"https:\/\/hudo.com\/si\/#\/schema\/person\/2391667a63ea075ba94f2f2dc6b77537"},"headline":"Aktualne \u0161tevilke vse vi\u0161je: Carigradu ubitih 41, ranjenih vsaj 239 ljudi","datePublished":"2016-06-29T10:30:51+00:00","dateModified":"2016-06-29T10:30:38+00:00","mainEntityOfPage":{"@id":"https:\/\/hudo.com\/si\/aktualno\/v-carigradu-ubitih-36-ranjenih-vsaj-147-ljudi\/"},"wordCount":318,"publisher":{"@id":"https:\/\/hudo.com\/si\/#organization"},"keywords":["Islamska dr\u017eava","teroristi\u010dni napad","tur\u010dija"],"articleSection":["Aktualno"],"inLanguage":"sl-SI"},{"@type":"WebPage","@id":"https:\/\/hudo.com\/si\/aktualno\/v-carigradu-ubitih-36-ranjenih-vsaj-147-ljudi\/","url":"https:\/\/hudo.com\/si\/aktualno\/v-carigradu-ubitih-36-ranjenih-vsaj-147-ljudi\/","name":"Aktualne \u0161tevilke vse vi\u0161je: Carigradu ubitih 41, ranjenih vsaj 239 ljudi - Hudo Slovenija","isPartOf":{"@id":"https:\/\/hudo.com\/si\/#website"},"datePublished":"2016-06-29T10:30:51+00:00","dateModified":"2016-06-29T10:30:38+00:00","breadcrumb":{"@id":"https:\/\/hudo.com\/si\/aktualno\/v-carigradu-ubitih-36-ranjenih-vsaj-147-ljudi\/#breadcrumb"},"inLanguage":"sl-SI","potentialAction":[{"@type":"ReadAction","target":["https:\/\/hudo.com\/si\/aktualno\/v-carigradu-ubitih-36-ranjenih-vsaj-147-ljudi\/"]}]},{"@type":"BreadcrumbList","@id":"https:\/\/hudo.com\/si\/aktualno\/v-carigradu-ubitih-36-ranjenih-vsaj-147-ljudi\/#breadcrumb","itemListElement":[{"@type":"ListItem","position":1,"name":"Home","item":"https:\/\/hudo.com\/si\/"},{"@type":"ListItem","position":2,"name":"Aktualne \u0161tevilke vse vi\u0161je: Carigradu ubitih 41, ranjenih vsaj 239 ljudi"}]},{"@type":"WebSite","@id":"https:\/\/hudo.com\/si\/#website","url":"https:\/\/hudo.com\/si\/","name":"Hudo Slovenija","description":"Vse novice iz Slovenije in sveta","publisher":{"@id":"https:\/\/hudo.com\/si\/#organization"},"potentialAction":[{"@type":"SearchAction","target":{"@type":"EntryPoint","urlTemplate":"https:\/\/hudo.com\/si\/?s={search_term_string}"},"query-input":"required name=search_term_string"}],"inLanguage":"sl-SI"},{"@type":"Organization","@id":"https:\/\/hudo.com\/si\/#organization","name":"VSN Media","url":"https:\/\/hudo.com\/si\/","logo":{"@type":"ImageObject","inLanguage":"sl-SI","@id":"https:\/\/hudo.com\/si\/#\/schema\/logo\/image\/","url":"https:\/\/hudo.com\/si\/wp-content\/uploads\/sites\/2\/2021\/03\/hudo-app-2.png","contentUrl":"https:\/\/hudo.com\/si\/wp-content\/uploads\/sites\/2\/2021\/03\/hudo-app-2.png","width":2185,"height":2167,"caption":"VSN Media"},"image":{"@id":"https:\/\/hudo.com\/si\/#\/schema\/logo\/image\/"},"sameAs":["https:\/\/www.facebook.com\/hudo.si","https:\/\/twitter.com\/hudo_si"]},{"@type":"Person","@id":"https:\/\/hudo.com\/si\/#\/schema\/person\/2391667a63ea075ba94f2f2dc6b77537","name":"A. G., STA","image":{"@type":"ImageObject","inLanguage":"sl-SI","@id":"https:\/\/hudo.com\/si\/#\/schema\/person\/image\/","url":"https:\/\/secure.gravatar.com\/avatar\/e13d22ac3e442658d5025fbbe6238a79?s=96&d=mm&r=g","contentUrl":"https:\/\/secure.gravatar.com\/avatar\/e13d22ac3e442658d5025fbbe6238a79?s=96&d=mm&r=g","caption":"A. G., STA"},"url":"https:\/\/hudo.com\/si\/author\/alenka\/"}]}},"amp_enabled":true,"_links":{"self":[{"href":"https:\/\/hudo.com\/si\/wp-json\/wp\/v2\/posts\/84755"}],"collection":[{"href":"https:\/\/hudo.com\/si\/wp-json\/wp\/v2\/posts"}],"about":[{"href":"https:\/\/hudo.com\/si\/wp-json\/wp\/v2\/types\/post"}],"author":[{"embeddable":true,"href":"https:\/\/hudo.com\/si\/wp-json\/wp\/v2\/users\/5"}],"replies":[{"embeddable":true,"href":"https:\/\/hudo.com\/si\/wp-json\/wp\/v2\/comments?post=84755"}],"version-history":[{"count":3,"href":"https:\/\/hudo.com\/si\/wp-json\/wp\/v2\/posts\/84755\/revisions"}],"predecessor-version":[{"id":84863,"href":"https:\/\/hudo.com\/si\/wp-json\/wp\/v2\/posts\/84755\/revisions\/84863"}],"wp:featuredmedia":[{"embeddable":true,"href":"https:\/\/hudo.com\/si\/wp-json\/wp\/v2\/media\/84756"}],"wp:attachment":[{"href":"https:\/\/hudo.com\/si\/wp-json\/wp\/v2\/media?parent=84755"}],"wp:term":[{"taxonomy":"category","embeddable":true,"href":"https:\/\/hudo.com\/si\/wp-json\/wp\/v2\/categories?post=84755"},{"taxonomy":"post_tag","embeddable":true,"href":"https:\/\/hudo.com\/si\/wp-json\/wp\/v2\/tags?post=84755"},{"taxonomy":"source","embeddable":true,"href":"https:\/\/hudo.com\/si\/wp-json\/wp\/v2\/source?post=84755"},{"taxonomy":"supertag","embeddable":true,"href":"https:\/\/hudo.com\/si\/wp-json\/wp\/v2\/supertag?post=84755"}],"curies":[{"name":"wp","href":"https:\/\/api.w.org\/{rel}","templated":true}]}}