{"id":85056,"date":"2016-06-29T13:10:00","date_gmt":"2016-06-29T11:10:00","guid":{"rendered":"http:\/\/hudo.com\/si\/2016\/06\/29\/putin-in-erdogan-spregovorila-po-vec-mesecih\/"},"modified":"2016-06-29T17:11:39","modified_gmt":"2016-06-29T15:11:39","slug":"putin-in-erdogan-spregovorila-po-vec-mesecih","status":"publish","type":"post","link":"https:\/\/hudo.com\/si\/aktualno\/putin-in-erdogan-spregovorila-po-vec-mesecih\/","title":{"rendered":"Putin in Erdogan spregovorila po ve\u010d mesecih"},"content":{"rendered":"<p>Kategorija: Evropa Wed, 29 Jun 2016 15:10:00 +0200  Ankara, Moskva \u2013 Dan po tem, ko je tur\u0161ki predsednik Recep Tayyip Erdo\u011fan v Moskvo poslal pismo, v katerem je izrazil ob\u017ealovanje za sestrelitev ruskega voja\u0161kega letala na tur\u0161ko-sirski meji, sta voditelja obeh dr\u017eav po ve\u010d mesecih ti\u0161ine znova spregovorila. V telefonskem pogovoru sta poudarila \u00bbpomembnost normalizacije bilateralnih odnosov\u00ab. \u00bbOb ponovni zavezi o\u017eivitvi dvostranskih odnosov in skupnemu boju proti terorizmu sta voditelja sklenila, da ostaneta v stiku in se sre\u010data osebno,\u00ab so po pogovoru sporo\u010dili iz urada tur\u0161kega predsednika. Sre\u010dala se bosta predvidoma septembra ob robu vrha dr\u017eav skupine G20. Dr\u017eavi krpata odnose po novembrski sestrelitvi ruskega voja\u0161kega letala, ki je sodelovalo v ruski operaciji v Siriji. Tur\u010dija je vztrajala, da je pilot kr\u0161il njihov zra\u010dni prostor, kar pa je Kremelj odlo\u010dno zavrnil. Sledila je izmenja medsebojnih obto\u017eb \u2013 med drugim je\u00a0&#8230;<\/p>\n","protected":false},"excerpt":{"rendered":"<p>Kategorija: Evropa Wed, 29 Jun 2016 15:10:00 +0200  Ankara, Moskva \u2013 Dan po tem, ko je tur\u0161ki predsednik Recep Tayyip Erdo\u011fan v Moskvo poslal pismo, v katerem je izrazil ob\u017ealovanje za sestrelitev ruskega voja\u0161kega letala na tur\u0161ko-sirski meji, sta voditelja obeh dr\u017eav po ve\u010d mesecih ti\u0161ine znova spregovorila. V telefonskem pogovoru sta poudarila \u00bbpomembnost normalizacije bilateralnih odnosov\u00ab. \u00bbOb ponovni zavezi o\u017eivitvi dvostranskih odnosov in skupnemu boju proti terorizmu sta voditelja sklenila, da ostaneta v stiku in se sre\u010data osebno,\u00ab so po pogovoru sporo\u010dili iz urada tur\u0161kega predsednika. Sre\u010dala se bosta predvidoma septembra ob robu vrha dr\u017eav skupine G20. Dr\u017eavi krpata odnose po novembrski sestrelitvi ruskega voja\u0161kega letala, ki je sodelovalo v ruski operaciji v Siriji. Tur\u010dija je vztrajala, da je pilot kr\u0161il njihov zra\u010dni prostor, kar pa je Kremelj odlo\u010dno zavrnil. Sledila je izmenja medsebojnih obto\u017eb \u2013 med drugim je\u00a0&#8230;<\/p>\n","protected":false},"author":1,"featured_media":0,"comment_status":"closed","ping_status":"closed","sticky":false,"template":"","format":"standard","meta":{"footnotes":""},"categories":[1179],"tags":[],"source":[4511],"supertag":[],"acf":[],"yoast_head":"<!-- This site is optimized with the Yoast SEO plugin v21.3 - https:\/\/yoast.com\/wordpress\/plugins\/seo\/ -->\n<title>Putin in Erdogan spregovorila po ve\u010d mesecih - Hudo Slovenija<\/title>\n<meta name=\"robots\" content=\"index, follow, max-snippet:-1, max-image-preview:large, max-video-preview:-1\" \/>\n<link rel=\"canonical\" href=\"https:\/\/hudo.com\/si\/aktualno\/putin-in-erdogan-spregovorila-po-vec-mesecih\/\" \/>\n<meta property=\"og:locale\" content=\"sl_SI\" \/>\n<meta property=\"og:type\" content=\"article\" \/>\n<meta property=\"og:title\" content=\"Putin in Erdogan spregovorila po ve\u010d mesecih - Hudo Slovenija\" \/>\n<meta property=\"og:description\" content=\"Kategorija: Evropa Wed, 29 Jun 2016 15:10:00 +0200 Ankara, Moskva \u2013 Dan po tem, ko je tur\u0161ki predsednik Recep Tayyip Erdo\u011fan v Moskvo poslal pismo, v katerem je izrazil ob\u017ealovanje za sestrelitev ruskega voja\u0161kega letala na tur\u0161ko-sirski meji, sta voditelja obeh dr\u017eav po ve\u010d mesecih ti\u0161ine znova spregovorila. V telefonskem pogovoru sta poudarila \u00bbpomembnost normalizacije bilateralnih odnosov\u00ab. \u00bbOb ponovni zavezi o\u017eivitvi dvostranskih odnosov in skupnemu boju proti terorizmu sta voditelja sklenila, da ostaneta v stiku in se sre\u010data osebno,\u00ab so po pogovoru sporo\u010dili iz urada tur\u0161kega predsednika. Sre\u010dala se bosta predvidoma septembra ob robu vrha dr\u017eav skupine G20. Dr\u017eavi krpata odnose po novembrski sestrelitvi ruskega voja\u0161kega letala, ki je sodelovalo v ruski operaciji v Siriji. Tur\u010dija je vztrajala, da je pilot kr\u0161il njihov zra\u010dni prostor, kar pa je Kremelj odlo\u010dno zavrnil. Sledila je izmenja medsebojnih obto\u017eb \u2013 med drugim je\u00a0...\" \/>\n<meta property=\"og:url\" content=\"https:\/\/hudo.com\/si\/aktualno\/putin-in-erdogan-spregovorila-po-vec-mesecih\/\" \/>\n<meta property=\"og:site_name\" content=\"Hudo Slovenija\" \/>\n<meta property=\"article:publisher\" content=\"https:\/\/www.facebook.com\/hudo.si\" \/>\n<meta property=\"article:published_time\" content=\"2016-06-29T11:10:00+00:00\" \/>\n<meta property=\"article:modified_time\" content=\"2016-06-29T15:11:39+00:00\" \/>\n<meta property=\"og:image\" content=\"https:\/\/hudo.com\/si\/wp-content\/uploads\/sites\/2\/2016\/06\/480x290_AFP_Photo-20160623114225-88956700.jpeg\" \/>\n\t<meta property=\"og:image:width\" content=\"480\" \/>\n\t<meta property=\"og:image:height\" content=\"290\" \/>\n\t<meta property=\"og:image:type\" content=\"image\/jpeg\" \/>\n<meta name=\"author\" content=\"hudo\" \/>\n<meta name=\"twitter:card\" content=\"summary_large_image\" \/>\n<meta name=\"twitter:creator\" content=\"@hudo_si\" \/>\n<meta name=\"twitter:site\" content=\"@hudo_si\" \/>\n<meta name=\"twitter:label1\" content=\"Written by\" \/>\n\t<meta name=\"twitter:data1\" content=\"hudo\" \/>\n\t<meta name=\"twitter:label2\" content=\"Est. reading time\" \/>\n\t<meta name=\"twitter:data2\" content=\"1 minuta\" \/>\n<script type=\"application\/ld+json\" class=\"yoast-schema-graph\">{\"@context\":\"https:\/\/schema.org\",\"@graph\":[{\"@type\":\"Article\",\"@id\":\"https:\/\/hudo.com\/si\/aktualno\/putin-in-erdogan-spregovorila-po-vec-mesecih\/#article\",\"isPartOf\":{\"@id\":\"https:\/\/hudo.com\/si\/aktualno\/putin-in-erdogan-spregovorila-po-vec-mesecih\/\"},\"author\":{\"name\":\"hudo\",\"@id\":\"https:\/\/hudo.com\/si\/#\/schema\/person\/601cf3379633985b20f7e50f2bb47707\"},\"headline\":\"Putin in Erdogan spregovorila po ve\u010d mesecih\",\"datePublished\":\"2016-06-29T11:10:00+00:00\",\"dateModified\":\"2016-06-29T15:11:39+00:00\",\"mainEntityOfPage\":{\"@id\":\"https:\/\/hudo.com\/si\/aktualno\/putin-in-erdogan-spregovorila-po-vec-mesecih\/\"},\"wordCount\":161,\"publisher\":{\"@id\":\"https:\/\/hudo.com\/si\/#organization\"},\"articleSection\":[\"Aktualno\"],\"inLanguage\":\"sl-SI\"},{\"@type\":\"WebPage\",\"@id\":\"https:\/\/hudo.com\/si\/aktualno\/putin-in-erdogan-spregovorila-po-vec-mesecih\/\",\"url\":\"https:\/\/hudo.com\/si\/aktualno\/putin-in-erdogan-spregovorila-po-vec-mesecih\/\",\"name\":\"Putin in Erdogan spregovorila po ve\u010d mesecih - Hudo Slovenija\",\"isPartOf\":{\"@id\":\"https:\/\/hudo.com\/si\/#website\"},\"datePublished\":\"2016-06-29T11:10:00+00:00\",\"dateModified\":\"2016-06-29T15:11:39+00:00\",\"breadcrumb\":{\"@id\":\"https:\/\/hudo.com\/si\/aktualno\/putin-in-erdogan-spregovorila-po-vec-mesecih\/#breadcrumb\"},\"inLanguage\":\"sl-SI\",\"potentialAction\":[{\"@type\":\"ReadAction\",\"target\":[\"https:\/\/hudo.com\/si\/aktualno\/putin-in-erdogan-spregovorila-po-vec-mesecih\/\"]}]},{\"@type\":\"BreadcrumbList\",\"@id\":\"https:\/\/hudo.com\/si\/aktualno\/putin-in-erdogan-spregovorila-po-vec-mesecih\/#breadcrumb\",\"itemListElement\":[{\"@type\":\"ListItem\",\"position\":1,\"name\":\"Home\",\"item\":\"https:\/\/hudo.com\/si\/\"},{\"@type\":\"ListItem\",\"position\":2,\"name\":\"Putin in Erdogan spregovorila po ve\u010d mesecih\"}]},{\"@type\":\"WebSite\",\"@id\":\"https:\/\/hudo.com\/si\/#website\",\"url\":\"https:\/\/hudo.com\/si\/\",\"name\":\"Hudo Slovenija\",\"description\":\"Vse novice iz Slovenije in sveta\",\"publisher\":{\"@id\":\"https:\/\/hudo.com\/si\/#organization\"},\"potentialAction\":[{\"@type\":\"SearchAction\",\"target\":{\"@type\":\"EntryPoint\",\"urlTemplate\":\"https:\/\/hudo.com\/si\/?s={search_term_string}\"},\"query-input\":\"required name=search_term_string\"}],\"inLanguage\":\"sl-SI\"},{\"@type\":\"Organization\",\"@id\":\"https:\/\/hudo.com\/si\/#organization\",\"name\":\"VSN Media\",\"url\":\"https:\/\/hudo.com\/si\/\",\"logo\":{\"@type\":\"ImageObject\",\"inLanguage\":\"sl-SI\",\"@id\":\"https:\/\/hudo.com\/si\/#\/schema\/logo\/image\/\",\"url\":\"https:\/\/hudo.com\/si\/wp-content\/uploads\/sites\/2\/2021\/03\/hudo-app-2.png\",\"contentUrl\":\"https:\/\/hudo.com\/si\/wp-content\/uploads\/sites\/2\/2021\/03\/hudo-app-2.png\",\"width\":2185,\"height\":2167,\"caption\":\"VSN Media\"},\"image\":{\"@id\":\"https:\/\/hudo.com\/si\/#\/schema\/logo\/image\/\"},\"sameAs\":[\"https:\/\/www.facebook.com\/hudo.si\",\"https:\/\/twitter.com\/hudo_si\"]},{\"@type\":\"Person\",\"@id\":\"https:\/\/hudo.com\/si\/#\/schema\/person\/601cf3379633985b20f7e50f2bb47707\",\"name\":\"hudo\",\"image\":{\"@type\":\"ImageObject\",\"inLanguage\":\"sl-SI\",\"@id\":\"https:\/\/hudo.com\/si\/#\/schema\/person\/image\/\",\"url\":\"https:\/\/secure.gravatar.com\/avatar\/c4ca25fa72cace7a696b52ff5db9e095?s=96&d=mm&r=g\",\"contentUrl\":\"https:\/\/secure.gravatar.com\/avatar\/c4ca25fa72cace7a696b52ff5db9e095?s=96&d=mm&r=g\",\"caption\":\"hudo\"},\"url\":\"https:\/\/hudo.com\/si\/author\/hudo\/\"}]}<\/script>\n<!-- \/ Yoast SEO plugin. -->","yoast_head_json":{"title":"Putin in Erdogan spregovorila po ve\u010d mesecih - Hudo Slovenija","robots":{"index":"index","follow":"follow","max-snippet":"max-snippet:-1","max-image-preview":"max-image-preview:large","max-video-preview":"max-video-preview:-1"},"canonical":"https:\/\/hudo.com\/si\/aktualno\/putin-in-erdogan-spregovorila-po-vec-mesecih\/","og_locale":"sl_SI","og_type":"article","og_title":"Putin in Erdogan spregovorila po ve\u010d mesecih - Hudo Slovenija","og_description":"Kategorija: Evropa Wed, 29 Jun 2016 15:10:00 +0200 Ankara, Moskva \u2013 Dan po tem, ko je tur\u0161ki predsednik Recep Tayyip Erdo\u011fan v Moskvo poslal pismo, v katerem je izrazil ob\u017ealovanje za sestrelitev ruskega voja\u0161kega letala na tur\u0161ko-sirski meji, sta voditelja obeh dr\u017eav po ve\u010d mesecih ti\u0161ine znova spregovorila. V telefonskem pogovoru sta poudarila \u00bbpomembnost normalizacije bilateralnih odnosov\u00ab. \u00bbOb ponovni zavezi o\u017eivitvi dvostranskih odnosov in skupnemu boju proti terorizmu sta voditelja sklenila, da ostaneta v stiku in se sre\u010data osebno,\u00ab so po pogovoru sporo\u010dili iz urada tur\u0161kega predsednika. Sre\u010dala se bosta predvidoma septembra ob robu vrha dr\u017eav skupine G20. Dr\u017eavi krpata odnose po novembrski sestrelitvi ruskega voja\u0161kega letala, ki je sodelovalo v ruski operaciji v Siriji. Tur\u010dija je vztrajala, da je pilot kr\u0161il njihov zra\u010dni prostor, kar pa je Kremelj odlo\u010dno zavrnil. Sledila je izmenja medsebojnih obto\u017eb \u2013 med drugim je\u00a0...","og_url":"https:\/\/hudo.com\/si\/aktualno\/putin-in-erdogan-spregovorila-po-vec-mesecih\/","og_site_name":"Hudo Slovenija","article_publisher":"https:\/\/www.facebook.com\/hudo.si","article_published_time":"2016-06-29T11:10:00+00:00","article_modified_time":"2016-06-29T15:11:39+00:00","og_image":[{"width":480,"height":290,"url":"https:\/\/hudo.com\/si\/wp-content\/uploads\/sites\/2\/2016\/06\/480x290_AFP_Photo-20160623114225-88956700.jpeg","type":"image\/jpeg"}],"author":"hudo","twitter_card":"summary_large_image","twitter_creator":"@hudo_si","twitter_site":"@hudo_si","twitter_misc":{"Written by":"hudo","Est. reading time":"1 minuta"},"schema":{"@context":"https:\/\/schema.org","@graph":[{"@type":"Article","@id":"https:\/\/hudo.com\/si\/aktualno\/putin-in-erdogan-spregovorila-po-vec-mesecih\/#article","isPartOf":{"@id":"https:\/\/hudo.com\/si\/aktualno\/putin-in-erdogan-spregovorila-po-vec-mesecih\/"},"author":{"name":"hudo","@id":"https:\/\/hudo.com\/si\/#\/schema\/person\/601cf3379633985b20f7e50f2bb47707"},"headline":"Putin in Erdogan spregovorila po ve\u010d mesecih","datePublished":"2016-06-29T11:10:00+00:00","dateModified":"2016-06-29T15:11:39+00:00","mainEntityOfPage":{"@id":"https:\/\/hudo.com\/si\/aktualno\/putin-in-erdogan-spregovorila-po-vec-mesecih\/"},"wordCount":161,"publisher":{"@id":"https:\/\/hudo.com\/si\/#organization"},"articleSection":["Aktualno"],"inLanguage":"sl-SI"},{"@type":"WebPage","@id":"https:\/\/hudo.com\/si\/aktualno\/putin-in-erdogan-spregovorila-po-vec-mesecih\/","url":"https:\/\/hudo.com\/si\/aktualno\/putin-in-erdogan-spregovorila-po-vec-mesecih\/","name":"Putin in Erdogan spregovorila po ve\u010d mesecih - Hudo Slovenija","isPartOf":{"@id":"https:\/\/hudo.com\/si\/#website"},"datePublished":"2016-06-29T11:10:00+00:00","dateModified":"2016-06-29T15:11:39+00:00","breadcrumb":{"@id":"https:\/\/hudo.com\/si\/aktualno\/putin-in-erdogan-spregovorila-po-vec-mesecih\/#breadcrumb"},"inLanguage":"sl-SI","potentialAction":[{"@type":"ReadAction","target":["https:\/\/hudo.com\/si\/aktualno\/putin-in-erdogan-spregovorila-po-vec-mesecih\/"]}]},{"@type":"BreadcrumbList","@id":"https:\/\/hudo.com\/si\/aktualno\/putin-in-erdogan-spregovorila-po-vec-mesecih\/#breadcrumb","itemListElement":[{"@type":"ListItem","position":1,"name":"Home","item":"https:\/\/hudo.com\/si\/"},{"@type":"ListItem","position":2,"name":"Putin in Erdogan spregovorila po ve\u010d mesecih"}]},{"@type":"WebSite","@id":"https:\/\/hudo.com\/si\/#website","url":"https:\/\/hudo.com\/si\/","name":"Hudo Slovenija","description":"Vse novice iz Slovenije in sveta","publisher":{"@id":"https:\/\/hudo.com\/si\/#organization"},"potentialAction":[{"@type":"SearchAction","target":{"@type":"EntryPoint","urlTemplate":"https:\/\/hudo.com\/si\/?s={search_term_string}"},"query-input":"required name=search_term_string"}],"inLanguage":"sl-SI"},{"@type":"Organization","@id":"https:\/\/hudo.com\/si\/#organization","name":"VSN Media","url":"https:\/\/hudo.com\/si\/","logo":{"@type":"ImageObject","inLanguage":"sl-SI","@id":"https:\/\/hudo.com\/si\/#\/schema\/logo\/image\/","url":"https:\/\/hudo.com\/si\/wp-content\/uploads\/sites\/2\/2021\/03\/hudo-app-2.png","contentUrl":"https:\/\/hudo.com\/si\/wp-content\/uploads\/sites\/2\/2021\/03\/hudo-app-2.png","width":2185,"height":2167,"caption":"VSN Media"},"image":{"@id":"https:\/\/hudo.com\/si\/#\/schema\/logo\/image\/"},"sameAs":["https:\/\/www.facebook.com\/hudo.si","https:\/\/twitter.com\/hudo_si"]},{"@type":"Person","@id":"https:\/\/hudo.com\/si\/#\/schema\/person\/601cf3379633985b20f7e50f2bb47707","name":"hudo","image":{"@type":"ImageObject","inLanguage":"sl-SI","@id":"https:\/\/hudo.com\/si\/#\/schema\/person\/image\/","url":"https:\/\/secure.gravatar.com\/avatar\/c4ca25fa72cace7a696b52ff5db9e095?s=96&d=mm&r=g","contentUrl":"https:\/\/secure.gravatar.com\/avatar\/c4ca25fa72cace7a696b52ff5db9e095?s=96&d=mm&r=g","caption":"hudo"},"url":"https:\/\/hudo.com\/si\/author\/hudo\/"}]}},"amp_enabled":true,"_links":{"self":[{"href":"https:\/\/hudo.com\/si\/wp-json\/wp\/v2\/posts\/85056"}],"collection":[{"href":"https:\/\/hudo.com\/si\/wp-json\/wp\/v2\/posts"}],"about":[{"href":"https:\/\/hudo.com\/si\/wp-json\/wp\/v2\/types\/post"}],"author":[{"embeddable":true,"href":"https:\/\/hudo.com\/si\/wp-json\/wp\/v2\/users\/1"}],"replies":[{"embeddable":true,"href":"https:\/\/hudo.com\/si\/wp-json\/wp\/v2\/comments?post=85056"}],"version-history":[{"count":1,"href":"https:\/\/hudo.com\/si\/wp-json\/wp\/v2\/posts\/85056\/revisions"}],"predecessor-version":[{"id":85178,"href":"https:\/\/hudo.com\/si\/wp-json\/wp\/v2\/posts\/85056\/revisions\/85178"}],"wp:attachment":[{"href":"https:\/\/hudo.com\/si\/wp-json\/wp\/v2\/media?parent=85056"}],"wp:term":[{"taxonomy":"category","embeddable":true,"href":"https:\/\/hudo.com\/si\/wp-json\/wp\/v2\/categories?post=85056"},{"taxonomy":"post_tag","embeddable":true,"href":"https:\/\/hudo.com\/si\/wp-json\/wp\/v2\/tags?post=85056"},{"taxonomy":"source","embeddable":true,"href":"https:\/\/hudo.com\/si\/wp-json\/wp\/v2\/source?post=85056"},{"taxonomy":"supertag","embeddable":true,"href":"https:\/\/hudo.com\/si\/wp-json\/wp\/v2\/supertag?post=85056"}],"curies":[{"name":"wp","href":"https:\/\/api.w.org\/{rel}","templated":true}]}}