{"id":85060,"date":"2016-06-29T13:09:42","date_gmt":"2016-06-29T11:09:42","guid":{"rendered":"http:\/\/hudo.com\/si\/2016\/06\/29\/video-policist-ustreli-terorista-ta-se-razstreli\/"},"modified":"2016-06-30T14:52:51","modified_gmt":"2016-06-30T12:52:51","slug":"video-policist-ustreli-terorista-ta-se-razstreli","status":"publish","type":"post","link":"https:\/\/hudo.com\/si\/aktualno\/video-policist-ustreli-terorista-ta-se-razstreli\/","title":{"rendered":"VIDEO: Policist ustreli terorista, ta se razstreli!"},"content":{"rendered":"<p>Trojni samomorilski napad na letali\u0161\u010du Atat\u00fcrk v Istanbulu je zahteval najmanj 41 smrtnih \u017ertev, 239 ljudi pa je bilo ranjenih, je po poro\u010danju francoske tiskovne agencije AFP sporo\u010dil guverner mesta Vasip Sahin. Med \u017ertvami so predvsem tur\u0161ki dr\u017eavljani, pa tudi 13 tujcev, je povedal.<\/p>\n","protected":false},"excerpt":{"rendered":"<p>Trojni samomorilski napad na letali\u0161\u010du Atat\u00fcrk v Istanbulu je zahteval najmanj 41 smrtnih \u017ertev, 239 ljudi pa je bilo ranjenih, je po poro\u010danju francoske tiskovne agencije AFP sporo\u010dil guverner mesta Vasip Sahin. Med \u017ertvami so predvsem tur\u0161ki dr\u017eavljani, pa tudi 13 tujcev, je povedal.<\/p>\n","protected":false},"author":1,"featured_media":0,"comment_status":"closed","ping_status":"closed","sticky":false,"template":"","format":"standard","meta":{"footnotes":""},"categories":[1179],"tags":[],"source":[5113],"supertag":[],"acf":[],"yoast_head":"<!-- This site is optimized with the Yoast SEO plugin v21.3 - https:\/\/yoast.com\/wordpress\/plugins\/seo\/ -->\n<title>VIDEO: Policist ustreli terorista, ta se razstreli! - Hudo Slovenija<\/title>\n<meta name=\"robots\" content=\"index, follow, max-snippet:-1, max-image-preview:large, max-video-preview:-1\" \/>\n<link rel=\"canonical\" href=\"https:\/\/hudo.com\/si\/aktualno\/video-policist-ustreli-terorista-ta-se-razstreli\/\" \/>\n<meta property=\"og:locale\" content=\"sl_SI\" \/>\n<meta property=\"og:type\" content=\"article\" \/>\n<meta property=\"og:title\" content=\"VIDEO: Policist ustreli terorista, ta se razstreli! - Hudo Slovenija\" \/>\n<meta property=\"og:description\" content=\"Trojni samomorilski napad na letali\u0161\u010du Atat\u00fcrk v Istanbulu je zahteval najmanj 41 smrtnih \u017ertev, 239 ljudi pa je bilo ranjenih, je po poro\u010danju francoske tiskovne agencije AFP sporo\u010dil guverner mesta Vasip Sahin. Med \u017ertvami so predvsem tur\u0161ki dr\u017eavljani, pa tudi 13 tujcev, je povedal.\" \/>\n<meta property=\"og:url\" content=\"https:\/\/hudo.com\/si\/aktualno\/video-policist-ustreli-terorista-ta-se-razstreli\/\" \/>\n<meta property=\"og:site_name\" content=\"Hudo Slovenija\" \/>\n<meta property=\"article:publisher\" content=\"https:\/\/www.facebook.com\/hudo.si\" \/>\n<meta property=\"article:published_time\" content=\"2016-06-29T11:09:42+00:00\" \/>\n<meta property=\"article:modified_time\" content=\"2016-06-30T12:52:51+00:00\" \/>\n<meta property=\"og:image\" content=\"https:\/\/hudo.com\/si\/wp-content\/uploads\/sites\/2\/2016\/06\/istanbul-yt.jpg\" \/>\n\t<meta property=\"og:image:width\" content=\"640\" \/>\n\t<meta property=\"og:image:height\" content=\"333\" \/>\n\t<meta property=\"og:image:type\" content=\"image\/jpeg\" \/>\n<meta name=\"author\" content=\"hudo\" \/>\n<meta name=\"twitter:card\" content=\"summary_large_image\" \/>\n<meta name=\"twitter:creator\" content=\"@hudo_si\" \/>\n<meta name=\"twitter:site\" content=\"@hudo_si\" \/>\n<meta name=\"twitter:label1\" content=\"Written by\" \/>\n\t<meta name=\"twitter:data1\" content=\"hudo\" \/>\n<script type=\"application\/ld+json\" class=\"yoast-schema-graph\">{\"@context\":\"https:\/\/schema.org\",\"@graph\":[{\"@type\":\"Article\",\"@id\":\"https:\/\/hudo.com\/si\/aktualno\/video-policist-ustreli-terorista-ta-se-razstreli\/#article\",\"isPartOf\":{\"@id\":\"https:\/\/hudo.com\/si\/aktualno\/video-policist-ustreli-terorista-ta-se-razstreli\/\"},\"author\":{\"name\":\"hudo\",\"@id\":\"https:\/\/hudo.com\/si\/#\/schema\/person\/601cf3379633985b20f7e50f2bb47707\"},\"headline\":\"VIDEO: Policist ustreli terorista, ta se razstreli!\",\"datePublished\":\"2016-06-29T11:09:42+00:00\",\"dateModified\":\"2016-06-30T12:52:51+00:00\",\"mainEntityOfPage\":{\"@id\":\"https:\/\/hudo.com\/si\/aktualno\/video-policist-ustreli-terorista-ta-se-razstreli\/\"},\"wordCount\":54,\"publisher\":{\"@id\":\"https:\/\/hudo.com\/si\/#organization\"},\"articleSection\":[\"Aktualno\"],\"inLanguage\":\"sl-SI\"},{\"@type\":\"WebPage\",\"@id\":\"https:\/\/hudo.com\/si\/aktualno\/video-policist-ustreli-terorista-ta-se-razstreli\/\",\"url\":\"https:\/\/hudo.com\/si\/aktualno\/video-policist-ustreli-terorista-ta-se-razstreli\/\",\"name\":\"VIDEO: Policist ustreli terorista, ta se razstreli! - Hudo Slovenija\",\"isPartOf\":{\"@id\":\"https:\/\/hudo.com\/si\/#website\"},\"datePublished\":\"2016-06-29T11:09:42+00:00\",\"dateModified\":\"2016-06-30T12:52:51+00:00\",\"breadcrumb\":{\"@id\":\"https:\/\/hudo.com\/si\/aktualno\/video-policist-ustreli-terorista-ta-se-razstreli\/#breadcrumb\"},\"inLanguage\":\"sl-SI\",\"potentialAction\":[{\"@type\":\"ReadAction\",\"target\":[\"https:\/\/hudo.com\/si\/aktualno\/video-policist-ustreli-terorista-ta-se-razstreli\/\"]}]},{\"@type\":\"BreadcrumbList\",\"@id\":\"https:\/\/hudo.com\/si\/aktualno\/video-policist-ustreli-terorista-ta-se-razstreli\/#breadcrumb\",\"itemListElement\":[{\"@type\":\"ListItem\",\"position\":1,\"name\":\"Home\",\"item\":\"https:\/\/hudo.com\/si\/\"},{\"@type\":\"ListItem\",\"position\":2,\"name\":\"VIDEO: Policist ustreli terorista, ta se razstreli!\"}]},{\"@type\":\"WebSite\",\"@id\":\"https:\/\/hudo.com\/si\/#website\",\"url\":\"https:\/\/hudo.com\/si\/\",\"name\":\"Hudo Slovenija\",\"description\":\"Vse novice iz Slovenije in sveta\",\"publisher\":{\"@id\":\"https:\/\/hudo.com\/si\/#organization\"},\"potentialAction\":[{\"@type\":\"SearchAction\",\"target\":{\"@type\":\"EntryPoint\",\"urlTemplate\":\"https:\/\/hudo.com\/si\/?s={search_term_string}\"},\"query-input\":\"required name=search_term_string\"}],\"inLanguage\":\"sl-SI\"},{\"@type\":\"Organization\",\"@id\":\"https:\/\/hudo.com\/si\/#organization\",\"name\":\"VSN Media\",\"url\":\"https:\/\/hudo.com\/si\/\",\"logo\":{\"@type\":\"ImageObject\",\"inLanguage\":\"sl-SI\",\"@id\":\"https:\/\/hudo.com\/si\/#\/schema\/logo\/image\/\",\"url\":\"https:\/\/hudo.com\/si\/wp-content\/uploads\/sites\/2\/2021\/03\/hudo-app-2.png\",\"contentUrl\":\"https:\/\/hudo.com\/si\/wp-content\/uploads\/sites\/2\/2021\/03\/hudo-app-2.png\",\"width\":2185,\"height\":2167,\"caption\":\"VSN Media\"},\"image\":{\"@id\":\"https:\/\/hudo.com\/si\/#\/schema\/logo\/image\/\"},\"sameAs\":[\"https:\/\/www.facebook.com\/hudo.si\",\"https:\/\/twitter.com\/hudo_si\"]},{\"@type\":\"Person\",\"@id\":\"https:\/\/hudo.com\/si\/#\/schema\/person\/601cf3379633985b20f7e50f2bb47707\",\"name\":\"hudo\",\"image\":{\"@type\":\"ImageObject\",\"inLanguage\":\"sl-SI\",\"@id\":\"https:\/\/hudo.com\/si\/#\/schema\/person\/image\/\",\"url\":\"https:\/\/secure.gravatar.com\/avatar\/c4ca25fa72cace7a696b52ff5db9e095?s=96&d=mm&r=g\",\"contentUrl\":\"https:\/\/secure.gravatar.com\/avatar\/c4ca25fa72cace7a696b52ff5db9e095?s=96&d=mm&r=g\",\"caption\":\"hudo\"},\"url\":\"https:\/\/hudo.com\/si\/author\/hudo\/\"}]}<\/script>\n<!-- \/ Yoast SEO plugin. -->","yoast_head_json":{"title":"VIDEO: Policist ustreli terorista, ta se razstreli! - Hudo Slovenija","robots":{"index":"index","follow":"follow","max-snippet":"max-snippet:-1","max-image-preview":"max-image-preview:large","max-video-preview":"max-video-preview:-1"},"canonical":"https:\/\/hudo.com\/si\/aktualno\/video-policist-ustreli-terorista-ta-se-razstreli\/","og_locale":"sl_SI","og_type":"article","og_title":"VIDEO: Policist ustreli terorista, ta se razstreli! - Hudo Slovenija","og_description":"Trojni samomorilski napad na letali\u0161\u010du Atat\u00fcrk v Istanbulu je zahteval najmanj 41 smrtnih \u017ertev, 239 ljudi pa je bilo ranjenih, je po poro\u010danju francoske tiskovne agencije AFP sporo\u010dil guverner mesta Vasip Sahin. Med \u017ertvami so predvsem tur\u0161ki dr\u017eavljani, pa tudi 13 tujcev, je povedal.","og_url":"https:\/\/hudo.com\/si\/aktualno\/video-policist-ustreli-terorista-ta-se-razstreli\/","og_site_name":"Hudo Slovenija","article_publisher":"https:\/\/www.facebook.com\/hudo.si","article_published_time":"2016-06-29T11:09:42+00:00","article_modified_time":"2016-06-30T12:52:51+00:00","og_image":[{"width":640,"height":333,"url":"https:\/\/hudo.com\/si\/wp-content\/uploads\/sites\/2\/2016\/06\/istanbul-yt.jpg","type":"image\/jpeg"}],"author":"hudo","twitter_card":"summary_large_image","twitter_creator":"@hudo_si","twitter_site":"@hudo_si","twitter_misc":{"Written by":"hudo"},"schema":{"@context":"https:\/\/schema.org","@graph":[{"@type":"Article","@id":"https:\/\/hudo.com\/si\/aktualno\/video-policist-ustreli-terorista-ta-se-razstreli\/#article","isPartOf":{"@id":"https:\/\/hudo.com\/si\/aktualno\/video-policist-ustreli-terorista-ta-se-razstreli\/"},"author":{"name":"hudo","@id":"https:\/\/hudo.com\/si\/#\/schema\/person\/601cf3379633985b20f7e50f2bb47707"},"headline":"VIDEO: Policist ustreli terorista, ta se razstreli!","datePublished":"2016-06-29T11:09:42+00:00","dateModified":"2016-06-30T12:52:51+00:00","mainEntityOfPage":{"@id":"https:\/\/hudo.com\/si\/aktualno\/video-policist-ustreli-terorista-ta-se-razstreli\/"},"wordCount":54,"publisher":{"@id":"https:\/\/hudo.com\/si\/#organization"},"articleSection":["Aktualno"],"inLanguage":"sl-SI"},{"@type":"WebPage","@id":"https:\/\/hudo.com\/si\/aktualno\/video-policist-ustreli-terorista-ta-se-razstreli\/","url":"https:\/\/hudo.com\/si\/aktualno\/video-policist-ustreli-terorista-ta-se-razstreli\/","name":"VIDEO: Policist ustreli terorista, ta se razstreli! - Hudo Slovenija","isPartOf":{"@id":"https:\/\/hudo.com\/si\/#website"},"datePublished":"2016-06-29T11:09:42+00:00","dateModified":"2016-06-30T12:52:51+00:00","breadcrumb":{"@id":"https:\/\/hudo.com\/si\/aktualno\/video-policist-ustreli-terorista-ta-se-razstreli\/#breadcrumb"},"inLanguage":"sl-SI","potentialAction":[{"@type":"ReadAction","target":["https:\/\/hudo.com\/si\/aktualno\/video-policist-ustreli-terorista-ta-se-razstreli\/"]}]},{"@type":"BreadcrumbList","@id":"https:\/\/hudo.com\/si\/aktualno\/video-policist-ustreli-terorista-ta-se-razstreli\/#breadcrumb","itemListElement":[{"@type":"ListItem","position":1,"name":"Home","item":"https:\/\/hudo.com\/si\/"},{"@type":"ListItem","position":2,"name":"VIDEO: Policist ustreli terorista, ta se razstreli!"}]},{"@type":"WebSite","@id":"https:\/\/hudo.com\/si\/#website","url":"https:\/\/hudo.com\/si\/","name":"Hudo Slovenija","description":"Vse novice iz Slovenije in sveta","publisher":{"@id":"https:\/\/hudo.com\/si\/#organization"},"potentialAction":[{"@type":"SearchAction","target":{"@type":"EntryPoint","urlTemplate":"https:\/\/hudo.com\/si\/?s={search_term_string}"},"query-input":"required name=search_term_string"}],"inLanguage":"sl-SI"},{"@type":"Organization","@id":"https:\/\/hudo.com\/si\/#organization","name":"VSN Media","url":"https:\/\/hudo.com\/si\/","logo":{"@type":"ImageObject","inLanguage":"sl-SI","@id":"https:\/\/hudo.com\/si\/#\/schema\/logo\/image\/","url":"https:\/\/hudo.com\/si\/wp-content\/uploads\/sites\/2\/2021\/03\/hudo-app-2.png","contentUrl":"https:\/\/hudo.com\/si\/wp-content\/uploads\/sites\/2\/2021\/03\/hudo-app-2.png","width":2185,"height":2167,"caption":"VSN Media"},"image":{"@id":"https:\/\/hudo.com\/si\/#\/schema\/logo\/image\/"},"sameAs":["https:\/\/www.facebook.com\/hudo.si","https:\/\/twitter.com\/hudo_si"]},{"@type":"Person","@id":"https:\/\/hudo.com\/si\/#\/schema\/person\/601cf3379633985b20f7e50f2bb47707","name":"hudo","image":{"@type":"ImageObject","inLanguage":"sl-SI","@id":"https:\/\/hudo.com\/si\/#\/schema\/person\/image\/","url":"https:\/\/secure.gravatar.com\/avatar\/c4ca25fa72cace7a696b52ff5db9e095?s=96&d=mm&r=g","contentUrl":"https:\/\/secure.gravatar.com\/avatar\/c4ca25fa72cace7a696b52ff5db9e095?s=96&d=mm&r=g","caption":"hudo"},"url":"https:\/\/hudo.com\/si\/author\/hudo\/"}]}},"amp_enabled":true,"_links":{"self":[{"href":"https:\/\/hudo.com\/si\/wp-json\/wp\/v2\/posts\/85060"}],"collection":[{"href":"https:\/\/hudo.com\/si\/wp-json\/wp\/v2\/posts"}],"about":[{"href":"https:\/\/hudo.com\/si\/wp-json\/wp\/v2\/types\/post"}],"author":[{"embeddable":true,"href":"https:\/\/hudo.com\/si\/wp-json\/wp\/v2\/users\/1"}],"replies":[{"embeddable":true,"href":"https:\/\/hudo.com\/si\/wp-json\/wp\/v2\/comments?post=85060"}],"version-history":[{"count":1,"href":"https:\/\/hudo.com\/si\/wp-json\/wp\/v2\/posts\/85060\/revisions"}],"predecessor-version":[{"id":85180,"href":"https:\/\/hudo.com\/si\/wp-json\/wp\/v2\/posts\/85060\/revisions\/85180"}],"wp:attachment":[{"href":"https:\/\/hudo.com\/si\/wp-json\/wp\/v2\/media?parent=85060"}],"wp:term":[{"taxonomy":"category","embeddable":true,"href":"https:\/\/hudo.com\/si\/wp-json\/wp\/v2\/categories?post=85060"},{"taxonomy":"post_tag","embeddable":true,"href":"https:\/\/hudo.com\/si\/wp-json\/wp\/v2\/tags?post=85060"},{"taxonomy":"source","embeddable":true,"href":"https:\/\/hudo.com\/si\/wp-json\/wp\/v2\/source?post=85060"},{"taxonomy":"supertag","embeddable":true,"href":"https:\/\/hudo.com\/si\/wp-json\/wp\/v2\/supertag?post=85060"}],"curies":[{"name":"wp","href":"https:\/\/api.w.org\/{rel}","templated":true}]}}