{"id":85084,"date":"2016-06-29T12:19:00","date_gmt":"2016-06-29T10:19:00","guid":{"rendered":"http:\/\/hudo.com\/si\/2016\/06\/29\/neznanec-pri-brezicah-do-smrti-zabodel-30-letnega-policista-2\/"},"modified":"2016-06-30T00:07:17","modified_gmt":"2016-06-29T22:07:17","slug":"neznanec-pri-brezicah-do-smrti-zabodel-30-letnega-policista-2","status":"publish","type":"post","link":"https:\/\/hudo.com\/si\/aktualno\/neznanec-pri-brezicah-do-smrti-zabodel-30-letnega-policista-2\/","title":{"rendered":"Neznanec pri Bre\u017eicah do smrti zabodel 30-letnega policista"},"content":{"rendered":"<p>Kategorija: Kronika Wed, 29 Jun 2016 14:19:00 +0200  Bre\u017eice &#8211; V okolici Bre\u017eic v kraju \u017dejno je nekaj pred 11. uro neznanec z no\u017eem zabodel policista v predel prsi. Hudo po\u0161kodovanega 30-letnega policista so re\u0161evalci odpeljali v bolni\u0161nico, ki pa je pribli\u017eno dve uri po napadu umrl v bre\u017ei\u0161ki bolni\u0161nici. Neznanec je po napadu zbe\u017eal in si v bli\u017eini z no\u017eem sodil sam, so sporo\u010dili s Policijske uprave Novo mesto. Policisti so bili na kraj napoteni zaradi klicev ob\u010danov, da se po vasi potika neznani mo\u0161ki. Identitete storilca policija \u0161e ne pozna. Cesta je na koncu vasi je na mestu, kjer se zavije proti Mrzlavi vasi trenutno zaprta. Okoli\u0161\u010dine dogodka kriminalisti in policisti \u0161e preiskujejo. Namestnica generalnega direktorja policije Tatjana Bobnar in direktor policijske uprave Novo mesto Janez Ogulin bosta danes ob 16. uri pred policijsko postajo Bre\u017eice podala izjavo za medije\u00a0&#8230;<\/p>\n","protected":false},"excerpt":{"rendered":"<p>Kategorija: Kronika Wed, 29 Jun 2016 14:19:00 +0200  Bre\u017eice &#8211; V okolici Bre\u017eic v kraju \u017dejno je nekaj pred 11. uro neznanec z no\u017eem zabodel policista v predel prsi. Hudo po\u0161kodovanega 30-letnega policista so re\u0161evalci odpeljali v bolni\u0161nico, ki pa je pribli\u017eno dve uri po napadu umrl v bre\u017ei\u0161ki bolni\u0161nici. Neznanec je po napadu zbe\u017eal in si v bli\u017eini z no\u017eem sodil sam, so sporo\u010dili s Policijske uprave Novo mesto. Policisti so bili na kraj napoteni zaradi klicev ob\u010danov, da se po vasi potika neznani mo\u0161ki. Identitete storilca policija \u0161e ne pozna. Cesta je na koncu vasi je na mestu, kjer se zavije proti Mrzlavi vasi trenutno zaprta. Okoli\u0161\u010dine dogodka kriminalisti in policisti \u0161e preiskujejo. Namestnica generalnega direktorja policije Tatjana Bobnar in direktor policijske uprave Novo mesto Janez Ogulin bosta danes ob 16. uri pred policijsko postajo Bre\u017eice podala izjavo za medije\u00a0&#8230;<\/p>\n","protected":false},"author":1,"featured_media":0,"comment_status":"closed","ping_status":"closed","sticky":false,"template":"","format":"standard","meta":{"footnotes":""},"categories":[1179],"tags":[],"source":[4511],"supertag":[],"acf":[],"yoast_head":"<!-- This site is optimized with the Yoast SEO plugin v21.3 - https:\/\/yoast.com\/wordpress\/plugins\/seo\/ -->\n<title>Neznanec pri Bre\u017eicah do smrti zabodel 30-letnega policista - Hudo Slovenija<\/title>\n<meta name=\"robots\" content=\"index, follow, max-snippet:-1, max-image-preview:large, max-video-preview:-1\" \/>\n<link rel=\"canonical\" href=\"https:\/\/hudo.com\/si\/aktualno\/neznanec-pri-brezicah-do-smrti-zabodel-30-letnega-policista-2\/\" \/>\n<meta property=\"og:locale\" content=\"sl_SI\" \/>\n<meta property=\"og:type\" content=\"article\" \/>\n<meta property=\"og:title\" content=\"Neznanec pri Bre\u017eicah do smrti zabodel 30-letnega policista - Hudo Slovenija\" \/>\n<meta property=\"og:description\" content=\"Kategorija: Kronika Wed, 29 Jun 2016 14:19:00 +0200 Bre\u017eice - V okolici Bre\u017eic v kraju \u017dejno je nekaj pred 11. uro neznanec z no\u017eem zabodel policista v predel prsi. Hudo po\u0161kodovanega 30-letnega policista so re\u0161evalci odpeljali v bolni\u0161nico, ki pa je pribli\u017eno dve uri po napadu umrl v bre\u017ei\u0161ki bolni\u0161nici. Neznanec je po napadu zbe\u017eal in si v bli\u017eini z no\u017eem sodil sam, so sporo\u010dili s Policijske uprave Novo mesto. Policisti so bili na kraj napoteni zaradi klicev ob\u010danov, da se po vasi potika neznani mo\u0161ki. Identitete storilca policija \u0161e ne pozna. Cesta je na koncu vasi je na mestu, kjer se zavije proti Mrzlavi vasi trenutno zaprta. Okoli\u0161\u010dine dogodka kriminalisti in policisti \u0161e preiskujejo. Namestnica generalnega direktorja policije Tatjana Bobnar in direktor policijske uprave Novo mesto Janez Ogulin bosta danes ob 16. uri pred policijsko postajo Bre\u017eice podala izjavo za medije\u00a0...\" \/>\n<meta property=\"og:url\" content=\"https:\/\/hudo.com\/si\/aktualno\/neznanec-pri-brezicah-do-smrti-zabodel-30-letnega-policista-2\/\" \/>\n<meta property=\"og:site_name\" content=\"Hudo Slovenija\" \/>\n<meta property=\"article:publisher\" content=\"https:\/\/www.facebook.com\/hudo.si\" \/>\n<meta property=\"article:published_time\" content=\"2016-06-29T10:19:00+00:00\" \/>\n<meta property=\"article:modified_time\" content=\"2016-06-29T22:07:17+00:00\" \/>\n<meta property=\"og:image\" content=\"https:\/\/hudo.com\/si\/wp-content\/uploads\/sites\/2\/2016\/06\/480x290_policija20stop.jpeg\" \/>\n\t<meta property=\"og:image:width\" content=\"478\" \/>\n\t<meta property=\"og:image:height\" content=\"290\" \/>\n\t<meta property=\"og:image:type\" content=\"image\/jpeg\" \/>\n<meta name=\"author\" content=\"hudo\" \/>\n<meta name=\"twitter:card\" content=\"summary_large_image\" \/>\n<meta name=\"twitter:creator\" content=\"@hudo_si\" \/>\n<meta name=\"twitter:site\" content=\"@hudo_si\" \/>\n<meta name=\"twitter:label1\" content=\"Written by\" \/>\n\t<meta name=\"twitter:data1\" content=\"hudo\" \/>\n\t<meta name=\"twitter:label2\" content=\"Est. reading time\" \/>\n\t<meta name=\"twitter:data2\" content=\"1 minuta\" \/>\n<script type=\"application\/ld+json\" class=\"yoast-schema-graph\">{\"@context\":\"https:\/\/schema.org\",\"@graph\":[{\"@type\":\"Article\",\"@id\":\"https:\/\/hudo.com\/si\/aktualno\/neznanec-pri-brezicah-do-smrti-zabodel-30-letnega-policista-2\/#article\",\"isPartOf\":{\"@id\":\"https:\/\/hudo.com\/si\/aktualno\/neznanec-pri-brezicah-do-smrti-zabodel-30-letnega-policista-2\/\"},\"author\":{\"name\":\"hudo\",\"@id\":\"https:\/\/hudo.com\/si\/#\/schema\/person\/601cf3379633985b20f7e50f2bb47707\"},\"headline\":\"Neznanec pri Bre\u017eicah do smrti zabodel 30-letnega policista\",\"datePublished\":\"2016-06-29T10:19:00+00:00\",\"dateModified\":\"2016-06-29T22:07:17+00:00\",\"mainEntityOfPage\":{\"@id\":\"https:\/\/hudo.com\/si\/aktualno\/neznanec-pri-brezicah-do-smrti-zabodel-30-letnega-policista-2\/\"},\"wordCount\":163,\"publisher\":{\"@id\":\"https:\/\/hudo.com\/si\/#organization\"},\"articleSection\":[\"Aktualno\"],\"inLanguage\":\"sl-SI\"},{\"@type\":\"WebPage\",\"@id\":\"https:\/\/hudo.com\/si\/aktualno\/neznanec-pri-brezicah-do-smrti-zabodel-30-letnega-policista-2\/\",\"url\":\"https:\/\/hudo.com\/si\/aktualno\/neznanec-pri-brezicah-do-smrti-zabodel-30-letnega-policista-2\/\",\"name\":\"Neznanec pri Bre\u017eicah do smrti zabodel 30-letnega policista - Hudo Slovenija\",\"isPartOf\":{\"@id\":\"https:\/\/hudo.com\/si\/#website\"},\"datePublished\":\"2016-06-29T10:19:00+00:00\",\"dateModified\":\"2016-06-29T22:07:17+00:00\",\"breadcrumb\":{\"@id\":\"https:\/\/hudo.com\/si\/aktualno\/neznanec-pri-brezicah-do-smrti-zabodel-30-letnega-policista-2\/#breadcrumb\"},\"inLanguage\":\"sl-SI\",\"potentialAction\":[{\"@type\":\"ReadAction\",\"target\":[\"https:\/\/hudo.com\/si\/aktualno\/neznanec-pri-brezicah-do-smrti-zabodel-30-letnega-policista-2\/\"]}]},{\"@type\":\"BreadcrumbList\",\"@id\":\"https:\/\/hudo.com\/si\/aktualno\/neznanec-pri-brezicah-do-smrti-zabodel-30-letnega-policista-2\/#breadcrumb\",\"itemListElement\":[{\"@type\":\"ListItem\",\"position\":1,\"name\":\"Home\",\"item\":\"https:\/\/hudo.com\/si\/\"},{\"@type\":\"ListItem\",\"position\":2,\"name\":\"Neznanec pri Bre\u017eicah do smrti zabodel 30-letnega policista\"}]},{\"@type\":\"WebSite\",\"@id\":\"https:\/\/hudo.com\/si\/#website\",\"url\":\"https:\/\/hudo.com\/si\/\",\"name\":\"Hudo Slovenija\",\"description\":\"Vse novice iz Slovenije in sveta\",\"publisher\":{\"@id\":\"https:\/\/hudo.com\/si\/#organization\"},\"potentialAction\":[{\"@type\":\"SearchAction\",\"target\":{\"@type\":\"EntryPoint\",\"urlTemplate\":\"https:\/\/hudo.com\/si\/?s={search_term_string}\"},\"query-input\":\"required name=search_term_string\"}],\"inLanguage\":\"sl-SI\"},{\"@type\":\"Organization\",\"@id\":\"https:\/\/hudo.com\/si\/#organization\",\"name\":\"VSN Media\",\"url\":\"https:\/\/hudo.com\/si\/\",\"logo\":{\"@type\":\"ImageObject\",\"inLanguage\":\"sl-SI\",\"@id\":\"https:\/\/hudo.com\/si\/#\/schema\/logo\/image\/\",\"url\":\"https:\/\/hudo.com\/si\/wp-content\/uploads\/sites\/2\/2021\/03\/hudo-app-2.png\",\"contentUrl\":\"https:\/\/hudo.com\/si\/wp-content\/uploads\/sites\/2\/2021\/03\/hudo-app-2.png\",\"width\":2185,\"height\":2167,\"caption\":\"VSN Media\"},\"image\":{\"@id\":\"https:\/\/hudo.com\/si\/#\/schema\/logo\/image\/\"},\"sameAs\":[\"https:\/\/www.facebook.com\/hudo.si\",\"https:\/\/twitter.com\/hudo_si\"]},{\"@type\":\"Person\",\"@id\":\"https:\/\/hudo.com\/si\/#\/schema\/person\/601cf3379633985b20f7e50f2bb47707\",\"name\":\"hudo\",\"image\":{\"@type\":\"ImageObject\",\"inLanguage\":\"sl-SI\",\"@id\":\"https:\/\/hudo.com\/si\/#\/schema\/person\/image\/\",\"url\":\"https:\/\/secure.gravatar.com\/avatar\/c4ca25fa72cace7a696b52ff5db9e095?s=96&d=mm&r=g\",\"contentUrl\":\"https:\/\/secure.gravatar.com\/avatar\/c4ca25fa72cace7a696b52ff5db9e095?s=96&d=mm&r=g\",\"caption\":\"hudo\"},\"url\":\"https:\/\/hudo.com\/si\/author\/hudo\/\"}]}<\/script>\n<!-- \/ Yoast SEO plugin. -->","yoast_head_json":{"title":"Neznanec pri Bre\u017eicah do smrti zabodel 30-letnega policista - Hudo Slovenija","robots":{"index":"index","follow":"follow","max-snippet":"max-snippet:-1","max-image-preview":"max-image-preview:large","max-video-preview":"max-video-preview:-1"},"canonical":"https:\/\/hudo.com\/si\/aktualno\/neznanec-pri-brezicah-do-smrti-zabodel-30-letnega-policista-2\/","og_locale":"sl_SI","og_type":"article","og_title":"Neznanec pri Bre\u017eicah do smrti zabodel 30-letnega policista - Hudo Slovenija","og_description":"Kategorija: Kronika Wed, 29 Jun 2016 14:19:00 +0200 Bre\u017eice - V okolici Bre\u017eic v kraju \u017dejno je nekaj pred 11. uro neznanec z no\u017eem zabodel policista v predel prsi. Hudo po\u0161kodovanega 30-letnega policista so re\u0161evalci odpeljali v bolni\u0161nico, ki pa je pribli\u017eno dve uri po napadu umrl v bre\u017ei\u0161ki bolni\u0161nici. Neznanec je po napadu zbe\u017eal in si v bli\u017eini z no\u017eem sodil sam, so sporo\u010dili s Policijske uprave Novo mesto. Policisti so bili na kraj napoteni zaradi klicev ob\u010danov, da se po vasi potika neznani mo\u0161ki. Identitete storilca policija \u0161e ne pozna. Cesta je na koncu vasi je na mestu, kjer se zavije proti Mrzlavi vasi trenutno zaprta. Okoli\u0161\u010dine dogodka kriminalisti in policisti \u0161e preiskujejo. Namestnica generalnega direktorja policije Tatjana Bobnar in direktor policijske uprave Novo mesto Janez Ogulin bosta danes ob 16. uri pred policijsko postajo Bre\u017eice podala izjavo za medije\u00a0...","og_url":"https:\/\/hudo.com\/si\/aktualno\/neznanec-pri-brezicah-do-smrti-zabodel-30-letnega-policista-2\/","og_site_name":"Hudo Slovenija","article_publisher":"https:\/\/www.facebook.com\/hudo.si","article_published_time":"2016-06-29T10:19:00+00:00","article_modified_time":"2016-06-29T22:07:17+00:00","og_image":[{"width":478,"height":290,"url":"https:\/\/hudo.com\/si\/wp-content\/uploads\/sites\/2\/2016\/06\/480x290_policija20stop.jpeg","type":"image\/jpeg"}],"author":"hudo","twitter_card":"summary_large_image","twitter_creator":"@hudo_si","twitter_site":"@hudo_si","twitter_misc":{"Written by":"hudo","Est. reading time":"1 minuta"},"schema":{"@context":"https:\/\/schema.org","@graph":[{"@type":"Article","@id":"https:\/\/hudo.com\/si\/aktualno\/neznanec-pri-brezicah-do-smrti-zabodel-30-letnega-policista-2\/#article","isPartOf":{"@id":"https:\/\/hudo.com\/si\/aktualno\/neznanec-pri-brezicah-do-smrti-zabodel-30-letnega-policista-2\/"},"author":{"name":"hudo","@id":"https:\/\/hudo.com\/si\/#\/schema\/person\/601cf3379633985b20f7e50f2bb47707"},"headline":"Neznanec pri Bre\u017eicah do smrti zabodel 30-letnega policista","datePublished":"2016-06-29T10:19:00+00:00","dateModified":"2016-06-29T22:07:17+00:00","mainEntityOfPage":{"@id":"https:\/\/hudo.com\/si\/aktualno\/neznanec-pri-brezicah-do-smrti-zabodel-30-letnega-policista-2\/"},"wordCount":163,"publisher":{"@id":"https:\/\/hudo.com\/si\/#organization"},"articleSection":["Aktualno"],"inLanguage":"sl-SI"},{"@type":"WebPage","@id":"https:\/\/hudo.com\/si\/aktualno\/neznanec-pri-brezicah-do-smrti-zabodel-30-letnega-policista-2\/","url":"https:\/\/hudo.com\/si\/aktualno\/neznanec-pri-brezicah-do-smrti-zabodel-30-letnega-policista-2\/","name":"Neznanec pri Bre\u017eicah do smrti zabodel 30-letnega policista - Hudo Slovenija","isPartOf":{"@id":"https:\/\/hudo.com\/si\/#website"},"datePublished":"2016-06-29T10:19:00+00:00","dateModified":"2016-06-29T22:07:17+00:00","breadcrumb":{"@id":"https:\/\/hudo.com\/si\/aktualno\/neznanec-pri-brezicah-do-smrti-zabodel-30-letnega-policista-2\/#breadcrumb"},"inLanguage":"sl-SI","potentialAction":[{"@type":"ReadAction","target":["https:\/\/hudo.com\/si\/aktualno\/neznanec-pri-brezicah-do-smrti-zabodel-30-letnega-policista-2\/"]}]},{"@type":"BreadcrumbList","@id":"https:\/\/hudo.com\/si\/aktualno\/neznanec-pri-brezicah-do-smrti-zabodel-30-letnega-policista-2\/#breadcrumb","itemListElement":[{"@type":"ListItem","position":1,"name":"Home","item":"https:\/\/hudo.com\/si\/"},{"@type":"ListItem","position":2,"name":"Neznanec pri Bre\u017eicah do smrti zabodel 30-letnega policista"}]},{"@type":"WebSite","@id":"https:\/\/hudo.com\/si\/#website","url":"https:\/\/hudo.com\/si\/","name":"Hudo Slovenija","description":"Vse novice iz Slovenije in sveta","publisher":{"@id":"https:\/\/hudo.com\/si\/#organization"},"potentialAction":[{"@type":"SearchAction","target":{"@type":"EntryPoint","urlTemplate":"https:\/\/hudo.com\/si\/?s={search_term_string}"},"query-input":"required name=search_term_string"}],"inLanguage":"sl-SI"},{"@type":"Organization","@id":"https:\/\/hudo.com\/si\/#organization","name":"VSN Media","url":"https:\/\/hudo.com\/si\/","logo":{"@type":"ImageObject","inLanguage":"sl-SI","@id":"https:\/\/hudo.com\/si\/#\/schema\/logo\/image\/","url":"https:\/\/hudo.com\/si\/wp-content\/uploads\/sites\/2\/2021\/03\/hudo-app-2.png","contentUrl":"https:\/\/hudo.com\/si\/wp-content\/uploads\/sites\/2\/2021\/03\/hudo-app-2.png","width":2185,"height":2167,"caption":"VSN Media"},"image":{"@id":"https:\/\/hudo.com\/si\/#\/schema\/logo\/image\/"},"sameAs":["https:\/\/www.facebook.com\/hudo.si","https:\/\/twitter.com\/hudo_si"]},{"@type":"Person","@id":"https:\/\/hudo.com\/si\/#\/schema\/person\/601cf3379633985b20f7e50f2bb47707","name":"hudo","image":{"@type":"ImageObject","inLanguage":"sl-SI","@id":"https:\/\/hudo.com\/si\/#\/schema\/person\/image\/","url":"https:\/\/secure.gravatar.com\/avatar\/c4ca25fa72cace7a696b52ff5db9e095?s=96&d=mm&r=g","contentUrl":"https:\/\/secure.gravatar.com\/avatar\/c4ca25fa72cace7a696b52ff5db9e095?s=96&d=mm&r=g","caption":"hudo"},"url":"https:\/\/hudo.com\/si\/author\/hudo\/"}]}},"amp_enabled":true,"_links":{"self":[{"href":"https:\/\/hudo.com\/si\/wp-json\/wp\/v2\/posts\/85084"}],"collection":[{"href":"https:\/\/hudo.com\/si\/wp-json\/wp\/v2\/posts"}],"about":[{"href":"https:\/\/hudo.com\/si\/wp-json\/wp\/v2\/types\/post"}],"author":[{"embeddable":true,"href":"https:\/\/hudo.com\/si\/wp-json\/wp\/v2\/users\/1"}],"replies":[{"embeddable":true,"href":"https:\/\/hudo.com\/si\/wp-json\/wp\/v2\/comments?post=85084"}],"version-history":[{"count":1,"href":"https:\/\/hudo.com\/si\/wp-json\/wp\/v2\/posts\/85084\/revisions"}],"predecessor-version":[{"id":85192,"href":"https:\/\/hudo.com\/si\/wp-json\/wp\/v2\/posts\/85084\/revisions\/85192"}],"wp:attachment":[{"href":"https:\/\/hudo.com\/si\/wp-json\/wp\/v2\/media?parent=85084"}],"wp:term":[{"taxonomy":"category","embeddable":true,"href":"https:\/\/hudo.com\/si\/wp-json\/wp\/v2\/categories?post=85084"},{"taxonomy":"post_tag","embeddable":true,"href":"https:\/\/hudo.com\/si\/wp-json\/wp\/v2\/tags?post=85084"},{"taxonomy":"source","embeddable":true,"href":"https:\/\/hudo.com\/si\/wp-json\/wp\/v2\/source?post=85084"},{"taxonomy":"supertag","embeddable":true,"href":"https:\/\/hudo.com\/si\/wp-json\/wp\/v2\/supertag?post=85084"}],"curies":[{"name":"wp","href":"https:\/\/api.w.org\/{rel}","templated":true}]}}