{"id":85513,"date":"2016-06-30T11:31:16","date_gmt":"2016-06-30T09:31:16","guid":{"rendered":"http:\/\/hudo.com\/si\/?p=85513"},"modified":"2016-06-30T11:32:58","modified_gmt":"2016-06-30T09:32:58","slug":"koncno-po-letu-pol-slovenija-zopet-belezi-inflacijo","status":"publish","type":"post","link":"https:\/\/hudo.com\/si\/aktualno\/koncno-po-letu-pol-slovenija-zopet-belezi-inflacijo\/","title":{"rendered":"Po letu in pol Slovenija zopet bele\u017ei inflacijo"},"content":{"rendered":"<p>Ljubljana, 30. junija &#8211; Cene \u017eivljenjskih potreb\u0161\u010din so se junija v primerjavi z majem povi\u0161ale za 0,6 odstotka, v primerjavi z junijem lani pa 0,3 odstotka. V enem letu se je blago pocenilo za 0,8 odstotka, storitve pa so se podra\u017eile za 2,5 odstotka.<\/p>\n<h2>Konec deflacije<\/h2>\n<p>Na statisti\u010dnem uradu so rast cen na letni ravni nazadnje zabele\u017eili decembra 2014, ko je bila 0,2-odstotna, junija lani pa smo v Sloveniji za primerjavi na letni ravni bele\u017eili 0,7-odstotno deflacijo. Cene so se v preteklih 12 mesecih povpre\u010dno zni\u017eale za 0,5 odstotka.<\/p>\n<p>Cene blaga so bile v primerjavi z junijem lani v povpre\u010dju ni\u017eje za 0,8 odstotka. Trajno blago se je pocenilo za odstotek, prav toliko tudi blago dnevne porabe, poltrajno blago pa se je podra\u017eilo za 0,3 odstotka.<\/p>\n<p>K letni rasti cen so najbolj prispevale vi\u0161je cene telefonskih storitev in aparatov, ki so se podra\u017eile za \u0161est odstotkov, hrana se je na letni ravni podra\u017eila za odstotek. Cene po\u010ditnic v paketu so se povzpele za 4,2 odstotka, cene elektri\u010dne energije pa za 3,4 odstotka. V primerjavi z lanskim junijem so cene gostinskih in nastanitvenih storitev vi\u0161je za 2,3 odstotka, navajajo statistiki.<\/p>\n<p>V tem obdobju pa so se nekatere dobrine tudi pocenile, najbolj naftni derivati za 16,7 odstotka, goriva in maziva pa za 9,8 odstotka. Rabljeni osebni avtomobili so se pocenili za 7,2 odstotka.<\/p>\n<p>K mese\u010dni rasti cen pa so najbolj prispevale vi\u0161je cene v skupini rekreacija in kultura. Znotraj omenjene skupine je bila zaradi za\u010detka poletne po\u010ditni\u0161ke sezone najvi\u0161ja podra\u017eitev zabele\u017eena pri po\u010ditnicah v paketu, in sicer za 8,2 odstotka.<\/p>\n<p>V primerjavi z majem je bilo so bila teko\u010da goriva dra\u017eja za 5,6 odstotka, goriva in maziva pa za 2,9 odstotka. K mese\u010dni inflaciji so prispevale \u0161e vi\u0161je cene mesa, vi\u0161je cene v skupini zdravje ter posamezne podra\u017eitve v drugih skupinah.<\/p>\n<p>Na mese\u010dni ravni pa se je pocenilo sadje in obla\u010dila. Sadje je bilo v primerjavi z majem cenej\u0161e za 5,8 odstotka, obla\u010dila pa za 0,9 odstotka.<\/p>\n<p>V prvi polovici leto\u0161njega leta so se najbolj zvi\u0161ale cene v skupini rekreacija in kultura (za 4,8 odstotka), znotraj skupine pa so se najbolj podra\u017eile po\u010ditnice v paketu, in sicer za 12,4 odstotka.<\/p>\n<p>Hrana in brezalkoholne pija\u010de so se podra\u017eile za 2,6 odstotka, najbolj sta se podra\u017eila sadje (za 13,5 odstotka) in zelenjava (za 7,3 odstotka). V polletju so se za 1,8 odstotka podra\u017eile tudi gostinske in nastanitvene storitve, za 1,7 odstotka komunikacije, za 1,1 odstotka raznovrstno blago in storitve, za 0,8 odstotka stanovanjska oprema, za 0,6 odstotka prevoz, za 0,5 odstotka alkoholne pija\u010de, tobak in zdravje, obleka in obutev pa za 0,2 odstotka.<\/p>\n<p>So se pa v prvi polovici leta za 0,7 odstotka zni\u017eale cene stanovanj.<\/p>\n<p>Letna rast cen, merjena s harmoniziranim indeksom cen \u017eivljenjskih potreb\u0161\u010din, je bila junija 0,1-odstotna, junija lani pa 0,9-odstotna. Povpre\u010dno je v 12 mesecih po tem indeksu, ki se uporablja za primerjave v EU, Slovenija bele\u017eila 0,7-odstotno inflacijo. Mese\u010dna rast cen je bila 0,5-odstotna.<\/p>\n<h2>Inflacija kon\u010dno tudi v Evroobmo\u010dju<\/h2>\n<p>Dr\u017eave z evrom so junija na letni ravni zabele\u017eile 0,1-odstotno inflacijo, potem ko so maja bele\u017eile 0,1-odstotno deflacijo, je v prvi oceni sporo\u010dil evropski statisti\u010dni urad Eurostat. Gre \u0161ele za drugi mesec letos, ko cene \u017eivljenjskih potreb\u0161\u010din na letni ravni bele\u017eijo rast.<\/p>\n<p>Nazadnje je obmo\u010dje evra inflacijo na letni ravni zabele\u017eilo januarja (0,3 odstotka), junija lani pa je bila letna inflacija 0,2-odstotna.<\/p>\n<p>Najbolj so se sicer glede na prve ocene zvi\u0161ale cene storitev (1,1 odstotka), sledili so hrana, alkohol in tobak (0,9 odstotka) in neenergetske industrijske dobrine, ki so se podra\u017eile za 0,4 odstotka.<\/p>\n<p>Cene energije pa so se v primerjavi z junijem lani zni\u017eale za 6,5 odstotka, a je bilo to manj od 8,1-odstotnega padca v maju in drugi najni\u017eji padec na medletni ravni po januarju.<\/p>\n<p>Novica o dvigu cen na letni ravni je dobra novica za Evropsko centralno banko (ECB), ki cilja na inflacijo blizu, a nekoliko pod dvema odstotkoma in si \u017ee dolgo \u010dasa z rednimi in izrednimi ukrepi za pove\u010danje koli\u010dine denarja v obtoku prizadeva spodbuditi rast cen. Deflacija je namre\u010d zaskrbljujo\u010da, ker lahko negativno vpliva na gospodarsko aktivnost; potro\u0161nike namre\u010d spodbuja k odla\u0161anju z nakupi, podjetja pa z investicijami.<\/p>\n","protected":false},"excerpt":{"rendered":"<p>Po letu in pol deflacije na letni ravni se je ta trend obrnil. Junija je bila inflacija tako na letni kot mese\u010dni ravni. <\/p>\n","protected":false},"author":5,"featured_media":85514,"comment_status":"closed","ping_status":"closed","sticky":false,"template":"","format":"standard","meta":{"footnotes":""},"categories":[1179],"tags":[4811,2391,5679,4505],"source":[4511],"supertag":[7541,5675],"acf":[],"yoast_head":"<!-- This site is optimized with the Yoast SEO plugin v21.3 - https:\/\/yoast.com\/wordpress\/plugins\/seo\/ -->\n<title>Po letu in pol Slovenija zopet bele\u017ei inflacijo - Hudo Slovenija<\/title>\n<meta name=\"robots\" content=\"index, follow, max-snippet:-1, max-image-preview:large, max-video-preview:-1\" \/>\n<link rel=\"canonical\" href=\"https:\/\/hudo.com\/si\/aktualno\/koncno-po-letu-pol-slovenija-zopet-belezi-inflacijo\/\" \/>\n<meta property=\"og:locale\" content=\"sl_SI\" \/>\n<meta property=\"og:type\" content=\"article\" \/>\n<meta property=\"og:title\" content=\"Po letu in pol Slovenija zopet bele\u017ei inflacijo - Hudo Slovenija\" \/>\n<meta property=\"og:description\" content=\"Po letu in pol deflacije na letni ravni se je ta trend obrnil. Junija je bila inflacija tako na letni kot mese\u010dni ravni.\" \/>\n<meta property=\"og:url\" content=\"https:\/\/hudo.com\/si\/aktualno\/koncno-po-letu-pol-slovenija-zopet-belezi-inflacijo\/\" \/>\n<meta property=\"og:site_name\" content=\"Hudo Slovenija\" \/>\n<meta property=\"article:publisher\" content=\"https:\/\/www.facebook.com\/hudo.si\" \/>\n<meta property=\"article:published_time\" content=\"2016-06-30T09:31:16+00:00\" \/>\n<meta property=\"article:modified_time\" content=\"2016-06-30T09:32:58+00:00\" \/>\n<meta property=\"og:image\" content=\"https:\/\/hudo.com\/si\/wp-content\/uploads\/sites\/2\/2016\/06\/ThinkstockPhotos-537293316.jpg\" \/>\n\t<meta property=\"og:image:width\" content=\"2121\" \/>\n\t<meta property=\"og:image:height\" content=\"1414\" \/>\n\t<meta property=\"og:image:type\" content=\"image\/jpeg\" \/>\n<meta name=\"author\" content=\"A. G., STA\" \/>\n<meta name=\"twitter:card\" content=\"summary_large_image\" \/>\n<meta name=\"twitter:creator\" content=\"@hudo_si\" \/>\n<meta name=\"twitter:site\" content=\"@hudo_si\" \/>\n<meta name=\"twitter:label1\" content=\"Written by\" \/>\n\t<meta name=\"twitter:data1\" content=\"A. G., STA\" \/>\n\t<meta name=\"twitter:label2\" content=\"Est. reading time\" \/>\n\t<meta name=\"twitter:data2\" content=\"4 minute\" \/>\n<script type=\"application\/ld+json\" class=\"yoast-schema-graph\">{\"@context\":\"https:\/\/schema.org\",\"@graph\":[{\"@type\":\"Article\",\"@id\":\"https:\/\/hudo.com\/si\/aktualno\/koncno-po-letu-pol-slovenija-zopet-belezi-inflacijo\/#article\",\"isPartOf\":{\"@id\":\"https:\/\/hudo.com\/si\/aktualno\/koncno-po-letu-pol-slovenija-zopet-belezi-inflacijo\/\"},\"author\":{\"name\":\"A. G., STA\",\"@id\":\"https:\/\/hudo.com\/si\/#\/schema\/person\/2391667a63ea075ba94f2f2dc6b77537\"},\"headline\":\"Po letu in pol Slovenija zopet bele\u017ei inflacijo\",\"datePublished\":\"2016-06-30T09:31:16+00:00\",\"dateModified\":\"2016-06-30T09:32:58+00:00\",\"mainEntityOfPage\":{\"@id\":\"https:\/\/hudo.com\/si\/aktualno\/koncno-po-letu-pol-slovenija-zopet-belezi-inflacijo\/\"},\"wordCount\":723,\"publisher\":{\"@id\":\"https:\/\/hudo.com\/si\/#organization\"},\"keywords\":[\"gospodarska klima\",\"gospodarstvo\",\"inflacija\",\"statistika\"],\"articleSection\":[\"Aktualno\"],\"inLanguage\":\"sl-SI\"},{\"@type\":\"WebPage\",\"@id\":\"https:\/\/hudo.com\/si\/aktualno\/koncno-po-letu-pol-slovenija-zopet-belezi-inflacijo\/\",\"url\":\"https:\/\/hudo.com\/si\/aktualno\/koncno-po-letu-pol-slovenija-zopet-belezi-inflacijo\/\",\"name\":\"Po letu in pol Slovenija zopet bele\u017ei inflacijo - Hudo Slovenija\",\"isPartOf\":{\"@id\":\"https:\/\/hudo.com\/si\/#website\"},\"datePublished\":\"2016-06-30T09:31:16+00:00\",\"dateModified\":\"2016-06-30T09:32:58+00:00\",\"breadcrumb\":{\"@id\":\"https:\/\/hudo.com\/si\/aktualno\/koncno-po-letu-pol-slovenija-zopet-belezi-inflacijo\/#breadcrumb\"},\"inLanguage\":\"sl-SI\",\"potentialAction\":[{\"@type\":\"ReadAction\",\"target\":[\"https:\/\/hudo.com\/si\/aktualno\/koncno-po-letu-pol-slovenija-zopet-belezi-inflacijo\/\"]}]},{\"@type\":\"BreadcrumbList\",\"@id\":\"https:\/\/hudo.com\/si\/aktualno\/koncno-po-letu-pol-slovenija-zopet-belezi-inflacijo\/#breadcrumb\",\"itemListElement\":[{\"@type\":\"ListItem\",\"position\":1,\"name\":\"Home\",\"item\":\"https:\/\/hudo.com\/si\/\"},{\"@type\":\"ListItem\",\"position\":2,\"name\":\"Po letu in pol Slovenija zopet bele\u017ei inflacijo\"}]},{\"@type\":\"WebSite\",\"@id\":\"https:\/\/hudo.com\/si\/#website\",\"url\":\"https:\/\/hudo.com\/si\/\",\"name\":\"Hudo Slovenija\",\"description\":\"Vse novice iz Slovenije in sveta\",\"publisher\":{\"@id\":\"https:\/\/hudo.com\/si\/#organization\"},\"potentialAction\":[{\"@type\":\"SearchAction\",\"target\":{\"@type\":\"EntryPoint\",\"urlTemplate\":\"https:\/\/hudo.com\/si\/?s={search_term_string}\"},\"query-input\":\"required name=search_term_string\"}],\"inLanguage\":\"sl-SI\"},{\"@type\":\"Organization\",\"@id\":\"https:\/\/hudo.com\/si\/#organization\",\"name\":\"VSN Media\",\"url\":\"https:\/\/hudo.com\/si\/\",\"logo\":{\"@type\":\"ImageObject\",\"inLanguage\":\"sl-SI\",\"@id\":\"https:\/\/hudo.com\/si\/#\/schema\/logo\/image\/\",\"url\":\"https:\/\/hudo.com\/si\/wp-content\/uploads\/sites\/2\/2021\/03\/hudo-app-2.png\",\"contentUrl\":\"https:\/\/hudo.com\/si\/wp-content\/uploads\/sites\/2\/2021\/03\/hudo-app-2.png\",\"width\":2185,\"height\":2167,\"caption\":\"VSN Media\"},\"image\":{\"@id\":\"https:\/\/hudo.com\/si\/#\/schema\/logo\/image\/\"},\"sameAs\":[\"https:\/\/www.facebook.com\/hudo.si\",\"https:\/\/twitter.com\/hudo_si\"]},{\"@type\":\"Person\",\"@id\":\"https:\/\/hudo.com\/si\/#\/schema\/person\/2391667a63ea075ba94f2f2dc6b77537\",\"name\":\"A. G., STA\",\"image\":{\"@type\":\"ImageObject\",\"inLanguage\":\"sl-SI\",\"@id\":\"https:\/\/hudo.com\/si\/#\/schema\/person\/image\/\",\"url\":\"https:\/\/secure.gravatar.com\/avatar\/e13d22ac3e442658d5025fbbe6238a79?s=96&d=mm&r=g\",\"contentUrl\":\"https:\/\/secure.gravatar.com\/avatar\/e13d22ac3e442658d5025fbbe6238a79?s=96&d=mm&r=g\",\"caption\":\"A. G., STA\"},\"url\":\"https:\/\/hudo.com\/si\/author\/alenka\/\"}]}<\/script>\n<!-- \/ Yoast SEO plugin. -->","yoast_head_json":{"title":"Po letu in pol Slovenija zopet bele\u017ei inflacijo - Hudo Slovenija","robots":{"index":"index","follow":"follow","max-snippet":"max-snippet:-1","max-image-preview":"max-image-preview:large","max-video-preview":"max-video-preview:-1"},"canonical":"https:\/\/hudo.com\/si\/aktualno\/koncno-po-letu-pol-slovenija-zopet-belezi-inflacijo\/","og_locale":"sl_SI","og_type":"article","og_title":"Po letu in pol Slovenija zopet bele\u017ei inflacijo - Hudo Slovenija","og_description":"Po letu in pol deflacije na letni ravni se je ta trend obrnil. Junija je bila inflacija tako na letni kot mese\u010dni ravni.","og_url":"https:\/\/hudo.com\/si\/aktualno\/koncno-po-letu-pol-slovenija-zopet-belezi-inflacijo\/","og_site_name":"Hudo Slovenija","article_publisher":"https:\/\/www.facebook.com\/hudo.si","article_published_time":"2016-06-30T09:31:16+00:00","article_modified_time":"2016-06-30T09:32:58+00:00","og_image":[{"width":2121,"height":1414,"url":"https:\/\/hudo.com\/si\/wp-content\/uploads\/sites\/2\/2016\/06\/ThinkstockPhotos-537293316.jpg","type":"image\/jpeg"}],"author":"A. G., STA","twitter_card":"summary_large_image","twitter_creator":"@hudo_si","twitter_site":"@hudo_si","twitter_misc":{"Written by":"A. G., STA","Est. reading time":"4 minute"},"schema":{"@context":"https:\/\/schema.org","@graph":[{"@type":"Article","@id":"https:\/\/hudo.com\/si\/aktualno\/koncno-po-letu-pol-slovenija-zopet-belezi-inflacijo\/#article","isPartOf":{"@id":"https:\/\/hudo.com\/si\/aktualno\/koncno-po-letu-pol-slovenija-zopet-belezi-inflacijo\/"},"author":{"name":"A. G., STA","@id":"https:\/\/hudo.com\/si\/#\/schema\/person\/2391667a63ea075ba94f2f2dc6b77537"},"headline":"Po letu in pol Slovenija zopet bele\u017ei inflacijo","datePublished":"2016-06-30T09:31:16+00:00","dateModified":"2016-06-30T09:32:58+00:00","mainEntityOfPage":{"@id":"https:\/\/hudo.com\/si\/aktualno\/koncno-po-letu-pol-slovenija-zopet-belezi-inflacijo\/"},"wordCount":723,"publisher":{"@id":"https:\/\/hudo.com\/si\/#organization"},"keywords":["gospodarska klima","gospodarstvo","inflacija","statistika"],"articleSection":["Aktualno"],"inLanguage":"sl-SI"},{"@type":"WebPage","@id":"https:\/\/hudo.com\/si\/aktualno\/koncno-po-letu-pol-slovenija-zopet-belezi-inflacijo\/","url":"https:\/\/hudo.com\/si\/aktualno\/koncno-po-letu-pol-slovenija-zopet-belezi-inflacijo\/","name":"Po letu in pol Slovenija zopet bele\u017ei inflacijo - Hudo Slovenija","isPartOf":{"@id":"https:\/\/hudo.com\/si\/#website"},"datePublished":"2016-06-30T09:31:16+00:00","dateModified":"2016-06-30T09:32:58+00:00","breadcrumb":{"@id":"https:\/\/hudo.com\/si\/aktualno\/koncno-po-letu-pol-slovenija-zopet-belezi-inflacijo\/#breadcrumb"},"inLanguage":"sl-SI","potentialAction":[{"@type":"ReadAction","target":["https:\/\/hudo.com\/si\/aktualno\/koncno-po-letu-pol-slovenija-zopet-belezi-inflacijo\/"]}]},{"@type":"BreadcrumbList","@id":"https:\/\/hudo.com\/si\/aktualno\/koncno-po-letu-pol-slovenija-zopet-belezi-inflacijo\/#breadcrumb","itemListElement":[{"@type":"ListItem","position":1,"name":"Home","item":"https:\/\/hudo.com\/si\/"},{"@type":"ListItem","position":2,"name":"Po letu in pol Slovenija zopet bele\u017ei inflacijo"}]},{"@type":"WebSite","@id":"https:\/\/hudo.com\/si\/#website","url":"https:\/\/hudo.com\/si\/","name":"Hudo Slovenija","description":"Vse novice iz Slovenije in sveta","publisher":{"@id":"https:\/\/hudo.com\/si\/#organization"},"potentialAction":[{"@type":"SearchAction","target":{"@type":"EntryPoint","urlTemplate":"https:\/\/hudo.com\/si\/?s={search_term_string}"},"query-input":"required name=search_term_string"}],"inLanguage":"sl-SI"},{"@type":"Organization","@id":"https:\/\/hudo.com\/si\/#organization","name":"VSN Media","url":"https:\/\/hudo.com\/si\/","logo":{"@type":"ImageObject","inLanguage":"sl-SI","@id":"https:\/\/hudo.com\/si\/#\/schema\/logo\/image\/","url":"https:\/\/hudo.com\/si\/wp-content\/uploads\/sites\/2\/2021\/03\/hudo-app-2.png","contentUrl":"https:\/\/hudo.com\/si\/wp-content\/uploads\/sites\/2\/2021\/03\/hudo-app-2.png","width":2185,"height":2167,"caption":"VSN Media"},"image":{"@id":"https:\/\/hudo.com\/si\/#\/schema\/logo\/image\/"},"sameAs":["https:\/\/www.facebook.com\/hudo.si","https:\/\/twitter.com\/hudo_si"]},{"@type":"Person","@id":"https:\/\/hudo.com\/si\/#\/schema\/person\/2391667a63ea075ba94f2f2dc6b77537","name":"A. G., STA","image":{"@type":"ImageObject","inLanguage":"sl-SI","@id":"https:\/\/hudo.com\/si\/#\/schema\/person\/image\/","url":"https:\/\/secure.gravatar.com\/avatar\/e13d22ac3e442658d5025fbbe6238a79?s=96&d=mm&r=g","contentUrl":"https:\/\/secure.gravatar.com\/avatar\/e13d22ac3e442658d5025fbbe6238a79?s=96&d=mm&r=g","caption":"A. G., STA"},"url":"https:\/\/hudo.com\/si\/author\/alenka\/"}]}},"amp_enabled":true,"_links":{"self":[{"href":"https:\/\/hudo.com\/si\/wp-json\/wp\/v2\/posts\/85513"}],"collection":[{"href":"https:\/\/hudo.com\/si\/wp-json\/wp\/v2\/posts"}],"about":[{"href":"https:\/\/hudo.com\/si\/wp-json\/wp\/v2\/types\/post"}],"author":[{"embeddable":true,"href":"https:\/\/hudo.com\/si\/wp-json\/wp\/v2\/users\/5"}],"replies":[{"embeddable":true,"href":"https:\/\/hudo.com\/si\/wp-json\/wp\/v2\/comments?post=85513"}],"version-history":[{"count":3,"href":"https:\/\/hudo.com\/si\/wp-json\/wp\/v2\/posts\/85513\/revisions"}],"predecessor-version":[{"id":85517,"href":"https:\/\/hudo.com\/si\/wp-json\/wp\/v2\/posts\/85513\/revisions\/85517"}],"wp:featuredmedia":[{"embeddable":true,"href":"https:\/\/hudo.com\/si\/wp-json\/wp\/v2\/media\/85514"}],"wp:attachment":[{"href":"https:\/\/hudo.com\/si\/wp-json\/wp\/v2\/media?parent=85513"}],"wp:term":[{"taxonomy":"category","embeddable":true,"href":"https:\/\/hudo.com\/si\/wp-json\/wp\/v2\/categories?post=85513"},{"taxonomy":"post_tag","embeddable":true,"href":"https:\/\/hudo.com\/si\/wp-json\/wp\/v2\/tags?post=85513"},{"taxonomy":"source","embeddable":true,"href":"https:\/\/hudo.com\/si\/wp-json\/wp\/v2\/source?post=85513"},{"taxonomy":"supertag","embeddable":true,"href":"https:\/\/hudo.com\/si\/wp-json\/wp\/v2\/supertag?post=85513"}],"curies":[{"name":"wp","href":"https:\/\/api.w.org\/{rel}","templated":true}]}}