{"id":85518,"date":"2016-06-30T11:47:32","date_gmt":"2016-06-30T09:47:32","guid":{"rendered":"http:\/\/hudo.com\/si\/?p=85518"},"modified":"2016-06-30T11:52:55","modified_gmt":"2016-06-30T09:52:55","slug":"slovenijo-bo-letos-obiskalo-rekordno-stevilo-turistov","status":"publish","type":"post","link":"https:\/\/hudo.com\/si\/aktualno\/slovenijo-bo-letos-obiskalo-rekordno-stevilo-turistov\/","title":{"rendered":"Leto 2016 bo za slovenski turizem rekordno"},"content":{"rendered":"<p>Ljubljana, 30. junija &#8211; \u0160tevilo prihodov turistov je bilo v prvih petih mesecih leto\u0161njega leta za osem odstotkov, \u0161tevilo njihovih preno\u010ditev pa za \u0161est odstotkov vi\u0161je kot v istem obdobju prej\u0161njega leta. V turisti\u010dnih nastanitvenih objektih so statistiki samo maja zabele\u017eili \u0161tiri odstotke ve\u010d prihodov turistov in tri odstotke ve\u010d preno\u010ditev kot maja lani.<\/p>\n<p>Kot ugotavlja statisti\u010dni urad, so doma\u010di turisti v prvih petih mesecih leto\u0161njega leta ustvarili pet odstotkov ve\u010d prihodov in dva odstotka ve\u010d preno\u010ditev, tuji turisti pa 10 odstotkov ve\u010d prihodov in osem odstotkov ve\u010d preno\u010ditev kot lani v tem obdobju.<\/p>\n<p>Tuji turisti so sicer v Sloveniji maja ustvarili 69 odstotkov turisti\u010dnih preno\u010ditev. Najve\u010d preno\u010ditev so ustvarili Avstrijci (17 odstotkov), Nemci (16 odstotkov), Italijani (10 odstotkov). Britanci in Ameri\u010dani so ustvarili vsak po \u0161tiri odstotke no\u010ditev.<\/p>\n<p>Turisti iz Nem\u010dije so maja ustvarili 20 odstotkov ve\u010d preno\u010ditev kot maja lani, preno\u010ditve turistov iz Avstrije pa so se pove\u010dale za 14 odstotkov. Turisti iz Italije so jih medtem ustvarili 27 odstotkov manj, turisti iz Velike Britanije pa tri odstotke manj.<\/p>\n<p>Rast \u0161tevila turisti\u010dnih preno\u010ditev so na statisti\u010dnem uradu zabele\u017eili v gorskih ob\u010dinah in Ljubljani, v zdravili\u0161kih in obmorskih ob\u010dinah pa je \u0161tevilo preno\u010ditev pribli\u017eno enako kot v maju 2015.<\/p>\n<p>Maja je bilo tako 29 odstotkov vseh turisti\u010dnih preno\u010ditev ustvarjenih v zdravili\u0161kih ob\u010dinah, 22 odstotkov v gorskih ob\u010dinah, 21 odstotkov v obmorskih ob\u010dinah in 14 odstotkov v ob\u010dini Ljubljana.<\/p>\n","protected":false},"excerpt":{"rendered":"<p>Slovenski turizem bele\u017ei vztrajno rast prihodov tujih gostov in \u0161tevila no\u010ditev<\/p>\n","protected":false},"author":5,"featured_media":85519,"comment_status":"closed","ping_status":"closed","sticky":false,"template":"","format":"standard","meta":{"footnotes":""},"categories":[1179],"tags":[5651,4505,1917],"source":[4511],"supertag":[7541,5675],"acf":[],"yoast_head":"<!-- This site is optimized with the Yoast SEO plugin v21.3 - https:\/\/yoast.com\/wordpress\/plugins\/seo\/ -->\n<title>Leto 2016 bo za slovenski turizem rekordno - Hudo Slovenija<\/title>\n<meta name=\"robots\" content=\"index, follow, max-snippet:-1, max-image-preview:large, max-video-preview:-1\" \/>\n<link rel=\"canonical\" href=\"https:\/\/hudo.com\/si\/aktualno\/slovenijo-bo-letos-obiskalo-rekordno-stevilo-turistov\/\" \/>\n<meta property=\"og:locale\" content=\"sl_SI\" \/>\n<meta property=\"og:type\" content=\"article\" \/>\n<meta property=\"og:title\" content=\"Leto 2016 bo za slovenski turizem rekordno - Hudo Slovenija\" \/>\n<meta property=\"og:description\" content=\"Slovenski turizem bele\u017ei vztrajno rast prihodov tujih gostov in \u0161tevila no\u010ditev\" \/>\n<meta property=\"og:url\" content=\"https:\/\/hudo.com\/si\/aktualno\/slovenijo-bo-letos-obiskalo-rekordno-stevilo-turistov\/\" \/>\n<meta property=\"og:site_name\" content=\"Hudo Slovenija\" \/>\n<meta property=\"article:publisher\" content=\"https:\/\/www.facebook.com\/hudo.si\" \/>\n<meta property=\"article:published_time\" content=\"2016-06-30T09:47:32+00:00\" \/>\n<meta property=\"article:modified_time\" content=\"2016-06-30T09:52:55+00:00\" \/>\n<meta property=\"og:image\" content=\"https:\/\/hudo.com\/si\/wp-content\/uploads\/sites\/2\/2016\/06\/ThinkstockPhotos-99268436-scaled.jpg\" \/>\n\t<meta property=\"og:image:width\" content=\"2560\" \/>\n\t<meta property=\"og:image:height\" content=\"1713\" \/>\n\t<meta property=\"og:image:type\" content=\"image\/jpeg\" \/>\n<meta name=\"author\" content=\"A. G., STA\" \/>\n<meta name=\"twitter:card\" content=\"summary_large_image\" \/>\n<meta name=\"twitter:creator\" content=\"@hudo_si\" \/>\n<meta name=\"twitter:site\" content=\"@hudo_si\" \/>\n<meta name=\"twitter:label1\" content=\"Written by\" \/>\n\t<meta name=\"twitter:data1\" content=\"A. G., STA\" \/>\n\t<meta name=\"twitter:label2\" content=\"Est. reading time\" \/>\n\t<meta name=\"twitter:data2\" content=\"1 minuta\" \/>\n<script type=\"application\/ld+json\" class=\"yoast-schema-graph\">{\"@context\":\"https:\/\/schema.org\",\"@graph\":[{\"@type\":\"Article\",\"@id\":\"https:\/\/hudo.com\/si\/aktualno\/slovenijo-bo-letos-obiskalo-rekordno-stevilo-turistov\/#article\",\"isPartOf\":{\"@id\":\"https:\/\/hudo.com\/si\/aktualno\/slovenijo-bo-letos-obiskalo-rekordno-stevilo-turistov\/\"},\"author\":{\"name\":\"A. G., STA\",\"@id\":\"https:\/\/hudo.com\/si\/#\/schema\/person\/2391667a63ea075ba94f2f2dc6b77537\"},\"headline\":\"Leto 2016 bo za slovenski turizem rekordno\",\"datePublished\":\"2016-06-30T09:47:32+00:00\",\"dateModified\":\"2016-06-30T09:52:55+00:00\",\"mainEntityOfPage\":{\"@id\":\"https:\/\/hudo.com\/si\/aktualno\/slovenijo-bo-letos-obiskalo-rekordno-stevilo-turistov\/\"},\"wordCount\":258,\"publisher\":{\"@id\":\"https:\/\/hudo.com\/si\/#organization\"},\"keywords\":[\"i feel slovenia\",\"statistika\",\"turizem\"],\"articleSection\":[\"Aktualno\"],\"inLanguage\":\"sl-SI\"},{\"@type\":\"WebPage\",\"@id\":\"https:\/\/hudo.com\/si\/aktualno\/slovenijo-bo-letos-obiskalo-rekordno-stevilo-turistov\/\",\"url\":\"https:\/\/hudo.com\/si\/aktualno\/slovenijo-bo-letos-obiskalo-rekordno-stevilo-turistov\/\",\"name\":\"Leto 2016 bo za slovenski turizem rekordno - Hudo Slovenija\",\"isPartOf\":{\"@id\":\"https:\/\/hudo.com\/si\/#website\"},\"datePublished\":\"2016-06-30T09:47:32+00:00\",\"dateModified\":\"2016-06-30T09:52:55+00:00\",\"breadcrumb\":{\"@id\":\"https:\/\/hudo.com\/si\/aktualno\/slovenijo-bo-letos-obiskalo-rekordno-stevilo-turistov\/#breadcrumb\"},\"inLanguage\":\"sl-SI\",\"potentialAction\":[{\"@type\":\"ReadAction\",\"target\":[\"https:\/\/hudo.com\/si\/aktualno\/slovenijo-bo-letos-obiskalo-rekordno-stevilo-turistov\/\"]}]},{\"@type\":\"BreadcrumbList\",\"@id\":\"https:\/\/hudo.com\/si\/aktualno\/slovenijo-bo-letos-obiskalo-rekordno-stevilo-turistov\/#breadcrumb\",\"itemListElement\":[{\"@type\":\"ListItem\",\"position\":1,\"name\":\"Home\",\"item\":\"https:\/\/hudo.com\/si\/\"},{\"@type\":\"ListItem\",\"position\":2,\"name\":\"Leto 2016 bo za slovenski turizem rekordno\"}]},{\"@type\":\"WebSite\",\"@id\":\"https:\/\/hudo.com\/si\/#website\",\"url\":\"https:\/\/hudo.com\/si\/\",\"name\":\"Hudo Slovenija\",\"description\":\"Vse novice iz Slovenije in sveta\",\"publisher\":{\"@id\":\"https:\/\/hudo.com\/si\/#organization\"},\"potentialAction\":[{\"@type\":\"SearchAction\",\"target\":{\"@type\":\"EntryPoint\",\"urlTemplate\":\"https:\/\/hudo.com\/si\/?s={search_term_string}\"},\"query-input\":\"required name=search_term_string\"}],\"inLanguage\":\"sl-SI\"},{\"@type\":\"Organization\",\"@id\":\"https:\/\/hudo.com\/si\/#organization\",\"name\":\"VSN Media\",\"url\":\"https:\/\/hudo.com\/si\/\",\"logo\":{\"@type\":\"ImageObject\",\"inLanguage\":\"sl-SI\",\"@id\":\"https:\/\/hudo.com\/si\/#\/schema\/logo\/image\/\",\"url\":\"https:\/\/hudo.com\/si\/wp-content\/uploads\/sites\/2\/2021\/03\/hudo-app-2.png\",\"contentUrl\":\"https:\/\/hudo.com\/si\/wp-content\/uploads\/sites\/2\/2021\/03\/hudo-app-2.png\",\"width\":2185,\"height\":2167,\"caption\":\"VSN Media\"},\"image\":{\"@id\":\"https:\/\/hudo.com\/si\/#\/schema\/logo\/image\/\"},\"sameAs\":[\"https:\/\/www.facebook.com\/hudo.si\",\"https:\/\/twitter.com\/hudo_si\"]},{\"@type\":\"Person\",\"@id\":\"https:\/\/hudo.com\/si\/#\/schema\/person\/2391667a63ea075ba94f2f2dc6b77537\",\"name\":\"A. G., STA\",\"image\":{\"@type\":\"ImageObject\",\"inLanguage\":\"sl-SI\",\"@id\":\"https:\/\/hudo.com\/si\/#\/schema\/person\/image\/\",\"url\":\"https:\/\/secure.gravatar.com\/avatar\/e13d22ac3e442658d5025fbbe6238a79?s=96&d=mm&r=g\",\"contentUrl\":\"https:\/\/secure.gravatar.com\/avatar\/e13d22ac3e442658d5025fbbe6238a79?s=96&d=mm&r=g\",\"caption\":\"A. G., STA\"},\"url\":\"https:\/\/hudo.com\/si\/author\/alenka\/\"}]}<\/script>\n<!-- \/ Yoast SEO plugin. -->","yoast_head_json":{"title":"Leto 2016 bo za slovenski turizem rekordno - Hudo Slovenija","robots":{"index":"index","follow":"follow","max-snippet":"max-snippet:-1","max-image-preview":"max-image-preview:large","max-video-preview":"max-video-preview:-1"},"canonical":"https:\/\/hudo.com\/si\/aktualno\/slovenijo-bo-letos-obiskalo-rekordno-stevilo-turistov\/","og_locale":"sl_SI","og_type":"article","og_title":"Leto 2016 bo za slovenski turizem rekordno - Hudo Slovenija","og_description":"Slovenski turizem bele\u017ei vztrajno rast prihodov tujih gostov in \u0161tevila no\u010ditev","og_url":"https:\/\/hudo.com\/si\/aktualno\/slovenijo-bo-letos-obiskalo-rekordno-stevilo-turistov\/","og_site_name":"Hudo Slovenija","article_publisher":"https:\/\/www.facebook.com\/hudo.si","article_published_time":"2016-06-30T09:47:32+00:00","article_modified_time":"2016-06-30T09:52:55+00:00","og_image":[{"width":2560,"height":1713,"url":"https:\/\/hudo.com\/si\/wp-content\/uploads\/sites\/2\/2016\/06\/ThinkstockPhotos-99268436-scaled.jpg","type":"image\/jpeg"}],"author":"A. G., STA","twitter_card":"summary_large_image","twitter_creator":"@hudo_si","twitter_site":"@hudo_si","twitter_misc":{"Written by":"A. G., STA","Est. reading time":"1 minuta"},"schema":{"@context":"https:\/\/schema.org","@graph":[{"@type":"Article","@id":"https:\/\/hudo.com\/si\/aktualno\/slovenijo-bo-letos-obiskalo-rekordno-stevilo-turistov\/#article","isPartOf":{"@id":"https:\/\/hudo.com\/si\/aktualno\/slovenijo-bo-letos-obiskalo-rekordno-stevilo-turistov\/"},"author":{"name":"A. G., STA","@id":"https:\/\/hudo.com\/si\/#\/schema\/person\/2391667a63ea075ba94f2f2dc6b77537"},"headline":"Leto 2016 bo za slovenski turizem rekordno","datePublished":"2016-06-30T09:47:32+00:00","dateModified":"2016-06-30T09:52:55+00:00","mainEntityOfPage":{"@id":"https:\/\/hudo.com\/si\/aktualno\/slovenijo-bo-letos-obiskalo-rekordno-stevilo-turistov\/"},"wordCount":258,"publisher":{"@id":"https:\/\/hudo.com\/si\/#organization"},"keywords":["i feel slovenia","statistika","turizem"],"articleSection":["Aktualno"],"inLanguage":"sl-SI"},{"@type":"WebPage","@id":"https:\/\/hudo.com\/si\/aktualno\/slovenijo-bo-letos-obiskalo-rekordno-stevilo-turistov\/","url":"https:\/\/hudo.com\/si\/aktualno\/slovenijo-bo-letos-obiskalo-rekordno-stevilo-turistov\/","name":"Leto 2016 bo za slovenski turizem rekordno - Hudo Slovenija","isPartOf":{"@id":"https:\/\/hudo.com\/si\/#website"},"datePublished":"2016-06-30T09:47:32+00:00","dateModified":"2016-06-30T09:52:55+00:00","breadcrumb":{"@id":"https:\/\/hudo.com\/si\/aktualno\/slovenijo-bo-letos-obiskalo-rekordno-stevilo-turistov\/#breadcrumb"},"inLanguage":"sl-SI","potentialAction":[{"@type":"ReadAction","target":["https:\/\/hudo.com\/si\/aktualno\/slovenijo-bo-letos-obiskalo-rekordno-stevilo-turistov\/"]}]},{"@type":"BreadcrumbList","@id":"https:\/\/hudo.com\/si\/aktualno\/slovenijo-bo-letos-obiskalo-rekordno-stevilo-turistov\/#breadcrumb","itemListElement":[{"@type":"ListItem","position":1,"name":"Home","item":"https:\/\/hudo.com\/si\/"},{"@type":"ListItem","position":2,"name":"Leto 2016 bo za slovenski turizem rekordno"}]},{"@type":"WebSite","@id":"https:\/\/hudo.com\/si\/#website","url":"https:\/\/hudo.com\/si\/","name":"Hudo Slovenija","description":"Vse novice iz Slovenije in sveta","publisher":{"@id":"https:\/\/hudo.com\/si\/#organization"},"potentialAction":[{"@type":"SearchAction","target":{"@type":"EntryPoint","urlTemplate":"https:\/\/hudo.com\/si\/?s={search_term_string}"},"query-input":"required name=search_term_string"}],"inLanguage":"sl-SI"},{"@type":"Organization","@id":"https:\/\/hudo.com\/si\/#organization","name":"VSN Media","url":"https:\/\/hudo.com\/si\/","logo":{"@type":"ImageObject","inLanguage":"sl-SI","@id":"https:\/\/hudo.com\/si\/#\/schema\/logo\/image\/","url":"https:\/\/hudo.com\/si\/wp-content\/uploads\/sites\/2\/2021\/03\/hudo-app-2.png","contentUrl":"https:\/\/hudo.com\/si\/wp-content\/uploads\/sites\/2\/2021\/03\/hudo-app-2.png","width":2185,"height":2167,"caption":"VSN Media"},"image":{"@id":"https:\/\/hudo.com\/si\/#\/schema\/logo\/image\/"},"sameAs":["https:\/\/www.facebook.com\/hudo.si","https:\/\/twitter.com\/hudo_si"]},{"@type":"Person","@id":"https:\/\/hudo.com\/si\/#\/schema\/person\/2391667a63ea075ba94f2f2dc6b77537","name":"A. G., STA","image":{"@type":"ImageObject","inLanguage":"sl-SI","@id":"https:\/\/hudo.com\/si\/#\/schema\/person\/image\/","url":"https:\/\/secure.gravatar.com\/avatar\/e13d22ac3e442658d5025fbbe6238a79?s=96&d=mm&r=g","contentUrl":"https:\/\/secure.gravatar.com\/avatar\/e13d22ac3e442658d5025fbbe6238a79?s=96&d=mm&r=g","caption":"A. G., STA"},"url":"https:\/\/hudo.com\/si\/author\/alenka\/"}]}},"amp_enabled":true,"_links":{"self":[{"href":"https:\/\/hudo.com\/si\/wp-json\/wp\/v2\/posts\/85518"}],"collection":[{"href":"https:\/\/hudo.com\/si\/wp-json\/wp\/v2\/posts"}],"about":[{"href":"https:\/\/hudo.com\/si\/wp-json\/wp\/v2\/types\/post"}],"author":[{"embeddable":true,"href":"https:\/\/hudo.com\/si\/wp-json\/wp\/v2\/users\/5"}],"replies":[{"embeddable":true,"href":"https:\/\/hudo.com\/si\/wp-json\/wp\/v2\/comments?post=85518"}],"version-history":[{"count":2,"href":"https:\/\/hudo.com\/si\/wp-json\/wp\/v2\/posts\/85518\/revisions"}],"predecessor-version":[{"id":85521,"href":"https:\/\/hudo.com\/si\/wp-json\/wp\/v2\/posts\/85518\/revisions\/85521"}],"wp:featuredmedia":[{"embeddable":true,"href":"https:\/\/hudo.com\/si\/wp-json\/wp\/v2\/media\/85519"}],"wp:attachment":[{"href":"https:\/\/hudo.com\/si\/wp-json\/wp\/v2\/media?parent=85518"}],"wp:term":[{"taxonomy":"category","embeddable":true,"href":"https:\/\/hudo.com\/si\/wp-json\/wp\/v2\/categories?post=85518"},{"taxonomy":"post_tag","embeddable":true,"href":"https:\/\/hudo.com\/si\/wp-json\/wp\/v2\/tags?post=85518"},{"taxonomy":"source","embeddable":true,"href":"https:\/\/hudo.com\/si\/wp-json\/wp\/v2\/source?post=85518"},{"taxonomy":"supertag","embeddable":true,"href":"https:\/\/hudo.com\/si\/wp-json\/wp\/v2\/supertag?post=85518"}],"curies":[{"name":"wp","href":"https:\/\/api.w.org\/{rel}","templated":true}]}}