{"id":85562,"date":"2016-06-30T08:00:00","date_gmt":"2016-06-30T06:00:00","guid":{"rendered":"http:\/\/hudo.com\/si\/2016\/06\/30\/v-kampu-blizu-zadra-drevo-poskodovala-otroka-iz-slovenije\/"},"modified":"2016-07-01T04:37:43","modified_gmt":"2016-07-01T02:37:43","slug":"v-kampu-blizu-zadra-drevo-poskodovala-otroka-iz-slovenije","status":"publish","type":"post","link":"https:\/\/hudo.com\/si\/aktualno\/v-kampu-blizu-zadra-drevo-poskodovala-otroka-iz-slovenije\/","title":{"rendered":"V kampu blizu Zadra drevo po\u0161kodovala otroka iz Slovenije"},"content":{"rendered":"<p>V avtokampu \u0110ardin v Svetem Filipu in Jakovu v bli\u017eini Zadra se je v torek nenadoma zru\u0161ilo drevo. Pri tem sta bila po\u0161kodovana dva otroka, brata in sestro iz Slovenije. Devetletno deklico so zadr\u017eali v zadrski bolni\u0161nici, \u0161estletnega fanta pa so odpustili z la\u017ejimi po\u0161kodbami. Okoli\u0161\u010dine nesre\u010de bo raziskala hrva\u0161ka policija. V upravi kampa ne \u017eelijo ugibati, zakaj se je bor nenadoma podrl, potem ko so pred za\u010detkom leto\u0161nje sezone uredili okolje. Domnevajo, da je drevo morda bila po\u0161kodovano med nevihtami, ki so bile v zadnjem mesecu dni. Pri padcu velikega bora so bili po\u0161kodovani tudi trije avtomobili. Hrva\u0161ki Jutarnji list je objavil tudi fotografijo, na kateri je sredi \u0161otorov videti veliko polomljeno drevo, ki se je zru\u0161ilo na avtomobile. Po\u0161kodovan je avtomobil slovenske registracije ter dve vozili hrva\u0161kih lastnikov.Kronika<\/p>\n","protected":false},"excerpt":{"rendered":"<p>V avtokampu \u0110ardin v Svetem Filipu in Jakovu v bli\u017eini Zadra se je v torek nenadoma zru\u0161ilo drevo. Pri tem sta bila po\u0161kodovana dva otroka, brata in sestro iz Slovenije. Devetletno deklico so zadr\u017eali v zadrski bolni\u0161nici, \u0161estletnega fanta pa so odpustili z la\u017ejimi po\u0161kodbami. Okoli\u0161\u010dine nesre\u010de bo raziskala hrva\u0161ka policija. V upravi kampa ne \u017eelijo ugibati, zakaj se je bor nenadoma podrl, potem ko so pred za\u010detkom leto\u0161nje sezone uredili okolje. Domnevajo, da je drevo morda bila po\u0161kodovano med nevihtami, ki so bile v zadnjem mesecu dni. Pri padcu velikega bora so bili po\u0161kodovani tudi trije avtomobili. Hrva\u0161ki Jutarnji list je objavil tudi fotografijo, na kateri je sredi \u0161otorov videti veliko polomljeno drevo, ki se je zru\u0161ilo na avtomobile. Po\u0161kodovan je avtomobil slovenske registracije ter dve vozili hrva\u0161kih lastnikov.Kronika<\/p>\n","protected":false},"author":1,"featured_media":0,"comment_status":"closed","ping_status":"closed","sticky":false,"template":"","format":"standard","meta":{"footnotes":""},"categories":[1179],"tags":[],"source":[1711],"supertag":[],"acf":[],"yoast_head":"<!-- This site is optimized with the Yoast SEO plugin v21.3 - https:\/\/yoast.com\/wordpress\/plugins\/seo\/ -->\n<title>V kampu blizu Zadra drevo po\u0161kodovala otroka iz Slovenije - Hudo Slovenija<\/title>\n<meta name=\"robots\" content=\"index, follow, max-snippet:-1, max-image-preview:large, max-video-preview:-1\" \/>\n<link rel=\"canonical\" href=\"https:\/\/hudo.com\/si\/aktualno\/v-kampu-blizu-zadra-drevo-poskodovala-otroka-iz-slovenije\/\" \/>\n<meta property=\"og:locale\" content=\"sl_SI\" \/>\n<meta property=\"og:type\" content=\"article\" \/>\n<meta property=\"og:title\" content=\"V kampu blizu Zadra drevo po\u0161kodovala otroka iz Slovenije - Hudo Slovenija\" \/>\n<meta property=\"og:description\" content=\"V avtokampu \u0110ardin v Svetem Filipu in Jakovu v bli\u017eini Zadra se je v torek nenadoma zru\u0161ilo drevo. Pri tem sta bila po\u0161kodovana dva otroka, brata in sestro iz Slovenije. Devetletno deklico so zadr\u017eali v zadrski bolni\u0161nici, \u0161estletnega fanta pa so odpustili z la\u017ejimi po\u0161kodbami. Okoli\u0161\u010dine nesre\u010de bo raziskala hrva\u0161ka policija. V upravi kampa ne \u017eelijo ugibati, zakaj se je bor nenadoma podrl, potem ko so pred za\u010detkom leto\u0161nje sezone uredili okolje. Domnevajo, da je drevo morda bila po\u0161kodovano med nevihtami, ki so bile v zadnjem mesecu dni. Pri padcu velikega bora so bili po\u0161kodovani tudi trije avtomobili. Hrva\u0161ki Jutarnji list je objavil tudi fotografijo, na kateri je sredi \u0161otorov videti veliko polomljeno drevo, ki se je zru\u0161ilo na avtomobile. Po\u0161kodovan je avtomobil slovenske registracije ter dve vozili hrva\u0161kih lastnikov.Kronika\" \/>\n<meta property=\"og:url\" content=\"https:\/\/hudo.com\/si\/aktualno\/v-kampu-blizu-zadra-drevo-poskodovala-otroka-iz-slovenije\/\" \/>\n<meta property=\"og:site_name\" content=\"Hudo Slovenija\" \/>\n<meta property=\"article:publisher\" content=\"https:\/\/www.facebook.com\/hudo.si\" \/>\n<meta property=\"article:published_time\" content=\"2016-06-30T06:00:00+00:00\" \/>\n<meta property=\"article:modified_time\" content=\"2016-07-01T02:37:43+00:00\" \/>\n<meta property=\"og:image\" content=\"https:\/\/hudo.com\/si\/wp-content\/uploads\/sites\/2\/2016\/06\/01096276F-300.jpg\" \/>\n\t<meta property=\"og:image:width\" content=\"450\" \/>\n\t<meta property=\"og:image:height\" content=\"253\" \/>\n\t<meta property=\"og:image:type\" content=\"image\/jpeg\" \/>\n<meta name=\"author\" content=\"hudo\" \/>\n<meta name=\"twitter:card\" content=\"summary_large_image\" \/>\n<meta name=\"twitter:creator\" content=\"@hudo_si\" \/>\n<meta name=\"twitter:site\" content=\"@hudo_si\" \/>\n<meta name=\"twitter:label1\" content=\"Written by\" \/>\n\t<meta name=\"twitter:data1\" content=\"hudo\" \/>\n\t<meta name=\"twitter:label2\" content=\"Est. reading time\" \/>\n\t<meta name=\"twitter:data2\" content=\"1 minuta\" \/>\n<script type=\"application\/ld+json\" class=\"yoast-schema-graph\">{\"@context\":\"https:\/\/schema.org\",\"@graph\":[{\"@type\":\"Article\",\"@id\":\"https:\/\/hudo.com\/si\/aktualno\/v-kampu-blizu-zadra-drevo-poskodovala-otroka-iz-slovenije\/#article\",\"isPartOf\":{\"@id\":\"https:\/\/hudo.com\/si\/aktualno\/v-kampu-blizu-zadra-drevo-poskodovala-otroka-iz-slovenije\/\"},\"author\":{\"name\":\"hudo\",\"@id\":\"https:\/\/hudo.com\/si\/#\/schema\/person\/601cf3379633985b20f7e50f2bb47707\"},\"headline\":\"V kampu blizu Zadra drevo po\u0161kodovala otroka iz Slovenije\",\"datePublished\":\"2016-06-30T06:00:00+00:00\",\"dateModified\":\"2016-07-01T02:37:43+00:00\",\"mainEntityOfPage\":{\"@id\":\"https:\/\/hudo.com\/si\/aktualno\/v-kampu-blizu-zadra-drevo-poskodovala-otroka-iz-slovenije\/\"},\"wordCount\":159,\"publisher\":{\"@id\":\"https:\/\/hudo.com\/si\/#organization\"},\"articleSection\":[\"Aktualno\"],\"inLanguage\":\"sl-SI\"},{\"@type\":\"WebPage\",\"@id\":\"https:\/\/hudo.com\/si\/aktualno\/v-kampu-blizu-zadra-drevo-poskodovala-otroka-iz-slovenije\/\",\"url\":\"https:\/\/hudo.com\/si\/aktualno\/v-kampu-blizu-zadra-drevo-poskodovala-otroka-iz-slovenije\/\",\"name\":\"V kampu blizu Zadra drevo po\u0161kodovala otroka iz Slovenije - Hudo Slovenija\",\"isPartOf\":{\"@id\":\"https:\/\/hudo.com\/si\/#website\"},\"datePublished\":\"2016-06-30T06:00:00+00:00\",\"dateModified\":\"2016-07-01T02:37:43+00:00\",\"breadcrumb\":{\"@id\":\"https:\/\/hudo.com\/si\/aktualno\/v-kampu-blizu-zadra-drevo-poskodovala-otroka-iz-slovenije\/#breadcrumb\"},\"inLanguage\":\"sl-SI\",\"potentialAction\":[{\"@type\":\"ReadAction\",\"target\":[\"https:\/\/hudo.com\/si\/aktualno\/v-kampu-blizu-zadra-drevo-poskodovala-otroka-iz-slovenije\/\"]}]},{\"@type\":\"BreadcrumbList\",\"@id\":\"https:\/\/hudo.com\/si\/aktualno\/v-kampu-blizu-zadra-drevo-poskodovala-otroka-iz-slovenije\/#breadcrumb\",\"itemListElement\":[{\"@type\":\"ListItem\",\"position\":1,\"name\":\"Home\",\"item\":\"https:\/\/hudo.com\/si\/\"},{\"@type\":\"ListItem\",\"position\":2,\"name\":\"V kampu blizu Zadra drevo po\u0161kodovala otroka iz Slovenije\"}]},{\"@type\":\"WebSite\",\"@id\":\"https:\/\/hudo.com\/si\/#website\",\"url\":\"https:\/\/hudo.com\/si\/\",\"name\":\"Hudo Slovenija\",\"description\":\"Vse novice iz Slovenije in sveta\",\"publisher\":{\"@id\":\"https:\/\/hudo.com\/si\/#organization\"},\"potentialAction\":[{\"@type\":\"SearchAction\",\"target\":{\"@type\":\"EntryPoint\",\"urlTemplate\":\"https:\/\/hudo.com\/si\/?s={search_term_string}\"},\"query-input\":\"required name=search_term_string\"}],\"inLanguage\":\"sl-SI\"},{\"@type\":\"Organization\",\"@id\":\"https:\/\/hudo.com\/si\/#organization\",\"name\":\"VSN Media\",\"url\":\"https:\/\/hudo.com\/si\/\",\"logo\":{\"@type\":\"ImageObject\",\"inLanguage\":\"sl-SI\",\"@id\":\"https:\/\/hudo.com\/si\/#\/schema\/logo\/image\/\",\"url\":\"https:\/\/hudo.com\/si\/wp-content\/uploads\/sites\/2\/2021\/03\/hudo-app-2.png\",\"contentUrl\":\"https:\/\/hudo.com\/si\/wp-content\/uploads\/sites\/2\/2021\/03\/hudo-app-2.png\",\"width\":2185,\"height\":2167,\"caption\":\"VSN Media\"},\"image\":{\"@id\":\"https:\/\/hudo.com\/si\/#\/schema\/logo\/image\/\"},\"sameAs\":[\"https:\/\/www.facebook.com\/hudo.si\",\"https:\/\/twitter.com\/hudo_si\"]},{\"@type\":\"Person\",\"@id\":\"https:\/\/hudo.com\/si\/#\/schema\/person\/601cf3379633985b20f7e50f2bb47707\",\"name\":\"hudo\",\"image\":{\"@type\":\"ImageObject\",\"inLanguage\":\"sl-SI\",\"@id\":\"https:\/\/hudo.com\/si\/#\/schema\/person\/image\/\",\"url\":\"https:\/\/secure.gravatar.com\/avatar\/c4ca25fa72cace7a696b52ff5db9e095?s=96&d=mm&r=g\",\"contentUrl\":\"https:\/\/secure.gravatar.com\/avatar\/c4ca25fa72cace7a696b52ff5db9e095?s=96&d=mm&r=g\",\"caption\":\"hudo\"},\"url\":\"https:\/\/hudo.com\/si\/author\/hudo\/\"}]}<\/script>\n<!-- \/ Yoast SEO plugin. -->","yoast_head_json":{"title":"V kampu blizu Zadra drevo po\u0161kodovala otroka iz Slovenije - Hudo Slovenija","robots":{"index":"index","follow":"follow","max-snippet":"max-snippet:-1","max-image-preview":"max-image-preview:large","max-video-preview":"max-video-preview:-1"},"canonical":"https:\/\/hudo.com\/si\/aktualno\/v-kampu-blizu-zadra-drevo-poskodovala-otroka-iz-slovenije\/","og_locale":"sl_SI","og_type":"article","og_title":"V kampu blizu Zadra drevo po\u0161kodovala otroka iz Slovenije - Hudo Slovenija","og_description":"V avtokampu \u0110ardin v Svetem Filipu in Jakovu v bli\u017eini Zadra se je v torek nenadoma zru\u0161ilo drevo. Pri tem sta bila po\u0161kodovana dva otroka, brata in sestro iz Slovenije. Devetletno deklico so zadr\u017eali v zadrski bolni\u0161nici, \u0161estletnega fanta pa so odpustili z la\u017ejimi po\u0161kodbami. Okoli\u0161\u010dine nesre\u010de bo raziskala hrva\u0161ka policija. V upravi kampa ne \u017eelijo ugibati, zakaj se je bor nenadoma podrl, potem ko so pred za\u010detkom leto\u0161nje sezone uredili okolje. Domnevajo, da je drevo morda bila po\u0161kodovano med nevihtami, ki so bile v zadnjem mesecu dni. Pri padcu velikega bora so bili po\u0161kodovani tudi trije avtomobili. Hrva\u0161ki Jutarnji list je objavil tudi fotografijo, na kateri je sredi \u0161otorov videti veliko polomljeno drevo, ki se je zru\u0161ilo na avtomobile. Po\u0161kodovan je avtomobil slovenske registracije ter dve vozili hrva\u0161kih lastnikov.Kronika","og_url":"https:\/\/hudo.com\/si\/aktualno\/v-kampu-blizu-zadra-drevo-poskodovala-otroka-iz-slovenije\/","og_site_name":"Hudo Slovenija","article_publisher":"https:\/\/www.facebook.com\/hudo.si","article_published_time":"2016-06-30T06:00:00+00:00","article_modified_time":"2016-07-01T02:37:43+00:00","og_image":[{"width":450,"height":253,"url":"https:\/\/hudo.com\/si\/wp-content\/uploads\/sites\/2\/2016\/06\/01096276F-300.jpg","type":"image\/jpeg"}],"author":"hudo","twitter_card":"summary_large_image","twitter_creator":"@hudo_si","twitter_site":"@hudo_si","twitter_misc":{"Written by":"hudo","Est. reading time":"1 minuta"},"schema":{"@context":"https:\/\/schema.org","@graph":[{"@type":"Article","@id":"https:\/\/hudo.com\/si\/aktualno\/v-kampu-blizu-zadra-drevo-poskodovala-otroka-iz-slovenije\/#article","isPartOf":{"@id":"https:\/\/hudo.com\/si\/aktualno\/v-kampu-blizu-zadra-drevo-poskodovala-otroka-iz-slovenije\/"},"author":{"name":"hudo","@id":"https:\/\/hudo.com\/si\/#\/schema\/person\/601cf3379633985b20f7e50f2bb47707"},"headline":"V kampu blizu Zadra drevo po\u0161kodovala otroka iz Slovenije","datePublished":"2016-06-30T06:00:00+00:00","dateModified":"2016-07-01T02:37:43+00:00","mainEntityOfPage":{"@id":"https:\/\/hudo.com\/si\/aktualno\/v-kampu-blizu-zadra-drevo-poskodovala-otroka-iz-slovenije\/"},"wordCount":159,"publisher":{"@id":"https:\/\/hudo.com\/si\/#organization"},"articleSection":["Aktualno"],"inLanguage":"sl-SI"},{"@type":"WebPage","@id":"https:\/\/hudo.com\/si\/aktualno\/v-kampu-blizu-zadra-drevo-poskodovala-otroka-iz-slovenije\/","url":"https:\/\/hudo.com\/si\/aktualno\/v-kampu-blizu-zadra-drevo-poskodovala-otroka-iz-slovenije\/","name":"V kampu blizu Zadra drevo po\u0161kodovala otroka iz Slovenije - Hudo Slovenija","isPartOf":{"@id":"https:\/\/hudo.com\/si\/#website"},"datePublished":"2016-06-30T06:00:00+00:00","dateModified":"2016-07-01T02:37:43+00:00","breadcrumb":{"@id":"https:\/\/hudo.com\/si\/aktualno\/v-kampu-blizu-zadra-drevo-poskodovala-otroka-iz-slovenije\/#breadcrumb"},"inLanguage":"sl-SI","potentialAction":[{"@type":"ReadAction","target":["https:\/\/hudo.com\/si\/aktualno\/v-kampu-blizu-zadra-drevo-poskodovala-otroka-iz-slovenije\/"]}]},{"@type":"BreadcrumbList","@id":"https:\/\/hudo.com\/si\/aktualno\/v-kampu-blizu-zadra-drevo-poskodovala-otroka-iz-slovenije\/#breadcrumb","itemListElement":[{"@type":"ListItem","position":1,"name":"Home","item":"https:\/\/hudo.com\/si\/"},{"@type":"ListItem","position":2,"name":"V kampu blizu Zadra drevo po\u0161kodovala otroka iz Slovenije"}]},{"@type":"WebSite","@id":"https:\/\/hudo.com\/si\/#website","url":"https:\/\/hudo.com\/si\/","name":"Hudo Slovenija","description":"Vse novice iz Slovenije in sveta","publisher":{"@id":"https:\/\/hudo.com\/si\/#organization"},"potentialAction":[{"@type":"SearchAction","target":{"@type":"EntryPoint","urlTemplate":"https:\/\/hudo.com\/si\/?s={search_term_string}"},"query-input":"required name=search_term_string"}],"inLanguage":"sl-SI"},{"@type":"Organization","@id":"https:\/\/hudo.com\/si\/#organization","name":"VSN Media","url":"https:\/\/hudo.com\/si\/","logo":{"@type":"ImageObject","inLanguage":"sl-SI","@id":"https:\/\/hudo.com\/si\/#\/schema\/logo\/image\/","url":"https:\/\/hudo.com\/si\/wp-content\/uploads\/sites\/2\/2021\/03\/hudo-app-2.png","contentUrl":"https:\/\/hudo.com\/si\/wp-content\/uploads\/sites\/2\/2021\/03\/hudo-app-2.png","width":2185,"height":2167,"caption":"VSN Media"},"image":{"@id":"https:\/\/hudo.com\/si\/#\/schema\/logo\/image\/"},"sameAs":["https:\/\/www.facebook.com\/hudo.si","https:\/\/twitter.com\/hudo_si"]},{"@type":"Person","@id":"https:\/\/hudo.com\/si\/#\/schema\/person\/601cf3379633985b20f7e50f2bb47707","name":"hudo","image":{"@type":"ImageObject","inLanguage":"sl-SI","@id":"https:\/\/hudo.com\/si\/#\/schema\/person\/image\/","url":"https:\/\/secure.gravatar.com\/avatar\/c4ca25fa72cace7a696b52ff5db9e095?s=96&d=mm&r=g","contentUrl":"https:\/\/secure.gravatar.com\/avatar\/c4ca25fa72cace7a696b52ff5db9e095?s=96&d=mm&r=g","caption":"hudo"},"url":"https:\/\/hudo.com\/si\/author\/hudo\/"}]}},"amp_enabled":true,"_links":{"self":[{"href":"https:\/\/hudo.com\/si\/wp-json\/wp\/v2\/posts\/85562"}],"collection":[{"href":"https:\/\/hudo.com\/si\/wp-json\/wp\/v2\/posts"}],"about":[{"href":"https:\/\/hudo.com\/si\/wp-json\/wp\/v2\/types\/post"}],"author":[{"embeddable":true,"href":"https:\/\/hudo.com\/si\/wp-json\/wp\/v2\/users\/1"}],"replies":[{"embeddable":true,"href":"https:\/\/hudo.com\/si\/wp-json\/wp\/v2\/comments?post=85562"}],"version-history":[{"count":1,"href":"https:\/\/hudo.com\/si\/wp-json\/wp\/v2\/posts\/85562\/revisions"}],"predecessor-version":[{"id":85755,"href":"https:\/\/hudo.com\/si\/wp-json\/wp\/v2\/posts\/85562\/revisions\/85755"}],"wp:attachment":[{"href":"https:\/\/hudo.com\/si\/wp-json\/wp\/v2\/media?parent=85562"}],"wp:term":[{"taxonomy":"category","embeddable":true,"href":"https:\/\/hudo.com\/si\/wp-json\/wp\/v2\/categories?post=85562"},{"taxonomy":"post_tag","embeddable":true,"href":"https:\/\/hudo.com\/si\/wp-json\/wp\/v2\/tags?post=85562"},{"taxonomy":"source","embeddable":true,"href":"https:\/\/hudo.com\/si\/wp-json\/wp\/v2\/source?post=85562"},{"taxonomy":"supertag","embeddable":true,"href":"https:\/\/hudo.com\/si\/wp-json\/wp\/v2\/supertag?post=85562"}],"curies":[{"name":"wp","href":"https:\/\/api.w.org\/{rel}","templated":true}]}}