{"id":85667,"date":"2016-06-30T14:02:27","date_gmt":"2016-06-30T12:02:27","guid":{"rendered":"http:\/\/hudo.com\/si\/?p=85667"},"modified":"2016-06-30T14:18:20","modified_gmt":"2016-06-30T12:18:20","slug":"umazan-obraz-brexita-svarilo-evropi","status":"publish","type":"post","link":"https:\/\/hudo.com\/si\/aktualno\/umazan-obraz-brexita-svarilo-evropi\/","title":{"rendered":"Umazan obraz brexita, ki bi moral prestra\u0161iti Evropo"},"content":{"rendered":"<p>Brexit je dokaz, da niti tako napredna in razvita dr\u017eava kot Velika Britanija ni varna pred napadi populistov. Dejstvo, da so dan po referendumu na Googlu posko\u010dila iskanja tipa<span style=\"text-decoration: underline\"><a href=\"http:\/\/www.npr.org\/sections\/alltechconsidered\/2016\/06\/24\/480949383\/britains-google-searches-for-what-is-the-eu-spike-after-brexit-vote\"> &#8216;kaj je to EU&#8217; in &#8216;kaj pomeni izstop iz EU&#8217;<\/a><\/span>, je le eden od dokazov, da britanski referendum ni bil ultimativen izkaz demokracije, temve\u010d zgolj demonstracija mo\u010di manipulacije.<\/p>\n<h2>Nevarno podro\u010dje<\/h2>\n<p>Evropa ima cel kup izku\u0161enj s \u0161kodljivimi posledicami populisti\u010dnih akcij, a to ne pomeni, da je povpre\u010den Evropejec kaj bolj odporen na la\u017ei in zavajanje.\u00a0\u010clove\u0161ka nagnjenost k poenostavljenem razmi\u0161ljanju, \u010dredni nagon in splo\u0161no nezadovoljstvo kriti\u010dne mase ljudi omogo\u010dajo, da skupina politi\u010dnih oportunistov z nekajmese\u010dno kampanjo\u00a0svet postavi na glavo.<\/p>\n<p><a href=\"http:\/\/hudo.com\/si\/wp-content\/uploads\/sites\/2\/2016\/06\/farage.jpg\" rel=\"attachment wp-att-85682\"><img loading=\"lazy\" decoding=\"async\" class=\"alignnone size-medium wp-image-85682\" src=\"http:\/\/hudo.com\/si\/wp-content\/uploads\/sites\/2\/2016\/06\/farage-300x180.jpg\" alt=\"farage\" width=\"300\" height=\"180\" srcset=\"https:\/\/hudo.com\/si\/wp-content\/uploads\/sites\/2\/2016\/06\/farage-300x180.jpg 300w, https:\/\/hudo.com\/si\/wp-content\/uploads\/sites\/2\/2016\/06\/farage.jpg 620w, https:\/\/hudo.com\/si\/wp-content\/uploads\/sites\/2\/2016\/06\/farage-1024x614.jpg 1024w, https:\/\/hudo.com\/si\/wp-content\/uploads\/sites\/2\/2016\/06\/farage-600x360.jpg 600w\" sizes=\"(max-width: 300px) 100vw, 300px\" \/><\/a> <a href=\"http:\/\/hudo.com\/si\/wp-content\/uploads\/sites\/2\/2016\/06\/brexit-rasizem.jpg\" rel=\"attachment wp-att-85683\"><img loading=\"lazy\" decoding=\"async\" class=\"alignnone size-medium wp-image-85683\" src=\"http:\/\/hudo.com\/si\/wp-content\/uploads\/sites\/2\/2016\/06\/brexit-rasizem-300x180.jpg\" alt=\"brexit rasizem\" width=\"300\" height=\"180\" srcset=\"https:\/\/hudo.com\/si\/wp-content\/uploads\/sites\/2\/2016\/06\/brexit-rasizem-300x180.jpg 300w, https:\/\/hudo.com\/si\/wp-content\/uploads\/sites\/2\/2016\/06\/brexit-rasizem.jpg 620w, https:\/\/hudo.com\/si\/wp-content\/uploads\/sites\/2\/2016\/06\/brexit-rasizem-1024x614.jpg 1024w, https:\/\/hudo.com\/si\/wp-content\/uploads\/sites\/2\/2016\/06\/brexit-rasizem-600x360.jpg 600w\" sizes=\"(max-width: 300px) 100vw, 300px\" \/><\/a><\/p>\n<p>Njihove parole se veliko bolje vklopijo v razgreto gostilni\u0161ko razpravo kot trezen razmislek. Njihova na videz preprosta a v resnici skrbno premi\u0161ljena retorika\u00a0omogo\u010da preprostemu \u010dloveku, da kon\u010dno izrazi\u00a0nizke strasti, kot sta v primeru Velike Britanije rasizem in ksenofobija. Prej niso upali\u00a0povedati, da jim niso v\u0161e\u010d vsi ti ljudje rjave barve, ki \u017eivijo v njihovi ulici, zdaj pa \u010dutijo potrditev. \u010cutijo, da je to zmagovalno stali\u0161\u010de.<\/p>\n<figure id=\"attachment_85685\" aria-describedby=\"caption-attachment-85685\" style=\"width: 300px\" class=\"wp-caption alignnone\"><a href=\"http:\/\/hudo.com\/si\/wp-content\/uploads\/sites\/2\/2016\/06\/jo-cox.jpg\" rel=\"attachment wp-att-85685\"><img loading=\"lazy\" decoding=\"async\" class=\"wp-image-85685 size-medium\" src=\"http:\/\/hudo.com\/si\/wp-content\/uploads\/sites\/2\/2016\/06\/jo-cox-300x225.jpg\" alt=\"Nekaj dni pred referendumom je poslanko Jo Cox, zagovornico obstanka v EU zabodel 52-letni mo\u0161ki. Dejanje je pojasnil z besedami: ''Moje ime je smrt za izdajalce, svoboda za Veliko Britanijo''\" width=\"300\" height=\"225\" srcset=\"https:\/\/hudo.com\/si\/wp-content\/uploads\/sites\/2\/2016\/06\/jo-cox-300x225.jpg 300w, https:\/\/hudo.com\/si\/wp-content\/uploads\/sites\/2\/2016\/06\/jo-cox.jpg 480w\" sizes=\"(max-width: 300px) 100vw, 300px\" \/><\/a><figcaption id=\"caption-attachment-85685\" class=\"wp-caption-text\">Nekaj dni pred referendumom je poslanko Jo Cox, zagovornico obstanka v EU, zabodel 52-letni mo\u0161ki. Dejanje je pojasnil z besedami: &#8221;Moje ime je smrt za izdajalce, svoboda za Veliko Britanijo&#8221;<\/figcaption><\/figure>\n<p>\u010ceprav organizatorji kampanje za izstop Zdru\u017eenega kraljestva zatrjujejo, da jim je \u0161lo predvsem za evropsko birokracijo in denar, ki ga pla\u010dujejo Evropi, pa so zmagali s\u00a0podpihovanjem <span style=\"text-decoration: underline\"><a href=\"http:\/\/www.theguardian.com\/politics\/2016\/jun\/16\/nigel-farage-defends-ukip-breaking-point-poster-queue-of-migrants\">strahu pred begunci<\/a><\/span>, izkoristili so nezadovoljstvo\u00a0ljudi in jim dali ventil za najbolj umazane misli. Vsak rasist, ki je svoje sovra\u0161tvo prej dr\u017eal zase, lahko zdaj poleti na krilih &#8216;domoljubja&#8217;.<\/p>\n<figure id=\"attachment_85684\" aria-describedby=\"caption-attachment-85684\" style=\"width: 300px\" class=\"wp-caption alignnone\"><a href=\"http:\/\/hudo.com\/si\/wp-content\/uploads\/sites\/2\/2016\/06\/polish.jpg\" rel=\"attachment wp-att-85684\"><img loading=\"lazy\" decoding=\"async\" class=\"size-medium wp-image-85684\" src=\"http:\/\/hudo.com\/si\/wp-content\/uploads\/sites\/2\/2016\/06\/polish-300x178.jpg\" alt=\"''Zapustimo EU. Ni\u010d ve\u010d poljskih podgan.''\" width=\"300\" height=\"178\" srcset=\"https:\/\/hudo.com\/si\/wp-content\/uploads\/sites\/2\/2016\/06\/polish-300x178.jpg 300w, https:\/\/hudo.com\/si\/wp-content\/uploads\/sites\/2\/2016\/06\/polish.jpg 590w\" sizes=\"(max-width: 300px) 100vw, 300px\" \/><\/a><figcaption id=\"caption-attachment-85684\" class=\"wp-caption-text\">&#8221;Zapustimo EU. Ni\u010d ve\u010d poljskih podgan.&#8221;<\/figcaption><\/figure>\n<p>Ko so vzklikali: &#8221;Naredimo Britanijo spet Veliko,&#8221; pri tem v srcu niso imeli misli\u00a0na gospodarstvo, ki naj bi brez vme\u0161avanja EU doseglo neslutene\u00a0vi\u0161ave. V svojih preprostih glavah so si v resnici predstavljali Britanijo brez vseh teh tujcev, ki po\u0161tenim doma\u010dinom kradejo slu\u017ebe in socialne prilive. Poberite se, Poljaki, Romuni, Bolgari in vsi napa\u010dne barve ko\u017ee.<\/p>\n<p>Takoj po razglasitvi rezultata referenduma se je <span style=\"text-decoration: underline\"><a href=\"http:\/\/www.npr.org\/sections\/parallels\/2016\/06\/29\/484038396\/after-brexit-vote-u-k-sees-a-wave-of-hate-crimes-and-racist-abuse\">\u0161tevilo ksenofobnih in rasisti\u010dnih napadov desnih skupin<\/a><\/span> na pripadnike etni\u010dnih manj\u0161in dvignilo na raven, ki je Velika Britanija, dr\u017eava z dvatiso\u010dletno tradicijo multikulturnosti, ni poznala.<\/p>\n<p>Ironi\u010dno je, da Veliko Britanijo izstop iz EU ne bo odvezal od <span style=\"text-decoration: underline\"><a href=\"https:\/\/christinaboswell.wordpress.com\/2016\/05\/30\/why-brexit-wont-reduce-immigration-to-the-uk\/\">obveznosti glede sprejemanja beguncev<\/a><\/span>. To namre\u010d urejajo mednarodni sporazumi, neodvisni od \u010dlanstva v Uniji.<\/p>\n<p>Skratka, \u010de se je to zgodilo Veliki Britaniji, se lahko zgodi tudi nam. Evropo imamo sicer \u0161e kar radi, a kdo ve, morda bomo pa na <span style=\"text-decoration: underline\"><a href=\"http:\/\/www.had.si\/blog\/2016\/05\/26\/ales-primc-gibanje-za-otroke-in-druzine-prepoved-splava-in-za-obvezno-sluzenje-vojske\/\">pobudo ljubiteljev otrok prepovedali splav<\/a><\/span> in kontracepcijske tablete. Veliko je tem, ki jih ve\u0161\u010d populist lahko predstavi kot najbolj pomembne za obstoj naroda v danem trenutku, poleg pa ponudi \u0161e edino pravo stali\u0161\u010de, ki ga je treba do njih imeti.<\/p>\n","protected":false},"excerpt":{"rendered":"<p>To, kar se je zgodilo Britancem, se lahko zgodi povsod, kjer politiki za dosego lastnih uspehov razpihujejo nezadovoljstvo med ljudmi<\/p>\n","protected":false},"author":3,"featured_media":85686,"comment_status":"closed","ping_status":"closed","sticky":false,"template":"","format":"standard","meta":{"footnotes":""},"categories":[1179],"tags":[5215,5680,5157],"source":[4511],"supertag":[],"acf":[],"yoast_head":"<!-- This site is optimized with the Yoast SEO plugin v21.3 - https:\/\/yoast.com\/wordpress\/plugins\/seo\/ -->\n<title>Umazan obraz brexita, ki bi moral prestra\u0161iti Evropo - Hudo Slovenija<\/title>\n<meta name=\"robots\" content=\"index, follow, max-snippet:-1, max-image-preview:large, max-video-preview:-1\" \/>\n<link rel=\"canonical\" href=\"https:\/\/hudo.com\/si\/aktualno\/umazan-obraz-brexita-svarilo-evropi\/\" \/>\n<meta property=\"og:locale\" content=\"sl_SI\" \/>\n<meta property=\"og:type\" content=\"article\" \/>\n<meta property=\"og:title\" content=\"Umazan obraz brexita, ki bi moral prestra\u0161iti Evropo - Hudo Slovenija\" \/>\n<meta property=\"og:description\" content=\"To, kar se je zgodilo Britancem, se lahko zgodi povsod, kjer politiki za dosego lastnih uspehov razpihujejo nezadovoljstvo med ljudmi\" \/>\n<meta property=\"og:url\" content=\"https:\/\/hudo.com\/si\/aktualno\/umazan-obraz-brexita-svarilo-evropi\/\" \/>\n<meta property=\"og:site_name\" content=\"Hudo Slovenija\" \/>\n<meta property=\"article:publisher\" content=\"https:\/\/www.facebook.com\/hudo.si\" \/>\n<meta property=\"article:published_time\" content=\"2016-06-30T12:02:27+00:00\" \/>\n<meta property=\"article:modified_time\" content=\"2016-06-30T12:18:20+00:00\" \/>\n<meta property=\"og:image\" content=\"https:\/\/hudo.com\/si\/wp-content\/uploads\/sites\/2\/2016\/06\/obraz-brexita.jpg\" \/>\n\t<meta property=\"og:image:width\" content=\"1000\" \/>\n\t<meta property=\"og:image:height\" content=\"561\" \/>\n\t<meta property=\"og:image:type\" content=\"image\/jpeg\" \/>\n<meta name=\"author\" content=\"AP\" \/>\n<meta name=\"twitter:card\" content=\"summary_large_image\" \/>\n<meta name=\"twitter:creator\" content=\"@hudo_si\" \/>\n<meta name=\"twitter:site\" content=\"@hudo_si\" \/>\n<meta name=\"twitter:label1\" content=\"Written by\" \/>\n\t<meta name=\"twitter:data1\" content=\"AP\" \/>\n\t<meta name=\"twitter:label2\" content=\"Est. reading time\" \/>\n\t<meta name=\"twitter:data2\" content=\"3 minute\" \/>\n<script type=\"application\/ld+json\" class=\"yoast-schema-graph\">{\"@context\":\"https:\/\/schema.org\",\"@graph\":[{\"@type\":\"Article\",\"@id\":\"https:\/\/hudo.com\/si\/aktualno\/umazan-obraz-brexita-svarilo-evropi\/#article\",\"isPartOf\":{\"@id\":\"https:\/\/hudo.com\/si\/aktualno\/umazan-obraz-brexita-svarilo-evropi\/\"},\"author\":{\"name\":\"AP\",\"@id\":\"https:\/\/hudo.com\/si\/#\/schema\/person\/1d2551e7d4d07b6e4fc507d8f1038c77\"},\"headline\":\"Umazan obraz brexita, ki bi moral prestra\u0161iti Evropo\",\"datePublished\":\"2016-06-30T12:02:27+00:00\",\"dateModified\":\"2016-06-30T12:18:20+00:00\",\"mainEntityOfPage\":{\"@id\":\"https:\/\/hudo.com\/si\/aktualno\/umazan-obraz-brexita-svarilo-evropi\/\"},\"wordCount\":516,\"publisher\":{\"@id\":\"https:\/\/hudo.com\/si\/#organization\"},\"keywords\":[\"Brexit\",\"ksenofobija\",\"rasizem\"],\"articleSection\":[\"Aktualno\"],\"inLanguage\":\"sl-SI\"},{\"@type\":\"WebPage\",\"@id\":\"https:\/\/hudo.com\/si\/aktualno\/umazan-obraz-brexita-svarilo-evropi\/\",\"url\":\"https:\/\/hudo.com\/si\/aktualno\/umazan-obraz-brexita-svarilo-evropi\/\",\"name\":\"Umazan obraz brexita, ki bi moral prestra\u0161iti Evropo - Hudo Slovenija\",\"isPartOf\":{\"@id\":\"https:\/\/hudo.com\/si\/#website\"},\"datePublished\":\"2016-06-30T12:02:27+00:00\",\"dateModified\":\"2016-06-30T12:18:20+00:00\",\"breadcrumb\":{\"@id\":\"https:\/\/hudo.com\/si\/aktualno\/umazan-obraz-brexita-svarilo-evropi\/#breadcrumb\"},\"inLanguage\":\"sl-SI\",\"potentialAction\":[{\"@type\":\"ReadAction\",\"target\":[\"https:\/\/hudo.com\/si\/aktualno\/umazan-obraz-brexita-svarilo-evropi\/\"]}]},{\"@type\":\"BreadcrumbList\",\"@id\":\"https:\/\/hudo.com\/si\/aktualno\/umazan-obraz-brexita-svarilo-evropi\/#breadcrumb\",\"itemListElement\":[{\"@type\":\"ListItem\",\"position\":1,\"name\":\"Home\",\"item\":\"https:\/\/hudo.com\/si\/\"},{\"@type\":\"ListItem\",\"position\":2,\"name\":\"Umazan obraz brexita, ki bi moral prestra\u0161iti Evropo\"}]},{\"@type\":\"WebSite\",\"@id\":\"https:\/\/hudo.com\/si\/#website\",\"url\":\"https:\/\/hudo.com\/si\/\",\"name\":\"Hudo Slovenija\",\"description\":\"Vse novice iz Slovenije in sveta\",\"publisher\":{\"@id\":\"https:\/\/hudo.com\/si\/#organization\"},\"potentialAction\":[{\"@type\":\"SearchAction\",\"target\":{\"@type\":\"EntryPoint\",\"urlTemplate\":\"https:\/\/hudo.com\/si\/?s={search_term_string}\"},\"query-input\":\"required name=search_term_string\"}],\"inLanguage\":\"sl-SI\"},{\"@type\":\"Organization\",\"@id\":\"https:\/\/hudo.com\/si\/#organization\",\"name\":\"VSN Media\",\"url\":\"https:\/\/hudo.com\/si\/\",\"logo\":{\"@type\":\"ImageObject\",\"inLanguage\":\"sl-SI\",\"@id\":\"https:\/\/hudo.com\/si\/#\/schema\/logo\/image\/\",\"url\":\"https:\/\/hudo.com\/si\/wp-content\/uploads\/sites\/2\/2021\/03\/hudo-app-2.png\",\"contentUrl\":\"https:\/\/hudo.com\/si\/wp-content\/uploads\/sites\/2\/2021\/03\/hudo-app-2.png\",\"width\":2185,\"height\":2167,\"caption\":\"VSN Media\"},\"image\":{\"@id\":\"https:\/\/hudo.com\/si\/#\/schema\/logo\/image\/\"},\"sameAs\":[\"https:\/\/www.facebook.com\/hudo.si\",\"https:\/\/twitter.com\/hudo_si\"]},{\"@type\":\"Person\",\"@id\":\"https:\/\/hudo.com\/si\/#\/schema\/person\/1d2551e7d4d07b6e4fc507d8f1038c77\",\"name\":\"AP\",\"image\":{\"@type\":\"ImageObject\",\"inLanguage\":\"sl-SI\",\"@id\":\"https:\/\/hudo.com\/si\/#\/schema\/person\/image\/\",\"url\":\"https:\/\/secure.gravatar.com\/avatar\/7b3f3d93af66e8912bbd99653b3496ee?s=96&d=mm&r=g\",\"contentUrl\":\"https:\/\/secure.gravatar.com\/avatar\/7b3f3d93af66e8912bbd99653b3496ee?s=96&d=mm&r=g\",\"caption\":\"AP\"},\"url\":\"https:\/\/hudo.com\/si\/author\/aljaz\/\"}]}<\/script>\n<!-- \/ Yoast SEO plugin. -->","yoast_head_json":{"title":"Umazan obraz brexita, ki bi moral prestra\u0161iti Evropo - Hudo Slovenija","robots":{"index":"index","follow":"follow","max-snippet":"max-snippet:-1","max-image-preview":"max-image-preview:large","max-video-preview":"max-video-preview:-1"},"canonical":"https:\/\/hudo.com\/si\/aktualno\/umazan-obraz-brexita-svarilo-evropi\/","og_locale":"sl_SI","og_type":"article","og_title":"Umazan obraz brexita, ki bi moral prestra\u0161iti Evropo - Hudo Slovenija","og_description":"To, kar se je zgodilo Britancem, se lahko zgodi povsod, kjer politiki za dosego lastnih uspehov razpihujejo nezadovoljstvo med ljudmi","og_url":"https:\/\/hudo.com\/si\/aktualno\/umazan-obraz-brexita-svarilo-evropi\/","og_site_name":"Hudo Slovenija","article_publisher":"https:\/\/www.facebook.com\/hudo.si","article_published_time":"2016-06-30T12:02:27+00:00","article_modified_time":"2016-06-30T12:18:20+00:00","og_image":[{"width":1000,"height":561,"url":"https:\/\/hudo.com\/si\/wp-content\/uploads\/sites\/2\/2016\/06\/obraz-brexita.jpg","type":"image\/jpeg"}],"author":"AP","twitter_card":"summary_large_image","twitter_creator":"@hudo_si","twitter_site":"@hudo_si","twitter_misc":{"Written by":"AP","Est. reading time":"3 minute"},"schema":{"@context":"https:\/\/schema.org","@graph":[{"@type":"Article","@id":"https:\/\/hudo.com\/si\/aktualno\/umazan-obraz-brexita-svarilo-evropi\/#article","isPartOf":{"@id":"https:\/\/hudo.com\/si\/aktualno\/umazan-obraz-brexita-svarilo-evropi\/"},"author":{"name":"AP","@id":"https:\/\/hudo.com\/si\/#\/schema\/person\/1d2551e7d4d07b6e4fc507d8f1038c77"},"headline":"Umazan obraz brexita, ki bi moral prestra\u0161iti Evropo","datePublished":"2016-06-30T12:02:27+00:00","dateModified":"2016-06-30T12:18:20+00:00","mainEntityOfPage":{"@id":"https:\/\/hudo.com\/si\/aktualno\/umazan-obraz-brexita-svarilo-evropi\/"},"wordCount":516,"publisher":{"@id":"https:\/\/hudo.com\/si\/#organization"},"keywords":["Brexit","ksenofobija","rasizem"],"articleSection":["Aktualno"],"inLanguage":"sl-SI"},{"@type":"WebPage","@id":"https:\/\/hudo.com\/si\/aktualno\/umazan-obraz-brexita-svarilo-evropi\/","url":"https:\/\/hudo.com\/si\/aktualno\/umazan-obraz-brexita-svarilo-evropi\/","name":"Umazan obraz brexita, ki bi moral prestra\u0161iti Evropo - Hudo Slovenija","isPartOf":{"@id":"https:\/\/hudo.com\/si\/#website"},"datePublished":"2016-06-30T12:02:27+00:00","dateModified":"2016-06-30T12:18:20+00:00","breadcrumb":{"@id":"https:\/\/hudo.com\/si\/aktualno\/umazan-obraz-brexita-svarilo-evropi\/#breadcrumb"},"inLanguage":"sl-SI","potentialAction":[{"@type":"ReadAction","target":["https:\/\/hudo.com\/si\/aktualno\/umazan-obraz-brexita-svarilo-evropi\/"]}]},{"@type":"BreadcrumbList","@id":"https:\/\/hudo.com\/si\/aktualno\/umazan-obraz-brexita-svarilo-evropi\/#breadcrumb","itemListElement":[{"@type":"ListItem","position":1,"name":"Home","item":"https:\/\/hudo.com\/si\/"},{"@type":"ListItem","position":2,"name":"Umazan obraz brexita, ki bi moral prestra\u0161iti Evropo"}]},{"@type":"WebSite","@id":"https:\/\/hudo.com\/si\/#website","url":"https:\/\/hudo.com\/si\/","name":"Hudo Slovenija","description":"Vse novice iz Slovenije in sveta","publisher":{"@id":"https:\/\/hudo.com\/si\/#organization"},"potentialAction":[{"@type":"SearchAction","target":{"@type":"EntryPoint","urlTemplate":"https:\/\/hudo.com\/si\/?s={search_term_string}"},"query-input":"required name=search_term_string"}],"inLanguage":"sl-SI"},{"@type":"Organization","@id":"https:\/\/hudo.com\/si\/#organization","name":"VSN Media","url":"https:\/\/hudo.com\/si\/","logo":{"@type":"ImageObject","inLanguage":"sl-SI","@id":"https:\/\/hudo.com\/si\/#\/schema\/logo\/image\/","url":"https:\/\/hudo.com\/si\/wp-content\/uploads\/sites\/2\/2021\/03\/hudo-app-2.png","contentUrl":"https:\/\/hudo.com\/si\/wp-content\/uploads\/sites\/2\/2021\/03\/hudo-app-2.png","width":2185,"height":2167,"caption":"VSN Media"},"image":{"@id":"https:\/\/hudo.com\/si\/#\/schema\/logo\/image\/"},"sameAs":["https:\/\/www.facebook.com\/hudo.si","https:\/\/twitter.com\/hudo_si"]},{"@type":"Person","@id":"https:\/\/hudo.com\/si\/#\/schema\/person\/1d2551e7d4d07b6e4fc507d8f1038c77","name":"AP","image":{"@type":"ImageObject","inLanguage":"sl-SI","@id":"https:\/\/hudo.com\/si\/#\/schema\/person\/image\/","url":"https:\/\/secure.gravatar.com\/avatar\/7b3f3d93af66e8912bbd99653b3496ee?s=96&d=mm&r=g","contentUrl":"https:\/\/secure.gravatar.com\/avatar\/7b3f3d93af66e8912bbd99653b3496ee?s=96&d=mm&r=g","caption":"AP"},"url":"https:\/\/hudo.com\/si\/author\/aljaz\/"}]}},"amp_enabled":true,"_links":{"self":[{"href":"https:\/\/hudo.com\/si\/wp-json\/wp\/v2\/posts\/85667"}],"collection":[{"href":"https:\/\/hudo.com\/si\/wp-json\/wp\/v2\/posts"}],"about":[{"href":"https:\/\/hudo.com\/si\/wp-json\/wp\/v2\/types\/post"}],"author":[{"embeddable":true,"href":"https:\/\/hudo.com\/si\/wp-json\/wp\/v2\/users\/3"}],"replies":[{"embeddable":true,"href":"https:\/\/hudo.com\/si\/wp-json\/wp\/v2\/comments?post=85667"}],"version-history":[{"count":13,"href":"https:\/\/hudo.com\/si\/wp-json\/wp\/v2\/posts\/85667\/revisions"}],"predecessor-version":[{"id":85752,"href":"https:\/\/hudo.com\/si\/wp-json\/wp\/v2\/posts\/85667\/revisions\/85752"}],"wp:featuredmedia":[{"embeddable":true,"href":"https:\/\/hudo.com\/si\/wp-json\/wp\/v2\/media\/85686"}],"wp:attachment":[{"href":"https:\/\/hudo.com\/si\/wp-json\/wp\/v2\/media?parent=85667"}],"wp:term":[{"taxonomy":"category","embeddable":true,"href":"https:\/\/hudo.com\/si\/wp-json\/wp\/v2\/categories?post=85667"},{"taxonomy":"post_tag","embeddable":true,"href":"https:\/\/hudo.com\/si\/wp-json\/wp\/v2\/tags?post=85667"},{"taxonomy":"source","embeddable":true,"href":"https:\/\/hudo.com\/si\/wp-json\/wp\/v2\/source?post=85667"},{"taxonomy":"supertag","embeddable":true,"href":"https:\/\/hudo.com\/si\/wp-json\/wp\/v2\/supertag?post=85667"}],"curies":[{"name":"wp","href":"https:\/\/api.w.org\/{rel}","templated":true}]}}