{"id":85701,"date":"2016-06-30T11:47:00","date_gmt":"2016-06-30T09:47:00","guid":{"rendered":"http:\/\/hudo.com\/si\/2016\/06\/30\/na-avstrijskem-koroskem-prijeli-dva-slovenska-tihotapca-mamil\/"},"modified":"2016-07-01T09:21:54","modified_gmt":"2016-07-01T07:21:54","slug":"na-avstrijskem-koroskem-prijeli-dva-slovenska-tihotapca-mamil","status":"publish","type":"post","link":"https:\/\/hudo.com\/si\/aktualno\/na-avstrijskem-koroskem-prijeli-dva-slovenska-tihotapca-mamil\/","title":{"rendered":"Na avstrijskem Koro\u0161kem prijeli dva slovenska tihotapca mamil"},"content":{"rendered":"<p>Avstrijska policija je med kontrolo prometa v Borovljah na avstrijskem Koro\u0161kem v torek aretirala dva tihotapca mamil iz Slovenije, stara 24 in 26 let. Pri njiju so odkrili 1054 tablet ecstasyja, vrednih okoli 20.000 evrov. Oba sta krivdo \u017ee priznala in povedala, da sta tablete kupila v Celovcu in jih nameravala prodati v Ljubljani. Kot danes poro\u010da avstrijska tiskovna agencija APA, so dvojico za\u010dasno priprli. Poleg ecstasyja pa je policija v njunem avtomobilu odkrila tudi manj\u0161o koli\u010dino kokaina in kanabisa.Svet<\/p>\n","protected":false},"excerpt":{"rendered":"<p>Avstrijska policija je med kontrolo prometa v Borovljah na avstrijskem Koro\u0161kem v torek aretirala dva tihotapca mamil iz Slovenije, stara 24 in 26 let. Pri njiju so odkrili 1054 tablet ecstasyja, vrednih okoli 20.000 evrov. Oba sta krivdo \u017ee priznala in povedala, da sta tablete kupila v Celovcu in jih nameravala prodati v Ljubljani. Kot danes poro\u010da avstrijska tiskovna agencija APA, so dvojico za\u010dasno priprli. Poleg ecstasyja pa je policija v njunem avtomobilu odkrila tudi manj\u0161o koli\u010dino kokaina in kanabisa.Svet<\/p>\n","protected":false},"author":1,"featured_media":0,"comment_status":"closed","ping_status":"closed","sticky":false,"template":"","format":"standard","meta":{"footnotes":""},"categories":[1179],"tags":[],"source":[1711],"supertag":[],"acf":[],"yoast_head":"<!-- This site is optimized with the Yoast SEO plugin v21.3 - https:\/\/yoast.com\/wordpress\/plugins\/seo\/ -->\n<title>Na avstrijskem Koro\u0161kem prijeli dva slovenska tihotapca mamil - Hudo Slovenija<\/title>\n<meta name=\"robots\" content=\"index, follow, max-snippet:-1, max-image-preview:large, max-video-preview:-1\" \/>\n<link rel=\"canonical\" href=\"https:\/\/hudo.com\/si\/aktualno\/na-avstrijskem-koroskem-prijeli-dva-slovenska-tihotapca-mamil\/\" \/>\n<meta property=\"og:locale\" content=\"sl_SI\" \/>\n<meta property=\"og:type\" content=\"article\" \/>\n<meta property=\"og:title\" content=\"Na avstrijskem Koro\u0161kem prijeli dva slovenska tihotapca mamil - Hudo Slovenija\" \/>\n<meta property=\"og:description\" content=\"Avstrijska policija je med kontrolo prometa v Borovljah na avstrijskem Koro\u0161kem v torek aretirala dva tihotapca mamil iz Slovenije, stara 24 in 26 let. Pri njiju so odkrili 1054 tablet ecstasyja, vrednih okoli 20.000 evrov. Oba sta krivdo \u017ee priznala in povedala, da sta tablete kupila v Celovcu in jih nameravala prodati v Ljubljani. Kot danes poro\u010da avstrijska tiskovna agencija APA, so dvojico za\u010dasno priprli. Poleg ecstasyja pa je policija v njunem avtomobilu odkrila tudi manj\u0161o koli\u010dino kokaina in kanabisa.Svet\" \/>\n<meta property=\"og:url\" content=\"https:\/\/hudo.com\/si\/aktualno\/na-avstrijskem-koroskem-prijeli-dva-slovenska-tihotapca-mamil\/\" \/>\n<meta property=\"og:site_name\" content=\"Hudo Slovenija\" \/>\n<meta property=\"article:publisher\" content=\"https:\/\/www.facebook.com\/hudo.si\" \/>\n<meta property=\"article:published_time\" content=\"2016-06-30T09:47:00+00:00\" \/>\n<meta property=\"article:modified_time\" content=\"2016-07-01T07:21:54+00:00\" \/>\n<meta property=\"og:image\" content=\"https:\/\/hudo.com\/si\/wp-content\/uploads\/sites\/2\/2016\/06\/01500251F-300.jpg\" \/>\n\t<meta property=\"og:image:width\" content=\"450\" \/>\n\t<meta property=\"og:image:height\" content=\"300\" \/>\n\t<meta property=\"og:image:type\" content=\"image\/jpeg\" \/>\n<meta name=\"author\" content=\"hudo\" \/>\n<meta name=\"twitter:card\" content=\"summary_large_image\" \/>\n<meta name=\"twitter:creator\" content=\"@hudo_si\" \/>\n<meta name=\"twitter:site\" content=\"@hudo_si\" \/>\n<meta name=\"twitter:label1\" content=\"Written by\" \/>\n\t<meta name=\"twitter:data1\" content=\"hudo\" \/>\n<script type=\"application\/ld+json\" class=\"yoast-schema-graph\">{\"@context\":\"https:\/\/schema.org\",\"@graph\":[{\"@type\":\"Article\",\"@id\":\"https:\/\/hudo.com\/si\/aktualno\/na-avstrijskem-koroskem-prijeli-dva-slovenska-tihotapca-mamil\/#article\",\"isPartOf\":{\"@id\":\"https:\/\/hudo.com\/si\/aktualno\/na-avstrijskem-koroskem-prijeli-dva-slovenska-tihotapca-mamil\/\"},\"author\":{\"name\":\"hudo\",\"@id\":\"https:\/\/hudo.com\/si\/#\/schema\/person\/601cf3379633985b20f7e50f2bb47707\"},\"headline\":\"Na avstrijskem Koro\u0161kem prijeli dva slovenska tihotapca mamil\",\"datePublished\":\"2016-06-30T09:47:00+00:00\",\"dateModified\":\"2016-07-01T07:21:54+00:00\",\"mainEntityOfPage\":{\"@id\":\"https:\/\/hudo.com\/si\/aktualno\/na-avstrijskem-koroskem-prijeli-dva-slovenska-tihotapca-mamil\/\"},\"wordCount\":91,\"publisher\":{\"@id\":\"https:\/\/hudo.com\/si\/#organization\"},\"articleSection\":[\"Aktualno\"],\"inLanguage\":\"sl-SI\"},{\"@type\":\"WebPage\",\"@id\":\"https:\/\/hudo.com\/si\/aktualno\/na-avstrijskem-koroskem-prijeli-dva-slovenska-tihotapca-mamil\/\",\"url\":\"https:\/\/hudo.com\/si\/aktualno\/na-avstrijskem-koroskem-prijeli-dva-slovenska-tihotapca-mamil\/\",\"name\":\"Na avstrijskem Koro\u0161kem prijeli dva slovenska tihotapca mamil - Hudo Slovenija\",\"isPartOf\":{\"@id\":\"https:\/\/hudo.com\/si\/#website\"},\"datePublished\":\"2016-06-30T09:47:00+00:00\",\"dateModified\":\"2016-07-01T07:21:54+00:00\",\"breadcrumb\":{\"@id\":\"https:\/\/hudo.com\/si\/aktualno\/na-avstrijskem-koroskem-prijeli-dva-slovenska-tihotapca-mamil\/#breadcrumb\"},\"inLanguage\":\"sl-SI\",\"potentialAction\":[{\"@type\":\"ReadAction\",\"target\":[\"https:\/\/hudo.com\/si\/aktualno\/na-avstrijskem-koroskem-prijeli-dva-slovenska-tihotapca-mamil\/\"]}]},{\"@type\":\"BreadcrumbList\",\"@id\":\"https:\/\/hudo.com\/si\/aktualno\/na-avstrijskem-koroskem-prijeli-dva-slovenska-tihotapca-mamil\/#breadcrumb\",\"itemListElement\":[{\"@type\":\"ListItem\",\"position\":1,\"name\":\"Home\",\"item\":\"https:\/\/hudo.com\/si\/\"},{\"@type\":\"ListItem\",\"position\":2,\"name\":\"Na avstrijskem Koro\u0161kem prijeli dva slovenska tihotapca mamil\"}]},{\"@type\":\"WebSite\",\"@id\":\"https:\/\/hudo.com\/si\/#website\",\"url\":\"https:\/\/hudo.com\/si\/\",\"name\":\"Hudo Slovenija\",\"description\":\"Vse novice iz Slovenije in sveta\",\"publisher\":{\"@id\":\"https:\/\/hudo.com\/si\/#organization\"},\"potentialAction\":[{\"@type\":\"SearchAction\",\"target\":{\"@type\":\"EntryPoint\",\"urlTemplate\":\"https:\/\/hudo.com\/si\/?s={search_term_string}\"},\"query-input\":\"required name=search_term_string\"}],\"inLanguage\":\"sl-SI\"},{\"@type\":\"Organization\",\"@id\":\"https:\/\/hudo.com\/si\/#organization\",\"name\":\"VSN Media\",\"url\":\"https:\/\/hudo.com\/si\/\",\"logo\":{\"@type\":\"ImageObject\",\"inLanguage\":\"sl-SI\",\"@id\":\"https:\/\/hudo.com\/si\/#\/schema\/logo\/image\/\",\"url\":\"https:\/\/hudo.com\/si\/wp-content\/uploads\/sites\/2\/2021\/03\/hudo-app-2.png\",\"contentUrl\":\"https:\/\/hudo.com\/si\/wp-content\/uploads\/sites\/2\/2021\/03\/hudo-app-2.png\",\"width\":2185,\"height\":2167,\"caption\":\"VSN Media\"},\"image\":{\"@id\":\"https:\/\/hudo.com\/si\/#\/schema\/logo\/image\/\"},\"sameAs\":[\"https:\/\/www.facebook.com\/hudo.si\",\"https:\/\/twitter.com\/hudo_si\"]},{\"@type\":\"Person\",\"@id\":\"https:\/\/hudo.com\/si\/#\/schema\/person\/601cf3379633985b20f7e50f2bb47707\",\"name\":\"hudo\",\"image\":{\"@type\":\"ImageObject\",\"inLanguage\":\"sl-SI\",\"@id\":\"https:\/\/hudo.com\/si\/#\/schema\/person\/image\/\",\"url\":\"https:\/\/secure.gravatar.com\/avatar\/c4ca25fa72cace7a696b52ff5db9e095?s=96&d=mm&r=g\",\"contentUrl\":\"https:\/\/secure.gravatar.com\/avatar\/c4ca25fa72cace7a696b52ff5db9e095?s=96&d=mm&r=g\",\"caption\":\"hudo\"},\"url\":\"https:\/\/hudo.com\/si\/author\/hudo\/\"}]}<\/script>\n<!-- \/ Yoast SEO plugin. -->","yoast_head_json":{"title":"Na avstrijskem Koro\u0161kem prijeli dva slovenska tihotapca mamil - Hudo Slovenija","robots":{"index":"index","follow":"follow","max-snippet":"max-snippet:-1","max-image-preview":"max-image-preview:large","max-video-preview":"max-video-preview:-1"},"canonical":"https:\/\/hudo.com\/si\/aktualno\/na-avstrijskem-koroskem-prijeli-dva-slovenska-tihotapca-mamil\/","og_locale":"sl_SI","og_type":"article","og_title":"Na avstrijskem Koro\u0161kem prijeli dva slovenska tihotapca mamil - Hudo Slovenija","og_description":"Avstrijska policija je med kontrolo prometa v Borovljah na avstrijskem Koro\u0161kem v torek aretirala dva tihotapca mamil iz Slovenije, stara 24 in 26 let. Pri njiju so odkrili 1054 tablet ecstasyja, vrednih okoli 20.000 evrov. Oba sta krivdo \u017ee priznala in povedala, da sta tablete kupila v Celovcu in jih nameravala prodati v Ljubljani. Kot danes poro\u010da avstrijska tiskovna agencija APA, so dvojico za\u010dasno priprli. Poleg ecstasyja pa je policija v njunem avtomobilu odkrila tudi manj\u0161o koli\u010dino kokaina in kanabisa.Svet","og_url":"https:\/\/hudo.com\/si\/aktualno\/na-avstrijskem-koroskem-prijeli-dva-slovenska-tihotapca-mamil\/","og_site_name":"Hudo Slovenija","article_publisher":"https:\/\/www.facebook.com\/hudo.si","article_published_time":"2016-06-30T09:47:00+00:00","article_modified_time":"2016-07-01T07:21:54+00:00","og_image":[{"width":450,"height":300,"url":"https:\/\/hudo.com\/si\/wp-content\/uploads\/sites\/2\/2016\/06\/01500251F-300.jpg","type":"image\/jpeg"}],"author":"hudo","twitter_card":"summary_large_image","twitter_creator":"@hudo_si","twitter_site":"@hudo_si","twitter_misc":{"Written by":"hudo"},"schema":{"@context":"https:\/\/schema.org","@graph":[{"@type":"Article","@id":"https:\/\/hudo.com\/si\/aktualno\/na-avstrijskem-koroskem-prijeli-dva-slovenska-tihotapca-mamil\/#article","isPartOf":{"@id":"https:\/\/hudo.com\/si\/aktualno\/na-avstrijskem-koroskem-prijeli-dva-slovenska-tihotapca-mamil\/"},"author":{"name":"hudo","@id":"https:\/\/hudo.com\/si\/#\/schema\/person\/601cf3379633985b20f7e50f2bb47707"},"headline":"Na avstrijskem Koro\u0161kem prijeli dva slovenska tihotapca mamil","datePublished":"2016-06-30T09:47:00+00:00","dateModified":"2016-07-01T07:21:54+00:00","mainEntityOfPage":{"@id":"https:\/\/hudo.com\/si\/aktualno\/na-avstrijskem-koroskem-prijeli-dva-slovenska-tihotapca-mamil\/"},"wordCount":91,"publisher":{"@id":"https:\/\/hudo.com\/si\/#organization"},"articleSection":["Aktualno"],"inLanguage":"sl-SI"},{"@type":"WebPage","@id":"https:\/\/hudo.com\/si\/aktualno\/na-avstrijskem-koroskem-prijeli-dva-slovenska-tihotapca-mamil\/","url":"https:\/\/hudo.com\/si\/aktualno\/na-avstrijskem-koroskem-prijeli-dva-slovenska-tihotapca-mamil\/","name":"Na avstrijskem Koro\u0161kem prijeli dva slovenska tihotapca mamil - Hudo Slovenija","isPartOf":{"@id":"https:\/\/hudo.com\/si\/#website"},"datePublished":"2016-06-30T09:47:00+00:00","dateModified":"2016-07-01T07:21:54+00:00","breadcrumb":{"@id":"https:\/\/hudo.com\/si\/aktualno\/na-avstrijskem-koroskem-prijeli-dva-slovenska-tihotapca-mamil\/#breadcrumb"},"inLanguage":"sl-SI","potentialAction":[{"@type":"ReadAction","target":["https:\/\/hudo.com\/si\/aktualno\/na-avstrijskem-koroskem-prijeli-dva-slovenska-tihotapca-mamil\/"]}]},{"@type":"BreadcrumbList","@id":"https:\/\/hudo.com\/si\/aktualno\/na-avstrijskem-koroskem-prijeli-dva-slovenska-tihotapca-mamil\/#breadcrumb","itemListElement":[{"@type":"ListItem","position":1,"name":"Home","item":"https:\/\/hudo.com\/si\/"},{"@type":"ListItem","position":2,"name":"Na avstrijskem Koro\u0161kem prijeli dva slovenska tihotapca mamil"}]},{"@type":"WebSite","@id":"https:\/\/hudo.com\/si\/#website","url":"https:\/\/hudo.com\/si\/","name":"Hudo Slovenija","description":"Vse novice iz Slovenije in sveta","publisher":{"@id":"https:\/\/hudo.com\/si\/#organization"},"potentialAction":[{"@type":"SearchAction","target":{"@type":"EntryPoint","urlTemplate":"https:\/\/hudo.com\/si\/?s={search_term_string}"},"query-input":"required name=search_term_string"}],"inLanguage":"sl-SI"},{"@type":"Organization","@id":"https:\/\/hudo.com\/si\/#organization","name":"VSN Media","url":"https:\/\/hudo.com\/si\/","logo":{"@type":"ImageObject","inLanguage":"sl-SI","@id":"https:\/\/hudo.com\/si\/#\/schema\/logo\/image\/","url":"https:\/\/hudo.com\/si\/wp-content\/uploads\/sites\/2\/2021\/03\/hudo-app-2.png","contentUrl":"https:\/\/hudo.com\/si\/wp-content\/uploads\/sites\/2\/2021\/03\/hudo-app-2.png","width":2185,"height":2167,"caption":"VSN Media"},"image":{"@id":"https:\/\/hudo.com\/si\/#\/schema\/logo\/image\/"},"sameAs":["https:\/\/www.facebook.com\/hudo.si","https:\/\/twitter.com\/hudo_si"]},{"@type":"Person","@id":"https:\/\/hudo.com\/si\/#\/schema\/person\/601cf3379633985b20f7e50f2bb47707","name":"hudo","image":{"@type":"ImageObject","inLanguage":"sl-SI","@id":"https:\/\/hudo.com\/si\/#\/schema\/person\/image\/","url":"https:\/\/secure.gravatar.com\/avatar\/c4ca25fa72cace7a696b52ff5db9e095?s=96&d=mm&r=g","contentUrl":"https:\/\/secure.gravatar.com\/avatar\/c4ca25fa72cace7a696b52ff5db9e095?s=96&d=mm&r=g","caption":"hudo"},"url":"https:\/\/hudo.com\/si\/author\/hudo\/"}]}},"amp_enabled":true,"_links":{"self":[{"href":"https:\/\/hudo.com\/si\/wp-json\/wp\/v2\/posts\/85701"}],"collection":[{"href":"https:\/\/hudo.com\/si\/wp-json\/wp\/v2\/posts"}],"about":[{"href":"https:\/\/hudo.com\/si\/wp-json\/wp\/v2\/types\/post"}],"author":[{"embeddable":true,"href":"https:\/\/hudo.com\/si\/wp-json\/wp\/v2\/users\/1"}],"replies":[{"embeddable":true,"href":"https:\/\/hudo.com\/si\/wp-json\/wp\/v2\/comments?post=85701"}],"version-history":[{"count":1,"href":"https:\/\/hudo.com\/si\/wp-json\/wp\/v2\/posts\/85701\/revisions"}],"predecessor-version":[{"id":85840,"href":"https:\/\/hudo.com\/si\/wp-json\/wp\/v2\/posts\/85701\/revisions\/85840"}],"wp:attachment":[{"href":"https:\/\/hudo.com\/si\/wp-json\/wp\/v2\/media?parent=85701"}],"wp:term":[{"taxonomy":"category","embeddable":true,"href":"https:\/\/hudo.com\/si\/wp-json\/wp\/v2\/categories?post=85701"},{"taxonomy":"post_tag","embeddable":true,"href":"https:\/\/hudo.com\/si\/wp-json\/wp\/v2\/tags?post=85701"},{"taxonomy":"source","embeddable":true,"href":"https:\/\/hudo.com\/si\/wp-json\/wp\/v2\/source?post=85701"},{"taxonomy":"supertag","embeddable":true,"href":"https:\/\/hudo.com\/si\/wp-json\/wp\/v2\/supertag?post=85701"}],"curies":[{"name":"wp","href":"https:\/\/api.w.org\/{rel}","templated":true}]}}