{"id":85709,"date":"2016-06-30T11:20:00","date_gmt":"2016-06-30T09:20:00","guid":{"rendered":"http:\/\/hudo.com\/si\/2016\/06\/30\/hrvaska-na-mejnem-prehodu-s-srbijo-postavila-prvo-ograjo\/"},"modified":"2016-07-01T09:22:03","modified_gmt":"2016-07-01T07:22:03","slug":"hrvaska-na-mejnem-prehodu-s-srbijo-postavila-prvo-ograjo","status":"publish","type":"post","link":"https:\/\/hudo.com\/si\/aktualno\/hrvaska-na-mejnem-prehodu-s-srbijo-postavila-prvo-ograjo\/","title":{"rendered":"Hrva\u0161ka na mejnem prehodu s Srbijo postavila prvo ograjo"},"content":{"rendered":"<p>Hrva\u0161ko notranje ministrstvo je danes potrdilo, da so na mejnem prehodu Batina s Srbijo postavili &#8220;tehni\u010dne ovire&#8221; zaradi prepre\u010devanja morebitnih poskusov nezakonitih vstopov v dr\u017eavo. Pojasnili so, da so jih postavili preventivno. Hrva\u0161ka je ob mejnem prehodu Batina prvi\u010d postavila ograjo na meji s katero od sosednjih dr\u017eav.  Most \u010dez Donavo ob mejnem prehodu Batina je bil minulo no\u010d za nekaj ur zaprt za promet zaradi postavljanja dva metra visoke ograje z vrati po vsej \u0161irini mostu.  &#8220;Po potrebi in v skladu z varnostnim stanjem se lahko aktivirajo tehni\u010dne ovire zaradi popolne blokade mosta in prometnice, ki pelje proti obmejnem prehodu,&#8221; so sporo\u010dili iz notranjega ministrstva. Dodali so, da na tem obmo\u010dju ni varnostnih gro\u017eenj. Lokalno prebivalstvo na Hrva\u0161kem trdi, da so na obmo\u010dju Srbije ob meji s Hrva\u0161ko zbirajo begunci, neuradno pa naj bi pri\u010dakovali tudi ve\u010d sto beguncev z Mad\u017earske.  Begunski val je lani samo v svojem za\u010detku nekoliko zajel tudi obmejni prehod Batina, a je ve\u010dina izmed stotine tiso\u010d beguncev potem \u0161la proti dr\u017eavam Evropske unije nekaj deset kilometrov bolj ju\u017eno, \u010dez zeleno mejo med Hrva\u0161ko in Srbijo.Svet<\/p>\n","protected":false},"excerpt":{"rendered":"<p>Hrva\u0161ko notranje ministrstvo je danes potrdilo, da so na mejnem prehodu Batina s Srbijo postavili &#8220;tehni\u010dne ovire&#8221; zaradi prepre\u010devanja morebitnih poskusov nezakonitih vstopov v dr\u017eavo. Pojasnili so, da so jih postavili preventivno. Hrva\u0161ka je ob mejnem prehodu Batina prvi\u010d postavila ograjo na meji s katero od sosednjih dr\u017eav.  Most \u010dez Donavo ob mejnem prehodu Batina je bil minulo no\u010d za nekaj ur zaprt za promet zaradi postavljanja dva metra visoke ograje z vrati po vsej \u0161irini mostu.  &#8220;Po potrebi in v skladu z varnostnim stanjem se lahko aktivirajo tehni\u010dne ovire zaradi popolne blokade mosta in prometnice, ki pelje proti obmejnem prehodu,&#8221; so sporo\u010dili iz notranjega ministrstva. Dodali so, da na tem obmo\u010dju ni varnostnih gro\u017eenj. Lokalno prebivalstvo na Hrva\u0161kem trdi, da so na obmo\u010dju Srbije ob meji s Hrva\u0161ko zbirajo begunci, neuradno pa naj bi pri\u010dakovali tudi ve\u010d sto beguncev z Mad\u017earske.  Begunski val je lani samo v svojem za\u010detku nekoliko zajel tudi obmejni prehod Batina, a je ve\u010dina izmed stotine tiso\u010d beguncev potem \u0161la proti dr\u017eavam Evropske unije nekaj deset kilometrov bolj ju\u017eno, \u010dez zeleno mejo med Hrva\u0161ko in Srbijo.Svet<\/p>\n","protected":false},"author":1,"featured_media":0,"comment_status":"closed","ping_status":"closed","sticky":false,"template":"","format":"standard","meta":{"footnotes":""},"categories":[1179],"tags":[],"source":[1711],"supertag":[],"acf":[],"yoast_head":"<!-- This site is optimized with the Yoast SEO plugin v21.3 - https:\/\/yoast.com\/wordpress\/plugins\/seo\/ -->\n<title>Hrva\u0161ka na mejnem prehodu s Srbijo postavila prvo ograjo - Hudo Slovenija<\/title>\n<meta name=\"robots\" content=\"index, follow, max-snippet:-1, max-image-preview:large, max-video-preview:-1\" \/>\n<link rel=\"canonical\" href=\"https:\/\/hudo.com\/si\/aktualno\/hrvaska-na-mejnem-prehodu-s-srbijo-postavila-prvo-ograjo\/\" \/>\n<meta property=\"og:locale\" content=\"sl_SI\" \/>\n<meta property=\"og:type\" content=\"article\" \/>\n<meta property=\"og:title\" content=\"Hrva\u0161ka na mejnem prehodu s Srbijo postavila prvo ograjo - Hudo Slovenija\" \/>\n<meta property=\"og:description\" content=\"Hrva\u0161ko notranje ministrstvo je danes potrdilo, da so na mejnem prehodu Batina s Srbijo postavili &quot;tehni\u010dne ovire&quot; zaradi prepre\u010devanja morebitnih poskusov nezakonitih vstopov v dr\u017eavo. Pojasnili so, da so jih postavili preventivno. Hrva\u0161ka je ob mejnem prehodu Batina prvi\u010d postavila ograjo na meji s katero od sosednjih dr\u017eav. Most \u010dez Donavo ob mejnem prehodu Batina je bil minulo no\u010d za nekaj ur zaprt za promet zaradi postavljanja dva metra visoke ograje z vrati po vsej \u0161irini mostu. &quot;Po potrebi in v skladu z varnostnim stanjem se lahko aktivirajo tehni\u010dne ovire zaradi popolne blokade mosta in prometnice, ki pelje proti obmejnem prehodu,&quot; so sporo\u010dili iz notranjega ministrstva. Dodali so, da na tem obmo\u010dju ni varnostnih gro\u017eenj. Lokalno prebivalstvo na Hrva\u0161kem trdi, da so na obmo\u010dju Srbije ob meji s Hrva\u0161ko zbirajo begunci, neuradno pa naj bi pri\u010dakovali tudi ve\u010d sto beguncev z Mad\u017earske. Begunski val je lani samo v svojem za\u010detku nekoliko zajel tudi obmejni prehod Batina, a je ve\u010dina izmed stotine tiso\u010d beguncev potem \u0161la proti dr\u017eavam Evropske unije nekaj deset kilometrov bolj ju\u017eno, \u010dez zeleno mejo med Hrva\u0161ko in Srbijo.Svet\" \/>\n<meta property=\"og:url\" content=\"https:\/\/hudo.com\/si\/aktualno\/hrvaska-na-mejnem-prehodu-s-srbijo-postavila-prvo-ograjo\/\" \/>\n<meta property=\"og:site_name\" content=\"Hudo Slovenija\" \/>\n<meta property=\"article:publisher\" content=\"https:\/\/www.facebook.com\/hudo.si\" \/>\n<meta property=\"article:published_time\" content=\"2016-06-30T09:20:00+00:00\" \/>\n<meta property=\"article:modified_time\" content=\"2016-07-01T07:22:03+00:00\" \/>\n<meta property=\"og:image\" content=\"https:\/\/hudo.com\/si\/wp-content\/uploads\/sites\/2\/2016\/06\/01422328F-300.jpg\" \/>\n\t<meta property=\"og:image:width\" content=\"450\" \/>\n\t<meta property=\"og:image:height\" content=\"299\" \/>\n\t<meta property=\"og:image:type\" content=\"image\/jpeg\" \/>\n<meta name=\"author\" content=\"hudo\" \/>\n<meta name=\"twitter:card\" content=\"summary_large_image\" \/>\n<meta name=\"twitter:creator\" content=\"@hudo_si\" \/>\n<meta name=\"twitter:site\" content=\"@hudo_si\" \/>\n<meta name=\"twitter:label1\" content=\"Written by\" \/>\n\t<meta name=\"twitter:data1\" content=\"hudo\" \/>\n\t<meta name=\"twitter:label2\" content=\"Est. reading time\" \/>\n\t<meta name=\"twitter:data2\" content=\"1 minuta\" \/>\n<script type=\"application\/ld+json\" class=\"yoast-schema-graph\">{\"@context\":\"https:\/\/schema.org\",\"@graph\":[{\"@type\":\"Article\",\"@id\":\"https:\/\/hudo.com\/si\/aktualno\/hrvaska-na-mejnem-prehodu-s-srbijo-postavila-prvo-ograjo\/#article\",\"isPartOf\":{\"@id\":\"https:\/\/hudo.com\/si\/aktualno\/hrvaska-na-mejnem-prehodu-s-srbijo-postavila-prvo-ograjo\/\"},\"author\":{\"name\":\"hudo\",\"@id\":\"https:\/\/hudo.com\/si\/#\/schema\/person\/601cf3379633985b20f7e50f2bb47707\"},\"headline\":\"Hrva\u0161ka na mejnem prehodu s Srbijo postavila prvo ograjo\",\"datePublished\":\"2016-06-30T09:20:00+00:00\",\"dateModified\":\"2016-07-01T07:22:03+00:00\",\"mainEntityOfPage\":{\"@id\":\"https:\/\/hudo.com\/si\/aktualno\/hrvaska-na-mejnem-prehodu-s-srbijo-postavila-prvo-ograjo\/\"},\"wordCount\":212,\"publisher\":{\"@id\":\"https:\/\/hudo.com\/si\/#organization\"},\"articleSection\":[\"Aktualno\"],\"inLanguage\":\"sl-SI\"},{\"@type\":\"WebPage\",\"@id\":\"https:\/\/hudo.com\/si\/aktualno\/hrvaska-na-mejnem-prehodu-s-srbijo-postavila-prvo-ograjo\/\",\"url\":\"https:\/\/hudo.com\/si\/aktualno\/hrvaska-na-mejnem-prehodu-s-srbijo-postavila-prvo-ograjo\/\",\"name\":\"Hrva\u0161ka na mejnem prehodu s Srbijo postavila prvo ograjo - Hudo Slovenija\",\"isPartOf\":{\"@id\":\"https:\/\/hudo.com\/si\/#website\"},\"datePublished\":\"2016-06-30T09:20:00+00:00\",\"dateModified\":\"2016-07-01T07:22:03+00:00\",\"breadcrumb\":{\"@id\":\"https:\/\/hudo.com\/si\/aktualno\/hrvaska-na-mejnem-prehodu-s-srbijo-postavila-prvo-ograjo\/#breadcrumb\"},\"inLanguage\":\"sl-SI\",\"potentialAction\":[{\"@type\":\"ReadAction\",\"target\":[\"https:\/\/hudo.com\/si\/aktualno\/hrvaska-na-mejnem-prehodu-s-srbijo-postavila-prvo-ograjo\/\"]}]},{\"@type\":\"BreadcrumbList\",\"@id\":\"https:\/\/hudo.com\/si\/aktualno\/hrvaska-na-mejnem-prehodu-s-srbijo-postavila-prvo-ograjo\/#breadcrumb\",\"itemListElement\":[{\"@type\":\"ListItem\",\"position\":1,\"name\":\"Home\",\"item\":\"https:\/\/hudo.com\/si\/\"},{\"@type\":\"ListItem\",\"position\":2,\"name\":\"Hrva\u0161ka na mejnem prehodu s Srbijo postavila prvo ograjo\"}]},{\"@type\":\"WebSite\",\"@id\":\"https:\/\/hudo.com\/si\/#website\",\"url\":\"https:\/\/hudo.com\/si\/\",\"name\":\"Hudo Slovenija\",\"description\":\"Vse novice iz Slovenije in sveta\",\"publisher\":{\"@id\":\"https:\/\/hudo.com\/si\/#organization\"},\"potentialAction\":[{\"@type\":\"SearchAction\",\"target\":{\"@type\":\"EntryPoint\",\"urlTemplate\":\"https:\/\/hudo.com\/si\/?s={search_term_string}\"},\"query-input\":\"required name=search_term_string\"}],\"inLanguage\":\"sl-SI\"},{\"@type\":\"Organization\",\"@id\":\"https:\/\/hudo.com\/si\/#organization\",\"name\":\"VSN Media\",\"url\":\"https:\/\/hudo.com\/si\/\",\"logo\":{\"@type\":\"ImageObject\",\"inLanguage\":\"sl-SI\",\"@id\":\"https:\/\/hudo.com\/si\/#\/schema\/logo\/image\/\",\"url\":\"https:\/\/hudo.com\/si\/wp-content\/uploads\/sites\/2\/2021\/03\/hudo-app-2.png\",\"contentUrl\":\"https:\/\/hudo.com\/si\/wp-content\/uploads\/sites\/2\/2021\/03\/hudo-app-2.png\",\"width\":2185,\"height\":2167,\"caption\":\"VSN Media\"},\"image\":{\"@id\":\"https:\/\/hudo.com\/si\/#\/schema\/logo\/image\/\"},\"sameAs\":[\"https:\/\/www.facebook.com\/hudo.si\",\"https:\/\/twitter.com\/hudo_si\"]},{\"@type\":\"Person\",\"@id\":\"https:\/\/hudo.com\/si\/#\/schema\/person\/601cf3379633985b20f7e50f2bb47707\",\"name\":\"hudo\",\"image\":{\"@type\":\"ImageObject\",\"inLanguage\":\"sl-SI\",\"@id\":\"https:\/\/hudo.com\/si\/#\/schema\/person\/image\/\",\"url\":\"https:\/\/secure.gravatar.com\/avatar\/c4ca25fa72cace7a696b52ff5db9e095?s=96&d=mm&r=g\",\"contentUrl\":\"https:\/\/secure.gravatar.com\/avatar\/c4ca25fa72cace7a696b52ff5db9e095?s=96&d=mm&r=g\",\"caption\":\"hudo\"},\"url\":\"https:\/\/hudo.com\/si\/author\/hudo\/\"}]}<\/script>\n<!-- \/ Yoast SEO plugin. -->","yoast_head_json":{"title":"Hrva\u0161ka na mejnem prehodu s Srbijo postavila prvo ograjo - Hudo Slovenija","robots":{"index":"index","follow":"follow","max-snippet":"max-snippet:-1","max-image-preview":"max-image-preview:large","max-video-preview":"max-video-preview:-1"},"canonical":"https:\/\/hudo.com\/si\/aktualno\/hrvaska-na-mejnem-prehodu-s-srbijo-postavila-prvo-ograjo\/","og_locale":"sl_SI","og_type":"article","og_title":"Hrva\u0161ka na mejnem prehodu s Srbijo postavila prvo ograjo - Hudo Slovenija","og_description":"Hrva\u0161ko notranje ministrstvo je danes potrdilo, da so na mejnem prehodu Batina s Srbijo postavili \"tehni\u010dne ovire\" zaradi prepre\u010devanja morebitnih poskusov nezakonitih vstopov v dr\u017eavo. Pojasnili so, da so jih postavili preventivno. Hrva\u0161ka je ob mejnem prehodu Batina prvi\u010d postavila ograjo na meji s katero od sosednjih dr\u017eav. Most \u010dez Donavo ob mejnem prehodu Batina je bil minulo no\u010d za nekaj ur zaprt za promet zaradi postavljanja dva metra visoke ograje z vrati po vsej \u0161irini mostu. \"Po potrebi in v skladu z varnostnim stanjem se lahko aktivirajo tehni\u010dne ovire zaradi popolne blokade mosta in prometnice, ki pelje proti obmejnem prehodu,\" so sporo\u010dili iz notranjega ministrstva. Dodali so, da na tem obmo\u010dju ni varnostnih gro\u017eenj. Lokalno prebivalstvo na Hrva\u0161kem trdi, da so na obmo\u010dju Srbije ob meji s Hrva\u0161ko zbirajo begunci, neuradno pa naj bi pri\u010dakovali tudi ve\u010d sto beguncev z Mad\u017earske. Begunski val je lani samo v svojem za\u010detku nekoliko zajel tudi obmejni prehod Batina, a je ve\u010dina izmed stotine tiso\u010d beguncev potem \u0161la proti dr\u017eavam Evropske unije nekaj deset kilometrov bolj ju\u017eno, \u010dez zeleno mejo med Hrva\u0161ko in Srbijo.Svet","og_url":"https:\/\/hudo.com\/si\/aktualno\/hrvaska-na-mejnem-prehodu-s-srbijo-postavila-prvo-ograjo\/","og_site_name":"Hudo Slovenija","article_publisher":"https:\/\/www.facebook.com\/hudo.si","article_published_time":"2016-06-30T09:20:00+00:00","article_modified_time":"2016-07-01T07:22:03+00:00","og_image":[{"width":450,"height":299,"url":"https:\/\/hudo.com\/si\/wp-content\/uploads\/sites\/2\/2016\/06\/01422328F-300.jpg","type":"image\/jpeg"}],"author":"hudo","twitter_card":"summary_large_image","twitter_creator":"@hudo_si","twitter_site":"@hudo_si","twitter_misc":{"Written by":"hudo","Est. reading time":"1 minuta"},"schema":{"@context":"https:\/\/schema.org","@graph":[{"@type":"Article","@id":"https:\/\/hudo.com\/si\/aktualno\/hrvaska-na-mejnem-prehodu-s-srbijo-postavila-prvo-ograjo\/#article","isPartOf":{"@id":"https:\/\/hudo.com\/si\/aktualno\/hrvaska-na-mejnem-prehodu-s-srbijo-postavila-prvo-ograjo\/"},"author":{"name":"hudo","@id":"https:\/\/hudo.com\/si\/#\/schema\/person\/601cf3379633985b20f7e50f2bb47707"},"headline":"Hrva\u0161ka na mejnem prehodu s Srbijo postavila prvo ograjo","datePublished":"2016-06-30T09:20:00+00:00","dateModified":"2016-07-01T07:22:03+00:00","mainEntityOfPage":{"@id":"https:\/\/hudo.com\/si\/aktualno\/hrvaska-na-mejnem-prehodu-s-srbijo-postavila-prvo-ograjo\/"},"wordCount":212,"publisher":{"@id":"https:\/\/hudo.com\/si\/#organization"},"articleSection":["Aktualno"],"inLanguage":"sl-SI"},{"@type":"WebPage","@id":"https:\/\/hudo.com\/si\/aktualno\/hrvaska-na-mejnem-prehodu-s-srbijo-postavila-prvo-ograjo\/","url":"https:\/\/hudo.com\/si\/aktualno\/hrvaska-na-mejnem-prehodu-s-srbijo-postavila-prvo-ograjo\/","name":"Hrva\u0161ka na mejnem prehodu s Srbijo postavila prvo ograjo - Hudo Slovenija","isPartOf":{"@id":"https:\/\/hudo.com\/si\/#website"},"datePublished":"2016-06-30T09:20:00+00:00","dateModified":"2016-07-01T07:22:03+00:00","breadcrumb":{"@id":"https:\/\/hudo.com\/si\/aktualno\/hrvaska-na-mejnem-prehodu-s-srbijo-postavila-prvo-ograjo\/#breadcrumb"},"inLanguage":"sl-SI","potentialAction":[{"@type":"ReadAction","target":["https:\/\/hudo.com\/si\/aktualno\/hrvaska-na-mejnem-prehodu-s-srbijo-postavila-prvo-ograjo\/"]}]},{"@type":"BreadcrumbList","@id":"https:\/\/hudo.com\/si\/aktualno\/hrvaska-na-mejnem-prehodu-s-srbijo-postavila-prvo-ograjo\/#breadcrumb","itemListElement":[{"@type":"ListItem","position":1,"name":"Home","item":"https:\/\/hudo.com\/si\/"},{"@type":"ListItem","position":2,"name":"Hrva\u0161ka na mejnem prehodu s Srbijo postavila prvo ograjo"}]},{"@type":"WebSite","@id":"https:\/\/hudo.com\/si\/#website","url":"https:\/\/hudo.com\/si\/","name":"Hudo Slovenija","description":"Vse novice iz Slovenije in sveta","publisher":{"@id":"https:\/\/hudo.com\/si\/#organization"},"potentialAction":[{"@type":"SearchAction","target":{"@type":"EntryPoint","urlTemplate":"https:\/\/hudo.com\/si\/?s={search_term_string}"},"query-input":"required name=search_term_string"}],"inLanguage":"sl-SI"},{"@type":"Organization","@id":"https:\/\/hudo.com\/si\/#organization","name":"VSN Media","url":"https:\/\/hudo.com\/si\/","logo":{"@type":"ImageObject","inLanguage":"sl-SI","@id":"https:\/\/hudo.com\/si\/#\/schema\/logo\/image\/","url":"https:\/\/hudo.com\/si\/wp-content\/uploads\/sites\/2\/2021\/03\/hudo-app-2.png","contentUrl":"https:\/\/hudo.com\/si\/wp-content\/uploads\/sites\/2\/2021\/03\/hudo-app-2.png","width":2185,"height":2167,"caption":"VSN Media"},"image":{"@id":"https:\/\/hudo.com\/si\/#\/schema\/logo\/image\/"},"sameAs":["https:\/\/www.facebook.com\/hudo.si","https:\/\/twitter.com\/hudo_si"]},{"@type":"Person","@id":"https:\/\/hudo.com\/si\/#\/schema\/person\/601cf3379633985b20f7e50f2bb47707","name":"hudo","image":{"@type":"ImageObject","inLanguage":"sl-SI","@id":"https:\/\/hudo.com\/si\/#\/schema\/person\/image\/","url":"https:\/\/secure.gravatar.com\/avatar\/c4ca25fa72cace7a696b52ff5db9e095?s=96&d=mm&r=g","contentUrl":"https:\/\/secure.gravatar.com\/avatar\/c4ca25fa72cace7a696b52ff5db9e095?s=96&d=mm&r=g","caption":"hudo"},"url":"https:\/\/hudo.com\/si\/author\/hudo\/"}]}},"amp_enabled":true,"_links":{"self":[{"href":"https:\/\/hudo.com\/si\/wp-json\/wp\/v2\/posts\/85709"}],"collection":[{"href":"https:\/\/hudo.com\/si\/wp-json\/wp\/v2\/posts"}],"about":[{"href":"https:\/\/hudo.com\/si\/wp-json\/wp\/v2\/types\/post"}],"author":[{"embeddable":true,"href":"https:\/\/hudo.com\/si\/wp-json\/wp\/v2\/users\/1"}],"replies":[{"embeddable":true,"href":"https:\/\/hudo.com\/si\/wp-json\/wp\/v2\/comments?post=85709"}],"version-history":[{"count":1,"href":"https:\/\/hudo.com\/si\/wp-json\/wp\/v2\/posts\/85709\/revisions"}],"predecessor-version":[{"id":85847,"href":"https:\/\/hudo.com\/si\/wp-json\/wp\/v2\/posts\/85709\/revisions\/85847"}],"wp:attachment":[{"href":"https:\/\/hudo.com\/si\/wp-json\/wp\/v2\/media?parent=85709"}],"wp:term":[{"taxonomy":"category","embeddable":true,"href":"https:\/\/hudo.com\/si\/wp-json\/wp\/v2\/categories?post=85709"},{"taxonomy":"post_tag","embeddable":true,"href":"https:\/\/hudo.com\/si\/wp-json\/wp\/v2\/tags?post=85709"},{"taxonomy":"source","embeddable":true,"href":"https:\/\/hudo.com\/si\/wp-json\/wp\/v2\/source?post=85709"},{"taxonomy":"supertag","embeddable":true,"href":"https:\/\/hudo.com\/si\/wp-json\/wp\/v2\/supertag?post=85709"}],"curies":[{"name":"wp","href":"https:\/\/api.w.org\/{rel}","templated":true}]}}