{"id":85711,"date":"2016-06-30T11:18:00","date_gmt":"2016-06-30T09:18:00","guid":{"rendered":"http:\/\/hudo.com\/si\/2016\/06\/30\/na-hrvasko-srbski-meji-zrasla-dvometrska-tehnicna-ovira\/"},"modified":"2016-06-30T11:18:00","modified_gmt":"2016-06-30T09:18:00","slug":"na-hrvasko-srbski-meji-zrasla-dvometrska-tehnicna-ovira","status":"publish","type":"post","link":"https:\/\/hudo.com\/si\/aktualno\/na-hrvasko-srbski-meji-zrasla-dvometrska-tehnicna-ovira\/","title":{"rendered":"Na hrva\u0161ko-srbski meji zrasla dvometrska \u00bbtehni\u010dna ovira\u00ab"},"content":{"rendered":"<p>Kategorija: Sose\u0161\u010dina Thu, 30 Jun 2016 13:18:00 +0200  Zagreb \u2013 Na meji med Hrva\u0161ko in Srbijo je pono\u010di \u2013 kot ka\u017ee, tako na presene\u010denje doma\u010dinov kot \u0161ir\u0161e javnosti \u2013 na mejnem prehodu Batina zrasla prva ograja. Z ministrstva za notranje zadeve so pozneje pojasnili, da je namen \u00bbtehni\u010dne ovire\u00ab prepre\u010diti morebitne nezakonite poskuse pre\u010dkanja hrva\u0161ke meje, pri tem pa poudarili, da na obmo\u010dju ni neposredne varnostne gro\u017enje. Spletni portal HRT Vjesti poro\u010da, da so policisti sino\u010di okoli 20. ure brez predhodne napovedi in pojasnil zaprli mejni prehod Batina. Nekaj ur pozneje so ga znova odprli za promet, ograja \u2013 ta ni \u017ei\u010dna, ampak je iz \u017eeleznih plo\u0161\u010d, vi\u0161jih od dveh metrov \u2013 bo dokon\u010dana \u017ee danes popoldne. Na ministrstvu so pojasnili, da lahko z njo v primeru varnostne gro\u017enje hipoma zaprejo most in cesto, ki vodi do mejnega prehoda. Drugih\u00a0&#8230;<\/p>\n","protected":false},"excerpt":{"rendered":"<p>Kategorija: Sose\u0161\u010dina Thu, 30 Jun 2016 13:18:00 +0200  Zagreb \u2013 Na meji med Hrva\u0161ko in Srbijo je pono\u010di \u2013 kot ka\u017ee, tako na presene\u010denje doma\u010dinov kot \u0161ir\u0161e javnosti \u2013 na mejnem prehodu Batina zrasla prva ograja. Z ministrstva za notranje zadeve so pozneje pojasnili, da je namen \u00bbtehni\u010dne ovire\u00ab prepre\u010diti morebitne nezakonite poskuse pre\u010dkanja hrva\u0161ke meje, pri tem pa poudarili, da na obmo\u010dju ni neposredne varnostne gro\u017enje. Spletni portal HRT Vjesti poro\u010da, da so policisti sino\u010di okoli 20. ure brez predhodne napovedi in pojasnil zaprli mejni prehod Batina. Nekaj ur pozneje so ga znova odprli za promet, ograja \u2013 ta ni \u017ei\u010dna, ampak je iz \u017eeleznih plo\u0161\u010d, vi\u0161jih od dveh metrov \u2013 bo dokon\u010dana \u017ee danes popoldne. Na ministrstvu so pojasnili, da lahko z njo v primeru varnostne gro\u017enje hipoma zaprejo most in cesto, ki vodi do mejnega prehoda. Drugih\u00a0&#8230;<\/p>\n","protected":false},"author":1,"featured_media":0,"comment_status":"closed","ping_status":"closed","sticky":false,"template":"","format":"standard","meta":{"footnotes":""},"categories":[1179],"tags":[],"source":[4511],"supertag":[],"acf":[],"yoast_head":"<!-- This site is optimized with the Yoast SEO plugin v21.3 - https:\/\/yoast.com\/wordpress\/plugins\/seo\/ -->\n<title>Na hrva\u0161ko-srbski meji zrasla dvometrska \u00bbtehni\u010dna ovira\u00ab - Hudo Slovenija<\/title>\n<meta name=\"robots\" content=\"index, follow, max-snippet:-1, max-image-preview:large, max-video-preview:-1\" \/>\n<link rel=\"canonical\" href=\"https:\/\/hudo.com\/si\/aktualno\/na-hrvasko-srbski-meji-zrasla-dvometrska-tehnicna-ovira\/\" \/>\n<meta property=\"og:locale\" content=\"sl_SI\" \/>\n<meta property=\"og:type\" content=\"article\" \/>\n<meta property=\"og:title\" content=\"Na hrva\u0161ko-srbski meji zrasla dvometrska \u00bbtehni\u010dna ovira\u00ab - Hudo Slovenija\" \/>\n<meta property=\"og:description\" content=\"Kategorija: Sose\u0161\u010dina Thu, 30 Jun 2016 13:18:00 +0200 Zagreb \u2013 Na meji med Hrva\u0161ko in Srbijo je pono\u010di \u2013 kot ka\u017ee, tako na presene\u010denje doma\u010dinov kot \u0161ir\u0161e javnosti \u2013 na mejnem prehodu Batina zrasla prva ograja. Z ministrstva za notranje zadeve so pozneje pojasnili, da je namen \u00bbtehni\u010dne ovire\u00ab prepre\u010diti morebitne nezakonite poskuse pre\u010dkanja hrva\u0161ke meje, pri tem pa poudarili, da na obmo\u010dju ni neposredne varnostne gro\u017enje. Spletni portal HRT Vjesti poro\u010da, da so policisti sino\u010di okoli 20. ure brez predhodne napovedi in pojasnil zaprli mejni prehod Batina. Nekaj ur pozneje so ga znova odprli za promet, ograja \u2013 ta ni \u017ei\u010dna, ampak je iz \u017eeleznih plo\u0161\u010d, vi\u0161jih od dveh metrov \u2013 bo dokon\u010dana \u017ee danes popoldne. Na ministrstvu so pojasnili, da lahko z njo v primeru varnostne gro\u017enje hipoma zaprejo most in cesto, ki vodi do mejnega prehoda. Drugih\u00a0...\" \/>\n<meta property=\"og:url\" content=\"https:\/\/hudo.com\/si\/aktualno\/na-hrvasko-srbski-meji-zrasla-dvometrska-tehnicna-ovira\/\" \/>\n<meta property=\"og:site_name\" content=\"Hudo Slovenija\" \/>\n<meta property=\"article:publisher\" content=\"https:\/\/www.facebook.com\/hudo.si\" \/>\n<meta property=\"article:published_time\" content=\"2016-06-30T09:18:00+00:00\" \/>\n<meta property=\"og:image\" content=\"https:\/\/hudo.com\/si\/wp-content\/uploads\/sites\/2\/2016\/06\/480x290_Delo_Foto-20160111170326-37118600.jpeg\" \/>\n\t<meta property=\"og:image:width\" content=\"480\" \/>\n\t<meta property=\"og:image:height\" content=\"290\" \/>\n\t<meta property=\"og:image:type\" content=\"image\/jpeg\" \/>\n<meta name=\"author\" content=\"hudo\" \/>\n<meta name=\"twitter:card\" content=\"summary_large_image\" \/>\n<meta name=\"twitter:creator\" content=\"@hudo_si\" \/>\n<meta name=\"twitter:site\" content=\"@hudo_si\" \/>\n<meta name=\"twitter:label1\" content=\"Written by\" \/>\n\t<meta name=\"twitter:data1\" content=\"hudo\" \/>\n\t<meta name=\"twitter:label2\" content=\"Est. reading time\" \/>\n\t<meta name=\"twitter:data2\" content=\"1 minuta\" \/>\n<script type=\"application\/ld+json\" class=\"yoast-schema-graph\">{\"@context\":\"https:\/\/schema.org\",\"@graph\":[{\"@type\":\"Article\",\"@id\":\"https:\/\/hudo.com\/si\/aktualno\/na-hrvasko-srbski-meji-zrasla-dvometrska-tehnicna-ovira\/#article\",\"isPartOf\":{\"@id\":\"https:\/\/hudo.com\/si\/aktualno\/na-hrvasko-srbski-meji-zrasla-dvometrska-tehnicna-ovira\/\"},\"author\":{\"name\":\"hudo\",\"@id\":\"https:\/\/hudo.com\/si\/#\/schema\/person\/601cf3379633985b20f7e50f2bb47707\"},\"headline\":\"Na hrva\u0161ko-srbski meji zrasla dvometrska \u00bbtehni\u010dna ovira\u00ab\",\"datePublished\":\"2016-06-30T09:18:00+00:00\",\"dateModified\":\"2016-06-30T09:18:00+00:00\",\"mainEntityOfPage\":{\"@id\":\"https:\/\/hudo.com\/si\/aktualno\/na-hrvasko-srbski-meji-zrasla-dvometrska-tehnicna-ovira\/\"},\"wordCount\":158,\"publisher\":{\"@id\":\"https:\/\/hudo.com\/si\/#organization\"},\"articleSection\":[\"Aktualno\"],\"inLanguage\":\"sl-SI\"},{\"@type\":\"WebPage\",\"@id\":\"https:\/\/hudo.com\/si\/aktualno\/na-hrvasko-srbski-meji-zrasla-dvometrska-tehnicna-ovira\/\",\"url\":\"https:\/\/hudo.com\/si\/aktualno\/na-hrvasko-srbski-meji-zrasla-dvometrska-tehnicna-ovira\/\",\"name\":\"Na hrva\u0161ko-srbski meji zrasla dvometrska \u00bbtehni\u010dna ovira\u00ab - Hudo Slovenija\",\"isPartOf\":{\"@id\":\"https:\/\/hudo.com\/si\/#website\"},\"datePublished\":\"2016-06-30T09:18:00+00:00\",\"dateModified\":\"2016-06-30T09:18:00+00:00\",\"breadcrumb\":{\"@id\":\"https:\/\/hudo.com\/si\/aktualno\/na-hrvasko-srbski-meji-zrasla-dvometrska-tehnicna-ovira\/#breadcrumb\"},\"inLanguage\":\"sl-SI\",\"potentialAction\":[{\"@type\":\"ReadAction\",\"target\":[\"https:\/\/hudo.com\/si\/aktualno\/na-hrvasko-srbski-meji-zrasla-dvometrska-tehnicna-ovira\/\"]}]},{\"@type\":\"BreadcrumbList\",\"@id\":\"https:\/\/hudo.com\/si\/aktualno\/na-hrvasko-srbski-meji-zrasla-dvometrska-tehnicna-ovira\/#breadcrumb\",\"itemListElement\":[{\"@type\":\"ListItem\",\"position\":1,\"name\":\"Home\",\"item\":\"https:\/\/hudo.com\/si\/\"},{\"@type\":\"ListItem\",\"position\":2,\"name\":\"Na hrva\u0161ko-srbski meji zrasla dvometrska \u00bbtehni\u010dna ovira\u00ab\"}]},{\"@type\":\"WebSite\",\"@id\":\"https:\/\/hudo.com\/si\/#website\",\"url\":\"https:\/\/hudo.com\/si\/\",\"name\":\"Hudo Slovenija\",\"description\":\"Vse novice iz Slovenije in sveta\",\"publisher\":{\"@id\":\"https:\/\/hudo.com\/si\/#organization\"},\"potentialAction\":[{\"@type\":\"SearchAction\",\"target\":{\"@type\":\"EntryPoint\",\"urlTemplate\":\"https:\/\/hudo.com\/si\/?s={search_term_string}\"},\"query-input\":\"required name=search_term_string\"}],\"inLanguage\":\"sl-SI\"},{\"@type\":\"Organization\",\"@id\":\"https:\/\/hudo.com\/si\/#organization\",\"name\":\"VSN Media\",\"url\":\"https:\/\/hudo.com\/si\/\",\"logo\":{\"@type\":\"ImageObject\",\"inLanguage\":\"sl-SI\",\"@id\":\"https:\/\/hudo.com\/si\/#\/schema\/logo\/image\/\",\"url\":\"https:\/\/hudo.com\/si\/wp-content\/uploads\/sites\/2\/2021\/03\/hudo-app-2.png\",\"contentUrl\":\"https:\/\/hudo.com\/si\/wp-content\/uploads\/sites\/2\/2021\/03\/hudo-app-2.png\",\"width\":2185,\"height\":2167,\"caption\":\"VSN Media\"},\"image\":{\"@id\":\"https:\/\/hudo.com\/si\/#\/schema\/logo\/image\/\"},\"sameAs\":[\"https:\/\/www.facebook.com\/hudo.si\",\"https:\/\/twitter.com\/hudo_si\"]},{\"@type\":\"Person\",\"@id\":\"https:\/\/hudo.com\/si\/#\/schema\/person\/601cf3379633985b20f7e50f2bb47707\",\"name\":\"hudo\",\"image\":{\"@type\":\"ImageObject\",\"inLanguage\":\"sl-SI\",\"@id\":\"https:\/\/hudo.com\/si\/#\/schema\/person\/image\/\",\"url\":\"https:\/\/secure.gravatar.com\/avatar\/c4ca25fa72cace7a696b52ff5db9e095?s=96&d=mm&r=g\",\"contentUrl\":\"https:\/\/secure.gravatar.com\/avatar\/c4ca25fa72cace7a696b52ff5db9e095?s=96&d=mm&r=g\",\"caption\":\"hudo\"},\"url\":\"https:\/\/hudo.com\/si\/author\/hudo\/\"}]}<\/script>\n<!-- \/ Yoast SEO plugin. -->","yoast_head_json":{"title":"Na hrva\u0161ko-srbski meji zrasla dvometrska \u00bbtehni\u010dna ovira\u00ab - Hudo Slovenija","robots":{"index":"index","follow":"follow","max-snippet":"max-snippet:-1","max-image-preview":"max-image-preview:large","max-video-preview":"max-video-preview:-1"},"canonical":"https:\/\/hudo.com\/si\/aktualno\/na-hrvasko-srbski-meji-zrasla-dvometrska-tehnicna-ovira\/","og_locale":"sl_SI","og_type":"article","og_title":"Na hrva\u0161ko-srbski meji zrasla dvometrska \u00bbtehni\u010dna ovira\u00ab - Hudo Slovenija","og_description":"Kategorija: Sose\u0161\u010dina Thu, 30 Jun 2016 13:18:00 +0200 Zagreb \u2013 Na meji med Hrva\u0161ko in Srbijo je pono\u010di \u2013 kot ka\u017ee, tako na presene\u010denje doma\u010dinov kot \u0161ir\u0161e javnosti \u2013 na mejnem prehodu Batina zrasla prva ograja. Z ministrstva za notranje zadeve so pozneje pojasnili, da je namen \u00bbtehni\u010dne ovire\u00ab prepre\u010diti morebitne nezakonite poskuse pre\u010dkanja hrva\u0161ke meje, pri tem pa poudarili, da na obmo\u010dju ni neposredne varnostne gro\u017enje. Spletni portal HRT Vjesti poro\u010da, da so policisti sino\u010di okoli 20. ure brez predhodne napovedi in pojasnil zaprli mejni prehod Batina. Nekaj ur pozneje so ga znova odprli za promet, ograja \u2013 ta ni \u017ei\u010dna, ampak je iz \u017eeleznih plo\u0161\u010d, vi\u0161jih od dveh metrov \u2013 bo dokon\u010dana \u017ee danes popoldne. Na ministrstvu so pojasnili, da lahko z njo v primeru varnostne gro\u017enje hipoma zaprejo most in cesto, ki vodi do mejnega prehoda. Drugih\u00a0...","og_url":"https:\/\/hudo.com\/si\/aktualno\/na-hrvasko-srbski-meji-zrasla-dvometrska-tehnicna-ovira\/","og_site_name":"Hudo Slovenija","article_publisher":"https:\/\/www.facebook.com\/hudo.si","article_published_time":"2016-06-30T09:18:00+00:00","og_image":[{"width":480,"height":290,"url":"https:\/\/hudo.com\/si\/wp-content\/uploads\/sites\/2\/2016\/06\/480x290_Delo_Foto-20160111170326-37118600.jpeg","type":"image\/jpeg"}],"author":"hudo","twitter_card":"summary_large_image","twitter_creator":"@hudo_si","twitter_site":"@hudo_si","twitter_misc":{"Written by":"hudo","Est. reading time":"1 minuta"},"schema":{"@context":"https:\/\/schema.org","@graph":[{"@type":"Article","@id":"https:\/\/hudo.com\/si\/aktualno\/na-hrvasko-srbski-meji-zrasla-dvometrska-tehnicna-ovira\/#article","isPartOf":{"@id":"https:\/\/hudo.com\/si\/aktualno\/na-hrvasko-srbski-meji-zrasla-dvometrska-tehnicna-ovira\/"},"author":{"name":"hudo","@id":"https:\/\/hudo.com\/si\/#\/schema\/person\/601cf3379633985b20f7e50f2bb47707"},"headline":"Na hrva\u0161ko-srbski meji zrasla dvometrska \u00bbtehni\u010dna ovira\u00ab","datePublished":"2016-06-30T09:18:00+00:00","dateModified":"2016-06-30T09:18:00+00:00","mainEntityOfPage":{"@id":"https:\/\/hudo.com\/si\/aktualno\/na-hrvasko-srbski-meji-zrasla-dvometrska-tehnicna-ovira\/"},"wordCount":158,"publisher":{"@id":"https:\/\/hudo.com\/si\/#organization"},"articleSection":["Aktualno"],"inLanguage":"sl-SI"},{"@type":"WebPage","@id":"https:\/\/hudo.com\/si\/aktualno\/na-hrvasko-srbski-meji-zrasla-dvometrska-tehnicna-ovira\/","url":"https:\/\/hudo.com\/si\/aktualno\/na-hrvasko-srbski-meji-zrasla-dvometrska-tehnicna-ovira\/","name":"Na hrva\u0161ko-srbski meji zrasla dvometrska \u00bbtehni\u010dna ovira\u00ab - Hudo Slovenija","isPartOf":{"@id":"https:\/\/hudo.com\/si\/#website"},"datePublished":"2016-06-30T09:18:00+00:00","dateModified":"2016-06-30T09:18:00+00:00","breadcrumb":{"@id":"https:\/\/hudo.com\/si\/aktualno\/na-hrvasko-srbski-meji-zrasla-dvometrska-tehnicna-ovira\/#breadcrumb"},"inLanguage":"sl-SI","potentialAction":[{"@type":"ReadAction","target":["https:\/\/hudo.com\/si\/aktualno\/na-hrvasko-srbski-meji-zrasla-dvometrska-tehnicna-ovira\/"]}]},{"@type":"BreadcrumbList","@id":"https:\/\/hudo.com\/si\/aktualno\/na-hrvasko-srbski-meji-zrasla-dvometrska-tehnicna-ovira\/#breadcrumb","itemListElement":[{"@type":"ListItem","position":1,"name":"Home","item":"https:\/\/hudo.com\/si\/"},{"@type":"ListItem","position":2,"name":"Na hrva\u0161ko-srbski meji zrasla dvometrska \u00bbtehni\u010dna ovira\u00ab"}]},{"@type":"WebSite","@id":"https:\/\/hudo.com\/si\/#website","url":"https:\/\/hudo.com\/si\/","name":"Hudo Slovenija","description":"Vse novice iz Slovenije in sveta","publisher":{"@id":"https:\/\/hudo.com\/si\/#organization"},"potentialAction":[{"@type":"SearchAction","target":{"@type":"EntryPoint","urlTemplate":"https:\/\/hudo.com\/si\/?s={search_term_string}"},"query-input":"required name=search_term_string"}],"inLanguage":"sl-SI"},{"@type":"Organization","@id":"https:\/\/hudo.com\/si\/#organization","name":"VSN Media","url":"https:\/\/hudo.com\/si\/","logo":{"@type":"ImageObject","inLanguage":"sl-SI","@id":"https:\/\/hudo.com\/si\/#\/schema\/logo\/image\/","url":"https:\/\/hudo.com\/si\/wp-content\/uploads\/sites\/2\/2021\/03\/hudo-app-2.png","contentUrl":"https:\/\/hudo.com\/si\/wp-content\/uploads\/sites\/2\/2021\/03\/hudo-app-2.png","width":2185,"height":2167,"caption":"VSN Media"},"image":{"@id":"https:\/\/hudo.com\/si\/#\/schema\/logo\/image\/"},"sameAs":["https:\/\/www.facebook.com\/hudo.si","https:\/\/twitter.com\/hudo_si"]},{"@type":"Person","@id":"https:\/\/hudo.com\/si\/#\/schema\/person\/601cf3379633985b20f7e50f2bb47707","name":"hudo","image":{"@type":"ImageObject","inLanguage":"sl-SI","@id":"https:\/\/hudo.com\/si\/#\/schema\/person\/image\/","url":"https:\/\/secure.gravatar.com\/avatar\/c4ca25fa72cace7a696b52ff5db9e095?s=96&d=mm&r=g","contentUrl":"https:\/\/secure.gravatar.com\/avatar\/c4ca25fa72cace7a696b52ff5db9e095?s=96&d=mm&r=g","caption":"hudo"},"url":"https:\/\/hudo.com\/si\/author\/hudo\/"}]}},"amp_enabled":true,"_links":{"self":[{"href":"https:\/\/hudo.com\/si\/wp-json\/wp\/v2\/posts\/85711"}],"collection":[{"href":"https:\/\/hudo.com\/si\/wp-json\/wp\/v2\/posts"}],"about":[{"href":"https:\/\/hudo.com\/si\/wp-json\/wp\/v2\/types\/post"}],"author":[{"embeddable":true,"href":"https:\/\/hudo.com\/si\/wp-json\/wp\/v2\/users\/1"}],"replies":[{"embeddable":true,"href":"https:\/\/hudo.com\/si\/wp-json\/wp\/v2\/comments?post=85711"}],"version-history":[{"count":0,"href":"https:\/\/hudo.com\/si\/wp-json\/wp\/v2\/posts\/85711\/revisions"}],"wp:attachment":[{"href":"https:\/\/hudo.com\/si\/wp-json\/wp\/v2\/media?parent=85711"}],"wp:term":[{"taxonomy":"category","embeddable":true,"href":"https:\/\/hudo.com\/si\/wp-json\/wp\/v2\/categories?post=85711"},{"taxonomy":"post_tag","embeddable":true,"href":"https:\/\/hudo.com\/si\/wp-json\/wp\/v2\/tags?post=85711"},{"taxonomy":"source","embeddable":true,"href":"https:\/\/hudo.com\/si\/wp-json\/wp\/v2\/source?post=85711"},{"taxonomy":"supertag","embeddable":true,"href":"https:\/\/hudo.com\/si\/wp-json\/wp\/v2\/supertag?post=85711"}],"curies":[{"name":"wp","href":"https:\/\/api.w.org\/{rel}","templated":true}]}}