{"id":85713,"date":"2016-06-30T11:14:00","date_gmt":"2016-06-30T09:14:00","guid":{"rendered":"http:\/\/hudo.com\/si\/2016\/06\/30\/delavcem-teta-jutri-odpovedi\/"},"modified":"2016-06-30T11:14:00","modified_gmt":"2016-06-30T09:14:00","slug":"delavcem-teta-jutri-odpovedi","status":"publish","type":"post","link":"https:\/\/hudo.com\/si\/aktualno\/delavcem-teta-jutri-odpovedi\/","title":{"rendered":"Delavcem Teta jutri odpovedi"},"content":{"rendered":"<p>Kategorija: Podjetja Thu, 30 Jun 2016 13:14:00 +0200  Trbovlje \u2212 Delavcem Termoelektrarne Trbovlje (Tet) bo v petek likvidacijski upravitelj Luka Podjed vro\u010dil odpovedi delovnega razmerja, saj 31. julija pote\u010de pogodba z Elesom o zagotavljanju terciarne rezerve. Po besedah izvr\u0161nega direktorja razvoja v HSE Djordja \u017debeljana pa to ne pomeni, da noben od 46 delavcev ne bo ostal zaposlen v Tetu. Po \u017debeljanovih besedah se bo \u0161tevilo zaposlenih, ki bodo ostali v Tetu, uskladilo s potrebnimi aktivnostmi, ki jih zahteva okoljevarstveno dovoljenje za Tet. Predsednik Sindikata delavcev dejavnosti energetike Slovenije Branko Sev\u010dnikar je po dana\u0161njem zboru delavcev vladi in lokalni politiki medtem o\u010dital, da so pozabili, da je Tet sploh kdaj obratoval. Napovedal je tudi aktivnosti za zaposlitev odpu\u0161\u010denih delavcev Teta. Predsednik podjetni\u0161kega sindikata Ivan Urbajs je povedal, da je odpovedni rok mesec dni, na dana\u0161njem zboru pa so po njegovih besedah\u00a0&#8230;<\/p>\n","protected":false},"excerpt":{"rendered":"<p>Kategorija: Podjetja Thu, 30 Jun 2016 13:14:00 +0200  Trbovlje \u2212 Delavcem Termoelektrarne Trbovlje (Tet) bo v petek likvidacijski upravitelj Luka Podjed vro\u010dil odpovedi delovnega razmerja, saj 31. julija pote\u010de pogodba z Elesom o zagotavljanju terciarne rezerve. Po besedah izvr\u0161nega direktorja razvoja v HSE Djordja \u017debeljana pa to ne pomeni, da noben od 46 delavcev ne bo ostal zaposlen v Tetu. Po \u017debeljanovih besedah se bo \u0161tevilo zaposlenih, ki bodo ostali v Tetu, uskladilo s potrebnimi aktivnostmi, ki jih zahteva okoljevarstveno dovoljenje za Tet. Predsednik Sindikata delavcev dejavnosti energetike Slovenije Branko Sev\u010dnikar je po dana\u0161njem zboru delavcev vladi in lokalni politiki medtem o\u010dital, da so pozabili, da je Tet sploh kdaj obratoval. Napovedal je tudi aktivnosti za zaposlitev odpu\u0161\u010denih delavcev Teta. Predsednik podjetni\u0161kega sindikata Ivan Urbajs je povedal, da je odpovedni rok mesec dni, na dana\u0161njem zboru pa so po njegovih besedah\u00a0&#8230;<\/p>\n","protected":false},"author":1,"featured_media":0,"comment_status":"closed","ping_status":"closed","sticky":false,"template":"","format":"standard","meta":{"footnotes":""},"categories":[1179],"tags":[],"source":[4511],"supertag":[],"acf":[],"yoast_head":"<!-- This site is optimized with the Yoast SEO plugin v21.3 - https:\/\/yoast.com\/wordpress\/plugins\/seo\/ -->\n<title>Delavcem Teta jutri odpovedi - Hudo Slovenija<\/title>\n<meta name=\"robots\" content=\"index, follow, max-snippet:-1, max-image-preview:large, max-video-preview:-1\" \/>\n<link rel=\"canonical\" href=\"https:\/\/hudo.com\/si\/aktualno\/delavcem-teta-jutri-odpovedi\/\" \/>\n<meta property=\"og:locale\" content=\"sl_SI\" \/>\n<meta property=\"og:type\" content=\"article\" \/>\n<meta property=\"og:title\" content=\"Delavcem Teta jutri odpovedi - Hudo Slovenija\" \/>\n<meta property=\"og:description\" content=\"Kategorija: Podjetja Thu, 30 Jun 2016 13:14:00 +0200 Trbovlje \u2212 Delavcem Termoelektrarne Trbovlje (Tet) bo v petek likvidacijski upravitelj Luka Podjed vro\u010dil odpovedi delovnega razmerja, saj 31. julija pote\u010de pogodba z Elesom o zagotavljanju terciarne rezerve. Po besedah izvr\u0161nega direktorja razvoja v HSE Djordja \u017debeljana pa to ne pomeni, da noben od 46 delavcev ne bo ostal zaposlen v Tetu. Po \u017debeljanovih besedah se bo \u0161tevilo zaposlenih, ki bodo ostali v Tetu, uskladilo s potrebnimi aktivnostmi, ki jih zahteva okoljevarstveno dovoljenje za Tet. Predsednik Sindikata delavcev dejavnosti energetike Slovenije Branko Sev\u010dnikar je po dana\u0161njem zboru delavcev vladi in lokalni politiki medtem o\u010dital, da so pozabili, da je Tet sploh kdaj obratoval. Napovedal je tudi aktivnosti za zaposlitev odpu\u0161\u010denih delavcev Teta. Predsednik podjetni\u0161kega sindikata Ivan Urbajs je povedal, da je odpovedni rok mesec dni, na dana\u0161njem zboru pa so po njegovih besedah\u00a0...\" \/>\n<meta property=\"og:url\" content=\"https:\/\/hudo.com\/si\/aktualno\/delavcem-teta-jutri-odpovedi\/\" \/>\n<meta property=\"og:site_name\" content=\"Hudo Slovenija\" \/>\n<meta property=\"article:publisher\" content=\"https:\/\/www.facebook.com\/hudo.si\" \/>\n<meta property=\"article:published_time\" content=\"2016-06-30T09:14:00+00:00\" \/>\n<meta property=\"og:image\" content=\"https:\/\/hudo.com\/si\/wp-content\/uploads\/sites\/2\/2016\/06\/480x290_djvu_2164954_pavlinb_jsu-Trbovlje.jpeg\" \/>\n\t<meta property=\"og:image:width\" content=\"480\" \/>\n\t<meta property=\"og:image:height\" content=\"290\" \/>\n\t<meta property=\"og:image:type\" content=\"image\/jpeg\" \/>\n<meta name=\"author\" content=\"hudo\" \/>\n<meta name=\"twitter:card\" content=\"summary_large_image\" \/>\n<meta name=\"twitter:creator\" content=\"@hudo_si\" \/>\n<meta name=\"twitter:site\" content=\"@hudo_si\" \/>\n<meta name=\"twitter:label1\" content=\"Written by\" \/>\n\t<meta name=\"twitter:data1\" content=\"hudo\" \/>\n\t<meta name=\"twitter:label2\" content=\"Est. reading time\" \/>\n\t<meta name=\"twitter:data2\" content=\"1 minuta\" \/>\n<script type=\"application\/ld+json\" class=\"yoast-schema-graph\">{\"@context\":\"https:\/\/schema.org\",\"@graph\":[{\"@type\":\"Article\",\"@id\":\"https:\/\/hudo.com\/si\/aktualno\/delavcem-teta-jutri-odpovedi\/#article\",\"isPartOf\":{\"@id\":\"https:\/\/hudo.com\/si\/aktualno\/delavcem-teta-jutri-odpovedi\/\"},\"author\":{\"name\":\"hudo\",\"@id\":\"https:\/\/hudo.com\/si\/#\/schema\/person\/601cf3379633985b20f7e50f2bb47707\"},\"headline\":\"Delavcem Teta jutri odpovedi\",\"datePublished\":\"2016-06-30T09:14:00+00:00\",\"dateModified\":\"2016-06-30T09:14:00+00:00\",\"mainEntityOfPage\":{\"@id\":\"https:\/\/hudo.com\/si\/aktualno\/delavcem-teta-jutri-odpovedi\/\"},\"wordCount\":147,\"publisher\":{\"@id\":\"https:\/\/hudo.com\/si\/#organization\"},\"articleSection\":[\"Aktualno\"],\"inLanguage\":\"sl-SI\"},{\"@type\":\"WebPage\",\"@id\":\"https:\/\/hudo.com\/si\/aktualno\/delavcem-teta-jutri-odpovedi\/\",\"url\":\"https:\/\/hudo.com\/si\/aktualno\/delavcem-teta-jutri-odpovedi\/\",\"name\":\"Delavcem Teta jutri odpovedi - Hudo Slovenija\",\"isPartOf\":{\"@id\":\"https:\/\/hudo.com\/si\/#website\"},\"datePublished\":\"2016-06-30T09:14:00+00:00\",\"dateModified\":\"2016-06-30T09:14:00+00:00\",\"breadcrumb\":{\"@id\":\"https:\/\/hudo.com\/si\/aktualno\/delavcem-teta-jutri-odpovedi\/#breadcrumb\"},\"inLanguage\":\"sl-SI\",\"potentialAction\":[{\"@type\":\"ReadAction\",\"target\":[\"https:\/\/hudo.com\/si\/aktualno\/delavcem-teta-jutri-odpovedi\/\"]}]},{\"@type\":\"BreadcrumbList\",\"@id\":\"https:\/\/hudo.com\/si\/aktualno\/delavcem-teta-jutri-odpovedi\/#breadcrumb\",\"itemListElement\":[{\"@type\":\"ListItem\",\"position\":1,\"name\":\"Home\",\"item\":\"https:\/\/hudo.com\/si\/\"},{\"@type\":\"ListItem\",\"position\":2,\"name\":\"Delavcem Teta jutri odpovedi\"}]},{\"@type\":\"WebSite\",\"@id\":\"https:\/\/hudo.com\/si\/#website\",\"url\":\"https:\/\/hudo.com\/si\/\",\"name\":\"Hudo Slovenija\",\"description\":\"Vse novice iz Slovenije in sveta\",\"publisher\":{\"@id\":\"https:\/\/hudo.com\/si\/#organization\"},\"potentialAction\":[{\"@type\":\"SearchAction\",\"target\":{\"@type\":\"EntryPoint\",\"urlTemplate\":\"https:\/\/hudo.com\/si\/?s={search_term_string}\"},\"query-input\":\"required name=search_term_string\"}],\"inLanguage\":\"sl-SI\"},{\"@type\":\"Organization\",\"@id\":\"https:\/\/hudo.com\/si\/#organization\",\"name\":\"VSN Media\",\"url\":\"https:\/\/hudo.com\/si\/\",\"logo\":{\"@type\":\"ImageObject\",\"inLanguage\":\"sl-SI\",\"@id\":\"https:\/\/hudo.com\/si\/#\/schema\/logo\/image\/\",\"url\":\"https:\/\/hudo.com\/si\/wp-content\/uploads\/sites\/2\/2021\/03\/hudo-app-2.png\",\"contentUrl\":\"https:\/\/hudo.com\/si\/wp-content\/uploads\/sites\/2\/2021\/03\/hudo-app-2.png\",\"width\":2185,\"height\":2167,\"caption\":\"VSN Media\"},\"image\":{\"@id\":\"https:\/\/hudo.com\/si\/#\/schema\/logo\/image\/\"},\"sameAs\":[\"https:\/\/www.facebook.com\/hudo.si\",\"https:\/\/twitter.com\/hudo_si\"]},{\"@type\":\"Person\",\"@id\":\"https:\/\/hudo.com\/si\/#\/schema\/person\/601cf3379633985b20f7e50f2bb47707\",\"name\":\"hudo\",\"image\":{\"@type\":\"ImageObject\",\"inLanguage\":\"sl-SI\",\"@id\":\"https:\/\/hudo.com\/si\/#\/schema\/person\/image\/\",\"url\":\"https:\/\/secure.gravatar.com\/avatar\/c4ca25fa72cace7a696b52ff5db9e095?s=96&d=mm&r=g\",\"contentUrl\":\"https:\/\/secure.gravatar.com\/avatar\/c4ca25fa72cace7a696b52ff5db9e095?s=96&d=mm&r=g\",\"caption\":\"hudo\"},\"url\":\"https:\/\/hudo.com\/si\/author\/hudo\/\"}]}<\/script>\n<!-- \/ Yoast SEO plugin. -->","yoast_head_json":{"title":"Delavcem Teta jutri odpovedi - Hudo Slovenija","robots":{"index":"index","follow":"follow","max-snippet":"max-snippet:-1","max-image-preview":"max-image-preview:large","max-video-preview":"max-video-preview:-1"},"canonical":"https:\/\/hudo.com\/si\/aktualno\/delavcem-teta-jutri-odpovedi\/","og_locale":"sl_SI","og_type":"article","og_title":"Delavcem Teta jutri odpovedi - Hudo Slovenija","og_description":"Kategorija: Podjetja Thu, 30 Jun 2016 13:14:00 +0200 Trbovlje \u2212 Delavcem Termoelektrarne Trbovlje (Tet) bo v petek likvidacijski upravitelj Luka Podjed vro\u010dil odpovedi delovnega razmerja, saj 31. julija pote\u010de pogodba z Elesom o zagotavljanju terciarne rezerve. Po besedah izvr\u0161nega direktorja razvoja v HSE Djordja \u017debeljana pa to ne pomeni, da noben od 46 delavcev ne bo ostal zaposlen v Tetu. Po \u017debeljanovih besedah se bo \u0161tevilo zaposlenih, ki bodo ostali v Tetu, uskladilo s potrebnimi aktivnostmi, ki jih zahteva okoljevarstveno dovoljenje za Tet. Predsednik Sindikata delavcev dejavnosti energetike Slovenije Branko Sev\u010dnikar je po dana\u0161njem zboru delavcev vladi in lokalni politiki medtem o\u010dital, da so pozabili, da je Tet sploh kdaj obratoval. Napovedal je tudi aktivnosti za zaposlitev odpu\u0161\u010denih delavcev Teta. Predsednik podjetni\u0161kega sindikata Ivan Urbajs je povedal, da je odpovedni rok mesec dni, na dana\u0161njem zboru pa so po njegovih besedah\u00a0...","og_url":"https:\/\/hudo.com\/si\/aktualno\/delavcem-teta-jutri-odpovedi\/","og_site_name":"Hudo Slovenija","article_publisher":"https:\/\/www.facebook.com\/hudo.si","article_published_time":"2016-06-30T09:14:00+00:00","og_image":[{"width":480,"height":290,"url":"https:\/\/hudo.com\/si\/wp-content\/uploads\/sites\/2\/2016\/06\/480x290_djvu_2164954_pavlinb_jsu-Trbovlje.jpeg","type":"image\/jpeg"}],"author":"hudo","twitter_card":"summary_large_image","twitter_creator":"@hudo_si","twitter_site":"@hudo_si","twitter_misc":{"Written by":"hudo","Est. reading time":"1 minuta"},"schema":{"@context":"https:\/\/schema.org","@graph":[{"@type":"Article","@id":"https:\/\/hudo.com\/si\/aktualno\/delavcem-teta-jutri-odpovedi\/#article","isPartOf":{"@id":"https:\/\/hudo.com\/si\/aktualno\/delavcem-teta-jutri-odpovedi\/"},"author":{"name":"hudo","@id":"https:\/\/hudo.com\/si\/#\/schema\/person\/601cf3379633985b20f7e50f2bb47707"},"headline":"Delavcem Teta jutri odpovedi","datePublished":"2016-06-30T09:14:00+00:00","dateModified":"2016-06-30T09:14:00+00:00","mainEntityOfPage":{"@id":"https:\/\/hudo.com\/si\/aktualno\/delavcem-teta-jutri-odpovedi\/"},"wordCount":147,"publisher":{"@id":"https:\/\/hudo.com\/si\/#organization"},"articleSection":["Aktualno"],"inLanguage":"sl-SI"},{"@type":"WebPage","@id":"https:\/\/hudo.com\/si\/aktualno\/delavcem-teta-jutri-odpovedi\/","url":"https:\/\/hudo.com\/si\/aktualno\/delavcem-teta-jutri-odpovedi\/","name":"Delavcem Teta jutri odpovedi - Hudo Slovenija","isPartOf":{"@id":"https:\/\/hudo.com\/si\/#website"},"datePublished":"2016-06-30T09:14:00+00:00","dateModified":"2016-06-30T09:14:00+00:00","breadcrumb":{"@id":"https:\/\/hudo.com\/si\/aktualno\/delavcem-teta-jutri-odpovedi\/#breadcrumb"},"inLanguage":"sl-SI","potentialAction":[{"@type":"ReadAction","target":["https:\/\/hudo.com\/si\/aktualno\/delavcem-teta-jutri-odpovedi\/"]}]},{"@type":"BreadcrumbList","@id":"https:\/\/hudo.com\/si\/aktualno\/delavcem-teta-jutri-odpovedi\/#breadcrumb","itemListElement":[{"@type":"ListItem","position":1,"name":"Home","item":"https:\/\/hudo.com\/si\/"},{"@type":"ListItem","position":2,"name":"Delavcem Teta jutri odpovedi"}]},{"@type":"WebSite","@id":"https:\/\/hudo.com\/si\/#website","url":"https:\/\/hudo.com\/si\/","name":"Hudo Slovenija","description":"Vse novice iz Slovenije in sveta","publisher":{"@id":"https:\/\/hudo.com\/si\/#organization"},"potentialAction":[{"@type":"SearchAction","target":{"@type":"EntryPoint","urlTemplate":"https:\/\/hudo.com\/si\/?s={search_term_string}"},"query-input":"required name=search_term_string"}],"inLanguage":"sl-SI"},{"@type":"Organization","@id":"https:\/\/hudo.com\/si\/#organization","name":"VSN Media","url":"https:\/\/hudo.com\/si\/","logo":{"@type":"ImageObject","inLanguage":"sl-SI","@id":"https:\/\/hudo.com\/si\/#\/schema\/logo\/image\/","url":"https:\/\/hudo.com\/si\/wp-content\/uploads\/sites\/2\/2021\/03\/hudo-app-2.png","contentUrl":"https:\/\/hudo.com\/si\/wp-content\/uploads\/sites\/2\/2021\/03\/hudo-app-2.png","width":2185,"height":2167,"caption":"VSN Media"},"image":{"@id":"https:\/\/hudo.com\/si\/#\/schema\/logo\/image\/"},"sameAs":["https:\/\/www.facebook.com\/hudo.si","https:\/\/twitter.com\/hudo_si"]},{"@type":"Person","@id":"https:\/\/hudo.com\/si\/#\/schema\/person\/601cf3379633985b20f7e50f2bb47707","name":"hudo","image":{"@type":"ImageObject","inLanguage":"sl-SI","@id":"https:\/\/hudo.com\/si\/#\/schema\/person\/image\/","url":"https:\/\/secure.gravatar.com\/avatar\/c4ca25fa72cace7a696b52ff5db9e095?s=96&d=mm&r=g","contentUrl":"https:\/\/secure.gravatar.com\/avatar\/c4ca25fa72cace7a696b52ff5db9e095?s=96&d=mm&r=g","caption":"hudo"},"url":"https:\/\/hudo.com\/si\/author\/hudo\/"}]}},"amp_enabled":true,"_links":{"self":[{"href":"https:\/\/hudo.com\/si\/wp-json\/wp\/v2\/posts\/85713"}],"collection":[{"href":"https:\/\/hudo.com\/si\/wp-json\/wp\/v2\/posts"}],"about":[{"href":"https:\/\/hudo.com\/si\/wp-json\/wp\/v2\/types\/post"}],"author":[{"embeddable":true,"href":"https:\/\/hudo.com\/si\/wp-json\/wp\/v2\/users\/1"}],"replies":[{"embeddable":true,"href":"https:\/\/hudo.com\/si\/wp-json\/wp\/v2\/comments?post=85713"}],"version-history":[{"count":0,"href":"https:\/\/hudo.com\/si\/wp-json\/wp\/v2\/posts\/85713\/revisions"}],"wp:attachment":[{"href":"https:\/\/hudo.com\/si\/wp-json\/wp\/v2\/media?parent=85713"}],"wp:term":[{"taxonomy":"category","embeddable":true,"href":"https:\/\/hudo.com\/si\/wp-json\/wp\/v2\/categories?post=85713"},{"taxonomy":"post_tag","embeddable":true,"href":"https:\/\/hudo.com\/si\/wp-json\/wp\/v2\/tags?post=85713"},{"taxonomy":"source","embeddable":true,"href":"https:\/\/hudo.com\/si\/wp-json\/wp\/v2\/source?post=85713"},{"taxonomy":"supertag","embeddable":true,"href":"https:\/\/hudo.com\/si\/wp-json\/wp\/v2\/supertag?post=85713"}],"curies":[{"name":"wp","href":"https:\/\/api.w.org\/{rel}","templated":true}]}}