{"id":85715,"date":"2016-06-30T11:11:26","date_gmt":"2016-06-30T09:11:26","guid":{"rendered":"http:\/\/hudo.com\/si\/2016\/06\/30\/hrvati-na-meji-s-srbijo-postavljajo-ograjo\/"},"modified":"2016-07-03T14:56:59","modified_gmt":"2016-07-03T12:56:59","slug":"hrvati-na-meji-s-srbijo-postavljajo-ograjo","status":"publish","type":"post","link":"https:\/\/hudo.com\/si\/aktualno\/hrvati-na-meji-s-srbijo-postavljajo-ograjo\/","title":{"rendered":"Hrvati na meji s Srbijo postavljajo ograjo"},"content":{"rendered":"<p>Hrva\u0161ka je za\u010dela na meji s Srbijo postavljati ograjo, s katero \u017eelijo prepre\u010diti morebitne nezakonite prehode meje. Postavljajo jo ob mejnem prehodu Batina, je sporo\u010dilo hrva\u0161ko notranje ministrstvo. Gre za prehod, prek katerega so sino\u010di po 20. uri ustavili ves promet. Vzrok za ustavitev naj bi bile sistemske te\u017eave.<\/p>\n","protected":false},"excerpt":{"rendered":"<p>Hrva\u0161ka je za\u010dela na meji s Srbijo postavljati ograjo, s katero \u017eelijo prepre\u010diti morebitne nezakonite prehode meje. Postavljajo jo ob mejnem prehodu Batina, je sporo\u010dilo hrva\u0161ko notranje ministrstvo. Gre za prehod, prek katerega so sino\u010di po 20. uri ustavili ves promet. Vzrok za ustavitev naj bi bile sistemske te\u017eave.<\/p>\n","protected":false},"author":1,"featured_media":0,"comment_status":"closed","ping_status":"closed","sticky":false,"template":"","format":"standard","meta":{"footnotes":""},"categories":[1179],"tags":[],"source":[1706],"supertag":[],"acf":[],"yoast_head":"<!-- This site is optimized with the Yoast SEO plugin v21.3 - https:\/\/yoast.com\/wordpress\/plugins\/seo\/ -->\n<title>Hrvati na meji s Srbijo postavljajo ograjo - Hudo Slovenija<\/title>\n<meta name=\"robots\" content=\"index, follow, max-snippet:-1, max-image-preview:large, max-video-preview:-1\" \/>\n<link rel=\"canonical\" href=\"https:\/\/hudo.com\/si\/aktualno\/hrvati-na-meji-s-srbijo-postavljajo-ograjo\/\" \/>\n<meta property=\"og:locale\" content=\"sl_SI\" \/>\n<meta property=\"og:type\" content=\"article\" \/>\n<meta property=\"og:title\" content=\"Hrvati na meji s Srbijo postavljajo ograjo - Hudo Slovenija\" \/>\n<meta property=\"og:description\" content=\"Hrva\u0161ka je za\u010dela na meji s Srbijo postavljati ograjo, s katero \u017eelijo prepre\u010diti morebitne nezakonite prehode meje. Postavljajo jo ob mejnem prehodu Batina, je sporo\u010dilo hrva\u0161ko notranje ministrstvo. Gre za prehod, prek katerega so sino\u010di po 20. uri ustavili ves promet. Vzrok za ustavitev naj bi bile sistemske te\u017eave.\" \/>\n<meta property=\"og:url\" content=\"https:\/\/hudo.com\/si\/aktualno\/hrvati-na-meji-s-srbijo-postavljajo-ograjo\/\" \/>\n<meta property=\"og:site_name\" content=\"Hudo Slovenija\" \/>\n<meta property=\"article:publisher\" content=\"https:\/\/www.facebook.com\/hudo.si\" \/>\n<meta property=\"article:published_time\" content=\"2016-06-30T09:11:26+00:00\" \/>\n<meta property=\"article:modified_time\" content=\"2016-07-03T12:56:59+00:00\" \/>\n<meta property=\"og:image\" content=\"https:\/\/hudo.com\/si\/wp-content\/uploads\/sites\/2\/2016\/06\/001545f6uC2.jpg\" \/>\n\t<meta property=\"og:image:width\" content=\"504\" \/>\n\t<meta property=\"og:image:height\" content=\"284\" \/>\n\t<meta property=\"og:image:type\" content=\"image\/jpeg\" \/>\n<meta name=\"author\" content=\"hudo\" \/>\n<meta name=\"twitter:card\" content=\"summary_large_image\" \/>\n<meta name=\"twitter:creator\" content=\"@hudo_si\" \/>\n<meta name=\"twitter:site\" content=\"@hudo_si\" \/>\n<meta name=\"twitter:label1\" content=\"Written by\" \/>\n\t<meta name=\"twitter:data1\" content=\"hudo\" \/>\n<script type=\"application\/ld+json\" class=\"yoast-schema-graph\">{\"@context\":\"https:\/\/schema.org\",\"@graph\":[{\"@type\":\"Article\",\"@id\":\"https:\/\/hudo.com\/si\/aktualno\/hrvati-na-meji-s-srbijo-postavljajo-ograjo\/#article\",\"isPartOf\":{\"@id\":\"https:\/\/hudo.com\/si\/aktualno\/hrvati-na-meji-s-srbijo-postavljajo-ograjo\/\"},\"author\":{\"name\":\"hudo\",\"@id\":\"https:\/\/hudo.com\/si\/#\/schema\/person\/601cf3379633985b20f7e50f2bb47707\"},\"headline\":\"Hrvati na meji s Srbijo postavljajo ograjo\",\"datePublished\":\"2016-06-30T09:11:26+00:00\",\"dateModified\":\"2016-07-03T12:56:59+00:00\",\"mainEntityOfPage\":{\"@id\":\"https:\/\/hudo.com\/si\/aktualno\/hrvati-na-meji-s-srbijo-postavljajo-ograjo\/\"},\"wordCount\":62,\"publisher\":{\"@id\":\"https:\/\/hudo.com\/si\/#organization\"},\"articleSection\":[\"Aktualno\"],\"inLanguage\":\"sl-SI\"},{\"@type\":\"WebPage\",\"@id\":\"https:\/\/hudo.com\/si\/aktualno\/hrvati-na-meji-s-srbijo-postavljajo-ograjo\/\",\"url\":\"https:\/\/hudo.com\/si\/aktualno\/hrvati-na-meji-s-srbijo-postavljajo-ograjo\/\",\"name\":\"Hrvati na meji s Srbijo postavljajo ograjo - Hudo Slovenija\",\"isPartOf\":{\"@id\":\"https:\/\/hudo.com\/si\/#website\"},\"datePublished\":\"2016-06-30T09:11:26+00:00\",\"dateModified\":\"2016-07-03T12:56:59+00:00\",\"breadcrumb\":{\"@id\":\"https:\/\/hudo.com\/si\/aktualno\/hrvati-na-meji-s-srbijo-postavljajo-ograjo\/#breadcrumb\"},\"inLanguage\":\"sl-SI\",\"potentialAction\":[{\"@type\":\"ReadAction\",\"target\":[\"https:\/\/hudo.com\/si\/aktualno\/hrvati-na-meji-s-srbijo-postavljajo-ograjo\/\"]}]},{\"@type\":\"BreadcrumbList\",\"@id\":\"https:\/\/hudo.com\/si\/aktualno\/hrvati-na-meji-s-srbijo-postavljajo-ograjo\/#breadcrumb\",\"itemListElement\":[{\"@type\":\"ListItem\",\"position\":1,\"name\":\"Home\",\"item\":\"https:\/\/hudo.com\/si\/\"},{\"@type\":\"ListItem\",\"position\":2,\"name\":\"Hrvati na meji s Srbijo postavljajo ograjo\"}]},{\"@type\":\"WebSite\",\"@id\":\"https:\/\/hudo.com\/si\/#website\",\"url\":\"https:\/\/hudo.com\/si\/\",\"name\":\"Hudo Slovenija\",\"description\":\"Vse novice iz Slovenije in sveta\",\"publisher\":{\"@id\":\"https:\/\/hudo.com\/si\/#organization\"},\"potentialAction\":[{\"@type\":\"SearchAction\",\"target\":{\"@type\":\"EntryPoint\",\"urlTemplate\":\"https:\/\/hudo.com\/si\/?s={search_term_string}\"},\"query-input\":\"required name=search_term_string\"}],\"inLanguage\":\"sl-SI\"},{\"@type\":\"Organization\",\"@id\":\"https:\/\/hudo.com\/si\/#organization\",\"name\":\"VSN Media\",\"url\":\"https:\/\/hudo.com\/si\/\",\"logo\":{\"@type\":\"ImageObject\",\"inLanguage\":\"sl-SI\",\"@id\":\"https:\/\/hudo.com\/si\/#\/schema\/logo\/image\/\",\"url\":\"https:\/\/hudo.com\/si\/wp-content\/uploads\/sites\/2\/2021\/03\/hudo-app-2.png\",\"contentUrl\":\"https:\/\/hudo.com\/si\/wp-content\/uploads\/sites\/2\/2021\/03\/hudo-app-2.png\",\"width\":2185,\"height\":2167,\"caption\":\"VSN Media\"},\"image\":{\"@id\":\"https:\/\/hudo.com\/si\/#\/schema\/logo\/image\/\"},\"sameAs\":[\"https:\/\/www.facebook.com\/hudo.si\",\"https:\/\/twitter.com\/hudo_si\"]},{\"@type\":\"Person\",\"@id\":\"https:\/\/hudo.com\/si\/#\/schema\/person\/601cf3379633985b20f7e50f2bb47707\",\"name\":\"hudo\",\"image\":{\"@type\":\"ImageObject\",\"inLanguage\":\"sl-SI\",\"@id\":\"https:\/\/hudo.com\/si\/#\/schema\/person\/image\/\",\"url\":\"https:\/\/secure.gravatar.com\/avatar\/c4ca25fa72cace7a696b52ff5db9e095?s=96&d=mm&r=g\",\"contentUrl\":\"https:\/\/secure.gravatar.com\/avatar\/c4ca25fa72cace7a696b52ff5db9e095?s=96&d=mm&r=g\",\"caption\":\"hudo\"},\"url\":\"https:\/\/hudo.com\/si\/author\/hudo\/\"}]}<\/script>\n<!-- \/ Yoast SEO plugin. -->","yoast_head_json":{"title":"Hrvati na meji s Srbijo postavljajo ograjo - Hudo Slovenija","robots":{"index":"index","follow":"follow","max-snippet":"max-snippet:-1","max-image-preview":"max-image-preview:large","max-video-preview":"max-video-preview:-1"},"canonical":"https:\/\/hudo.com\/si\/aktualno\/hrvati-na-meji-s-srbijo-postavljajo-ograjo\/","og_locale":"sl_SI","og_type":"article","og_title":"Hrvati na meji s Srbijo postavljajo ograjo - Hudo Slovenija","og_description":"Hrva\u0161ka je za\u010dela na meji s Srbijo postavljati ograjo, s katero \u017eelijo prepre\u010diti morebitne nezakonite prehode meje. Postavljajo jo ob mejnem prehodu Batina, je sporo\u010dilo hrva\u0161ko notranje ministrstvo. Gre za prehod, prek katerega so sino\u010di po 20. uri ustavili ves promet. Vzrok za ustavitev naj bi bile sistemske te\u017eave.","og_url":"https:\/\/hudo.com\/si\/aktualno\/hrvati-na-meji-s-srbijo-postavljajo-ograjo\/","og_site_name":"Hudo Slovenija","article_publisher":"https:\/\/www.facebook.com\/hudo.si","article_published_time":"2016-06-30T09:11:26+00:00","article_modified_time":"2016-07-03T12:56:59+00:00","og_image":[{"width":504,"height":284,"url":"https:\/\/hudo.com\/si\/wp-content\/uploads\/sites\/2\/2016\/06\/001545f6uC2.jpg","type":"image\/jpeg"}],"author":"hudo","twitter_card":"summary_large_image","twitter_creator":"@hudo_si","twitter_site":"@hudo_si","twitter_misc":{"Written by":"hudo"},"schema":{"@context":"https:\/\/schema.org","@graph":[{"@type":"Article","@id":"https:\/\/hudo.com\/si\/aktualno\/hrvati-na-meji-s-srbijo-postavljajo-ograjo\/#article","isPartOf":{"@id":"https:\/\/hudo.com\/si\/aktualno\/hrvati-na-meji-s-srbijo-postavljajo-ograjo\/"},"author":{"name":"hudo","@id":"https:\/\/hudo.com\/si\/#\/schema\/person\/601cf3379633985b20f7e50f2bb47707"},"headline":"Hrvati na meji s Srbijo postavljajo ograjo","datePublished":"2016-06-30T09:11:26+00:00","dateModified":"2016-07-03T12:56:59+00:00","mainEntityOfPage":{"@id":"https:\/\/hudo.com\/si\/aktualno\/hrvati-na-meji-s-srbijo-postavljajo-ograjo\/"},"wordCount":62,"publisher":{"@id":"https:\/\/hudo.com\/si\/#organization"},"articleSection":["Aktualno"],"inLanguage":"sl-SI"},{"@type":"WebPage","@id":"https:\/\/hudo.com\/si\/aktualno\/hrvati-na-meji-s-srbijo-postavljajo-ograjo\/","url":"https:\/\/hudo.com\/si\/aktualno\/hrvati-na-meji-s-srbijo-postavljajo-ograjo\/","name":"Hrvati na meji s Srbijo postavljajo ograjo - Hudo Slovenija","isPartOf":{"@id":"https:\/\/hudo.com\/si\/#website"},"datePublished":"2016-06-30T09:11:26+00:00","dateModified":"2016-07-03T12:56:59+00:00","breadcrumb":{"@id":"https:\/\/hudo.com\/si\/aktualno\/hrvati-na-meji-s-srbijo-postavljajo-ograjo\/#breadcrumb"},"inLanguage":"sl-SI","potentialAction":[{"@type":"ReadAction","target":["https:\/\/hudo.com\/si\/aktualno\/hrvati-na-meji-s-srbijo-postavljajo-ograjo\/"]}]},{"@type":"BreadcrumbList","@id":"https:\/\/hudo.com\/si\/aktualno\/hrvati-na-meji-s-srbijo-postavljajo-ograjo\/#breadcrumb","itemListElement":[{"@type":"ListItem","position":1,"name":"Home","item":"https:\/\/hudo.com\/si\/"},{"@type":"ListItem","position":2,"name":"Hrvati na meji s Srbijo postavljajo ograjo"}]},{"@type":"WebSite","@id":"https:\/\/hudo.com\/si\/#website","url":"https:\/\/hudo.com\/si\/","name":"Hudo Slovenija","description":"Vse novice iz Slovenije in sveta","publisher":{"@id":"https:\/\/hudo.com\/si\/#organization"},"potentialAction":[{"@type":"SearchAction","target":{"@type":"EntryPoint","urlTemplate":"https:\/\/hudo.com\/si\/?s={search_term_string}"},"query-input":"required name=search_term_string"}],"inLanguage":"sl-SI"},{"@type":"Organization","@id":"https:\/\/hudo.com\/si\/#organization","name":"VSN Media","url":"https:\/\/hudo.com\/si\/","logo":{"@type":"ImageObject","inLanguage":"sl-SI","@id":"https:\/\/hudo.com\/si\/#\/schema\/logo\/image\/","url":"https:\/\/hudo.com\/si\/wp-content\/uploads\/sites\/2\/2021\/03\/hudo-app-2.png","contentUrl":"https:\/\/hudo.com\/si\/wp-content\/uploads\/sites\/2\/2021\/03\/hudo-app-2.png","width":2185,"height":2167,"caption":"VSN Media"},"image":{"@id":"https:\/\/hudo.com\/si\/#\/schema\/logo\/image\/"},"sameAs":["https:\/\/www.facebook.com\/hudo.si","https:\/\/twitter.com\/hudo_si"]},{"@type":"Person","@id":"https:\/\/hudo.com\/si\/#\/schema\/person\/601cf3379633985b20f7e50f2bb47707","name":"hudo","image":{"@type":"ImageObject","inLanguage":"sl-SI","@id":"https:\/\/hudo.com\/si\/#\/schema\/person\/image\/","url":"https:\/\/secure.gravatar.com\/avatar\/c4ca25fa72cace7a696b52ff5db9e095?s=96&d=mm&r=g","contentUrl":"https:\/\/secure.gravatar.com\/avatar\/c4ca25fa72cace7a696b52ff5db9e095?s=96&d=mm&r=g","caption":"hudo"},"url":"https:\/\/hudo.com\/si\/author\/hudo\/"}]}},"amp_enabled":true,"_links":{"self":[{"href":"https:\/\/hudo.com\/si\/wp-json\/wp\/v2\/posts\/85715"}],"collection":[{"href":"https:\/\/hudo.com\/si\/wp-json\/wp\/v2\/posts"}],"about":[{"href":"https:\/\/hudo.com\/si\/wp-json\/wp\/v2\/types\/post"}],"author":[{"embeddable":true,"href":"https:\/\/hudo.com\/si\/wp-json\/wp\/v2\/users\/1"}],"replies":[{"embeddable":true,"href":"https:\/\/hudo.com\/si\/wp-json\/wp\/v2\/comments?post=85715"}],"version-history":[{"count":1,"href":"https:\/\/hudo.com\/si\/wp-json\/wp\/v2\/posts\/85715\/revisions"}],"predecessor-version":[{"id":85848,"href":"https:\/\/hudo.com\/si\/wp-json\/wp\/v2\/posts\/85715\/revisions\/85848"}],"wp:attachment":[{"href":"https:\/\/hudo.com\/si\/wp-json\/wp\/v2\/media?parent=85715"}],"wp:term":[{"taxonomy":"category","embeddable":true,"href":"https:\/\/hudo.com\/si\/wp-json\/wp\/v2\/categories?post=85715"},{"taxonomy":"post_tag","embeddable":true,"href":"https:\/\/hudo.com\/si\/wp-json\/wp\/v2\/tags?post=85715"},{"taxonomy":"source","embeddable":true,"href":"https:\/\/hudo.com\/si\/wp-json\/wp\/v2\/source?post=85715"},{"taxonomy":"supertag","embeddable":true,"href":"https:\/\/hudo.com\/si\/wp-json\/wp\/v2\/supertag?post=85715"}],"curies":[{"name":"wp","href":"https:\/\/api.w.org\/{rel}","templated":true}]}}