{"id":85813,"date":"2016-06-30T13:16:00","date_gmt":"2016-06-30T11:16:00","guid":{"rendered":"http:\/\/hudo.com\/si\/2016\/06\/30\/nekdanji-nizozemski-pripadniki-modrih-celad-tozijo-drzavo\/"},"modified":"2016-06-30T13:16:00","modified_gmt":"2016-06-30T11:16:00","slug":"nekdanji-nizozemski-pripadniki-modrih-celad-tozijo-drzavo","status":"publish","type":"post","link":"https:\/\/hudo.com\/si\/aktualno\/nekdanji-nizozemski-pripadniki-modrih-celad-tozijo-drzavo\/","title":{"rendered":"Nekdanji nizozemski pripadniki modrih \u010delad to\u017eijo dr\u017eavo"},"content":{"rendered":"<p>Kategorija: Evropa Thu, 30 Jun 2016 15:16:00 +0200  Rim \u2013 Nekdanji pripadniki mirovnih sil ZN z Nizozemske so ve\u010d kot 20 let po genocidu v Srebrenici vlo\u017eili to\u017ebo proti svoji dr\u017eavi, v kateri terjajo od\u0161kodnino. Kot so za nizozemsko televizijo danes povedali odvetniki dvanajstih veteranov, so bili poslani na misijo nemogo\u010de, poro\u010da Slovenska tiskovna agencija. Dvanajsterica je bila poleti 1995 del nizozemske enote modrih \u010delad, imenovane Dutchbat, ki bi morala bo\u0161nja\u0161ko enklavo Srebrenico \u0161\u010dititi pred napredujo\u010dimi enotami bosanskih Srbov. Te so julija 1995 vkorakale v Srebrenico in kasneje pobile ve\u010d kot 8000 bo\u0161nja\u0161kih mo\u0161kih in de\u010dkov. Nizozemska enota jim je Srebrenico predala brez boja. Veterani sedaj svoji dr\u017eavi o\u010ditajo \u0161tevilne neizpolnjene obveznosti. \u00bbDutchbat so brez ustreznih priprav, brez zadostnih sredstev in zmo\u017enosti poslali na misijo, ki je ni bilo\u00a0&#8230;<\/p>\n","protected":false},"excerpt":{"rendered":"<p>Kategorija: Evropa Thu, 30 Jun 2016 15:16:00 +0200  Rim \u2013 Nekdanji pripadniki mirovnih sil ZN z Nizozemske so ve\u010d kot 20 let po genocidu v Srebrenici vlo\u017eili to\u017ebo proti svoji dr\u017eavi, v kateri terjajo od\u0161kodnino. Kot so za nizozemsko televizijo danes povedali odvetniki dvanajstih veteranov, so bili poslani na misijo nemogo\u010de, poro\u010da Slovenska tiskovna agencija. Dvanajsterica je bila poleti 1995 del nizozemske enote modrih \u010delad, imenovane Dutchbat, ki bi morala bo\u0161nja\u0161ko enklavo Srebrenico \u0161\u010dititi pred napredujo\u010dimi enotami bosanskih Srbov. Te so julija 1995 vkorakale v Srebrenico in kasneje pobile ve\u010d kot 8000 bo\u0161nja\u0161kih mo\u0161kih in de\u010dkov. Nizozemska enota jim je Srebrenico predala brez boja. Veterani sedaj svoji dr\u017eavi o\u010ditajo \u0161tevilne neizpolnjene obveznosti. \u00bbDutchbat so brez ustreznih priprav, brez zadostnih sredstev in zmo\u017enosti poslali na misijo, ki je ni bilo\u00a0&#8230;<\/p>\n","protected":false},"author":1,"featured_media":0,"comment_status":"closed","ping_status":"closed","sticky":false,"template":"","format":"standard","meta":{"footnotes":""},"categories":[1179],"tags":[],"source":[4511],"supertag":[],"acf":[],"yoast_head":"<!-- This site is optimized with the Yoast SEO plugin v21.3 - https:\/\/yoast.com\/wordpress\/plugins\/seo\/ -->\n<title>Nekdanji nizozemski pripadniki modrih \u010delad to\u017eijo dr\u017eavo - Hudo Slovenija<\/title>\n<meta name=\"robots\" content=\"index, follow, max-snippet:-1, max-image-preview:large, max-video-preview:-1\" \/>\n<link rel=\"canonical\" href=\"https:\/\/hudo.com\/si\/aktualno\/nekdanji-nizozemski-pripadniki-modrih-celad-tozijo-drzavo\/\" \/>\n<meta property=\"og:locale\" content=\"sl_SI\" \/>\n<meta property=\"og:type\" content=\"article\" \/>\n<meta property=\"og:title\" content=\"Nekdanji nizozemski pripadniki modrih \u010delad to\u017eijo dr\u017eavo - Hudo Slovenija\" \/>\n<meta property=\"og:description\" content=\"Kategorija: Evropa Thu, 30 Jun 2016 15:16:00 +0200 Rim \u2013 Nekdanji pripadniki mirovnih sil ZN z Nizozemske so ve\u010d kot 20 let po genocidu v Srebrenici vlo\u017eili to\u017ebo proti svoji dr\u017eavi, v kateri terjajo od\u0161kodnino. Kot so za nizozemsko televizijo danes povedali odvetniki dvanajstih veteranov, so bili poslani na misijo nemogo\u010de, poro\u010da Slovenska tiskovna agencija. Dvanajsterica je bila poleti 1995 del nizozemske enote modrih \u010delad, imenovane Dutchbat, ki bi morala bo\u0161nja\u0161ko enklavo Srebrenico \u0161\u010dititi pred napredujo\u010dimi enotami bosanskih Srbov. Te so julija 1995 vkorakale v Srebrenico in kasneje pobile ve\u010d kot 8000 bo\u0161nja\u0161kih mo\u0161kih in de\u010dkov. Nizozemska enota jim je Srebrenico predala brez boja. Veterani sedaj svoji dr\u017eavi o\u010ditajo \u0161tevilne neizpolnjene obveznosti. \u00bbDutchbat so brez ustreznih priprav, brez zadostnih sredstev in zmo\u017enosti poslali na misijo, ki je ni bilo\u00a0...\" \/>\n<meta property=\"og:url\" content=\"https:\/\/hudo.com\/si\/aktualno\/nekdanji-nizozemski-pripadniki-modrih-celad-tozijo-drzavo\/\" \/>\n<meta property=\"og:site_name\" content=\"Hudo Slovenija\" \/>\n<meta property=\"article:publisher\" content=\"https:\/\/www.facebook.com\/hudo.si\" \/>\n<meta property=\"article:published_time\" content=\"2016-06-30T11:16:00+00:00\" \/>\n<meta property=\"og:image\" content=\"https:\/\/hudo.com\/si\/wp-content\/uploads\/sites\/2\/2016\/06\/480x290_Delo_Foto-20150711215604-96227400.jpeg\" \/>\n\t<meta property=\"og:image:width\" content=\"480\" \/>\n\t<meta property=\"og:image:height\" content=\"290\" \/>\n\t<meta property=\"og:image:type\" content=\"image\/jpeg\" \/>\n<meta name=\"author\" content=\"hudo\" \/>\n<meta name=\"twitter:card\" content=\"summary_large_image\" \/>\n<meta name=\"twitter:creator\" content=\"@hudo_si\" \/>\n<meta name=\"twitter:site\" content=\"@hudo_si\" \/>\n<meta name=\"twitter:label1\" content=\"Written by\" \/>\n\t<meta name=\"twitter:data1\" content=\"hudo\" \/>\n\t<meta name=\"twitter:label2\" content=\"Est. reading time\" \/>\n\t<meta name=\"twitter:data2\" content=\"1 minuta\" \/>\n<script type=\"application\/ld+json\" class=\"yoast-schema-graph\">{\"@context\":\"https:\/\/schema.org\",\"@graph\":[{\"@type\":\"Article\",\"@id\":\"https:\/\/hudo.com\/si\/aktualno\/nekdanji-nizozemski-pripadniki-modrih-celad-tozijo-drzavo\/#article\",\"isPartOf\":{\"@id\":\"https:\/\/hudo.com\/si\/aktualno\/nekdanji-nizozemski-pripadniki-modrih-celad-tozijo-drzavo\/\"},\"author\":{\"name\":\"hudo\",\"@id\":\"https:\/\/hudo.com\/si\/#\/schema\/person\/601cf3379633985b20f7e50f2bb47707\"},\"headline\":\"Nekdanji nizozemski pripadniki modrih \u010delad to\u017eijo dr\u017eavo\",\"datePublished\":\"2016-06-30T11:16:00+00:00\",\"dateModified\":\"2016-06-30T11:16:00+00:00\",\"mainEntityOfPage\":{\"@id\":\"https:\/\/hudo.com\/si\/aktualno\/nekdanji-nizozemski-pripadniki-modrih-celad-tozijo-drzavo\/\"},\"wordCount\":145,\"publisher\":{\"@id\":\"https:\/\/hudo.com\/si\/#organization\"},\"articleSection\":[\"Aktualno\"],\"inLanguage\":\"sl-SI\"},{\"@type\":\"WebPage\",\"@id\":\"https:\/\/hudo.com\/si\/aktualno\/nekdanji-nizozemski-pripadniki-modrih-celad-tozijo-drzavo\/\",\"url\":\"https:\/\/hudo.com\/si\/aktualno\/nekdanji-nizozemski-pripadniki-modrih-celad-tozijo-drzavo\/\",\"name\":\"Nekdanji nizozemski pripadniki modrih \u010delad to\u017eijo dr\u017eavo - Hudo Slovenija\",\"isPartOf\":{\"@id\":\"https:\/\/hudo.com\/si\/#website\"},\"datePublished\":\"2016-06-30T11:16:00+00:00\",\"dateModified\":\"2016-06-30T11:16:00+00:00\",\"breadcrumb\":{\"@id\":\"https:\/\/hudo.com\/si\/aktualno\/nekdanji-nizozemski-pripadniki-modrih-celad-tozijo-drzavo\/#breadcrumb\"},\"inLanguage\":\"sl-SI\",\"potentialAction\":[{\"@type\":\"ReadAction\",\"target\":[\"https:\/\/hudo.com\/si\/aktualno\/nekdanji-nizozemski-pripadniki-modrih-celad-tozijo-drzavo\/\"]}]},{\"@type\":\"BreadcrumbList\",\"@id\":\"https:\/\/hudo.com\/si\/aktualno\/nekdanji-nizozemski-pripadniki-modrih-celad-tozijo-drzavo\/#breadcrumb\",\"itemListElement\":[{\"@type\":\"ListItem\",\"position\":1,\"name\":\"Home\",\"item\":\"https:\/\/hudo.com\/si\/\"},{\"@type\":\"ListItem\",\"position\":2,\"name\":\"Nekdanji nizozemski pripadniki modrih \u010delad to\u017eijo dr\u017eavo\"}]},{\"@type\":\"WebSite\",\"@id\":\"https:\/\/hudo.com\/si\/#website\",\"url\":\"https:\/\/hudo.com\/si\/\",\"name\":\"Hudo Slovenija\",\"description\":\"Vse novice iz Slovenije in sveta\",\"publisher\":{\"@id\":\"https:\/\/hudo.com\/si\/#organization\"},\"potentialAction\":[{\"@type\":\"SearchAction\",\"target\":{\"@type\":\"EntryPoint\",\"urlTemplate\":\"https:\/\/hudo.com\/si\/?s={search_term_string}\"},\"query-input\":\"required name=search_term_string\"}],\"inLanguage\":\"sl-SI\"},{\"@type\":\"Organization\",\"@id\":\"https:\/\/hudo.com\/si\/#organization\",\"name\":\"VSN Media\",\"url\":\"https:\/\/hudo.com\/si\/\",\"logo\":{\"@type\":\"ImageObject\",\"inLanguage\":\"sl-SI\",\"@id\":\"https:\/\/hudo.com\/si\/#\/schema\/logo\/image\/\",\"url\":\"https:\/\/hudo.com\/si\/wp-content\/uploads\/sites\/2\/2021\/03\/hudo-app-2.png\",\"contentUrl\":\"https:\/\/hudo.com\/si\/wp-content\/uploads\/sites\/2\/2021\/03\/hudo-app-2.png\",\"width\":2185,\"height\":2167,\"caption\":\"VSN Media\"},\"image\":{\"@id\":\"https:\/\/hudo.com\/si\/#\/schema\/logo\/image\/\"},\"sameAs\":[\"https:\/\/www.facebook.com\/hudo.si\",\"https:\/\/twitter.com\/hudo_si\"]},{\"@type\":\"Person\",\"@id\":\"https:\/\/hudo.com\/si\/#\/schema\/person\/601cf3379633985b20f7e50f2bb47707\",\"name\":\"hudo\",\"image\":{\"@type\":\"ImageObject\",\"inLanguage\":\"sl-SI\",\"@id\":\"https:\/\/hudo.com\/si\/#\/schema\/person\/image\/\",\"url\":\"https:\/\/secure.gravatar.com\/avatar\/c4ca25fa72cace7a696b52ff5db9e095?s=96&d=mm&r=g\",\"contentUrl\":\"https:\/\/secure.gravatar.com\/avatar\/c4ca25fa72cace7a696b52ff5db9e095?s=96&d=mm&r=g\",\"caption\":\"hudo\"},\"url\":\"https:\/\/hudo.com\/si\/author\/hudo\/\"}]}<\/script>\n<!-- \/ Yoast SEO plugin. -->","yoast_head_json":{"title":"Nekdanji nizozemski pripadniki modrih \u010delad to\u017eijo dr\u017eavo - Hudo Slovenija","robots":{"index":"index","follow":"follow","max-snippet":"max-snippet:-1","max-image-preview":"max-image-preview:large","max-video-preview":"max-video-preview:-1"},"canonical":"https:\/\/hudo.com\/si\/aktualno\/nekdanji-nizozemski-pripadniki-modrih-celad-tozijo-drzavo\/","og_locale":"sl_SI","og_type":"article","og_title":"Nekdanji nizozemski pripadniki modrih \u010delad to\u017eijo dr\u017eavo - Hudo Slovenija","og_description":"Kategorija: Evropa Thu, 30 Jun 2016 15:16:00 +0200 Rim \u2013 Nekdanji pripadniki mirovnih sil ZN z Nizozemske so ve\u010d kot 20 let po genocidu v Srebrenici vlo\u017eili to\u017ebo proti svoji dr\u017eavi, v kateri terjajo od\u0161kodnino. Kot so za nizozemsko televizijo danes povedali odvetniki dvanajstih veteranov, so bili poslani na misijo nemogo\u010de, poro\u010da Slovenska tiskovna agencija. Dvanajsterica je bila poleti 1995 del nizozemske enote modrih \u010delad, imenovane Dutchbat, ki bi morala bo\u0161nja\u0161ko enklavo Srebrenico \u0161\u010dititi pred napredujo\u010dimi enotami bosanskih Srbov. Te so julija 1995 vkorakale v Srebrenico in kasneje pobile ve\u010d kot 8000 bo\u0161nja\u0161kih mo\u0161kih in de\u010dkov. Nizozemska enota jim je Srebrenico predala brez boja. Veterani sedaj svoji dr\u017eavi o\u010ditajo \u0161tevilne neizpolnjene obveznosti. \u00bbDutchbat so brez ustreznih priprav, brez zadostnih sredstev in zmo\u017enosti poslali na misijo, ki je ni bilo\u00a0...","og_url":"https:\/\/hudo.com\/si\/aktualno\/nekdanji-nizozemski-pripadniki-modrih-celad-tozijo-drzavo\/","og_site_name":"Hudo Slovenija","article_publisher":"https:\/\/www.facebook.com\/hudo.si","article_published_time":"2016-06-30T11:16:00+00:00","og_image":[{"width":480,"height":290,"url":"https:\/\/hudo.com\/si\/wp-content\/uploads\/sites\/2\/2016\/06\/480x290_Delo_Foto-20150711215604-96227400.jpeg","type":"image\/jpeg"}],"author":"hudo","twitter_card":"summary_large_image","twitter_creator":"@hudo_si","twitter_site":"@hudo_si","twitter_misc":{"Written by":"hudo","Est. reading time":"1 minuta"},"schema":{"@context":"https:\/\/schema.org","@graph":[{"@type":"Article","@id":"https:\/\/hudo.com\/si\/aktualno\/nekdanji-nizozemski-pripadniki-modrih-celad-tozijo-drzavo\/#article","isPartOf":{"@id":"https:\/\/hudo.com\/si\/aktualno\/nekdanji-nizozemski-pripadniki-modrih-celad-tozijo-drzavo\/"},"author":{"name":"hudo","@id":"https:\/\/hudo.com\/si\/#\/schema\/person\/601cf3379633985b20f7e50f2bb47707"},"headline":"Nekdanji nizozemski pripadniki modrih \u010delad to\u017eijo dr\u017eavo","datePublished":"2016-06-30T11:16:00+00:00","dateModified":"2016-06-30T11:16:00+00:00","mainEntityOfPage":{"@id":"https:\/\/hudo.com\/si\/aktualno\/nekdanji-nizozemski-pripadniki-modrih-celad-tozijo-drzavo\/"},"wordCount":145,"publisher":{"@id":"https:\/\/hudo.com\/si\/#organization"},"articleSection":["Aktualno"],"inLanguage":"sl-SI"},{"@type":"WebPage","@id":"https:\/\/hudo.com\/si\/aktualno\/nekdanji-nizozemski-pripadniki-modrih-celad-tozijo-drzavo\/","url":"https:\/\/hudo.com\/si\/aktualno\/nekdanji-nizozemski-pripadniki-modrih-celad-tozijo-drzavo\/","name":"Nekdanji nizozemski pripadniki modrih \u010delad to\u017eijo dr\u017eavo - Hudo Slovenija","isPartOf":{"@id":"https:\/\/hudo.com\/si\/#website"},"datePublished":"2016-06-30T11:16:00+00:00","dateModified":"2016-06-30T11:16:00+00:00","breadcrumb":{"@id":"https:\/\/hudo.com\/si\/aktualno\/nekdanji-nizozemski-pripadniki-modrih-celad-tozijo-drzavo\/#breadcrumb"},"inLanguage":"sl-SI","potentialAction":[{"@type":"ReadAction","target":["https:\/\/hudo.com\/si\/aktualno\/nekdanji-nizozemski-pripadniki-modrih-celad-tozijo-drzavo\/"]}]},{"@type":"BreadcrumbList","@id":"https:\/\/hudo.com\/si\/aktualno\/nekdanji-nizozemski-pripadniki-modrih-celad-tozijo-drzavo\/#breadcrumb","itemListElement":[{"@type":"ListItem","position":1,"name":"Home","item":"https:\/\/hudo.com\/si\/"},{"@type":"ListItem","position":2,"name":"Nekdanji nizozemski pripadniki modrih \u010delad to\u017eijo dr\u017eavo"}]},{"@type":"WebSite","@id":"https:\/\/hudo.com\/si\/#website","url":"https:\/\/hudo.com\/si\/","name":"Hudo Slovenija","description":"Vse novice iz Slovenije in sveta","publisher":{"@id":"https:\/\/hudo.com\/si\/#organization"},"potentialAction":[{"@type":"SearchAction","target":{"@type":"EntryPoint","urlTemplate":"https:\/\/hudo.com\/si\/?s={search_term_string}"},"query-input":"required name=search_term_string"}],"inLanguage":"sl-SI"},{"@type":"Organization","@id":"https:\/\/hudo.com\/si\/#organization","name":"VSN Media","url":"https:\/\/hudo.com\/si\/","logo":{"@type":"ImageObject","inLanguage":"sl-SI","@id":"https:\/\/hudo.com\/si\/#\/schema\/logo\/image\/","url":"https:\/\/hudo.com\/si\/wp-content\/uploads\/sites\/2\/2021\/03\/hudo-app-2.png","contentUrl":"https:\/\/hudo.com\/si\/wp-content\/uploads\/sites\/2\/2021\/03\/hudo-app-2.png","width":2185,"height":2167,"caption":"VSN Media"},"image":{"@id":"https:\/\/hudo.com\/si\/#\/schema\/logo\/image\/"},"sameAs":["https:\/\/www.facebook.com\/hudo.si","https:\/\/twitter.com\/hudo_si"]},{"@type":"Person","@id":"https:\/\/hudo.com\/si\/#\/schema\/person\/601cf3379633985b20f7e50f2bb47707","name":"hudo","image":{"@type":"ImageObject","inLanguage":"sl-SI","@id":"https:\/\/hudo.com\/si\/#\/schema\/person\/image\/","url":"https:\/\/secure.gravatar.com\/avatar\/c4ca25fa72cace7a696b52ff5db9e095?s=96&d=mm&r=g","contentUrl":"https:\/\/secure.gravatar.com\/avatar\/c4ca25fa72cace7a696b52ff5db9e095?s=96&d=mm&r=g","caption":"hudo"},"url":"https:\/\/hudo.com\/si\/author\/hudo\/"}]}},"amp_enabled":true,"_links":{"self":[{"href":"https:\/\/hudo.com\/si\/wp-json\/wp\/v2\/posts\/85813"}],"collection":[{"href":"https:\/\/hudo.com\/si\/wp-json\/wp\/v2\/posts"}],"about":[{"href":"https:\/\/hudo.com\/si\/wp-json\/wp\/v2\/types\/post"}],"author":[{"embeddable":true,"href":"https:\/\/hudo.com\/si\/wp-json\/wp\/v2\/users\/1"}],"replies":[{"embeddable":true,"href":"https:\/\/hudo.com\/si\/wp-json\/wp\/v2\/comments?post=85813"}],"version-history":[{"count":0,"href":"https:\/\/hudo.com\/si\/wp-json\/wp\/v2\/posts\/85813\/revisions"}],"wp:attachment":[{"href":"https:\/\/hudo.com\/si\/wp-json\/wp\/v2\/media?parent=85813"}],"wp:term":[{"taxonomy":"category","embeddable":true,"href":"https:\/\/hudo.com\/si\/wp-json\/wp\/v2\/categories?post=85813"},{"taxonomy":"post_tag","embeddable":true,"href":"https:\/\/hudo.com\/si\/wp-json\/wp\/v2\/tags?post=85813"},{"taxonomy":"source","embeddable":true,"href":"https:\/\/hudo.com\/si\/wp-json\/wp\/v2\/source?post=85813"},{"taxonomy":"supertag","embeddable":true,"href":"https:\/\/hudo.com\/si\/wp-json\/wp\/v2\/supertag?post=85813"}],"curies":[{"name":"wp","href":"https:\/\/api.w.org\/{rel}","templated":true}]}}