{"id":85815,"date":"2016-06-30T13:06:00","date_gmt":"2016-06-30T11:06:00","guid":{"rendered":"http:\/\/hudo.com\/si\/2016\/06\/30\/pahor-za-ustavna-sodnika-predlagal-spelco-meznar-in-marka-sorlija\/"},"modified":"2016-06-30T13:06:00","modified_gmt":"2016-06-30T11:06:00","slug":"pahor-za-ustavna-sodnika-predlagal-spelco-meznar-in-marka-sorlija","status":"publish","type":"post","link":"https:\/\/hudo.com\/si\/aktualno\/pahor-za-ustavna-sodnika-predlagal-spelco-meznar-in-marka-sorlija\/","title":{"rendered":"Pahor za ustavna sodnika predlagal \u0160pelco Me\u017enar in Marka \u0160orlija"},"content":{"rendered":"<p>Kategorija: Politika Thu, 30 Jun 2016 15:06:00 +0200  Iz Pahorjevega kabineta so pred kratkim sporo\u010dili, da je predsednik republike Borut Pahor predsedniku dr\u017eavnega zbora Milanu Brglezu danes \u017ee predlagal, naj poslanci za sodnika ustavnega sodi\u0161\u010da izvolijo \u0160pelco Me\u017enar in Marka \u0160orlija. \u00a0 Na posnetku Ljuba Vukeli\u010da kandidatka za ustavno sodnico \u0160pelca Me\u017enar Kandidata izpolnjujeta strokovne kriterije in vzbujata zaupanje za opravljanje te pomembne funkcije, je ocenil Pahor, ki je v pogovorih z vodji poslanskih skupin ugotovil, da kandidata u\u017eivata tudi \u0161iroko podporo poslank in poslancev. Na posnetku Mateja Dru\u017enika vrhovni sodnik, ki je predlagan za ustavnega sodnika, Marko \u0160orli Kot je predsednik republike \u017ee napovedal, bo pred glasovanjem poslancev izvedena javna predstavitev kandidatov, predvidoma v sredo, 6. junija 2016, v predsedni\u0161ki pala\u010di. Jeseni bo Pahor za\u010del \u0161e nov postopek za izbiro \u0161e \u0161tirih novih ustavnih sodnikov, saj \u0161tirim sedanjim pote\u010de mandat v marcu in\u00a0&#8230;<\/p>\n","protected":false},"excerpt":{"rendered":"<p>Kategorija: Politika Thu, 30 Jun 2016 15:06:00 +0200  Iz Pahorjevega kabineta so pred kratkim sporo\u010dili, da je predsednik republike Borut Pahor predsedniku dr\u017eavnega zbora Milanu Brglezu danes \u017ee predlagal, naj poslanci za sodnika ustavnega sodi\u0161\u010da izvolijo \u0160pelco Me\u017enar in Marka \u0160orlija. \u00a0 Na posnetku Ljuba Vukeli\u010da kandidatka za ustavno sodnico \u0160pelca Me\u017enar Kandidata izpolnjujeta strokovne kriterije in vzbujata zaupanje za opravljanje te pomembne funkcije, je ocenil Pahor, ki je v pogovorih z vodji poslanskih skupin ugotovil, da kandidata u\u017eivata tudi \u0161iroko podporo poslank in poslancev. Na posnetku Mateja Dru\u017enika vrhovni sodnik, ki je predlagan za ustavnega sodnika, Marko \u0160orli Kot je predsednik republike \u017ee napovedal, bo pred glasovanjem poslancev izvedena javna predstavitev kandidatov, predvidoma v sredo, 6. junija 2016, v predsedni\u0161ki pala\u010di. Jeseni bo Pahor za\u010del \u0161e nov postopek za izbiro \u0161e \u0161tirih novih ustavnih sodnikov, saj \u0161tirim sedanjim pote\u010de mandat v marcu in\u00a0&#8230;<\/p>\n","protected":false},"author":1,"featured_media":0,"comment_status":"closed","ping_status":"closed","sticky":false,"template":"","format":"standard","meta":{"footnotes":""},"categories":[1179],"tags":[],"source":[4511],"supertag":[],"acf":[],"yoast_head":"<!-- This site is optimized with the Yoast SEO plugin v21.3 - https:\/\/yoast.com\/wordpress\/plugins\/seo\/ -->\n<title>Pahor za ustavna sodnika predlagal \u0160pelco Me\u017enar in Marka \u0160orlija - Hudo Slovenija<\/title>\n<meta name=\"robots\" content=\"index, follow, max-snippet:-1, max-image-preview:large, max-video-preview:-1\" \/>\n<link rel=\"canonical\" href=\"https:\/\/hudo.com\/si\/aktualno\/pahor-za-ustavna-sodnika-predlagal-spelco-meznar-in-marka-sorlija\/\" \/>\n<meta property=\"og:locale\" content=\"sl_SI\" \/>\n<meta property=\"og:type\" content=\"article\" \/>\n<meta property=\"og:title\" content=\"Pahor za ustavna sodnika predlagal \u0160pelco Me\u017enar in Marka \u0160orlija - Hudo Slovenija\" \/>\n<meta property=\"og:description\" content=\"Kategorija: Politika Thu, 30 Jun 2016 15:06:00 +0200 Iz Pahorjevega kabineta so pred kratkim sporo\u010dili, da je predsednik republike Borut Pahor predsedniku dr\u017eavnega zbora Milanu Brglezu danes \u017ee predlagal, naj poslanci za sodnika ustavnega sodi\u0161\u010da izvolijo \u0160pelco Me\u017enar in Marka \u0160orlija. \u00a0 Na posnetku Ljuba Vukeli\u010da kandidatka za ustavno sodnico \u0160pelca Me\u017enar Kandidata izpolnjujeta strokovne kriterije in vzbujata zaupanje za opravljanje te pomembne funkcije, je ocenil Pahor, ki je v pogovorih z vodji poslanskih skupin ugotovil, da kandidata u\u017eivata tudi \u0161iroko podporo poslank in poslancev. Na posnetku Mateja Dru\u017enika vrhovni sodnik, ki je predlagan za ustavnega sodnika, Marko \u0160orli Kot je predsednik republike \u017ee napovedal, bo pred glasovanjem poslancev izvedena javna predstavitev kandidatov, predvidoma v sredo, 6. junija 2016, v predsedni\u0161ki pala\u010di. Jeseni bo Pahor za\u010del \u0161e nov postopek za izbiro \u0161e \u0161tirih novih ustavnih sodnikov, saj \u0161tirim sedanjim pote\u010de mandat v marcu in\u00a0...\" \/>\n<meta property=\"og:url\" content=\"https:\/\/hudo.com\/si\/aktualno\/pahor-za-ustavna-sodnika-predlagal-spelco-meznar-in-marka-sorlija\/\" \/>\n<meta property=\"og:site_name\" content=\"Hudo Slovenija\" \/>\n<meta property=\"article:publisher\" content=\"https:\/\/www.facebook.com\/hudo.si\" \/>\n<meta property=\"article:published_time\" content=\"2016-06-30T11:06:00+00:00\" \/>\n<meta property=\"og:image\" content=\"https:\/\/hudo.com\/si\/wp-content\/uploads\/sites\/2\/2016\/06\/480x290_Delo_Foto-20150627165015-29857400.jpeg\" \/>\n\t<meta property=\"og:image:width\" content=\"480\" \/>\n\t<meta property=\"og:image:height\" content=\"290\" \/>\n\t<meta property=\"og:image:type\" content=\"image\/jpeg\" \/>\n<meta name=\"author\" content=\"hudo\" \/>\n<meta name=\"twitter:card\" content=\"summary_large_image\" \/>\n<meta name=\"twitter:creator\" content=\"@hudo_si\" \/>\n<meta name=\"twitter:site\" content=\"@hudo_si\" \/>\n<meta name=\"twitter:label1\" content=\"Written by\" \/>\n\t<meta name=\"twitter:data1\" content=\"hudo\" \/>\n\t<meta name=\"twitter:label2\" content=\"Est. reading time\" \/>\n\t<meta name=\"twitter:data2\" content=\"1 minuta\" \/>\n<script type=\"application\/ld+json\" class=\"yoast-schema-graph\">{\"@context\":\"https:\/\/schema.org\",\"@graph\":[{\"@type\":\"Article\",\"@id\":\"https:\/\/hudo.com\/si\/aktualno\/pahor-za-ustavna-sodnika-predlagal-spelco-meznar-in-marka-sorlija\/#article\",\"isPartOf\":{\"@id\":\"https:\/\/hudo.com\/si\/aktualno\/pahor-za-ustavna-sodnika-predlagal-spelco-meznar-in-marka-sorlija\/\"},\"author\":{\"name\":\"hudo\",\"@id\":\"https:\/\/hudo.com\/si\/#\/schema\/person\/601cf3379633985b20f7e50f2bb47707\"},\"headline\":\"Pahor za ustavna sodnika predlagal \u0160pelco Me\u017enar in Marka \u0160orlija\",\"datePublished\":\"2016-06-30T11:06:00+00:00\",\"dateModified\":\"2016-06-30T11:06:00+00:00\",\"mainEntityOfPage\":{\"@id\":\"https:\/\/hudo.com\/si\/aktualno\/pahor-za-ustavna-sodnika-predlagal-spelco-meznar-in-marka-sorlija\/\"},\"wordCount\":160,\"publisher\":{\"@id\":\"https:\/\/hudo.com\/si\/#organization\"},\"articleSection\":[\"Aktualno\"],\"inLanguage\":\"sl-SI\"},{\"@type\":\"WebPage\",\"@id\":\"https:\/\/hudo.com\/si\/aktualno\/pahor-za-ustavna-sodnika-predlagal-spelco-meznar-in-marka-sorlija\/\",\"url\":\"https:\/\/hudo.com\/si\/aktualno\/pahor-za-ustavna-sodnika-predlagal-spelco-meznar-in-marka-sorlija\/\",\"name\":\"Pahor za ustavna sodnika predlagal \u0160pelco Me\u017enar in Marka \u0160orlija - Hudo Slovenija\",\"isPartOf\":{\"@id\":\"https:\/\/hudo.com\/si\/#website\"},\"datePublished\":\"2016-06-30T11:06:00+00:00\",\"dateModified\":\"2016-06-30T11:06:00+00:00\",\"breadcrumb\":{\"@id\":\"https:\/\/hudo.com\/si\/aktualno\/pahor-za-ustavna-sodnika-predlagal-spelco-meznar-in-marka-sorlija\/#breadcrumb\"},\"inLanguage\":\"sl-SI\",\"potentialAction\":[{\"@type\":\"ReadAction\",\"target\":[\"https:\/\/hudo.com\/si\/aktualno\/pahor-za-ustavna-sodnika-predlagal-spelco-meznar-in-marka-sorlija\/\"]}]},{\"@type\":\"BreadcrumbList\",\"@id\":\"https:\/\/hudo.com\/si\/aktualno\/pahor-za-ustavna-sodnika-predlagal-spelco-meznar-in-marka-sorlija\/#breadcrumb\",\"itemListElement\":[{\"@type\":\"ListItem\",\"position\":1,\"name\":\"Home\",\"item\":\"https:\/\/hudo.com\/si\/\"},{\"@type\":\"ListItem\",\"position\":2,\"name\":\"Pahor za ustavna sodnika predlagal \u0160pelco Me\u017enar in Marka \u0160orlija\"}]},{\"@type\":\"WebSite\",\"@id\":\"https:\/\/hudo.com\/si\/#website\",\"url\":\"https:\/\/hudo.com\/si\/\",\"name\":\"Hudo Slovenija\",\"description\":\"Vse novice iz Slovenije in sveta\",\"publisher\":{\"@id\":\"https:\/\/hudo.com\/si\/#organization\"},\"potentialAction\":[{\"@type\":\"SearchAction\",\"target\":{\"@type\":\"EntryPoint\",\"urlTemplate\":\"https:\/\/hudo.com\/si\/?s={search_term_string}\"},\"query-input\":\"required name=search_term_string\"}],\"inLanguage\":\"sl-SI\"},{\"@type\":\"Organization\",\"@id\":\"https:\/\/hudo.com\/si\/#organization\",\"name\":\"VSN Media\",\"url\":\"https:\/\/hudo.com\/si\/\",\"logo\":{\"@type\":\"ImageObject\",\"inLanguage\":\"sl-SI\",\"@id\":\"https:\/\/hudo.com\/si\/#\/schema\/logo\/image\/\",\"url\":\"https:\/\/hudo.com\/si\/wp-content\/uploads\/sites\/2\/2021\/03\/hudo-app-2.png\",\"contentUrl\":\"https:\/\/hudo.com\/si\/wp-content\/uploads\/sites\/2\/2021\/03\/hudo-app-2.png\",\"width\":2185,\"height\":2167,\"caption\":\"VSN Media\"},\"image\":{\"@id\":\"https:\/\/hudo.com\/si\/#\/schema\/logo\/image\/\"},\"sameAs\":[\"https:\/\/www.facebook.com\/hudo.si\",\"https:\/\/twitter.com\/hudo_si\"]},{\"@type\":\"Person\",\"@id\":\"https:\/\/hudo.com\/si\/#\/schema\/person\/601cf3379633985b20f7e50f2bb47707\",\"name\":\"hudo\",\"image\":{\"@type\":\"ImageObject\",\"inLanguage\":\"sl-SI\",\"@id\":\"https:\/\/hudo.com\/si\/#\/schema\/person\/image\/\",\"url\":\"https:\/\/secure.gravatar.com\/avatar\/c4ca25fa72cace7a696b52ff5db9e095?s=96&d=mm&r=g\",\"contentUrl\":\"https:\/\/secure.gravatar.com\/avatar\/c4ca25fa72cace7a696b52ff5db9e095?s=96&d=mm&r=g\",\"caption\":\"hudo\"},\"url\":\"https:\/\/hudo.com\/si\/author\/hudo\/\"}]}<\/script>\n<!-- \/ Yoast SEO plugin. -->","yoast_head_json":{"title":"Pahor za ustavna sodnika predlagal \u0160pelco Me\u017enar in Marka \u0160orlija - Hudo Slovenija","robots":{"index":"index","follow":"follow","max-snippet":"max-snippet:-1","max-image-preview":"max-image-preview:large","max-video-preview":"max-video-preview:-1"},"canonical":"https:\/\/hudo.com\/si\/aktualno\/pahor-za-ustavna-sodnika-predlagal-spelco-meznar-in-marka-sorlija\/","og_locale":"sl_SI","og_type":"article","og_title":"Pahor za ustavna sodnika predlagal \u0160pelco Me\u017enar in Marka \u0160orlija - Hudo Slovenija","og_description":"Kategorija: Politika Thu, 30 Jun 2016 15:06:00 +0200 Iz Pahorjevega kabineta so pred kratkim sporo\u010dili, da je predsednik republike Borut Pahor predsedniku dr\u017eavnega zbora Milanu Brglezu danes \u017ee predlagal, naj poslanci za sodnika ustavnega sodi\u0161\u010da izvolijo \u0160pelco Me\u017enar in Marka \u0160orlija. \u00a0 Na posnetku Ljuba Vukeli\u010da kandidatka za ustavno sodnico \u0160pelca Me\u017enar Kandidata izpolnjujeta strokovne kriterije in vzbujata zaupanje za opravljanje te pomembne funkcije, je ocenil Pahor, ki je v pogovorih z vodji poslanskih skupin ugotovil, da kandidata u\u017eivata tudi \u0161iroko podporo poslank in poslancev. Na posnetku Mateja Dru\u017enika vrhovni sodnik, ki je predlagan za ustavnega sodnika, Marko \u0160orli Kot je predsednik republike \u017ee napovedal, bo pred glasovanjem poslancev izvedena javna predstavitev kandidatov, predvidoma v sredo, 6. junija 2016, v predsedni\u0161ki pala\u010di. Jeseni bo Pahor za\u010del \u0161e nov postopek za izbiro \u0161e \u0161tirih novih ustavnih sodnikov, saj \u0161tirim sedanjim pote\u010de mandat v marcu in\u00a0...","og_url":"https:\/\/hudo.com\/si\/aktualno\/pahor-za-ustavna-sodnika-predlagal-spelco-meznar-in-marka-sorlija\/","og_site_name":"Hudo Slovenija","article_publisher":"https:\/\/www.facebook.com\/hudo.si","article_published_time":"2016-06-30T11:06:00+00:00","og_image":[{"width":480,"height":290,"url":"https:\/\/hudo.com\/si\/wp-content\/uploads\/sites\/2\/2016\/06\/480x290_Delo_Foto-20150627165015-29857400.jpeg","type":"image\/jpeg"}],"author":"hudo","twitter_card":"summary_large_image","twitter_creator":"@hudo_si","twitter_site":"@hudo_si","twitter_misc":{"Written by":"hudo","Est. reading time":"1 minuta"},"schema":{"@context":"https:\/\/schema.org","@graph":[{"@type":"Article","@id":"https:\/\/hudo.com\/si\/aktualno\/pahor-za-ustavna-sodnika-predlagal-spelco-meznar-in-marka-sorlija\/#article","isPartOf":{"@id":"https:\/\/hudo.com\/si\/aktualno\/pahor-za-ustavna-sodnika-predlagal-spelco-meznar-in-marka-sorlija\/"},"author":{"name":"hudo","@id":"https:\/\/hudo.com\/si\/#\/schema\/person\/601cf3379633985b20f7e50f2bb47707"},"headline":"Pahor za ustavna sodnika predlagal \u0160pelco Me\u017enar in Marka \u0160orlija","datePublished":"2016-06-30T11:06:00+00:00","dateModified":"2016-06-30T11:06:00+00:00","mainEntityOfPage":{"@id":"https:\/\/hudo.com\/si\/aktualno\/pahor-za-ustavna-sodnika-predlagal-spelco-meznar-in-marka-sorlija\/"},"wordCount":160,"publisher":{"@id":"https:\/\/hudo.com\/si\/#organization"},"articleSection":["Aktualno"],"inLanguage":"sl-SI"},{"@type":"WebPage","@id":"https:\/\/hudo.com\/si\/aktualno\/pahor-za-ustavna-sodnika-predlagal-spelco-meznar-in-marka-sorlija\/","url":"https:\/\/hudo.com\/si\/aktualno\/pahor-za-ustavna-sodnika-predlagal-spelco-meznar-in-marka-sorlija\/","name":"Pahor za ustavna sodnika predlagal \u0160pelco Me\u017enar in Marka \u0160orlija - Hudo Slovenija","isPartOf":{"@id":"https:\/\/hudo.com\/si\/#website"},"datePublished":"2016-06-30T11:06:00+00:00","dateModified":"2016-06-30T11:06:00+00:00","breadcrumb":{"@id":"https:\/\/hudo.com\/si\/aktualno\/pahor-za-ustavna-sodnika-predlagal-spelco-meznar-in-marka-sorlija\/#breadcrumb"},"inLanguage":"sl-SI","potentialAction":[{"@type":"ReadAction","target":["https:\/\/hudo.com\/si\/aktualno\/pahor-za-ustavna-sodnika-predlagal-spelco-meznar-in-marka-sorlija\/"]}]},{"@type":"BreadcrumbList","@id":"https:\/\/hudo.com\/si\/aktualno\/pahor-za-ustavna-sodnika-predlagal-spelco-meznar-in-marka-sorlija\/#breadcrumb","itemListElement":[{"@type":"ListItem","position":1,"name":"Home","item":"https:\/\/hudo.com\/si\/"},{"@type":"ListItem","position":2,"name":"Pahor za ustavna sodnika predlagal \u0160pelco Me\u017enar in Marka \u0160orlija"}]},{"@type":"WebSite","@id":"https:\/\/hudo.com\/si\/#website","url":"https:\/\/hudo.com\/si\/","name":"Hudo Slovenija","description":"Vse novice iz Slovenije in sveta","publisher":{"@id":"https:\/\/hudo.com\/si\/#organization"},"potentialAction":[{"@type":"SearchAction","target":{"@type":"EntryPoint","urlTemplate":"https:\/\/hudo.com\/si\/?s={search_term_string}"},"query-input":"required name=search_term_string"}],"inLanguage":"sl-SI"},{"@type":"Organization","@id":"https:\/\/hudo.com\/si\/#organization","name":"VSN Media","url":"https:\/\/hudo.com\/si\/","logo":{"@type":"ImageObject","inLanguage":"sl-SI","@id":"https:\/\/hudo.com\/si\/#\/schema\/logo\/image\/","url":"https:\/\/hudo.com\/si\/wp-content\/uploads\/sites\/2\/2021\/03\/hudo-app-2.png","contentUrl":"https:\/\/hudo.com\/si\/wp-content\/uploads\/sites\/2\/2021\/03\/hudo-app-2.png","width":2185,"height":2167,"caption":"VSN Media"},"image":{"@id":"https:\/\/hudo.com\/si\/#\/schema\/logo\/image\/"},"sameAs":["https:\/\/www.facebook.com\/hudo.si","https:\/\/twitter.com\/hudo_si"]},{"@type":"Person","@id":"https:\/\/hudo.com\/si\/#\/schema\/person\/601cf3379633985b20f7e50f2bb47707","name":"hudo","image":{"@type":"ImageObject","inLanguage":"sl-SI","@id":"https:\/\/hudo.com\/si\/#\/schema\/person\/image\/","url":"https:\/\/secure.gravatar.com\/avatar\/c4ca25fa72cace7a696b52ff5db9e095?s=96&d=mm&r=g","contentUrl":"https:\/\/secure.gravatar.com\/avatar\/c4ca25fa72cace7a696b52ff5db9e095?s=96&d=mm&r=g","caption":"hudo"},"url":"https:\/\/hudo.com\/si\/author\/hudo\/"}]}},"amp_enabled":true,"_links":{"self":[{"href":"https:\/\/hudo.com\/si\/wp-json\/wp\/v2\/posts\/85815"}],"collection":[{"href":"https:\/\/hudo.com\/si\/wp-json\/wp\/v2\/posts"}],"about":[{"href":"https:\/\/hudo.com\/si\/wp-json\/wp\/v2\/types\/post"}],"author":[{"embeddable":true,"href":"https:\/\/hudo.com\/si\/wp-json\/wp\/v2\/users\/1"}],"replies":[{"embeddable":true,"href":"https:\/\/hudo.com\/si\/wp-json\/wp\/v2\/comments?post=85815"}],"version-history":[{"count":0,"href":"https:\/\/hudo.com\/si\/wp-json\/wp\/v2\/posts\/85815\/revisions"}],"wp:attachment":[{"href":"https:\/\/hudo.com\/si\/wp-json\/wp\/v2\/media?parent=85815"}],"wp:term":[{"taxonomy":"category","embeddable":true,"href":"https:\/\/hudo.com\/si\/wp-json\/wp\/v2\/categories?post=85815"},{"taxonomy":"post_tag","embeddable":true,"href":"https:\/\/hudo.com\/si\/wp-json\/wp\/v2\/tags?post=85815"},{"taxonomy":"source","embeddable":true,"href":"https:\/\/hudo.com\/si\/wp-json\/wp\/v2\/source?post=85815"},{"taxonomy":"supertag","embeddable":true,"href":"https:\/\/hudo.com\/si\/wp-json\/wp\/v2\/supertag?post=85815"}],"curies":[{"name":"wp","href":"https:\/\/api.w.org\/{rel}","templated":true}]}}