{"id":85817,"date":"2016-06-30T13:03:00","date_gmt":"2016-06-30T11:03:00","guid":{"rendered":"http:\/\/hudo.com\/si\/2016\/06\/30\/bostjan-m-zupancic-prihaja-na-ministrstvo-h-klemencicu\/"},"modified":"2016-07-01T09:21:34","modified_gmt":"2016-07-01T07:21:34","slug":"bostjan-m-zupancic-prihaja-na-ministrstvo-h-klemencicu","status":"publish","type":"post","link":"https:\/\/hudo.com\/si\/aktualno\/bostjan-m-zupancic-prihaja-na-ministrstvo-h-klemencicu\/","title":{"rendered":"Bo\u0161tjan M. Zupan\u010di\u010d prihaja na ministrstvo h Klemen\u010di\u010du"},"content":{"rendered":"<p>Kategorija: Politika Thu, 30 Jun 2016 15:03:00 +0200  Ljubljana \u2212\u00a0 Od jutri bo v kabinetu pravosodnega ministra Gorana Klemen\u010di\u010da zaposlen nekdanji sodnik Evropskega sodi\u0161\u010da za \u010dlovekove pravice (ES\u010cP) Bo\u0161tjan M. Zupan\u010di\u010d,\u00a0ki ga je na polo\u017eaju v Strasbourgu konec maja zamenjal odvetnik Marko Bo\u0161njak. Kot so nam potrdili na ministrstvu, bo delal kot svetovalec v kabinetu ministra. Zaposlen bo v okviru kvote kabinetnih zaposlitev, torej za dolo\u010den \u010das in na zaupanje ministra. Ukvarjal se bo predvsem s \u0161tevilnimi sodbami ES\u010cP proti Sloveniji, ki najpogosteje zadevajo kr\u0161itve pravice dosojenja v razumnem roku in pravice do u\u010dinkovitega pravnega sredstva. \u00bbS svojim znanjem in izku\u0161njami bo pomembna okrepitev na\u0161ih prizadevanj za izbolj\u0161anje uveljavljanja in izvajanja sodb ES\u010cP in pri drugih zahtevnih ustavnopravnih vpra\u0161anjih,\u00ab so sporo\u010dili z ministrstva. Goran Klemen\u010di\u010d je sicer \u017ee dlje \u010dasa napovedoval, da mora dr\u017eava za\u010deti sistemsko spremljati uresni\u010devanje sodb ES\u010cP.\u00a0&#8230;<\/p>\n","protected":false},"excerpt":{"rendered":"<p>Kategorija: Politika Thu, 30 Jun 2016 15:03:00 +0200  Ljubljana \u2212\u00a0 Od jutri bo v kabinetu pravosodnega ministra Gorana Klemen\u010di\u010da zaposlen nekdanji sodnik Evropskega sodi\u0161\u010da za \u010dlovekove pravice (ES\u010cP) Bo\u0161tjan M. Zupan\u010di\u010d,\u00a0ki ga je na polo\u017eaju v Strasbourgu konec maja zamenjal odvetnik Marko Bo\u0161njak. Kot so nam potrdili na ministrstvu, bo delal kot svetovalec v kabinetu ministra. Zaposlen bo v okviru kvote kabinetnih zaposlitev, torej za dolo\u010den \u010das in na zaupanje ministra. Ukvarjal se bo predvsem s \u0161tevilnimi sodbami ES\u010cP proti Sloveniji, ki najpogosteje zadevajo kr\u0161itve pravice dosojenja v razumnem roku in pravice do u\u010dinkovitega pravnega sredstva. \u00bbS svojim znanjem in izku\u0161njami bo pomembna okrepitev na\u0161ih prizadevanj za izbolj\u0161anje uveljavljanja in izvajanja sodb ES\u010cP in pri drugih zahtevnih ustavnopravnih vpra\u0161anjih,\u00ab so sporo\u010dili z ministrstva. Goran Klemen\u010di\u010d je sicer \u017ee dlje \u010dasa napovedoval, da mora dr\u017eava za\u010deti sistemsko spremljati uresni\u010devanje sodb ES\u010cP.\u00a0&#8230;<\/p>\n","protected":false},"author":1,"featured_media":0,"comment_status":"closed","ping_status":"closed","sticky":false,"template":"","format":"standard","meta":{"footnotes":""},"categories":[1179],"tags":[],"source":[4511],"supertag":[],"acf":[],"yoast_head":"<!-- This site is optimized with the Yoast SEO plugin v21.3 - https:\/\/yoast.com\/wordpress\/plugins\/seo\/ -->\n<title>Bo\u0161tjan M. Zupan\u010di\u010d prihaja na ministrstvo h Klemen\u010di\u010du - Hudo Slovenija<\/title>\n<meta name=\"robots\" content=\"index, follow, max-snippet:-1, max-image-preview:large, max-video-preview:-1\" \/>\n<link rel=\"canonical\" href=\"https:\/\/hudo.com\/si\/aktualno\/bostjan-m-zupancic-prihaja-na-ministrstvo-h-klemencicu\/\" \/>\n<meta property=\"og:locale\" content=\"sl_SI\" \/>\n<meta property=\"og:type\" content=\"article\" \/>\n<meta property=\"og:title\" content=\"Bo\u0161tjan M. Zupan\u010di\u010d prihaja na ministrstvo h Klemen\u010di\u010du - Hudo Slovenija\" \/>\n<meta property=\"og:description\" content=\"Kategorija: Politika Thu, 30 Jun 2016 15:03:00 +0200 Ljubljana \u2212\u00a0 Od jutri bo v kabinetu pravosodnega ministra Gorana Klemen\u010di\u010da zaposlen nekdanji sodnik Evropskega sodi\u0161\u010da za \u010dlovekove pravice (ES\u010cP) Bo\u0161tjan M. Zupan\u010di\u010d,\u00a0ki ga je na polo\u017eaju v Strasbourgu konec maja zamenjal odvetnik Marko Bo\u0161njak. Kot so nam potrdili na ministrstvu, bo delal kot svetovalec v kabinetu ministra. Zaposlen bo v okviru kvote kabinetnih zaposlitev, torej za dolo\u010den \u010das in na zaupanje ministra. Ukvarjal se bo predvsem s \u0161tevilnimi sodbami ES\u010cP proti Sloveniji, ki najpogosteje zadevajo kr\u0161itve pravice dosojenja v razumnem roku in pravice do u\u010dinkovitega pravnega sredstva. \u00bbS svojim znanjem in izku\u0161njami bo pomembna okrepitev na\u0161ih prizadevanj za izbolj\u0161anje uveljavljanja in izvajanja sodb ES\u010cP in pri drugih zahtevnih ustavnopravnih vpra\u0161anjih,\u00ab so sporo\u010dili z ministrstva. Goran Klemen\u010di\u010d je sicer \u017ee dlje \u010dasa napovedoval, da mora dr\u017eava za\u010deti sistemsko spremljati uresni\u010devanje sodb ES\u010cP.\u00a0...\" \/>\n<meta property=\"og:url\" content=\"https:\/\/hudo.com\/si\/aktualno\/bostjan-m-zupancic-prihaja-na-ministrstvo-h-klemencicu\/\" \/>\n<meta property=\"og:site_name\" content=\"Hudo Slovenija\" \/>\n<meta property=\"article:publisher\" content=\"https:\/\/www.facebook.com\/hudo.si\" \/>\n<meta property=\"article:published_time\" content=\"2016-06-30T11:03:00+00:00\" \/>\n<meta property=\"article:modified_time\" content=\"2016-07-01T07:21:34+00:00\" \/>\n<meta property=\"og:image\" content=\"https:\/\/hudo.com\/si\/wp-content\/uploads\/sites\/2\/2016\/06\/480x290_2_stran__djvu_1403519_mdr_j_hires0.jpeg\" \/>\n\t<meta property=\"og:image:width\" content=\"480\" \/>\n\t<meta property=\"og:image:height\" content=\"290\" \/>\n\t<meta property=\"og:image:type\" content=\"image\/jpeg\" \/>\n<meta name=\"author\" content=\"hudo\" \/>\n<meta name=\"twitter:card\" content=\"summary_large_image\" \/>\n<meta name=\"twitter:creator\" content=\"@hudo_si\" \/>\n<meta name=\"twitter:site\" content=\"@hudo_si\" \/>\n<meta name=\"twitter:label1\" content=\"Written by\" \/>\n\t<meta name=\"twitter:data1\" content=\"hudo\" \/>\n\t<meta name=\"twitter:label2\" content=\"Est. reading time\" \/>\n\t<meta name=\"twitter:data2\" content=\"1 minuta\" \/>\n<script type=\"application\/ld+json\" class=\"yoast-schema-graph\">{\"@context\":\"https:\/\/schema.org\",\"@graph\":[{\"@type\":\"Article\",\"@id\":\"https:\/\/hudo.com\/si\/aktualno\/bostjan-m-zupancic-prihaja-na-ministrstvo-h-klemencicu\/#article\",\"isPartOf\":{\"@id\":\"https:\/\/hudo.com\/si\/aktualno\/bostjan-m-zupancic-prihaja-na-ministrstvo-h-klemencicu\/\"},\"author\":{\"name\":\"hudo\",\"@id\":\"https:\/\/hudo.com\/si\/#\/schema\/person\/601cf3379633985b20f7e50f2bb47707\"},\"headline\":\"Bo\u0161tjan M. Zupan\u010di\u010d prihaja na ministrstvo h Klemen\u010di\u010du\",\"datePublished\":\"2016-06-30T11:03:00+00:00\",\"dateModified\":\"2016-07-01T07:21:34+00:00\",\"mainEntityOfPage\":{\"@id\":\"https:\/\/hudo.com\/si\/aktualno\/bostjan-m-zupancic-prihaja-na-ministrstvo-h-klemencicu\/\"},\"wordCount\":171,\"publisher\":{\"@id\":\"https:\/\/hudo.com\/si\/#organization\"},\"articleSection\":[\"Aktualno\"],\"inLanguage\":\"sl-SI\"},{\"@type\":\"WebPage\",\"@id\":\"https:\/\/hudo.com\/si\/aktualno\/bostjan-m-zupancic-prihaja-na-ministrstvo-h-klemencicu\/\",\"url\":\"https:\/\/hudo.com\/si\/aktualno\/bostjan-m-zupancic-prihaja-na-ministrstvo-h-klemencicu\/\",\"name\":\"Bo\u0161tjan M. Zupan\u010di\u010d prihaja na ministrstvo h Klemen\u010di\u010du - Hudo Slovenija\",\"isPartOf\":{\"@id\":\"https:\/\/hudo.com\/si\/#website\"},\"datePublished\":\"2016-06-30T11:03:00+00:00\",\"dateModified\":\"2016-07-01T07:21:34+00:00\",\"breadcrumb\":{\"@id\":\"https:\/\/hudo.com\/si\/aktualno\/bostjan-m-zupancic-prihaja-na-ministrstvo-h-klemencicu\/#breadcrumb\"},\"inLanguage\":\"sl-SI\",\"potentialAction\":[{\"@type\":\"ReadAction\",\"target\":[\"https:\/\/hudo.com\/si\/aktualno\/bostjan-m-zupancic-prihaja-na-ministrstvo-h-klemencicu\/\"]}]},{\"@type\":\"BreadcrumbList\",\"@id\":\"https:\/\/hudo.com\/si\/aktualno\/bostjan-m-zupancic-prihaja-na-ministrstvo-h-klemencicu\/#breadcrumb\",\"itemListElement\":[{\"@type\":\"ListItem\",\"position\":1,\"name\":\"Home\",\"item\":\"https:\/\/hudo.com\/si\/\"},{\"@type\":\"ListItem\",\"position\":2,\"name\":\"Bo\u0161tjan M. Zupan\u010di\u010d prihaja na ministrstvo h Klemen\u010di\u010du\"}]},{\"@type\":\"WebSite\",\"@id\":\"https:\/\/hudo.com\/si\/#website\",\"url\":\"https:\/\/hudo.com\/si\/\",\"name\":\"Hudo Slovenija\",\"description\":\"Vse novice iz Slovenije in sveta\",\"publisher\":{\"@id\":\"https:\/\/hudo.com\/si\/#organization\"},\"potentialAction\":[{\"@type\":\"SearchAction\",\"target\":{\"@type\":\"EntryPoint\",\"urlTemplate\":\"https:\/\/hudo.com\/si\/?s={search_term_string}\"},\"query-input\":\"required name=search_term_string\"}],\"inLanguage\":\"sl-SI\"},{\"@type\":\"Organization\",\"@id\":\"https:\/\/hudo.com\/si\/#organization\",\"name\":\"VSN Media\",\"url\":\"https:\/\/hudo.com\/si\/\",\"logo\":{\"@type\":\"ImageObject\",\"inLanguage\":\"sl-SI\",\"@id\":\"https:\/\/hudo.com\/si\/#\/schema\/logo\/image\/\",\"url\":\"https:\/\/hudo.com\/si\/wp-content\/uploads\/sites\/2\/2021\/03\/hudo-app-2.png\",\"contentUrl\":\"https:\/\/hudo.com\/si\/wp-content\/uploads\/sites\/2\/2021\/03\/hudo-app-2.png\",\"width\":2185,\"height\":2167,\"caption\":\"VSN Media\"},\"image\":{\"@id\":\"https:\/\/hudo.com\/si\/#\/schema\/logo\/image\/\"},\"sameAs\":[\"https:\/\/www.facebook.com\/hudo.si\",\"https:\/\/twitter.com\/hudo_si\"]},{\"@type\":\"Person\",\"@id\":\"https:\/\/hudo.com\/si\/#\/schema\/person\/601cf3379633985b20f7e50f2bb47707\",\"name\":\"hudo\",\"image\":{\"@type\":\"ImageObject\",\"inLanguage\":\"sl-SI\",\"@id\":\"https:\/\/hudo.com\/si\/#\/schema\/person\/image\/\",\"url\":\"https:\/\/secure.gravatar.com\/avatar\/c4ca25fa72cace7a696b52ff5db9e095?s=96&d=mm&r=g\",\"contentUrl\":\"https:\/\/secure.gravatar.com\/avatar\/c4ca25fa72cace7a696b52ff5db9e095?s=96&d=mm&r=g\",\"caption\":\"hudo\"},\"url\":\"https:\/\/hudo.com\/si\/author\/hudo\/\"}]}<\/script>\n<!-- \/ Yoast SEO plugin. -->","yoast_head_json":{"title":"Bo\u0161tjan M. Zupan\u010di\u010d prihaja na ministrstvo h Klemen\u010di\u010du - Hudo Slovenija","robots":{"index":"index","follow":"follow","max-snippet":"max-snippet:-1","max-image-preview":"max-image-preview:large","max-video-preview":"max-video-preview:-1"},"canonical":"https:\/\/hudo.com\/si\/aktualno\/bostjan-m-zupancic-prihaja-na-ministrstvo-h-klemencicu\/","og_locale":"sl_SI","og_type":"article","og_title":"Bo\u0161tjan M. Zupan\u010di\u010d prihaja na ministrstvo h Klemen\u010di\u010du - Hudo Slovenija","og_description":"Kategorija: Politika Thu, 30 Jun 2016 15:03:00 +0200 Ljubljana \u2212\u00a0 Od jutri bo v kabinetu pravosodnega ministra Gorana Klemen\u010di\u010da zaposlen nekdanji sodnik Evropskega sodi\u0161\u010da za \u010dlovekove pravice (ES\u010cP) Bo\u0161tjan M. Zupan\u010di\u010d,\u00a0ki ga je na polo\u017eaju v Strasbourgu konec maja zamenjal odvetnik Marko Bo\u0161njak. Kot so nam potrdili na ministrstvu, bo delal kot svetovalec v kabinetu ministra. Zaposlen bo v okviru kvote kabinetnih zaposlitev, torej za dolo\u010den \u010das in na zaupanje ministra. Ukvarjal se bo predvsem s \u0161tevilnimi sodbami ES\u010cP proti Sloveniji, ki najpogosteje zadevajo kr\u0161itve pravice dosojenja v razumnem roku in pravice do u\u010dinkovitega pravnega sredstva. \u00bbS svojim znanjem in izku\u0161njami bo pomembna okrepitev na\u0161ih prizadevanj za izbolj\u0161anje uveljavljanja in izvajanja sodb ES\u010cP in pri drugih zahtevnih ustavnopravnih vpra\u0161anjih,\u00ab so sporo\u010dili z ministrstva. Goran Klemen\u010di\u010d je sicer \u017ee dlje \u010dasa napovedoval, da mora dr\u017eava za\u010deti sistemsko spremljati uresni\u010devanje sodb ES\u010cP.\u00a0...","og_url":"https:\/\/hudo.com\/si\/aktualno\/bostjan-m-zupancic-prihaja-na-ministrstvo-h-klemencicu\/","og_site_name":"Hudo Slovenija","article_publisher":"https:\/\/www.facebook.com\/hudo.si","article_published_time":"2016-06-30T11:03:00+00:00","article_modified_time":"2016-07-01T07:21:34+00:00","og_image":[{"width":480,"height":290,"url":"https:\/\/hudo.com\/si\/wp-content\/uploads\/sites\/2\/2016\/06\/480x290_2_stran__djvu_1403519_mdr_j_hires0.jpeg","type":"image\/jpeg"}],"author":"hudo","twitter_card":"summary_large_image","twitter_creator":"@hudo_si","twitter_site":"@hudo_si","twitter_misc":{"Written by":"hudo","Est. reading time":"1 minuta"},"schema":{"@context":"https:\/\/schema.org","@graph":[{"@type":"Article","@id":"https:\/\/hudo.com\/si\/aktualno\/bostjan-m-zupancic-prihaja-na-ministrstvo-h-klemencicu\/#article","isPartOf":{"@id":"https:\/\/hudo.com\/si\/aktualno\/bostjan-m-zupancic-prihaja-na-ministrstvo-h-klemencicu\/"},"author":{"name":"hudo","@id":"https:\/\/hudo.com\/si\/#\/schema\/person\/601cf3379633985b20f7e50f2bb47707"},"headline":"Bo\u0161tjan M. Zupan\u010di\u010d prihaja na ministrstvo h Klemen\u010di\u010du","datePublished":"2016-06-30T11:03:00+00:00","dateModified":"2016-07-01T07:21:34+00:00","mainEntityOfPage":{"@id":"https:\/\/hudo.com\/si\/aktualno\/bostjan-m-zupancic-prihaja-na-ministrstvo-h-klemencicu\/"},"wordCount":171,"publisher":{"@id":"https:\/\/hudo.com\/si\/#organization"},"articleSection":["Aktualno"],"inLanguage":"sl-SI"},{"@type":"WebPage","@id":"https:\/\/hudo.com\/si\/aktualno\/bostjan-m-zupancic-prihaja-na-ministrstvo-h-klemencicu\/","url":"https:\/\/hudo.com\/si\/aktualno\/bostjan-m-zupancic-prihaja-na-ministrstvo-h-klemencicu\/","name":"Bo\u0161tjan M. Zupan\u010di\u010d prihaja na ministrstvo h Klemen\u010di\u010du - Hudo Slovenija","isPartOf":{"@id":"https:\/\/hudo.com\/si\/#website"},"datePublished":"2016-06-30T11:03:00+00:00","dateModified":"2016-07-01T07:21:34+00:00","breadcrumb":{"@id":"https:\/\/hudo.com\/si\/aktualno\/bostjan-m-zupancic-prihaja-na-ministrstvo-h-klemencicu\/#breadcrumb"},"inLanguage":"sl-SI","potentialAction":[{"@type":"ReadAction","target":["https:\/\/hudo.com\/si\/aktualno\/bostjan-m-zupancic-prihaja-na-ministrstvo-h-klemencicu\/"]}]},{"@type":"BreadcrumbList","@id":"https:\/\/hudo.com\/si\/aktualno\/bostjan-m-zupancic-prihaja-na-ministrstvo-h-klemencicu\/#breadcrumb","itemListElement":[{"@type":"ListItem","position":1,"name":"Home","item":"https:\/\/hudo.com\/si\/"},{"@type":"ListItem","position":2,"name":"Bo\u0161tjan M. Zupan\u010di\u010d prihaja na ministrstvo h Klemen\u010di\u010du"}]},{"@type":"WebSite","@id":"https:\/\/hudo.com\/si\/#website","url":"https:\/\/hudo.com\/si\/","name":"Hudo Slovenija","description":"Vse novice iz Slovenije in sveta","publisher":{"@id":"https:\/\/hudo.com\/si\/#organization"},"potentialAction":[{"@type":"SearchAction","target":{"@type":"EntryPoint","urlTemplate":"https:\/\/hudo.com\/si\/?s={search_term_string}"},"query-input":"required name=search_term_string"}],"inLanguage":"sl-SI"},{"@type":"Organization","@id":"https:\/\/hudo.com\/si\/#organization","name":"VSN Media","url":"https:\/\/hudo.com\/si\/","logo":{"@type":"ImageObject","inLanguage":"sl-SI","@id":"https:\/\/hudo.com\/si\/#\/schema\/logo\/image\/","url":"https:\/\/hudo.com\/si\/wp-content\/uploads\/sites\/2\/2021\/03\/hudo-app-2.png","contentUrl":"https:\/\/hudo.com\/si\/wp-content\/uploads\/sites\/2\/2021\/03\/hudo-app-2.png","width":2185,"height":2167,"caption":"VSN Media"},"image":{"@id":"https:\/\/hudo.com\/si\/#\/schema\/logo\/image\/"},"sameAs":["https:\/\/www.facebook.com\/hudo.si","https:\/\/twitter.com\/hudo_si"]},{"@type":"Person","@id":"https:\/\/hudo.com\/si\/#\/schema\/person\/601cf3379633985b20f7e50f2bb47707","name":"hudo","image":{"@type":"ImageObject","inLanguage":"sl-SI","@id":"https:\/\/hudo.com\/si\/#\/schema\/person\/image\/","url":"https:\/\/secure.gravatar.com\/avatar\/c4ca25fa72cace7a696b52ff5db9e095?s=96&d=mm&r=g","contentUrl":"https:\/\/secure.gravatar.com\/avatar\/c4ca25fa72cace7a696b52ff5db9e095?s=96&d=mm&r=g","caption":"hudo"},"url":"https:\/\/hudo.com\/si\/author\/hudo\/"}]}},"amp_enabled":true,"_links":{"self":[{"href":"https:\/\/hudo.com\/si\/wp-json\/wp\/v2\/posts\/85817"}],"collection":[{"href":"https:\/\/hudo.com\/si\/wp-json\/wp\/v2\/posts"}],"about":[{"href":"https:\/\/hudo.com\/si\/wp-json\/wp\/v2\/types\/post"}],"author":[{"embeddable":true,"href":"https:\/\/hudo.com\/si\/wp-json\/wp\/v2\/users\/1"}],"replies":[{"embeddable":true,"href":"https:\/\/hudo.com\/si\/wp-json\/wp\/v2\/comments?post=85817"}],"version-history":[{"count":1,"href":"https:\/\/hudo.com\/si\/wp-json\/wp\/v2\/posts\/85817\/revisions"}],"predecessor-version":[{"id":85909,"href":"https:\/\/hudo.com\/si\/wp-json\/wp\/v2\/posts\/85817\/revisions\/85909"}],"wp:attachment":[{"href":"https:\/\/hudo.com\/si\/wp-json\/wp\/v2\/media?parent=85817"}],"wp:term":[{"taxonomy":"category","embeddable":true,"href":"https:\/\/hudo.com\/si\/wp-json\/wp\/v2\/categories?post=85817"},{"taxonomy":"post_tag","embeddable":true,"href":"https:\/\/hudo.com\/si\/wp-json\/wp\/v2\/tags?post=85817"},{"taxonomy":"source","embeddable":true,"href":"https:\/\/hudo.com\/si\/wp-json\/wp\/v2\/source?post=85817"},{"taxonomy":"supertag","embeddable":true,"href":"https:\/\/hudo.com\/si\/wp-json\/wp\/v2\/supertag?post=85817"}],"curies":[{"name":"wp","href":"https:\/\/api.w.org\/{rel}","templated":true}]}}