{"id":85825,"date":"2016-06-30T13:00:00","date_gmt":"2016-06-30T11:00:00","guid":{"rendered":"http:\/\/hudo.com\/si\/2016\/06\/30\/kako-preziveti-poletje-v-celju\/"},"modified":"2016-06-30T13:00:00","modified_gmt":"2016-06-30T11:00:00","slug":"kako-preziveti-poletje-v-celju","status":"publish","type":"post","link":"https:\/\/hudo.com\/si\/aktualno\/kako-preziveti-poletje-v-celju\/","title":{"rendered":"Kako pre\u017eiveti poletje v &#8230; Celju"},"content":{"rendered":"<p>Kategorija: Slovenija Thu, 30 Jun 2016 15:00:00 +0200  Celjske ulice bodo 1. julija zavzeli fotografi, ko se bo za\u010del \u017ee deveti Celje Fokus, \u0161e edina fotografska delavnica v dr\u017eavi, ki je lani prerasla v festival fotografske fotografije. V dobrem tednu dni bodo odprli fotografske razstave, pripravili bodo pogovore o fotografiji, v goste med drugimi znanimi imeni prihaja leto\u0161nji nagrajenec Word Press Photo Matic Zorman, ki je na delavnicah \u017ee sodeloval kot mentor. Vrhunec leto\u0161njega poletja bo zagotovo muzikal Veronika Deseni\u0161ka. Takrat bo Stari grad po skoraj \u0161esto letih spet sredi\u0161\u010de ene najbolj vznemirljivih ljubezenskih zgodb. Besedilo novinarja\u00a0&#8230;<\/p>\n","protected":false},"excerpt":{"rendered":"<p>Kategorija: Slovenija Thu, 30 Jun 2016 15:00:00 +0200  Celjske ulice bodo 1. julija zavzeli fotografi, ko se bo za\u010del \u017ee deveti Celje Fokus, \u0161e edina fotografska delavnica v dr\u017eavi, ki je lani prerasla v festival fotografske fotografije. V dobrem tednu dni bodo odprli fotografske razstave, pripravili bodo pogovore o fotografiji, v goste med drugimi znanimi imeni prihaja leto\u0161nji nagrajenec Word Press Photo Matic Zorman, ki je na delavnicah \u017ee sodeloval kot mentor. Vrhunec leto\u0161njega poletja bo zagotovo muzikal Veronika Deseni\u0161ka. Takrat bo Stari grad po skoraj \u0161esto letih spet sredi\u0161\u010de ene najbolj vznemirljivih ljubezenskih zgodb. Besedilo novinarja\u00a0&#8230;<\/p>\n","protected":false},"author":1,"featured_media":0,"comment_status":"closed","ping_status":"closed","sticky":false,"template":"","format":"standard","meta":{"footnotes":""},"categories":[1179],"tags":[],"source":[4511],"supertag":[],"acf":[],"yoast_head":"<!-- This site is optimized with the Yoast SEO plugin v21.3 - https:\/\/yoast.com\/wordpress\/plugins\/seo\/ -->\n<title>Kako pre\u017eiveti poletje v ... Celju - Hudo Slovenija<\/title>\n<meta name=\"robots\" content=\"index, follow, max-snippet:-1, max-image-preview:large, max-video-preview:-1\" \/>\n<link rel=\"canonical\" href=\"https:\/\/hudo.com\/si\/aktualno\/kako-preziveti-poletje-v-celju\/\" \/>\n<meta property=\"og:locale\" content=\"sl_SI\" \/>\n<meta property=\"og:type\" content=\"article\" \/>\n<meta property=\"og:title\" content=\"Kako pre\u017eiveti poletje v ... Celju - Hudo Slovenija\" \/>\n<meta property=\"og:description\" content=\"Kategorija: Slovenija Thu, 30 Jun 2016 15:00:00 +0200 Celjske ulice bodo 1. julija zavzeli fotografi, ko se bo za\u010del \u017ee deveti Celje Fokus, \u0161e edina fotografska delavnica v dr\u017eavi, ki je lani prerasla v festival fotografske fotografije. V dobrem tednu dni bodo odprli fotografske razstave, pripravili bodo pogovore o fotografiji, v goste med drugimi znanimi imeni prihaja leto\u0161nji nagrajenec Word Press Photo Matic Zorman, ki je na delavnicah \u017ee sodeloval kot mentor. Vrhunec leto\u0161njega poletja bo zagotovo muzikal Veronika Deseni\u0161ka. Takrat bo Stari grad po skoraj \u0161esto letih spet sredi\u0161\u010de ene najbolj vznemirljivih ljubezenskih zgodb. Besedilo novinarja\u00a0...\" \/>\n<meta property=\"og:url\" content=\"https:\/\/hudo.com\/si\/aktualno\/kako-preziveti-poletje-v-celju\/\" \/>\n<meta property=\"og:site_name\" content=\"Hudo Slovenija\" \/>\n<meta property=\"article:publisher\" content=\"https:\/\/www.facebook.com\/hudo.si\" \/>\n<meta property=\"article:published_time\" content=\"2016-06-30T11:00:00+00:00\" \/>\n<meta property=\"og:image\" content=\"https:\/\/hudo.com\/si\/wp-content\/uploads\/sites\/2\/2016\/06\/480x290_djvu_1036470_matkok_skerl-stari-grad.jpeg\" \/>\n\t<meta property=\"og:image:width\" content=\"480\" \/>\n\t<meta property=\"og:image:height\" content=\"290\" \/>\n\t<meta property=\"og:image:type\" content=\"image\/jpeg\" \/>\n<meta name=\"author\" content=\"hudo\" \/>\n<meta name=\"twitter:card\" content=\"summary_large_image\" \/>\n<meta name=\"twitter:creator\" content=\"@hudo_si\" \/>\n<meta name=\"twitter:site\" content=\"@hudo_si\" \/>\n<meta name=\"twitter:label1\" content=\"Written by\" \/>\n\t<meta name=\"twitter:data1\" content=\"hudo\" \/>\n<script type=\"application\/ld+json\" class=\"yoast-schema-graph\">{\"@context\":\"https:\/\/schema.org\",\"@graph\":[{\"@type\":\"Article\",\"@id\":\"https:\/\/hudo.com\/si\/aktualno\/kako-preziveti-poletje-v-celju\/#article\",\"isPartOf\":{\"@id\":\"https:\/\/hudo.com\/si\/aktualno\/kako-preziveti-poletje-v-celju\/\"},\"author\":{\"name\":\"hudo\",\"@id\":\"https:\/\/hudo.com\/si\/#\/schema\/person\/601cf3379633985b20f7e50f2bb47707\"},\"headline\":\"Kako pre\u017eiveti poletje v &#8230; Celju\",\"datePublished\":\"2016-06-30T11:00:00+00:00\",\"dateModified\":\"2016-06-30T11:00:00+00:00\",\"mainEntityOfPage\":{\"@id\":\"https:\/\/hudo.com\/si\/aktualno\/kako-preziveti-poletje-v-celju\/\"},\"wordCount\":104,\"publisher\":{\"@id\":\"https:\/\/hudo.com\/si\/#organization\"},\"articleSection\":[\"Aktualno\"],\"inLanguage\":\"sl-SI\"},{\"@type\":\"WebPage\",\"@id\":\"https:\/\/hudo.com\/si\/aktualno\/kako-preziveti-poletje-v-celju\/\",\"url\":\"https:\/\/hudo.com\/si\/aktualno\/kako-preziveti-poletje-v-celju\/\",\"name\":\"Kako pre\u017eiveti poletje v ... Celju - Hudo Slovenija\",\"isPartOf\":{\"@id\":\"https:\/\/hudo.com\/si\/#website\"},\"datePublished\":\"2016-06-30T11:00:00+00:00\",\"dateModified\":\"2016-06-30T11:00:00+00:00\",\"breadcrumb\":{\"@id\":\"https:\/\/hudo.com\/si\/aktualno\/kako-preziveti-poletje-v-celju\/#breadcrumb\"},\"inLanguage\":\"sl-SI\",\"potentialAction\":[{\"@type\":\"ReadAction\",\"target\":[\"https:\/\/hudo.com\/si\/aktualno\/kako-preziveti-poletje-v-celju\/\"]}]},{\"@type\":\"BreadcrumbList\",\"@id\":\"https:\/\/hudo.com\/si\/aktualno\/kako-preziveti-poletje-v-celju\/#breadcrumb\",\"itemListElement\":[{\"@type\":\"ListItem\",\"position\":1,\"name\":\"Home\",\"item\":\"https:\/\/hudo.com\/si\/\"},{\"@type\":\"ListItem\",\"position\":2,\"name\":\"Kako pre\u017eiveti poletje v &#8230; Celju\"}]},{\"@type\":\"WebSite\",\"@id\":\"https:\/\/hudo.com\/si\/#website\",\"url\":\"https:\/\/hudo.com\/si\/\",\"name\":\"Hudo Slovenija\",\"description\":\"Vse novice iz Slovenije in sveta\",\"publisher\":{\"@id\":\"https:\/\/hudo.com\/si\/#organization\"},\"potentialAction\":[{\"@type\":\"SearchAction\",\"target\":{\"@type\":\"EntryPoint\",\"urlTemplate\":\"https:\/\/hudo.com\/si\/?s={search_term_string}\"},\"query-input\":\"required name=search_term_string\"}],\"inLanguage\":\"sl-SI\"},{\"@type\":\"Organization\",\"@id\":\"https:\/\/hudo.com\/si\/#organization\",\"name\":\"VSN Media\",\"url\":\"https:\/\/hudo.com\/si\/\",\"logo\":{\"@type\":\"ImageObject\",\"inLanguage\":\"sl-SI\",\"@id\":\"https:\/\/hudo.com\/si\/#\/schema\/logo\/image\/\",\"url\":\"https:\/\/hudo.com\/si\/wp-content\/uploads\/sites\/2\/2021\/03\/hudo-app-2.png\",\"contentUrl\":\"https:\/\/hudo.com\/si\/wp-content\/uploads\/sites\/2\/2021\/03\/hudo-app-2.png\",\"width\":2185,\"height\":2167,\"caption\":\"VSN Media\"},\"image\":{\"@id\":\"https:\/\/hudo.com\/si\/#\/schema\/logo\/image\/\"},\"sameAs\":[\"https:\/\/www.facebook.com\/hudo.si\",\"https:\/\/twitter.com\/hudo_si\"]},{\"@type\":\"Person\",\"@id\":\"https:\/\/hudo.com\/si\/#\/schema\/person\/601cf3379633985b20f7e50f2bb47707\",\"name\":\"hudo\",\"image\":{\"@type\":\"ImageObject\",\"inLanguage\":\"sl-SI\",\"@id\":\"https:\/\/hudo.com\/si\/#\/schema\/person\/image\/\",\"url\":\"https:\/\/secure.gravatar.com\/avatar\/c4ca25fa72cace7a696b52ff5db9e095?s=96&d=mm&r=g\",\"contentUrl\":\"https:\/\/secure.gravatar.com\/avatar\/c4ca25fa72cace7a696b52ff5db9e095?s=96&d=mm&r=g\",\"caption\":\"hudo\"},\"url\":\"https:\/\/hudo.com\/si\/author\/hudo\/\"}]}<\/script>\n<!-- \/ Yoast SEO plugin. -->","yoast_head_json":{"title":"Kako pre\u017eiveti poletje v ... Celju - Hudo Slovenija","robots":{"index":"index","follow":"follow","max-snippet":"max-snippet:-1","max-image-preview":"max-image-preview:large","max-video-preview":"max-video-preview:-1"},"canonical":"https:\/\/hudo.com\/si\/aktualno\/kako-preziveti-poletje-v-celju\/","og_locale":"sl_SI","og_type":"article","og_title":"Kako pre\u017eiveti poletje v ... Celju - Hudo Slovenija","og_description":"Kategorija: Slovenija Thu, 30 Jun 2016 15:00:00 +0200 Celjske ulice bodo 1. julija zavzeli fotografi, ko se bo za\u010del \u017ee deveti Celje Fokus, \u0161e edina fotografska delavnica v dr\u017eavi, ki je lani prerasla v festival fotografske fotografije. V dobrem tednu dni bodo odprli fotografske razstave, pripravili bodo pogovore o fotografiji, v goste med drugimi znanimi imeni prihaja leto\u0161nji nagrajenec Word Press Photo Matic Zorman, ki je na delavnicah \u017ee sodeloval kot mentor. Vrhunec leto\u0161njega poletja bo zagotovo muzikal Veronika Deseni\u0161ka. Takrat bo Stari grad po skoraj \u0161esto letih spet sredi\u0161\u010de ene najbolj vznemirljivih ljubezenskih zgodb. Besedilo novinarja\u00a0...","og_url":"https:\/\/hudo.com\/si\/aktualno\/kako-preziveti-poletje-v-celju\/","og_site_name":"Hudo Slovenija","article_publisher":"https:\/\/www.facebook.com\/hudo.si","article_published_time":"2016-06-30T11:00:00+00:00","og_image":[{"width":480,"height":290,"url":"https:\/\/hudo.com\/si\/wp-content\/uploads\/sites\/2\/2016\/06\/480x290_djvu_1036470_matkok_skerl-stari-grad.jpeg","type":"image\/jpeg"}],"author":"hudo","twitter_card":"summary_large_image","twitter_creator":"@hudo_si","twitter_site":"@hudo_si","twitter_misc":{"Written by":"hudo"},"schema":{"@context":"https:\/\/schema.org","@graph":[{"@type":"Article","@id":"https:\/\/hudo.com\/si\/aktualno\/kako-preziveti-poletje-v-celju\/#article","isPartOf":{"@id":"https:\/\/hudo.com\/si\/aktualno\/kako-preziveti-poletje-v-celju\/"},"author":{"name":"hudo","@id":"https:\/\/hudo.com\/si\/#\/schema\/person\/601cf3379633985b20f7e50f2bb47707"},"headline":"Kako pre\u017eiveti poletje v &#8230; Celju","datePublished":"2016-06-30T11:00:00+00:00","dateModified":"2016-06-30T11:00:00+00:00","mainEntityOfPage":{"@id":"https:\/\/hudo.com\/si\/aktualno\/kako-preziveti-poletje-v-celju\/"},"wordCount":104,"publisher":{"@id":"https:\/\/hudo.com\/si\/#organization"},"articleSection":["Aktualno"],"inLanguage":"sl-SI"},{"@type":"WebPage","@id":"https:\/\/hudo.com\/si\/aktualno\/kako-preziveti-poletje-v-celju\/","url":"https:\/\/hudo.com\/si\/aktualno\/kako-preziveti-poletje-v-celju\/","name":"Kako pre\u017eiveti poletje v ... Celju - Hudo Slovenija","isPartOf":{"@id":"https:\/\/hudo.com\/si\/#website"},"datePublished":"2016-06-30T11:00:00+00:00","dateModified":"2016-06-30T11:00:00+00:00","breadcrumb":{"@id":"https:\/\/hudo.com\/si\/aktualno\/kako-preziveti-poletje-v-celju\/#breadcrumb"},"inLanguage":"sl-SI","potentialAction":[{"@type":"ReadAction","target":["https:\/\/hudo.com\/si\/aktualno\/kako-preziveti-poletje-v-celju\/"]}]},{"@type":"BreadcrumbList","@id":"https:\/\/hudo.com\/si\/aktualno\/kako-preziveti-poletje-v-celju\/#breadcrumb","itemListElement":[{"@type":"ListItem","position":1,"name":"Home","item":"https:\/\/hudo.com\/si\/"},{"@type":"ListItem","position":2,"name":"Kako pre\u017eiveti poletje v &#8230; Celju"}]},{"@type":"WebSite","@id":"https:\/\/hudo.com\/si\/#website","url":"https:\/\/hudo.com\/si\/","name":"Hudo Slovenija","description":"Vse novice iz Slovenije in sveta","publisher":{"@id":"https:\/\/hudo.com\/si\/#organization"},"potentialAction":[{"@type":"SearchAction","target":{"@type":"EntryPoint","urlTemplate":"https:\/\/hudo.com\/si\/?s={search_term_string}"},"query-input":"required name=search_term_string"}],"inLanguage":"sl-SI"},{"@type":"Organization","@id":"https:\/\/hudo.com\/si\/#organization","name":"VSN Media","url":"https:\/\/hudo.com\/si\/","logo":{"@type":"ImageObject","inLanguage":"sl-SI","@id":"https:\/\/hudo.com\/si\/#\/schema\/logo\/image\/","url":"https:\/\/hudo.com\/si\/wp-content\/uploads\/sites\/2\/2021\/03\/hudo-app-2.png","contentUrl":"https:\/\/hudo.com\/si\/wp-content\/uploads\/sites\/2\/2021\/03\/hudo-app-2.png","width":2185,"height":2167,"caption":"VSN Media"},"image":{"@id":"https:\/\/hudo.com\/si\/#\/schema\/logo\/image\/"},"sameAs":["https:\/\/www.facebook.com\/hudo.si","https:\/\/twitter.com\/hudo_si"]},{"@type":"Person","@id":"https:\/\/hudo.com\/si\/#\/schema\/person\/601cf3379633985b20f7e50f2bb47707","name":"hudo","image":{"@type":"ImageObject","inLanguage":"sl-SI","@id":"https:\/\/hudo.com\/si\/#\/schema\/person\/image\/","url":"https:\/\/secure.gravatar.com\/avatar\/c4ca25fa72cace7a696b52ff5db9e095?s=96&d=mm&r=g","contentUrl":"https:\/\/secure.gravatar.com\/avatar\/c4ca25fa72cace7a696b52ff5db9e095?s=96&d=mm&r=g","caption":"hudo"},"url":"https:\/\/hudo.com\/si\/author\/hudo\/"}]}},"amp_enabled":true,"_links":{"self":[{"href":"https:\/\/hudo.com\/si\/wp-json\/wp\/v2\/posts\/85825"}],"collection":[{"href":"https:\/\/hudo.com\/si\/wp-json\/wp\/v2\/posts"}],"about":[{"href":"https:\/\/hudo.com\/si\/wp-json\/wp\/v2\/types\/post"}],"author":[{"embeddable":true,"href":"https:\/\/hudo.com\/si\/wp-json\/wp\/v2\/users\/1"}],"replies":[{"embeddable":true,"href":"https:\/\/hudo.com\/si\/wp-json\/wp\/v2\/comments?post=85825"}],"version-history":[{"count":0,"href":"https:\/\/hudo.com\/si\/wp-json\/wp\/v2\/posts\/85825\/revisions"}],"wp:attachment":[{"href":"https:\/\/hudo.com\/si\/wp-json\/wp\/v2\/media?parent=85825"}],"wp:term":[{"taxonomy":"category","embeddable":true,"href":"https:\/\/hudo.com\/si\/wp-json\/wp\/v2\/categories?post=85825"},{"taxonomy":"post_tag","embeddable":true,"href":"https:\/\/hudo.com\/si\/wp-json\/wp\/v2\/tags?post=85825"},{"taxonomy":"source","embeddable":true,"href":"https:\/\/hudo.com\/si\/wp-json\/wp\/v2\/source?post=85825"},{"taxonomy":"supertag","embeddable":true,"href":"https:\/\/hudo.com\/si\/wp-json\/wp\/v2\/supertag?post=85825"}],"curies":[{"name":"wp","href":"https:\/\/api.w.org\/{rel}","templated":true}]}}