{"id":85836,"date":"2016-06-30T11:53:00","date_gmt":"2016-06-30T09:53:00","guid":{"rendered":"http:\/\/hudo.com\/si\/2016\/06\/30\/johnson-se-ne-bo-potegoval-za-cameronov-stolcek\/"},"modified":"2016-07-01T09:21:52","modified_gmt":"2016-07-01T07:21:52","slug":"johnson-se-ne-bo-potegoval-za-cameronov-stolcek","status":"publish","type":"post","link":"https:\/\/hudo.com\/si\/aktualno\/johnson-se-ne-bo-potegoval-za-cameronov-stolcek\/","title":{"rendered":"Johnson se ne bo potegoval za Cameronov stol\u010dek"},"content":{"rendered":"<p>Nekdanji londonski \u017eupan in vodja tabora za odhod Velike Britanije iz EU Boris Johnson je danes napovedal, da se ne bo potegoval za polo\u017eaj vodje vladajo\u010de konservativne stranke in premierski stol\u010dek. Jonhson je dolgo \u010dasa veljal za favorita za naslednika Davida Camerona. Slednji je po referendumski odlo\u010ditvi za brexit pred tednom dni napovedal odstop, konservativci pa so nato odprli pot za izbiro novega \u0161efa stranke in vlade. \u010clani stranke so imeli danes do 13. ure po srednjeevropskem \u010dasu mo\u017enost vlo\u017eiti kandidature za polo\u017eaj, ime novega \u0161efa bodo konservativci objavili 9. septembra. Johnson je danes obelodanil, da je pri\u0161el do zaklju\u010dka, da ne more biti \u010dlovek, ki bi dr\u017eavo vodil po odlo\u010ditvi za izstop iz EU. &#8220;Po posvetih s kolegi in spri\u010do okoli\u0161\u010din v parlamentu sem pri\u0161el do sklepa, da ta \u010dlovek ne morem biti jaz,&#8221; je v nastopu v sredi\u0161\u010du Londona po poro\u010danju francoske tiskovne agencije AFP sporo\u010dil Johnson. Dvainpetdesetletnik je sicer zelo priljubljen med prebivalstvom, ne pa tudi med konservativnimi poslanci, ki so imeli do njega zadr\u017eke \u017ee v preteklosti, navaja nem\u0161ka tiskovna agencija dpa. Kandidaturo za vodjo konservativcev in vlade sta pred tem danes napovedala 59-letna notranja ministrica Theresa May in 48-letni pravosodni minister Michael Gove. Slednji je bil tako kot Johnson v taboru zagovornikov brexita, danes pa ga je jasno napadel. Kot je dejal, ne verjame, da bi Johnson lahko prevzel vodstvo in oblikoval ekipo za prihodnje naloge. V razvpiti evroskepti\u010darki Mayevi, ki je \u0161tevilne presenetila, ko se je pred referendumom &#8211; v znak discipline v vladi &#8211; priklju\u010dila taboru za obstanek v EU, medtem \u0161tevilni torijci vidijo \u010dloveka kompromisa, ki bi bil zmo\u017een zdru\u017eiti stranko, globoko razklano glede EU. Poleg Mayeve in Gova sta doslej kandidaturo napovedala \u0161e minister za delo Stephen Crabb in nekdanji obrambni minister Liam Fox.Svet<\/p>\n","protected":false},"excerpt":{"rendered":"<p>Nekdanji londonski \u017eupan in vodja tabora za odhod Velike Britanije iz EU Boris Johnson je danes napovedal, da se ne bo potegoval za polo\u017eaj vodje vladajo\u010de konservativne stranke in premierski stol\u010dek. Jonhson je dolgo \u010dasa veljal za favorita za naslednika Davida Camerona. Slednji je po referendumski odlo\u010ditvi za brexit pred tednom dni napovedal odstop, konservativci pa so nato odprli pot za izbiro novega \u0161efa stranke in vlade. \u010clani stranke so imeli danes do 13. ure po srednjeevropskem \u010dasu mo\u017enost vlo\u017eiti kandidature za polo\u017eaj, ime novega \u0161efa bodo konservativci objavili 9. septembra. Johnson je danes obelodanil, da je pri\u0161el do zaklju\u010dka, da ne more biti \u010dlovek, ki bi dr\u017eavo vodil po odlo\u010ditvi za izstop iz EU. &#8220;Po posvetih s kolegi in spri\u010do okoli\u0161\u010din v parlamentu sem pri\u0161el do sklepa, da ta \u010dlovek ne morem biti jaz,&#8221; je v nastopu v sredi\u0161\u010du Londona po poro\u010danju francoske tiskovne agencije AFP sporo\u010dil Johnson. Dvainpetdesetletnik je sicer zelo priljubljen med prebivalstvom, ne pa tudi med konservativnimi poslanci, ki so imeli do njega zadr\u017eke \u017ee v preteklosti, navaja nem\u0161ka tiskovna agencija dpa. Kandidaturo za vodjo konservativcev in vlade sta pred tem danes napovedala 59-letna notranja ministrica Theresa May in 48-letni pravosodni minister Michael Gove. Slednji je bil tako kot Johnson v taboru zagovornikov brexita, danes pa ga je jasno napadel. Kot je dejal, ne verjame, da bi Johnson lahko prevzel vodstvo in oblikoval ekipo za prihodnje naloge. V razvpiti evroskepti\u010darki Mayevi, ki je \u0161tevilne presenetila, ko se je pred referendumom &#8211; v znak discipline v vladi &#8211; priklju\u010dila taboru za obstanek v EU, medtem \u0161tevilni torijci vidijo \u010dloveka kompromisa, ki bi bil zmo\u017een zdru\u017eiti stranko, globoko razklano glede EU. Poleg Mayeve in Gova sta doslej kandidaturo napovedala \u0161e minister za delo Stephen Crabb in nekdanji obrambni minister Liam Fox.Svet<\/p>\n","protected":false},"author":1,"featured_media":0,"comment_status":"closed","ping_status":"closed","sticky":false,"template":"","format":"standard","meta":{"footnotes":""},"categories":[1179],"tags":[],"source":[1711],"supertag":[],"acf":[],"yoast_head":"<!-- This site is optimized with the Yoast SEO plugin v21.3 - https:\/\/yoast.com\/wordpress\/plugins\/seo\/ -->\n<title>Johnson se ne bo potegoval za Cameronov stol\u010dek - Hudo Slovenija<\/title>\n<meta name=\"robots\" content=\"index, follow, max-snippet:-1, max-image-preview:large, max-video-preview:-1\" \/>\n<link rel=\"canonical\" href=\"https:\/\/hudo.com\/si\/aktualno\/johnson-se-ne-bo-potegoval-za-cameronov-stolcek\/\" \/>\n<meta property=\"og:locale\" content=\"sl_SI\" \/>\n<meta property=\"og:type\" content=\"article\" \/>\n<meta property=\"og:title\" content=\"Johnson se ne bo potegoval za Cameronov stol\u010dek - Hudo Slovenija\" \/>\n<meta property=\"og:description\" content=\"Nekdanji londonski \u017eupan in vodja tabora za odhod Velike Britanije iz EU Boris Johnson je danes napovedal, da se ne bo potegoval za polo\u017eaj vodje vladajo\u010de konservativne stranke in premierski stol\u010dek. Jonhson je dolgo \u010dasa veljal za favorita za naslednika Davida Camerona. Slednji je po referendumski odlo\u010ditvi za brexit pred tednom dni napovedal odstop, konservativci pa so nato odprli pot za izbiro novega \u0161efa stranke in vlade. \u010clani stranke so imeli danes do 13. ure po srednjeevropskem \u010dasu mo\u017enost vlo\u017eiti kandidature za polo\u017eaj, ime novega \u0161efa bodo konservativci objavili 9. septembra. Johnson je danes obelodanil, da je pri\u0161el do zaklju\u010dka, da ne more biti \u010dlovek, ki bi dr\u017eavo vodil po odlo\u010ditvi za izstop iz EU. &quot;Po posvetih s kolegi in spri\u010do okoli\u0161\u010din v parlamentu sem pri\u0161el do sklepa, da ta \u010dlovek ne morem biti jaz,&quot; je v nastopu v sredi\u0161\u010du Londona po poro\u010danju francoske tiskovne agencije AFP sporo\u010dil Johnson. Dvainpetdesetletnik je sicer zelo priljubljen med prebivalstvom, ne pa tudi med konservativnimi poslanci, ki so imeli do njega zadr\u017eke \u017ee v preteklosti, navaja nem\u0161ka tiskovna agencija dpa. Kandidaturo za vodjo konservativcev in vlade sta pred tem danes napovedala 59-letna notranja ministrica Theresa May in 48-letni pravosodni minister Michael Gove. Slednji je bil tako kot Johnson v taboru zagovornikov brexita, danes pa ga je jasno napadel. Kot je dejal, ne verjame, da bi Johnson lahko prevzel vodstvo in oblikoval ekipo za prihodnje naloge. V razvpiti evroskepti\u010darki Mayevi, ki je \u0161tevilne presenetila, ko se je pred referendumom - v znak discipline v vladi - priklju\u010dila taboru za obstanek v EU, medtem \u0161tevilni torijci vidijo \u010dloveka kompromisa, ki bi bil zmo\u017een zdru\u017eiti stranko, globoko razklano glede EU. Poleg Mayeve in Gova sta doslej kandidaturo napovedala \u0161e minister za delo Stephen Crabb in nekdanji obrambni minister Liam Fox.Svet\" \/>\n<meta property=\"og:url\" content=\"https:\/\/hudo.com\/si\/aktualno\/johnson-se-ne-bo-potegoval-za-cameronov-stolcek\/\" \/>\n<meta property=\"og:site_name\" content=\"Hudo Slovenija\" \/>\n<meta property=\"article:publisher\" content=\"https:\/\/www.facebook.com\/hudo.si\" \/>\n<meta property=\"article:published_time\" content=\"2016-06-30T09:53:00+00:00\" \/>\n<meta property=\"article:modified_time\" content=\"2016-07-01T07:21:52+00:00\" \/>\n<meta property=\"og:image\" content=\"https:\/\/hudo.com\/si\/wp-content\/uploads\/sites\/2\/2016\/06\/MDF65987-300.jpg\" \/>\n\t<meta property=\"og:image:width\" content=\"450\" \/>\n\t<meta property=\"og:image:height\" content=\"279\" \/>\n\t<meta property=\"og:image:type\" content=\"image\/jpeg\" \/>\n<meta name=\"author\" content=\"hudo\" \/>\n<meta name=\"twitter:card\" content=\"summary_large_image\" \/>\n<meta name=\"twitter:creator\" content=\"@hudo_si\" \/>\n<meta name=\"twitter:site\" content=\"@hudo_si\" \/>\n<meta name=\"twitter:label1\" content=\"Written by\" \/>\n\t<meta name=\"twitter:data1\" content=\"hudo\" \/>\n\t<meta name=\"twitter:label2\" content=\"Est. reading time\" \/>\n\t<meta name=\"twitter:data2\" content=\"2 minuti\" \/>\n<script type=\"application\/ld+json\" class=\"yoast-schema-graph\">{\"@context\":\"https:\/\/schema.org\",\"@graph\":[{\"@type\":\"Article\",\"@id\":\"https:\/\/hudo.com\/si\/aktualno\/johnson-se-ne-bo-potegoval-za-cameronov-stolcek\/#article\",\"isPartOf\":{\"@id\":\"https:\/\/hudo.com\/si\/aktualno\/johnson-se-ne-bo-potegoval-za-cameronov-stolcek\/\"},\"author\":{\"name\":\"hudo\",\"@id\":\"https:\/\/hudo.com\/si\/#\/schema\/person\/601cf3379633985b20f7e50f2bb47707\"},\"headline\":\"Johnson se ne bo potegoval za Cameronov stol\u010dek\",\"datePublished\":\"2016-06-30T09:53:00+00:00\",\"dateModified\":\"2016-07-01T07:21:52+00:00\",\"mainEntityOfPage\":{\"@id\":\"https:\/\/hudo.com\/si\/aktualno\/johnson-se-ne-bo-potegoval-za-cameronov-stolcek\/\"},\"wordCount\":324,\"publisher\":{\"@id\":\"https:\/\/hudo.com\/si\/#organization\"},\"articleSection\":[\"Aktualno\"],\"inLanguage\":\"sl-SI\"},{\"@type\":\"WebPage\",\"@id\":\"https:\/\/hudo.com\/si\/aktualno\/johnson-se-ne-bo-potegoval-za-cameronov-stolcek\/\",\"url\":\"https:\/\/hudo.com\/si\/aktualno\/johnson-se-ne-bo-potegoval-za-cameronov-stolcek\/\",\"name\":\"Johnson se ne bo potegoval za Cameronov stol\u010dek - Hudo Slovenija\",\"isPartOf\":{\"@id\":\"https:\/\/hudo.com\/si\/#website\"},\"datePublished\":\"2016-06-30T09:53:00+00:00\",\"dateModified\":\"2016-07-01T07:21:52+00:00\",\"breadcrumb\":{\"@id\":\"https:\/\/hudo.com\/si\/aktualno\/johnson-se-ne-bo-potegoval-za-cameronov-stolcek\/#breadcrumb\"},\"inLanguage\":\"sl-SI\",\"potentialAction\":[{\"@type\":\"ReadAction\",\"target\":[\"https:\/\/hudo.com\/si\/aktualno\/johnson-se-ne-bo-potegoval-za-cameronov-stolcek\/\"]}]},{\"@type\":\"BreadcrumbList\",\"@id\":\"https:\/\/hudo.com\/si\/aktualno\/johnson-se-ne-bo-potegoval-za-cameronov-stolcek\/#breadcrumb\",\"itemListElement\":[{\"@type\":\"ListItem\",\"position\":1,\"name\":\"Home\",\"item\":\"https:\/\/hudo.com\/si\/\"},{\"@type\":\"ListItem\",\"position\":2,\"name\":\"Johnson se ne bo potegoval za Cameronov stol\u010dek\"}]},{\"@type\":\"WebSite\",\"@id\":\"https:\/\/hudo.com\/si\/#website\",\"url\":\"https:\/\/hudo.com\/si\/\",\"name\":\"Hudo Slovenija\",\"description\":\"Vse novice iz Slovenije in sveta\",\"publisher\":{\"@id\":\"https:\/\/hudo.com\/si\/#organization\"},\"potentialAction\":[{\"@type\":\"SearchAction\",\"target\":{\"@type\":\"EntryPoint\",\"urlTemplate\":\"https:\/\/hudo.com\/si\/?s={search_term_string}\"},\"query-input\":\"required name=search_term_string\"}],\"inLanguage\":\"sl-SI\"},{\"@type\":\"Organization\",\"@id\":\"https:\/\/hudo.com\/si\/#organization\",\"name\":\"VSN Media\",\"url\":\"https:\/\/hudo.com\/si\/\",\"logo\":{\"@type\":\"ImageObject\",\"inLanguage\":\"sl-SI\",\"@id\":\"https:\/\/hudo.com\/si\/#\/schema\/logo\/image\/\",\"url\":\"https:\/\/hudo.com\/si\/wp-content\/uploads\/sites\/2\/2021\/03\/hudo-app-2.png\",\"contentUrl\":\"https:\/\/hudo.com\/si\/wp-content\/uploads\/sites\/2\/2021\/03\/hudo-app-2.png\",\"width\":2185,\"height\":2167,\"caption\":\"VSN Media\"},\"image\":{\"@id\":\"https:\/\/hudo.com\/si\/#\/schema\/logo\/image\/\"},\"sameAs\":[\"https:\/\/www.facebook.com\/hudo.si\",\"https:\/\/twitter.com\/hudo_si\"]},{\"@type\":\"Person\",\"@id\":\"https:\/\/hudo.com\/si\/#\/schema\/person\/601cf3379633985b20f7e50f2bb47707\",\"name\":\"hudo\",\"image\":{\"@type\":\"ImageObject\",\"inLanguage\":\"sl-SI\",\"@id\":\"https:\/\/hudo.com\/si\/#\/schema\/person\/image\/\",\"url\":\"https:\/\/secure.gravatar.com\/avatar\/c4ca25fa72cace7a696b52ff5db9e095?s=96&d=mm&r=g\",\"contentUrl\":\"https:\/\/secure.gravatar.com\/avatar\/c4ca25fa72cace7a696b52ff5db9e095?s=96&d=mm&r=g\",\"caption\":\"hudo\"},\"url\":\"https:\/\/hudo.com\/si\/author\/hudo\/\"}]}<\/script>\n<!-- \/ Yoast SEO plugin. -->","yoast_head_json":{"title":"Johnson se ne bo potegoval za Cameronov stol\u010dek - Hudo Slovenija","robots":{"index":"index","follow":"follow","max-snippet":"max-snippet:-1","max-image-preview":"max-image-preview:large","max-video-preview":"max-video-preview:-1"},"canonical":"https:\/\/hudo.com\/si\/aktualno\/johnson-se-ne-bo-potegoval-za-cameronov-stolcek\/","og_locale":"sl_SI","og_type":"article","og_title":"Johnson se ne bo potegoval za Cameronov stol\u010dek - Hudo Slovenija","og_description":"Nekdanji londonski \u017eupan in vodja tabora za odhod Velike Britanije iz EU Boris Johnson je danes napovedal, da se ne bo potegoval za polo\u017eaj vodje vladajo\u010de konservativne stranke in premierski stol\u010dek. Jonhson je dolgo \u010dasa veljal za favorita za naslednika Davida Camerona. Slednji je po referendumski odlo\u010ditvi za brexit pred tednom dni napovedal odstop, konservativci pa so nato odprli pot za izbiro novega \u0161efa stranke in vlade. \u010clani stranke so imeli danes do 13. ure po srednjeevropskem \u010dasu mo\u017enost vlo\u017eiti kandidature za polo\u017eaj, ime novega \u0161efa bodo konservativci objavili 9. septembra. Johnson je danes obelodanil, da je pri\u0161el do zaklju\u010dka, da ne more biti \u010dlovek, ki bi dr\u017eavo vodil po odlo\u010ditvi za izstop iz EU. \"Po posvetih s kolegi in spri\u010do okoli\u0161\u010din v parlamentu sem pri\u0161el do sklepa, da ta \u010dlovek ne morem biti jaz,\" je v nastopu v sredi\u0161\u010du Londona po poro\u010danju francoske tiskovne agencije AFP sporo\u010dil Johnson. Dvainpetdesetletnik je sicer zelo priljubljen med prebivalstvom, ne pa tudi med konservativnimi poslanci, ki so imeli do njega zadr\u017eke \u017ee v preteklosti, navaja nem\u0161ka tiskovna agencija dpa. Kandidaturo za vodjo konservativcev in vlade sta pred tem danes napovedala 59-letna notranja ministrica Theresa May in 48-letni pravosodni minister Michael Gove. Slednji je bil tako kot Johnson v taboru zagovornikov brexita, danes pa ga je jasno napadel. Kot je dejal, ne verjame, da bi Johnson lahko prevzel vodstvo in oblikoval ekipo za prihodnje naloge. V razvpiti evroskepti\u010darki Mayevi, ki je \u0161tevilne presenetila, ko se je pred referendumom - v znak discipline v vladi - priklju\u010dila taboru za obstanek v EU, medtem \u0161tevilni torijci vidijo \u010dloveka kompromisa, ki bi bil zmo\u017een zdru\u017eiti stranko, globoko razklano glede EU. Poleg Mayeve in Gova sta doslej kandidaturo napovedala \u0161e minister za delo Stephen Crabb in nekdanji obrambni minister Liam Fox.Svet","og_url":"https:\/\/hudo.com\/si\/aktualno\/johnson-se-ne-bo-potegoval-za-cameronov-stolcek\/","og_site_name":"Hudo Slovenija","article_publisher":"https:\/\/www.facebook.com\/hudo.si","article_published_time":"2016-06-30T09:53:00+00:00","article_modified_time":"2016-07-01T07:21:52+00:00","og_image":[{"width":450,"height":279,"url":"https:\/\/hudo.com\/si\/wp-content\/uploads\/sites\/2\/2016\/06\/MDF65987-300.jpg","type":"image\/jpeg"}],"author":"hudo","twitter_card":"summary_large_image","twitter_creator":"@hudo_si","twitter_site":"@hudo_si","twitter_misc":{"Written by":"hudo","Est. reading time":"2 minuti"},"schema":{"@context":"https:\/\/schema.org","@graph":[{"@type":"Article","@id":"https:\/\/hudo.com\/si\/aktualno\/johnson-se-ne-bo-potegoval-za-cameronov-stolcek\/#article","isPartOf":{"@id":"https:\/\/hudo.com\/si\/aktualno\/johnson-se-ne-bo-potegoval-za-cameronov-stolcek\/"},"author":{"name":"hudo","@id":"https:\/\/hudo.com\/si\/#\/schema\/person\/601cf3379633985b20f7e50f2bb47707"},"headline":"Johnson se ne bo potegoval za Cameronov stol\u010dek","datePublished":"2016-06-30T09:53:00+00:00","dateModified":"2016-07-01T07:21:52+00:00","mainEntityOfPage":{"@id":"https:\/\/hudo.com\/si\/aktualno\/johnson-se-ne-bo-potegoval-za-cameronov-stolcek\/"},"wordCount":324,"publisher":{"@id":"https:\/\/hudo.com\/si\/#organization"},"articleSection":["Aktualno"],"inLanguage":"sl-SI"},{"@type":"WebPage","@id":"https:\/\/hudo.com\/si\/aktualno\/johnson-se-ne-bo-potegoval-za-cameronov-stolcek\/","url":"https:\/\/hudo.com\/si\/aktualno\/johnson-se-ne-bo-potegoval-za-cameronov-stolcek\/","name":"Johnson se ne bo potegoval za Cameronov stol\u010dek - Hudo Slovenija","isPartOf":{"@id":"https:\/\/hudo.com\/si\/#website"},"datePublished":"2016-06-30T09:53:00+00:00","dateModified":"2016-07-01T07:21:52+00:00","breadcrumb":{"@id":"https:\/\/hudo.com\/si\/aktualno\/johnson-se-ne-bo-potegoval-za-cameronov-stolcek\/#breadcrumb"},"inLanguage":"sl-SI","potentialAction":[{"@type":"ReadAction","target":["https:\/\/hudo.com\/si\/aktualno\/johnson-se-ne-bo-potegoval-za-cameronov-stolcek\/"]}]},{"@type":"BreadcrumbList","@id":"https:\/\/hudo.com\/si\/aktualno\/johnson-se-ne-bo-potegoval-za-cameronov-stolcek\/#breadcrumb","itemListElement":[{"@type":"ListItem","position":1,"name":"Home","item":"https:\/\/hudo.com\/si\/"},{"@type":"ListItem","position":2,"name":"Johnson se ne bo potegoval za Cameronov stol\u010dek"}]},{"@type":"WebSite","@id":"https:\/\/hudo.com\/si\/#website","url":"https:\/\/hudo.com\/si\/","name":"Hudo Slovenija","description":"Vse novice iz Slovenije in sveta","publisher":{"@id":"https:\/\/hudo.com\/si\/#organization"},"potentialAction":[{"@type":"SearchAction","target":{"@type":"EntryPoint","urlTemplate":"https:\/\/hudo.com\/si\/?s={search_term_string}"},"query-input":"required name=search_term_string"}],"inLanguage":"sl-SI"},{"@type":"Organization","@id":"https:\/\/hudo.com\/si\/#organization","name":"VSN Media","url":"https:\/\/hudo.com\/si\/","logo":{"@type":"ImageObject","inLanguage":"sl-SI","@id":"https:\/\/hudo.com\/si\/#\/schema\/logo\/image\/","url":"https:\/\/hudo.com\/si\/wp-content\/uploads\/sites\/2\/2021\/03\/hudo-app-2.png","contentUrl":"https:\/\/hudo.com\/si\/wp-content\/uploads\/sites\/2\/2021\/03\/hudo-app-2.png","width":2185,"height":2167,"caption":"VSN Media"},"image":{"@id":"https:\/\/hudo.com\/si\/#\/schema\/logo\/image\/"},"sameAs":["https:\/\/www.facebook.com\/hudo.si","https:\/\/twitter.com\/hudo_si"]},{"@type":"Person","@id":"https:\/\/hudo.com\/si\/#\/schema\/person\/601cf3379633985b20f7e50f2bb47707","name":"hudo","image":{"@type":"ImageObject","inLanguage":"sl-SI","@id":"https:\/\/hudo.com\/si\/#\/schema\/person\/image\/","url":"https:\/\/secure.gravatar.com\/avatar\/c4ca25fa72cace7a696b52ff5db9e095?s=96&d=mm&r=g","contentUrl":"https:\/\/secure.gravatar.com\/avatar\/c4ca25fa72cace7a696b52ff5db9e095?s=96&d=mm&r=g","caption":"hudo"},"url":"https:\/\/hudo.com\/si\/author\/hudo\/"}]}},"amp_enabled":true,"_links":{"self":[{"href":"https:\/\/hudo.com\/si\/wp-json\/wp\/v2\/posts\/85836"}],"collection":[{"href":"https:\/\/hudo.com\/si\/wp-json\/wp\/v2\/posts"}],"about":[{"href":"https:\/\/hudo.com\/si\/wp-json\/wp\/v2\/types\/post"}],"author":[{"embeddable":true,"href":"https:\/\/hudo.com\/si\/wp-json\/wp\/v2\/users\/1"}],"replies":[{"embeddable":true,"href":"https:\/\/hudo.com\/si\/wp-json\/wp\/v2\/comments?post=85836"}],"version-history":[{"count":1,"href":"https:\/\/hudo.com\/si\/wp-json\/wp\/v2\/posts\/85836\/revisions"}],"predecessor-version":[{"id":85916,"href":"https:\/\/hudo.com\/si\/wp-json\/wp\/v2\/posts\/85836\/revisions\/85916"}],"wp:attachment":[{"href":"https:\/\/hudo.com\/si\/wp-json\/wp\/v2\/media?parent=85836"}],"wp:term":[{"taxonomy":"category","embeddable":true,"href":"https:\/\/hudo.com\/si\/wp-json\/wp\/v2\/categories?post=85836"},{"taxonomy":"post_tag","embeddable":true,"href":"https:\/\/hudo.com\/si\/wp-json\/wp\/v2\/tags?post=85836"},{"taxonomy":"source","embeddable":true,"href":"https:\/\/hudo.com\/si\/wp-json\/wp\/v2\/source?post=85836"},{"taxonomy":"supertag","embeddable":true,"href":"https:\/\/hudo.com\/si\/wp-json\/wp\/v2\/supertag?post=85836"}],"curies":[{"name":"wp","href":"https:\/\/api.w.org\/{rel}","templated":true}]}}