{"id":85891,"date":"2016-06-30T14:25:32","date_gmt":"2016-06-30T12:25:32","guid":{"rendered":"http:\/\/hudo.com\/si\/2016\/06\/30\/julij-v-bovcu-v-znamenju-orkesterkampa\/"},"modified":"2016-07-03T17:07:21","modified_gmt":"2016-07-03T15:07:21","slug":"julij-v-bovcu-v-znamenju-orkesterkampa","status":"publish","type":"post","link":"https:\/\/hudo.com\/si\/aktualno\/julij-v-bovcu-v-znamenju-orkesterkampa\/","title":{"rendered":"Julij v Bovcu v znamenju Orkesterkampa"},"content":{"rendered":"<p>V Bovcu bo do 26. julija potekal 11. Orkesterkamp, ki ga pripravlja Zavod lepih umetnosti Upol pod umetni\u0161kim vodstvom Simona Per\u010di\u010da. Na leto\u0161nji mednarodni poletni orkestrski in komorni \u0161oli bo sodelovalo okrog 380 glasbenikov iz Slovenije, Italije, Avstrije, Hrva\u0161ke, Mad\u017earske in Poljske.<\/p>\n","protected":false},"excerpt":{"rendered":"<p>V Bovcu bo do 26. julija potekal 11. Orkesterkamp, ki ga pripravlja Zavod lepih umetnosti Upol pod umetni\u0161kim vodstvom Simona Per\u010di\u010da. Na leto\u0161nji mednarodni poletni orkestrski in komorni \u0161oli bo sodelovalo okrog 380 glasbenikov iz Slovenije, Italije, Avstrije, Hrva\u0161ke, Mad\u017earske in Poljske.<\/p>\n","protected":false},"author":1,"featured_media":0,"comment_status":"closed","ping_status":"closed","sticky":false,"template":"","format":"standard","meta":{"footnotes":""},"categories":[1179],"tags":[],"source":[1707],"supertag":[],"acf":[],"yoast_head":"<!-- This site is optimized with the Yoast SEO plugin v21.3 - https:\/\/yoast.com\/wordpress\/plugins\/seo\/ -->\n<title>Julij v Bovcu v znamenju Orkesterkampa - Hudo Slovenija<\/title>\n<meta name=\"robots\" content=\"index, follow, max-snippet:-1, max-image-preview:large, max-video-preview:-1\" \/>\n<link rel=\"canonical\" href=\"https:\/\/hudo.com\/si\/aktualno\/julij-v-bovcu-v-znamenju-orkesterkampa\/\" \/>\n<meta property=\"og:locale\" content=\"sl_SI\" \/>\n<meta property=\"og:type\" content=\"article\" \/>\n<meta property=\"og:title\" content=\"Julij v Bovcu v znamenju Orkesterkampa - Hudo Slovenija\" \/>\n<meta property=\"og:description\" content=\"V Bovcu bo do 26. julija potekal 11. Orkesterkamp, ki ga pripravlja Zavod lepih umetnosti Upol pod umetni\u0161kim vodstvom Simona Per\u010di\u010da. Na leto\u0161nji mednarodni poletni orkestrski in komorni \u0161oli bo sodelovalo okrog 380 glasbenikov iz Slovenije, Italije, Avstrije, Hrva\u0161ke, Mad\u017earske in Poljske.\" \/>\n<meta property=\"og:url\" content=\"https:\/\/hudo.com\/si\/aktualno\/julij-v-bovcu-v-znamenju-orkesterkampa\/\" \/>\n<meta property=\"og:site_name\" content=\"Hudo Slovenija\" \/>\n<meta property=\"article:publisher\" content=\"https:\/\/www.facebook.com\/hudo.si\" \/>\n<meta property=\"article:published_time\" content=\"2016-06-30T12:25:32+00:00\" \/>\n<meta property=\"article:modified_time\" content=\"2016-07-03T15:07:21+00:00\" \/>\n<meta property=\"og:image\" content=\"https:\/\/hudo.com\/si\/wp-content\/uploads\/sites\/2\/2016\/06\/150-orkester.jpg\" \/>\n\t<meta property=\"og:image:width\" content=\"620\" \/>\n\t<meta property=\"og:image:height\" content=\"413\" \/>\n\t<meta property=\"og:image:type\" content=\"image\/jpeg\" \/>\n<meta name=\"author\" content=\"hudo\" \/>\n<meta name=\"twitter:card\" content=\"summary_large_image\" \/>\n<meta name=\"twitter:creator\" content=\"@hudo_si\" \/>\n<meta name=\"twitter:site\" content=\"@hudo_si\" \/>\n<meta name=\"twitter:label1\" content=\"Written by\" \/>\n\t<meta name=\"twitter:data1\" content=\"hudo\" \/>\n<script type=\"application\/ld+json\" class=\"yoast-schema-graph\">{\"@context\":\"https:\/\/schema.org\",\"@graph\":[{\"@type\":\"Article\",\"@id\":\"https:\/\/hudo.com\/si\/aktualno\/julij-v-bovcu-v-znamenju-orkesterkampa\/#article\",\"isPartOf\":{\"@id\":\"https:\/\/hudo.com\/si\/aktualno\/julij-v-bovcu-v-znamenju-orkesterkampa\/\"},\"author\":{\"name\":\"hudo\",\"@id\":\"https:\/\/hudo.com\/si\/#\/schema\/person\/601cf3379633985b20f7e50f2bb47707\"},\"headline\":\"Julij v Bovcu v znamenju Orkesterkampa\",\"datePublished\":\"2016-06-30T12:25:32+00:00\",\"dateModified\":\"2016-07-03T15:07:21+00:00\",\"mainEntityOfPage\":{\"@id\":\"https:\/\/hudo.com\/si\/aktualno\/julij-v-bovcu-v-znamenju-orkesterkampa\/\"},\"wordCount\":51,\"publisher\":{\"@id\":\"https:\/\/hudo.com\/si\/#organization\"},\"articleSection\":[\"Aktualno\"],\"inLanguage\":\"sl-SI\"},{\"@type\":\"WebPage\",\"@id\":\"https:\/\/hudo.com\/si\/aktualno\/julij-v-bovcu-v-znamenju-orkesterkampa\/\",\"url\":\"https:\/\/hudo.com\/si\/aktualno\/julij-v-bovcu-v-znamenju-orkesterkampa\/\",\"name\":\"Julij v Bovcu v znamenju Orkesterkampa - Hudo Slovenija\",\"isPartOf\":{\"@id\":\"https:\/\/hudo.com\/si\/#website\"},\"datePublished\":\"2016-06-30T12:25:32+00:00\",\"dateModified\":\"2016-07-03T15:07:21+00:00\",\"breadcrumb\":{\"@id\":\"https:\/\/hudo.com\/si\/aktualno\/julij-v-bovcu-v-znamenju-orkesterkampa\/#breadcrumb\"},\"inLanguage\":\"sl-SI\",\"potentialAction\":[{\"@type\":\"ReadAction\",\"target\":[\"https:\/\/hudo.com\/si\/aktualno\/julij-v-bovcu-v-znamenju-orkesterkampa\/\"]}]},{\"@type\":\"BreadcrumbList\",\"@id\":\"https:\/\/hudo.com\/si\/aktualno\/julij-v-bovcu-v-znamenju-orkesterkampa\/#breadcrumb\",\"itemListElement\":[{\"@type\":\"ListItem\",\"position\":1,\"name\":\"Home\",\"item\":\"https:\/\/hudo.com\/si\/\"},{\"@type\":\"ListItem\",\"position\":2,\"name\":\"Julij v Bovcu v znamenju Orkesterkampa\"}]},{\"@type\":\"WebSite\",\"@id\":\"https:\/\/hudo.com\/si\/#website\",\"url\":\"https:\/\/hudo.com\/si\/\",\"name\":\"Hudo Slovenija\",\"description\":\"Vse novice iz Slovenije in sveta\",\"publisher\":{\"@id\":\"https:\/\/hudo.com\/si\/#organization\"},\"potentialAction\":[{\"@type\":\"SearchAction\",\"target\":{\"@type\":\"EntryPoint\",\"urlTemplate\":\"https:\/\/hudo.com\/si\/?s={search_term_string}\"},\"query-input\":\"required name=search_term_string\"}],\"inLanguage\":\"sl-SI\"},{\"@type\":\"Organization\",\"@id\":\"https:\/\/hudo.com\/si\/#organization\",\"name\":\"VSN Media\",\"url\":\"https:\/\/hudo.com\/si\/\",\"logo\":{\"@type\":\"ImageObject\",\"inLanguage\":\"sl-SI\",\"@id\":\"https:\/\/hudo.com\/si\/#\/schema\/logo\/image\/\",\"url\":\"https:\/\/hudo.com\/si\/wp-content\/uploads\/sites\/2\/2021\/03\/hudo-app-2.png\",\"contentUrl\":\"https:\/\/hudo.com\/si\/wp-content\/uploads\/sites\/2\/2021\/03\/hudo-app-2.png\",\"width\":2185,\"height\":2167,\"caption\":\"VSN Media\"},\"image\":{\"@id\":\"https:\/\/hudo.com\/si\/#\/schema\/logo\/image\/\"},\"sameAs\":[\"https:\/\/www.facebook.com\/hudo.si\",\"https:\/\/twitter.com\/hudo_si\"]},{\"@type\":\"Person\",\"@id\":\"https:\/\/hudo.com\/si\/#\/schema\/person\/601cf3379633985b20f7e50f2bb47707\",\"name\":\"hudo\",\"image\":{\"@type\":\"ImageObject\",\"inLanguage\":\"sl-SI\",\"@id\":\"https:\/\/hudo.com\/si\/#\/schema\/person\/image\/\",\"url\":\"https:\/\/secure.gravatar.com\/avatar\/c4ca25fa72cace7a696b52ff5db9e095?s=96&d=mm&r=g\",\"contentUrl\":\"https:\/\/secure.gravatar.com\/avatar\/c4ca25fa72cace7a696b52ff5db9e095?s=96&d=mm&r=g\",\"caption\":\"hudo\"},\"url\":\"https:\/\/hudo.com\/si\/author\/hudo\/\"}]}<\/script>\n<!-- \/ Yoast SEO plugin. -->","yoast_head_json":{"title":"Julij v Bovcu v znamenju Orkesterkampa - Hudo Slovenija","robots":{"index":"index","follow":"follow","max-snippet":"max-snippet:-1","max-image-preview":"max-image-preview:large","max-video-preview":"max-video-preview:-1"},"canonical":"https:\/\/hudo.com\/si\/aktualno\/julij-v-bovcu-v-znamenju-orkesterkampa\/","og_locale":"sl_SI","og_type":"article","og_title":"Julij v Bovcu v znamenju Orkesterkampa - Hudo Slovenija","og_description":"V Bovcu bo do 26. julija potekal 11. Orkesterkamp, ki ga pripravlja Zavod lepih umetnosti Upol pod umetni\u0161kim vodstvom Simona Per\u010di\u010da. Na leto\u0161nji mednarodni poletni orkestrski in komorni \u0161oli bo sodelovalo okrog 380 glasbenikov iz Slovenije, Italije, Avstrije, Hrva\u0161ke, Mad\u017earske in Poljske.","og_url":"https:\/\/hudo.com\/si\/aktualno\/julij-v-bovcu-v-znamenju-orkesterkampa\/","og_site_name":"Hudo Slovenija","article_publisher":"https:\/\/www.facebook.com\/hudo.si","article_published_time":"2016-06-30T12:25:32+00:00","article_modified_time":"2016-07-03T15:07:21+00:00","og_image":[{"width":620,"height":413,"url":"https:\/\/hudo.com\/si\/wp-content\/uploads\/sites\/2\/2016\/06\/150-orkester.jpg","type":"image\/jpeg"}],"author":"hudo","twitter_card":"summary_large_image","twitter_creator":"@hudo_si","twitter_site":"@hudo_si","twitter_misc":{"Written by":"hudo"},"schema":{"@context":"https:\/\/schema.org","@graph":[{"@type":"Article","@id":"https:\/\/hudo.com\/si\/aktualno\/julij-v-bovcu-v-znamenju-orkesterkampa\/#article","isPartOf":{"@id":"https:\/\/hudo.com\/si\/aktualno\/julij-v-bovcu-v-znamenju-orkesterkampa\/"},"author":{"name":"hudo","@id":"https:\/\/hudo.com\/si\/#\/schema\/person\/601cf3379633985b20f7e50f2bb47707"},"headline":"Julij v Bovcu v znamenju Orkesterkampa","datePublished":"2016-06-30T12:25:32+00:00","dateModified":"2016-07-03T15:07:21+00:00","mainEntityOfPage":{"@id":"https:\/\/hudo.com\/si\/aktualno\/julij-v-bovcu-v-znamenju-orkesterkampa\/"},"wordCount":51,"publisher":{"@id":"https:\/\/hudo.com\/si\/#organization"},"articleSection":["Aktualno"],"inLanguage":"sl-SI"},{"@type":"WebPage","@id":"https:\/\/hudo.com\/si\/aktualno\/julij-v-bovcu-v-znamenju-orkesterkampa\/","url":"https:\/\/hudo.com\/si\/aktualno\/julij-v-bovcu-v-znamenju-orkesterkampa\/","name":"Julij v Bovcu v znamenju Orkesterkampa - Hudo Slovenija","isPartOf":{"@id":"https:\/\/hudo.com\/si\/#website"},"datePublished":"2016-06-30T12:25:32+00:00","dateModified":"2016-07-03T15:07:21+00:00","breadcrumb":{"@id":"https:\/\/hudo.com\/si\/aktualno\/julij-v-bovcu-v-znamenju-orkesterkampa\/#breadcrumb"},"inLanguage":"sl-SI","potentialAction":[{"@type":"ReadAction","target":["https:\/\/hudo.com\/si\/aktualno\/julij-v-bovcu-v-znamenju-orkesterkampa\/"]}]},{"@type":"BreadcrumbList","@id":"https:\/\/hudo.com\/si\/aktualno\/julij-v-bovcu-v-znamenju-orkesterkampa\/#breadcrumb","itemListElement":[{"@type":"ListItem","position":1,"name":"Home","item":"https:\/\/hudo.com\/si\/"},{"@type":"ListItem","position":2,"name":"Julij v Bovcu v znamenju Orkesterkampa"}]},{"@type":"WebSite","@id":"https:\/\/hudo.com\/si\/#website","url":"https:\/\/hudo.com\/si\/","name":"Hudo Slovenija","description":"Vse novice iz Slovenije in sveta","publisher":{"@id":"https:\/\/hudo.com\/si\/#organization"},"potentialAction":[{"@type":"SearchAction","target":{"@type":"EntryPoint","urlTemplate":"https:\/\/hudo.com\/si\/?s={search_term_string}"},"query-input":"required name=search_term_string"}],"inLanguage":"sl-SI"},{"@type":"Organization","@id":"https:\/\/hudo.com\/si\/#organization","name":"VSN Media","url":"https:\/\/hudo.com\/si\/","logo":{"@type":"ImageObject","inLanguage":"sl-SI","@id":"https:\/\/hudo.com\/si\/#\/schema\/logo\/image\/","url":"https:\/\/hudo.com\/si\/wp-content\/uploads\/sites\/2\/2021\/03\/hudo-app-2.png","contentUrl":"https:\/\/hudo.com\/si\/wp-content\/uploads\/sites\/2\/2021\/03\/hudo-app-2.png","width":2185,"height":2167,"caption":"VSN Media"},"image":{"@id":"https:\/\/hudo.com\/si\/#\/schema\/logo\/image\/"},"sameAs":["https:\/\/www.facebook.com\/hudo.si","https:\/\/twitter.com\/hudo_si"]},{"@type":"Person","@id":"https:\/\/hudo.com\/si\/#\/schema\/person\/601cf3379633985b20f7e50f2bb47707","name":"hudo","image":{"@type":"ImageObject","inLanguage":"sl-SI","@id":"https:\/\/hudo.com\/si\/#\/schema\/person\/image\/","url":"https:\/\/secure.gravatar.com\/avatar\/c4ca25fa72cace7a696b52ff5db9e095?s=96&d=mm&r=g","contentUrl":"https:\/\/secure.gravatar.com\/avatar\/c4ca25fa72cace7a696b52ff5db9e095?s=96&d=mm&r=g","caption":"hudo"},"url":"https:\/\/hudo.com\/si\/author\/hudo\/"}]}},"amp_enabled":true,"_links":{"self":[{"href":"https:\/\/hudo.com\/si\/wp-json\/wp\/v2\/posts\/85891"}],"collection":[{"href":"https:\/\/hudo.com\/si\/wp-json\/wp\/v2\/posts"}],"about":[{"href":"https:\/\/hudo.com\/si\/wp-json\/wp\/v2\/types\/post"}],"author":[{"embeddable":true,"href":"https:\/\/hudo.com\/si\/wp-json\/wp\/v2\/users\/1"}],"replies":[{"embeddable":true,"href":"https:\/\/hudo.com\/si\/wp-json\/wp\/v2\/comments?post=85891"}],"version-history":[{"count":1,"href":"https:\/\/hudo.com\/si\/wp-json\/wp\/v2\/posts\/85891\/revisions"}],"predecessor-version":[{"id":85973,"href":"https:\/\/hudo.com\/si\/wp-json\/wp\/v2\/posts\/85891\/revisions\/85973"}],"wp:attachment":[{"href":"https:\/\/hudo.com\/si\/wp-json\/wp\/v2\/media?parent=85891"}],"wp:term":[{"taxonomy":"category","embeddable":true,"href":"https:\/\/hudo.com\/si\/wp-json\/wp\/v2\/categories?post=85891"},{"taxonomy":"post_tag","embeddable":true,"href":"https:\/\/hudo.com\/si\/wp-json\/wp\/v2\/tags?post=85891"},{"taxonomy":"source","embeddable":true,"href":"https:\/\/hudo.com\/si\/wp-json\/wp\/v2\/source?post=85891"},{"taxonomy":"supertag","embeddable":true,"href":"https:\/\/hudo.com\/si\/wp-json\/wp\/v2\/supertag?post=85891"}],"curies":[{"name":"wp","href":"https:\/\/api.w.org\/{rel}","templated":true}]}}