{"id":85907,"date":"2016-06-30T13:15:00","date_gmt":"2016-06-30T11:15:00","guid":{"rendered":"http:\/\/hudo.com\/si\/2016\/06\/30\/58-letnica-ovadena-zaradi-mucenja-zivali\/"},"modified":"2016-07-01T09:21:32","modified_gmt":"2016-07-01T07:21:32","slug":"58-letnica-ovadena-zaradi-mucenja-zivali","status":"publish","type":"post","link":"https:\/\/hudo.com\/si\/aktualno\/58-letnica-ovadena-zaradi-mucenja-zivali\/","title":{"rendered":"58-letnica ovadena zaradi mu\u010denja \u017eivali"},"content":{"rendered":"<p>Kriminalisti Sektorja kriminalisti\u010dne policije policijske uprave Maribor so podali kazensko ovadbo zoper 58 letno dr\u017eavljanko Republike Slovenije zaradi mu\u010denja \u017eivali. Kot navajajo policisti, je \u017eenska \u017eivali po nepotrebnem povzro\u010dala trpljenje, ko je v za\u010detku meseca marca 2016, kot skrbnica psa le temu s \u0161\u010duvanjem in omogo\u010danjem neposrednega napada na drugega slabotnej\u0161ega psa povzro\u010dila \u010dezmerno in nepotrebno vznemirjanje, \u0161\u010duvala pa ga je tudi na ma\u010dko.  58-letnica je tako, kot so v kazenski ovadbi zapisali policisti, na krut na\u010din povzro\u010dila pogin\u017eivali, ko je je psu naklepoma snela ovratnico s pripetim povodcem ter ga po nepotrebnem spustila do pribli\u017eno 4 metre oddaljenega drugega psa, njen pes pa je psu z ve\u010dimi zaporednimi ugrizi &#8211; boj je trajal skoraj dve minuti -, po\u0161kodoval vrat, grlo, \u010deljust, zatilje in senco lobanje. Vse dogajanje je ovadena mirno in neprizadeto spremljala z neposredne bli\u017eine, zato je ovadena, da je na krut na\u010din povzro\u010dila pogin drugega psa, ki ga je veterinarka istega dne morala usmrtiti.Kronika<\/p>\n","protected":false},"excerpt":{"rendered":"<p>Kriminalisti Sektorja kriminalisti\u010dne policije policijske uprave Maribor so podali kazensko ovadbo zoper 58 letno dr\u017eavljanko Republike Slovenije zaradi mu\u010denja \u017eivali. Kot navajajo policisti, je \u017eenska \u017eivali po nepotrebnem povzro\u010dala trpljenje, ko je v za\u010detku meseca marca 2016, kot skrbnica psa le temu s \u0161\u010duvanjem in omogo\u010danjem neposrednega napada na drugega slabotnej\u0161ega psa povzro\u010dila \u010dezmerno in nepotrebno vznemirjanje, \u0161\u010duvala pa ga je tudi na ma\u010dko.  58-letnica je tako, kot so v kazenski ovadbi zapisali policisti, na krut na\u010din povzro\u010dila pogin\u017eivali, ko je je psu naklepoma snela ovratnico s pripetim povodcem ter ga po nepotrebnem spustila do pribli\u017eno 4 metre oddaljenega drugega psa, njen pes pa je psu z ve\u010dimi zaporednimi ugrizi &#8211; boj je trajal skoraj dve minuti -, po\u0161kodoval vrat, grlo, \u010deljust, zatilje in senco lobanje. Vse dogajanje je ovadena mirno in neprizadeto spremljala z neposredne bli\u017eine, zato je ovadena, da je na krut na\u010din povzro\u010dila pogin drugega psa, ki ga je veterinarka istega dne morala usmrtiti.Kronika<\/p>\n","protected":false},"author":1,"featured_media":0,"comment_status":"closed","ping_status":"closed","sticky":false,"template":"","format":"standard","meta":{"footnotes":""},"categories":[1179],"tags":[],"source":[1711],"supertag":[],"acf":[],"yoast_head":"<!-- This site is optimized with the Yoast SEO plugin v21.3 - https:\/\/yoast.com\/wordpress\/plugins\/seo\/ -->\n<title>58-letnica ovadena zaradi mu\u010denja \u017eivali - Hudo Slovenija<\/title>\n<meta name=\"robots\" content=\"index, follow, max-snippet:-1, max-image-preview:large, max-video-preview:-1\" \/>\n<link rel=\"canonical\" href=\"https:\/\/hudo.com\/si\/aktualno\/58-letnica-ovadena-zaradi-mucenja-zivali\/\" \/>\n<meta property=\"og:locale\" content=\"sl_SI\" \/>\n<meta property=\"og:type\" content=\"article\" \/>\n<meta property=\"og:title\" content=\"58-letnica ovadena zaradi mu\u010denja \u017eivali - Hudo Slovenija\" \/>\n<meta property=\"og:description\" content=\"Kriminalisti Sektorja kriminalisti\u010dne policije policijske uprave Maribor so podali kazensko ovadbo zoper 58 letno dr\u017eavljanko Republike Slovenije zaradi mu\u010denja \u017eivali. Kot navajajo policisti, je \u017eenska \u017eivali po nepotrebnem povzro\u010dala trpljenje, ko je v za\u010detku meseca marca 2016, kot skrbnica psa le temu s \u0161\u010duvanjem in omogo\u010danjem neposrednega napada na drugega slabotnej\u0161ega psa povzro\u010dila \u010dezmerno in nepotrebno vznemirjanje, \u0161\u010duvala pa ga je tudi na ma\u010dko. 58-letnica je tako, kot so v kazenski ovadbi zapisali policisti, na krut na\u010din povzro\u010dila pogin\u017eivali, ko je je psu naklepoma snela ovratnico s pripetim povodcem ter ga po nepotrebnem spustila do pribli\u017eno 4 metre oddaljenega drugega psa, njen pes pa je psu z ve\u010dimi zaporednimi ugrizi - boj je trajal skoraj dve minuti -, po\u0161kodoval vrat, grlo, \u010deljust, zatilje in senco lobanje. Vse dogajanje je ovadena mirno in neprizadeto spremljala z neposredne bli\u017eine, zato je ovadena, da je na krut na\u010din povzro\u010dila pogin drugega psa, ki ga je veterinarka istega dne morala usmrtiti.Kronika\" \/>\n<meta property=\"og:url\" content=\"https:\/\/hudo.com\/si\/aktualno\/58-letnica-ovadena-zaradi-mucenja-zivali\/\" \/>\n<meta property=\"og:site_name\" content=\"Hudo Slovenija\" \/>\n<meta property=\"article:publisher\" content=\"https:\/\/www.facebook.com\/hudo.si\" \/>\n<meta property=\"article:published_time\" content=\"2016-06-30T11:15:00+00:00\" \/>\n<meta property=\"article:modified_time\" content=\"2016-07-01T07:21:32+00:00\" \/>\n<meta property=\"og:image\" content=\"https:\/\/hudo.com\/si\/wp-content\/uploads\/sites\/2\/2016\/06\/00424883F-300.jpg\" \/>\n\t<meta property=\"og:image:width\" content=\"450\" \/>\n\t<meta property=\"og:image:height\" content=\"318\" \/>\n\t<meta property=\"og:image:type\" content=\"image\/jpeg\" \/>\n<meta name=\"author\" content=\"hudo\" \/>\n<meta name=\"twitter:card\" content=\"summary_large_image\" \/>\n<meta name=\"twitter:creator\" content=\"@hudo_si\" \/>\n<meta name=\"twitter:site\" content=\"@hudo_si\" \/>\n<meta name=\"twitter:label1\" content=\"Written by\" \/>\n\t<meta name=\"twitter:data1\" content=\"hudo\" \/>\n\t<meta name=\"twitter:label2\" content=\"Est. reading time\" \/>\n\t<meta name=\"twitter:data2\" content=\"1 minuta\" \/>\n<script type=\"application\/ld+json\" class=\"yoast-schema-graph\">{\"@context\":\"https:\/\/schema.org\",\"@graph\":[{\"@type\":\"Article\",\"@id\":\"https:\/\/hudo.com\/si\/aktualno\/58-letnica-ovadena-zaradi-mucenja-zivali\/#article\",\"isPartOf\":{\"@id\":\"https:\/\/hudo.com\/si\/aktualno\/58-letnica-ovadena-zaradi-mucenja-zivali\/\"},\"author\":{\"name\":\"hudo\",\"@id\":\"https:\/\/hudo.com\/si\/#\/schema\/person\/601cf3379633985b20f7e50f2bb47707\"},\"headline\":\"58-letnica ovadena zaradi mu\u010denja \u017eivali\",\"datePublished\":\"2016-06-30T11:15:00+00:00\",\"dateModified\":\"2016-07-01T07:21:32+00:00\",\"mainEntityOfPage\":{\"@id\":\"https:\/\/hudo.com\/si\/aktualno\/58-letnica-ovadena-zaradi-mucenja-zivali\/\"},\"wordCount\":179,\"publisher\":{\"@id\":\"https:\/\/hudo.com\/si\/#organization\"},\"articleSection\":[\"Aktualno\"],\"inLanguage\":\"sl-SI\"},{\"@type\":\"WebPage\",\"@id\":\"https:\/\/hudo.com\/si\/aktualno\/58-letnica-ovadena-zaradi-mucenja-zivali\/\",\"url\":\"https:\/\/hudo.com\/si\/aktualno\/58-letnica-ovadena-zaradi-mucenja-zivali\/\",\"name\":\"58-letnica ovadena zaradi mu\u010denja \u017eivali - Hudo Slovenija\",\"isPartOf\":{\"@id\":\"https:\/\/hudo.com\/si\/#website\"},\"datePublished\":\"2016-06-30T11:15:00+00:00\",\"dateModified\":\"2016-07-01T07:21:32+00:00\",\"breadcrumb\":{\"@id\":\"https:\/\/hudo.com\/si\/aktualno\/58-letnica-ovadena-zaradi-mucenja-zivali\/#breadcrumb\"},\"inLanguage\":\"sl-SI\",\"potentialAction\":[{\"@type\":\"ReadAction\",\"target\":[\"https:\/\/hudo.com\/si\/aktualno\/58-letnica-ovadena-zaradi-mucenja-zivali\/\"]}]},{\"@type\":\"BreadcrumbList\",\"@id\":\"https:\/\/hudo.com\/si\/aktualno\/58-letnica-ovadena-zaradi-mucenja-zivali\/#breadcrumb\",\"itemListElement\":[{\"@type\":\"ListItem\",\"position\":1,\"name\":\"Home\",\"item\":\"https:\/\/hudo.com\/si\/\"},{\"@type\":\"ListItem\",\"position\":2,\"name\":\"58-letnica ovadena zaradi mu\u010denja \u017eivali\"}]},{\"@type\":\"WebSite\",\"@id\":\"https:\/\/hudo.com\/si\/#website\",\"url\":\"https:\/\/hudo.com\/si\/\",\"name\":\"Hudo Slovenija\",\"description\":\"Vse novice iz Slovenije in sveta\",\"publisher\":{\"@id\":\"https:\/\/hudo.com\/si\/#organization\"},\"potentialAction\":[{\"@type\":\"SearchAction\",\"target\":{\"@type\":\"EntryPoint\",\"urlTemplate\":\"https:\/\/hudo.com\/si\/?s={search_term_string}\"},\"query-input\":\"required name=search_term_string\"}],\"inLanguage\":\"sl-SI\"},{\"@type\":\"Organization\",\"@id\":\"https:\/\/hudo.com\/si\/#organization\",\"name\":\"VSN Media\",\"url\":\"https:\/\/hudo.com\/si\/\",\"logo\":{\"@type\":\"ImageObject\",\"inLanguage\":\"sl-SI\",\"@id\":\"https:\/\/hudo.com\/si\/#\/schema\/logo\/image\/\",\"url\":\"https:\/\/hudo.com\/si\/wp-content\/uploads\/sites\/2\/2021\/03\/hudo-app-2.png\",\"contentUrl\":\"https:\/\/hudo.com\/si\/wp-content\/uploads\/sites\/2\/2021\/03\/hudo-app-2.png\",\"width\":2185,\"height\":2167,\"caption\":\"VSN Media\"},\"image\":{\"@id\":\"https:\/\/hudo.com\/si\/#\/schema\/logo\/image\/\"},\"sameAs\":[\"https:\/\/www.facebook.com\/hudo.si\",\"https:\/\/twitter.com\/hudo_si\"]},{\"@type\":\"Person\",\"@id\":\"https:\/\/hudo.com\/si\/#\/schema\/person\/601cf3379633985b20f7e50f2bb47707\",\"name\":\"hudo\",\"image\":{\"@type\":\"ImageObject\",\"inLanguage\":\"sl-SI\",\"@id\":\"https:\/\/hudo.com\/si\/#\/schema\/person\/image\/\",\"url\":\"https:\/\/secure.gravatar.com\/avatar\/c4ca25fa72cace7a696b52ff5db9e095?s=96&d=mm&r=g\",\"contentUrl\":\"https:\/\/secure.gravatar.com\/avatar\/c4ca25fa72cace7a696b52ff5db9e095?s=96&d=mm&r=g\",\"caption\":\"hudo\"},\"url\":\"https:\/\/hudo.com\/si\/author\/hudo\/\"}]}<\/script>\n<!-- \/ Yoast SEO plugin. -->","yoast_head_json":{"title":"58-letnica ovadena zaradi mu\u010denja \u017eivali - Hudo Slovenija","robots":{"index":"index","follow":"follow","max-snippet":"max-snippet:-1","max-image-preview":"max-image-preview:large","max-video-preview":"max-video-preview:-1"},"canonical":"https:\/\/hudo.com\/si\/aktualno\/58-letnica-ovadena-zaradi-mucenja-zivali\/","og_locale":"sl_SI","og_type":"article","og_title":"58-letnica ovadena zaradi mu\u010denja \u017eivali - Hudo Slovenija","og_description":"Kriminalisti Sektorja kriminalisti\u010dne policije policijske uprave Maribor so podali kazensko ovadbo zoper 58 letno dr\u017eavljanko Republike Slovenije zaradi mu\u010denja \u017eivali. Kot navajajo policisti, je \u017eenska \u017eivali po nepotrebnem povzro\u010dala trpljenje, ko je v za\u010detku meseca marca 2016, kot skrbnica psa le temu s \u0161\u010duvanjem in omogo\u010danjem neposrednega napada na drugega slabotnej\u0161ega psa povzro\u010dila \u010dezmerno in nepotrebno vznemirjanje, \u0161\u010duvala pa ga je tudi na ma\u010dko. 58-letnica je tako, kot so v kazenski ovadbi zapisali policisti, na krut na\u010din povzro\u010dila pogin\u017eivali, ko je je psu naklepoma snela ovratnico s pripetim povodcem ter ga po nepotrebnem spustila do pribli\u017eno 4 metre oddaljenega drugega psa, njen pes pa je psu z ve\u010dimi zaporednimi ugrizi - boj je trajal skoraj dve minuti -, po\u0161kodoval vrat, grlo, \u010deljust, zatilje in senco lobanje. Vse dogajanje je ovadena mirno in neprizadeto spremljala z neposredne bli\u017eine, zato je ovadena, da je na krut na\u010din povzro\u010dila pogin drugega psa, ki ga je veterinarka istega dne morala usmrtiti.Kronika","og_url":"https:\/\/hudo.com\/si\/aktualno\/58-letnica-ovadena-zaradi-mucenja-zivali\/","og_site_name":"Hudo Slovenija","article_publisher":"https:\/\/www.facebook.com\/hudo.si","article_published_time":"2016-06-30T11:15:00+00:00","article_modified_time":"2016-07-01T07:21:32+00:00","og_image":[{"width":450,"height":318,"url":"https:\/\/hudo.com\/si\/wp-content\/uploads\/sites\/2\/2016\/06\/00424883F-300.jpg","type":"image\/jpeg"}],"author":"hudo","twitter_card":"summary_large_image","twitter_creator":"@hudo_si","twitter_site":"@hudo_si","twitter_misc":{"Written by":"hudo","Est. reading time":"1 minuta"},"schema":{"@context":"https:\/\/schema.org","@graph":[{"@type":"Article","@id":"https:\/\/hudo.com\/si\/aktualno\/58-letnica-ovadena-zaradi-mucenja-zivali\/#article","isPartOf":{"@id":"https:\/\/hudo.com\/si\/aktualno\/58-letnica-ovadena-zaradi-mucenja-zivali\/"},"author":{"name":"hudo","@id":"https:\/\/hudo.com\/si\/#\/schema\/person\/601cf3379633985b20f7e50f2bb47707"},"headline":"58-letnica ovadena zaradi mu\u010denja \u017eivali","datePublished":"2016-06-30T11:15:00+00:00","dateModified":"2016-07-01T07:21:32+00:00","mainEntityOfPage":{"@id":"https:\/\/hudo.com\/si\/aktualno\/58-letnica-ovadena-zaradi-mucenja-zivali\/"},"wordCount":179,"publisher":{"@id":"https:\/\/hudo.com\/si\/#organization"},"articleSection":["Aktualno"],"inLanguage":"sl-SI"},{"@type":"WebPage","@id":"https:\/\/hudo.com\/si\/aktualno\/58-letnica-ovadena-zaradi-mucenja-zivali\/","url":"https:\/\/hudo.com\/si\/aktualno\/58-letnica-ovadena-zaradi-mucenja-zivali\/","name":"58-letnica ovadena zaradi mu\u010denja \u017eivali - Hudo Slovenija","isPartOf":{"@id":"https:\/\/hudo.com\/si\/#website"},"datePublished":"2016-06-30T11:15:00+00:00","dateModified":"2016-07-01T07:21:32+00:00","breadcrumb":{"@id":"https:\/\/hudo.com\/si\/aktualno\/58-letnica-ovadena-zaradi-mucenja-zivali\/#breadcrumb"},"inLanguage":"sl-SI","potentialAction":[{"@type":"ReadAction","target":["https:\/\/hudo.com\/si\/aktualno\/58-letnica-ovadena-zaradi-mucenja-zivali\/"]}]},{"@type":"BreadcrumbList","@id":"https:\/\/hudo.com\/si\/aktualno\/58-letnica-ovadena-zaradi-mucenja-zivali\/#breadcrumb","itemListElement":[{"@type":"ListItem","position":1,"name":"Home","item":"https:\/\/hudo.com\/si\/"},{"@type":"ListItem","position":2,"name":"58-letnica ovadena zaradi mu\u010denja \u017eivali"}]},{"@type":"WebSite","@id":"https:\/\/hudo.com\/si\/#website","url":"https:\/\/hudo.com\/si\/","name":"Hudo Slovenija","description":"Vse novice iz Slovenije in sveta","publisher":{"@id":"https:\/\/hudo.com\/si\/#organization"},"potentialAction":[{"@type":"SearchAction","target":{"@type":"EntryPoint","urlTemplate":"https:\/\/hudo.com\/si\/?s={search_term_string}"},"query-input":"required name=search_term_string"}],"inLanguage":"sl-SI"},{"@type":"Organization","@id":"https:\/\/hudo.com\/si\/#organization","name":"VSN Media","url":"https:\/\/hudo.com\/si\/","logo":{"@type":"ImageObject","inLanguage":"sl-SI","@id":"https:\/\/hudo.com\/si\/#\/schema\/logo\/image\/","url":"https:\/\/hudo.com\/si\/wp-content\/uploads\/sites\/2\/2021\/03\/hudo-app-2.png","contentUrl":"https:\/\/hudo.com\/si\/wp-content\/uploads\/sites\/2\/2021\/03\/hudo-app-2.png","width":2185,"height":2167,"caption":"VSN Media"},"image":{"@id":"https:\/\/hudo.com\/si\/#\/schema\/logo\/image\/"},"sameAs":["https:\/\/www.facebook.com\/hudo.si","https:\/\/twitter.com\/hudo_si"]},{"@type":"Person","@id":"https:\/\/hudo.com\/si\/#\/schema\/person\/601cf3379633985b20f7e50f2bb47707","name":"hudo","image":{"@type":"ImageObject","inLanguage":"sl-SI","@id":"https:\/\/hudo.com\/si\/#\/schema\/person\/image\/","url":"https:\/\/secure.gravatar.com\/avatar\/c4ca25fa72cace7a696b52ff5db9e095?s=96&d=mm&r=g","contentUrl":"https:\/\/secure.gravatar.com\/avatar\/c4ca25fa72cace7a696b52ff5db9e095?s=96&d=mm&r=g","caption":"hudo"},"url":"https:\/\/hudo.com\/si\/author\/hudo\/"}]}},"amp_enabled":true,"_links":{"self":[{"href":"https:\/\/hudo.com\/si\/wp-json\/wp\/v2\/posts\/85907"}],"collection":[{"href":"https:\/\/hudo.com\/si\/wp-json\/wp\/v2\/posts"}],"about":[{"href":"https:\/\/hudo.com\/si\/wp-json\/wp\/v2\/types\/post"}],"author":[{"embeddable":true,"href":"https:\/\/hudo.com\/si\/wp-json\/wp\/v2\/users\/1"}],"replies":[{"embeddable":true,"href":"https:\/\/hudo.com\/si\/wp-json\/wp\/v2\/comments?post=85907"}],"version-history":[{"count":1,"href":"https:\/\/hudo.com\/si\/wp-json\/wp\/v2\/posts\/85907\/revisions"}],"predecessor-version":[{"id":85978,"href":"https:\/\/hudo.com\/si\/wp-json\/wp\/v2\/posts\/85907\/revisions\/85978"}],"wp:attachment":[{"href":"https:\/\/hudo.com\/si\/wp-json\/wp\/v2\/media?parent=85907"}],"wp:term":[{"taxonomy":"category","embeddable":true,"href":"https:\/\/hudo.com\/si\/wp-json\/wp\/v2\/categories?post=85907"},{"taxonomy":"post_tag","embeddable":true,"href":"https:\/\/hudo.com\/si\/wp-json\/wp\/v2\/tags?post=85907"},{"taxonomy":"source","embeddable":true,"href":"https:\/\/hudo.com\/si\/wp-json\/wp\/v2\/source?post=85907"},{"taxonomy":"supertag","embeddable":true,"href":"https:\/\/hudo.com\/si\/wp-json\/wp\/v2\/supertag?post=85907"}],"curies":[{"name":"wp","href":"https:\/\/api.w.org\/{rel}","templated":true}]}}