{"id":8676,"date":"2016-03-16T12:43:03","date_gmt":"2016-03-16T11:43:03","guid":{"rendered":"http:\/\/master.hudo.com\/si\/2016\/03\/16\/8-maja-bo-ves-svet-tekel-za-tiste-ki-tega-se-ne-morejo\/"},"modified":"2016-04-06T08:12:45","modified_gmt":"2016-04-06T06:12:45","slug":"8-maja-bo-ves-svet-tekel-za-tiste-ki-tega-se-ne-morejo","status":"publish","type":"post","link":"https:\/\/hudo.com\/si\/zdrav-duh-telo\/8-maja-bo-ves-svet-tekel-za-tiste-ki-tega-se-ne-morejo\/","title":{"rendered":"8. maja bo ves svet tekel za tiste, ki tega (\u0161e) ne morejo"},"content":{"rendered":"<p class=\"bodytext\">Kongresni trg v Ljubljani bo \u017ee tretje leto zapored gostil eno izmed ve\u010d kot 30 startnih \u010drt na svetu na tem unikatnem globalnem teka\u0161kem tekmovanju. \u00a0Za en dan bo ves svet tekel kot eno s ciljem, da zbere \u010dim ve\u010d sredstev in naredi po\u0161kodbe hrbtenja\u010de ozdravljive.<\/p>\n<p class=\"bodytext\"><a href=\"http:\/\/moski.hudo.com\/sport\/rekreacija\/img-8-maja-bo-ves-svet-tekel-za-tiste-ki-tega-se-ne-morejo\/galerija\/wings\/\" rel=\"attachment wp-att-199447\"><img loading=\"lazy\" decoding=\"async\" class=\"alignnone size-large wp-image-199447\" src=\"http:\/\/moski.hudo.com\/wp-content\/uploads\/2016\/03\/wings-660x439.jpg\" alt=\"wings\" width=\"660\" height=\"439\" \/><\/a><\/p>\n<p class=\"bodytext\">V prvih dveh letih je bilo s startninami in drugimi donacijami zbranih 7 milijonov EUR, ki so bili v celoti namenjeni fundaciji Wings for Life, ki \u017ee ve\u010d kot desetletje vodi najnaprednej\u0161e raziskave hrbtenja\u010de.<\/p>\n<p class=\"bodytext\"><a href=\"http:\/\/www.wingsforlifeworldrun.com\/si\/sl\/\">Wings for Life World Run<\/a> je edino teka\u0161ko tekmovanje, na katerem vas ciljna \u010drta lovi. Zasledovalna vozila, opremljena z najsodobnej\u0161o tehnologijo, po vsem svetu \u0161tartajo pol ure za teka\u010di. Ko posameznega teka\u010da prehitijo, zaznajo njegov \u010dip in rezultat se samodejno zabele\u017ei na globalni razvrstitvi lestvici. Tako pravzaprav tekmujete s celim svetom, in to za dober namen.<\/p>\n<blockquote>\n<p class=\"bodytext\">\u0160tart: nedelja, 8. maj, ob 13:00 na Kongresnem trgu v Ljubljani<\/p>\n<\/blockquote>\n<h2 class=\"bodytext\">Dodatne informacije in prijava<\/h2>\n<p class=\"bodytext\">Ve\u010d o svetovnem teka\u0161kem spektaklu Wings for life lahko preberete na <strong><a href=\"http:\/\/www.wingsforlifeworldrun.com\/si\/sl\/\"><span style=\"text-decoration: underline;\">uradni strani dogodka<\/span><\/a><\/strong>, kjer boste na\u0161li tudi prijavni obrazec!<\/p>\n<figure>\n\t\t\t\t\t<img loading=\"lazy\" decoding=\"async\" width=\"660\" height=\"320\" src=\"data:image\/gif;base64,R0lGODlhAQABAAAAACH5BAEKAAEALAAAAAABAAEAAAICTAEAOw==\" class=\"lazyload\" data-src=\"http:\/\/moski.hudo.com\/wp-content\/uploads\/2016\/03\/pahor-320x155.jpg\" data-srcset=\"http:\/\/moski.hudo.com\/wp-content\/uploads\/2016\/03\/pahor-660x320.jpg 660w,http:\/\/moski.hudo.com\/wp-content\/uploads\/2016\/03\/pahor-320x155.jpg 330w\" sizes=\"(max-width: 660px) 100vw, 660px\"\/><figcaption>Predsednik Republike Slovenije Borut Pahor je v sredo, 15. marca, na posebni slovesnosti predal listino o \u010dastnem pokroviteljstvu nad teka\u0161kim projektom Wings for Life World Run Slovenija, in s tem \u017ee drugi\u010d javno podprl za dobrodelni globalni tek.<\/figcaption><\/figure>\n<p class=\"bodytext\">\n","protected":false},"excerpt":{"rendered":"<p>Ljubljana bo letos \u017ee tretje leto zapored prizori\u0161\u010de enega najve\u010djih svetovnih dobrodelnih \u0161portnih prireditev. Ste se \u017ee prijavili?<\/p>\n","protected":false},"author":1,"featured_media":0,"comment_status":"closed","ping_status":"closed","sticky":false,"template":"","format":"standard","meta":{"footnotes":""},"categories":[1],"tags":[1633,1634,1635],"source":[1518,1616,1556],"supertag":[],"acf":[],"yoast_head":"<!-- This site is optimized with the Yoast SEO plugin v21.3 - https:\/\/yoast.com\/wordpress\/plugins\/seo\/ -->\n<title>8. maja bo ves svet tekel za tiste, ki tega (\u0161e) ne morejo - Hudo Slovenija<\/title>\n<meta name=\"robots\" content=\"index, follow, max-snippet:-1, max-image-preview:large, max-video-preview:-1\" \/>\n<link rel=\"canonical\" href=\"https:\/\/hudo.com\/si\/zdrav-duh-telo\/8-maja-bo-ves-svet-tekel-za-tiste-ki-tega-se-ne-morejo\/\" \/>\n<meta property=\"og:locale\" content=\"sl_SI\" \/>\n<meta property=\"og:type\" content=\"article\" \/>\n<meta property=\"og:title\" content=\"8. maja bo ves svet tekel za tiste, ki tega (\u0161e) ne morejo - Hudo Slovenija\" \/>\n<meta property=\"og:description\" content=\"Ljubljana bo letos \u017ee tretje leto zapored prizori\u0161\u010de enega najve\u010djih svetovnih dobrodelnih \u0161portnih prireditev. Ste se \u017ee prijavili?\" \/>\n<meta property=\"og:url\" content=\"https:\/\/hudo.com\/si\/zdrav-duh-telo\/8-maja-bo-ves-svet-tekel-za-tiste-ki-tega-se-ne-morejo\/\" \/>\n<meta property=\"og:site_name\" content=\"Hudo Slovenija\" \/>\n<meta property=\"article:publisher\" content=\"https:\/\/www.facebook.com\/hudo.si\" \/>\n<meta property=\"article:published_time\" content=\"2016-03-16T11:43:03+00:00\" \/>\n<meta property=\"article:modified_time\" content=\"2016-04-06T06:12:45+00:00\" \/>\n<meta property=\"og:image\" content=\"https:\/\/hudo.com\/si\/wp-content\/uploads\/sites\/2\/2016\/03\/wings.jpg\" \/>\n\t<meta property=\"og:image:width\" content=\"901\" \/>\n\t<meta property=\"og:image:height\" content=\"600\" \/>\n\t<meta property=\"og:image:type\" content=\"image\/jpeg\" \/>\n<meta name=\"author\" content=\"hudo\" \/>\n<meta name=\"twitter:card\" content=\"summary_large_image\" \/>\n<meta name=\"twitter:creator\" content=\"@hudo_si\" \/>\n<meta name=\"twitter:site\" content=\"@hudo_si\" \/>\n<meta name=\"twitter:label1\" content=\"Written by\" \/>\n\t<meta name=\"twitter:data1\" content=\"hudo\" \/>\n\t<meta name=\"twitter:label2\" content=\"Est. reading time\" \/>\n\t<meta name=\"twitter:data2\" content=\"1 minuta\" \/>\n<script type=\"application\/ld+json\" class=\"yoast-schema-graph\">{\"@context\":\"https:\/\/schema.org\",\"@graph\":[{\"@type\":\"Article\",\"@id\":\"https:\/\/hudo.com\/si\/zdrav-duh-telo\/8-maja-bo-ves-svet-tekel-za-tiste-ki-tega-se-ne-morejo\/#article\",\"isPartOf\":{\"@id\":\"https:\/\/hudo.com\/si\/zdrav-duh-telo\/8-maja-bo-ves-svet-tekel-za-tiste-ki-tega-se-ne-morejo\/\"},\"author\":{\"name\":\"hudo\",\"@id\":\"https:\/\/hudo.com\/si\/#\/schema\/person\/601cf3379633985b20f7e50f2bb47707\"},\"headline\":\"8. maja bo ves svet tekel za tiste, ki tega (\u0161e) ne morejo\",\"datePublished\":\"2016-03-16T11:43:03+00:00\",\"dateModified\":\"2016-04-06T06:12:45+00:00\",\"mainEntityOfPage\":{\"@id\":\"https:\/\/hudo.com\/si\/zdrav-duh-telo\/8-maja-bo-ves-svet-tekel-za-tiste-ki-tega-se-ne-morejo\/\"},\"wordCount\":229,\"publisher\":{\"@id\":\"https:\/\/hudo.com\/si\/#organization\"},\"keywords\":[\"Ljubljana\",\"maraton\",\"tek\"],\"articleSection\":[\"Zdrav duh &amp; telo\"],\"inLanguage\":\"sl-SI\"},{\"@type\":\"WebPage\",\"@id\":\"https:\/\/hudo.com\/si\/zdrav-duh-telo\/8-maja-bo-ves-svet-tekel-za-tiste-ki-tega-se-ne-morejo\/\",\"url\":\"https:\/\/hudo.com\/si\/zdrav-duh-telo\/8-maja-bo-ves-svet-tekel-za-tiste-ki-tega-se-ne-morejo\/\",\"name\":\"8. maja bo ves svet tekel za tiste, ki tega (\u0161e) ne morejo - Hudo Slovenija\",\"isPartOf\":{\"@id\":\"https:\/\/hudo.com\/si\/#website\"},\"datePublished\":\"2016-03-16T11:43:03+00:00\",\"dateModified\":\"2016-04-06T06:12:45+00:00\",\"breadcrumb\":{\"@id\":\"https:\/\/hudo.com\/si\/zdrav-duh-telo\/8-maja-bo-ves-svet-tekel-za-tiste-ki-tega-se-ne-morejo\/#breadcrumb\"},\"inLanguage\":\"sl-SI\",\"potentialAction\":[{\"@type\":\"ReadAction\",\"target\":[\"https:\/\/hudo.com\/si\/zdrav-duh-telo\/8-maja-bo-ves-svet-tekel-za-tiste-ki-tega-se-ne-morejo\/\"]}]},{\"@type\":\"BreadcrumbList\",\"@id\":\"https:\/\/hudo.com\/si\/zdrav-duh-telo\/8-maja-bo-ves-svet-tekel-za-tiste-ki-tega-se-ne-morejo\/#breadcrumb\",\"itemListElement\":[{\"@type\":\"ListItem\",\"position\":1,\"name\":\"Home\",\"item\":\"https:\/\/hudo.com\/si\/\"},{\"@type\":\"ListItem\",\"position\":2,\"name\":\"8. maja bo ves svet tekel za tiste, ki tega (\u0161e) ne morejo\"}]},{\"@type\":\"WebSite\",\"@id\":\"https:\/\/hudo.com\/si\/#website\",\"url\":\"https:\/\/hudo.com\/si\/\",\"name\":\"Hudo Slovenija\",\"description\":\"Vse novice iz Slovenije in sveta\",\"publisher\":{\"@id\":\"https:\/\/hudo.com\/si\/#organization\"},\"potentialAction\":[{\"@type\":\"SearchAction\",\"target\":{\"@type\":\"EntryPoint\",\"urlTemplate\":\"https:\/\/hudo.com\/si\/?s={search_term_string}\"},\"query-input\":\"required name=search_term_string\"}],\"inLanguage\":\"sl-SI\"},{\"@type\":\"Organization\",\"@id\":\"https:\/\/hudo.com\/si\/#organization\",\"name\":\"VSN Media\",\"url\":\"https:\/\/hudo.com\/si\/\",\"logo\":{\"@type\":\"ImageObject\",\"inLanguage\":\"sl-SI\",\"@id\":\"https:\/\/hudo.com\/si\/#\/schema\/logo\/image\/\",\"url\":\"https:\/\/hudo.com\/si\/wp-content\/uploads\/sites\/2\/2021\/03\/hudo-app-2.png\",\"contentUrl\":\"https:\/\/hudo.com\/si\/wp-content\/uploads\/sites\/2\/2021\/03\/hudo-app-2.png\",\"width\":2185,\"height\":2167,\"caption\":\"VSN Media\"},\"image\":{\"@id\":\"https:\/\/hudo.com\/si\/#\/schema\/logo\/image\/\"},\"sameAs\":[\"https:\/\/www.facebook.com\/hudo.si\",\"https:\/\/twitter.com\/hudo_si\"]},{\"@type\":\"Person\",\"@id\":\"https:\/\/hudo.com\/si\/#\/schema\/person\/601cf3379633985b20f7e50f2bb47707\",\"name\":\"hudo\",\"image\":{\"@type\":\"ImageObject\",\"inLanguage\":\"sl-SI\",\"@id\":\"https:\/\/hudo.com\/si\/#\/schema\/person\/image\/\",\"url\":\"https:\/\/secure.gravatar.com\/avatar\/c4ca25fa72cace7a696b52ff5db9e095?s=96&d=mm&r=g\",\"contentUrl\":\"https:\/\/secure.gravatar.com\/avatar\/c4ca25fa72cace7a696b52ff5db9e095?s=96&d=mm&r=g\",\"caption\":\"hudo\"},\"url\":\"https:\/\/hudo.com\/si\/author\/hudo\/\"}]}<\/script>\n<!-- \/ Yoast SEO plugin. -->","yoast_head_json":{"title":"8. maja bo ves svet tekel za tiste, ki tega (\u0161e) ne morejo - Hudo Slovenija","robots":{"index":"index","follow":"follow","max-snippet":"max-snippet:-1","max-image-preview":"max-image-preview:large","max-video-preview":"max-video-preview:-1"},"canonical":"https:\/\/hudo.com\/si\/zdrav-duh-telo\/8-maja-bo-ves-svet-tekel-za-tiste-ki-tega-se-ne-morejo\/","og_locale":"sl_SI","og_type":"article","og_title":"8. maja bo ves svet tekel za tiste, ki tega (\u0161e) ne morejo - Hudo Slovenija","og_description":"Ljubljana bo letos \u017ee tretje leto zapored prizori\u0161\u010de enega najve\u010djih svetovnih dobrodelnih \u0161portnih prireditev. Ste se \u017ee prijavili?","og_url":"https:\/\/hudo.com\/si\/zdrav-duh-telo\/8-maja-bo-ves-svet-tekel-za-tiste-ki-tega-se-ne-morejo\/","og_site_name":"Hudo Slovenija","article_publisher":"https:\/\/www.facebook.com\/hudo.si","article_published_time":"2016-03-16T11:43:03+00:00","article_modified_time":"2016-04-06T06:12:45+00:00","og_image":[{"width":901,"height":600,"url":"https:\/\/hudo.com\/si\/wp-content\/uploads\/sites\/2\/2016\/03\/wings.jpg","type":"image\/jpeg"}],"author":"hudo","twitter_card":"summary_large_image","twitter_creator":"@hudo_si","twitter_site":"@hudo_si","twitter_misc":{"Written by":"hudo","Est. reading time":"1 minuta"},"schema":{"@context":"https:\/\/schema.org","@graph":[{"@type":"Article","@id":"https:\/\/hudo.com\/si\/zdrav-duh-telo\/8-maja-bo-ves-svet-tekel-za-tiste-ki-tega-se-ne-morejo\/#article","isPartOf":{"@id":"https:\/\/hudo.com\/si\/zdrav-duh-telo\/8-maja-bo-ves-svet-tekel-za-tiste-ki-tega-se-ne-morejo\/"},"author":{"name":"hudo","@id":"https:\/\/hudo.com\/si\/#\/schema\/person\/601cf3379633985b20f7e50f2bb47707"},"headline":"8. maja bo ves svet tekel za tiste, ki tega (\u0161e) ne morejo","datePublished":"2016-03-16T11:43:03+00:00","dateModified":"2016-04-06T06:12:45+00:00","mainEntityOfPage":{"@id":"https:\/\/hudo.com\/si\/zdrav-duh-telo\/8-maja-bo-ves-svet-tekel-za-tiste-ki-tega-se-ne-morejo\/"},"wordCount":229,"publisher":{"@id":"https:\/\/hudo.com\/si\/#organization"},"keywords":["Ljubljana","maraton","tek"],"articleSection":["Zdrav duh &amp; telo"],"inLanguage":"sl-SI"},{"@type":"WebPage","@id":"https:\/\/hudo.com\/si\/zdrav-duh-telo\/8-maja-bo-ves-svet-tekel-za-tiste-ki-tega-se-ne-morejo\/","url":"https:\/\/hudo.com\/si\/zdrav-duh-telo\/8-maja-bo-ves-svet-tekel-za-tiste-ki-tega-se-ne-morejo\/","name":"8. maja bo ves svet tekel za tiste, ki tega (\u0161e) ne morejo - Hudo Slovenija","isPartOf":{"@id":"https:\/\/hudo.com\/si\/#website"},"datePublished":"2016-03-16T11:43:03+00:00","dateModified":"2016-04-06T06:12:45+00:00","breadcrumb":{"@id":"https:\/\/hudo.com\/si\/zdrav-duh-telo\/8-maja-bo-ves-svet-tekel-za-tiste-ki-tega-se-ne-morejo\/#breadcrumb"},"inLanguage":"sl-SI","potentialAction":[{"@type":"ReadAction","target":["https:\/\/hudo.com\/si\/zdrav-duh-telo\/8-maja-bo-ves-svet-tekel-za-tiste-ki-tega-se-ne-morejo\/"]}]},{"@type":"BreadcrumbList","@id":"https:\/\/hudo.com\/si\/zdrav-duh-telo\/8-maja-bo-ves-svet-tekel-za-tiste-ki-tega-se-ne-morejo\/#breadcrumb","itemListElement":[{"@type":"ListItem","position":1,"name":"Home","item":"https:\/\/hudo.com\/si\/"},{"@type":"ListItem","position":2,"name":"8. maja bo ves svet tekel za tiste, ki tega (\u0161e) ne morejo"}]},{"@type":"WebSite","@id":"https:\/\/hudo.com\/si\/#website","url":"https:\/\/hudo.com\/si\/","name":"Hudo Slovenija","description":"Vse novice iz Slovenije in sveta","publisher":{"@id":"https:\/\/hudo.com\/si\/#organization"},"potentialAction":[{"@type":"SearchAction","target":{"@type":"EntryPoint","urlTemplate":"https:\/\/hudo.com\/si\/?s={search_term_string}"},"query-input":"required name=search_term_string"}],"inLanguage":"sl-SI"},{"@type":"Organization","@id":"https:\/\/hudo.com\/si\/#organization","name":"VSN Media","url":"https:\/\/hudo.com\/si\/","logo":{"@type":"ImageObject","inLanguage":"sl-SI","@id":"https:\/\/hudo.com\/si\/#\/schema\/logo\/image\/","url":"https:\/\/hudo.com\/si\/wp-content\/uploads\/sites\/2\/2021\/03\/hudo-app-2.png","contentUrl":"https:\/\/hudo.com\/si\/wp-content\/uploads\/sites\/2\/2021\/03\/hudo-app-2.png","width":2185,"height":2167,"caption":"VSN Media"},"image":{"@id":"https:\/\/hudo.com\/si\/#\/schema\/logo\/image\/"},"sameAs":["https:\/\/www.facebook.com\/hudo.si","https:\/\/twitter.com\/hudo_si"]},{"@type":"Person","@id":"https:\/\/hudo.com\/si\/#\/schema\/person\/601cf3379633985b20f7e50f2bb47707","name":"hudo","image":{"@type":"ImageObject","inLanguage":"sl-SI","@id":"https:\/\/hudo.com\/si\/#\/schema\/person\/image\/","url":"https:\/\/secure.gravatar.com\/avatar\/c4ca25fa72cace7a696b52ff5db9e095?s=96&d=mm&r=g","contentUrl":"https:\/\/secure.gravatar.com\/avatar\/c4ca25fa72cace7a696b52ff5db9e095?s=96&d=mm&r=g","caption":"hudo"},"url":"https:\/\/hudo.com\/si\/author\/hudo\/"}]}},"amp_enabled":true,"_links":{"self":[{"href":"https:\/\/hudo.com\/si\/wp-json\/wp\/v2\/posts\/8676"}],"collection":[{"href":"https:\/\/hudo.com\/si\/wp-json\/wp\/v2\/posts"}],"about":[{"href":"https:\/\/hudo.com\/si\/wp-json\/wp\/v2\/types\/post"}],"author":[{"embeddable":true,"href":"https:\/\/hudo.com\/si\/wp-json\/wp\/v2\/users\/1"}],"replies":[{"embeddable":true,"href":"https:\/\/hudo.com\/si\/wp-json\/wp\/v2\/comments?post=8676"}],"version-history":[{"count":0,"href":"https:\/\/hudo.com\/si\/wp-json\/wp\/v2\/posts\/8676\/revisions"}],"wp:attachment":[{"href":"https:\/\/hudo.com\/si\/wp-json\/wp\/v2\/media?parent=8676"}],"wp:term":[{"taxonomy":"category","embeddable":true,"href":"https:\/\/hudo.com\/si\/wp-json\/wp\/v2\/categories?post=8676"},{"taxonomy":"post_tag","embeddable":true,"href":"https:\/\/hudo.com\/si\/wp-json\/wp\/v2\/tags?post=8676"},{"taxonomy":"source","embeddable":true,"href":"https:\/\/hudo.com\/si\/wp-json\/wp\/v2\/source?post=8676"},{"taxonomy":"supertag","embeddable":true,"href":"https:\/\/hudo.com\/si\/wp-json\/wp\/v2\/supertag?post=8676"}],"curies":[{"name":"wp","href":"https:\/\/api.w.org\/{rel}","templated":true}]}}