{"id":87463,"date":"2016-07-03T10:00:00","date_gmt":"2016-07-03T08:00:00","guid":{"rendered":"http:\/\/hudo.com\/si\/2016\/07\/03\/starec-je-se-postaral-staro-damo\/"},"modified":"2016-07-04T04:37:03","modified_gmt":"2016-07-04T02:37:03","slug":"starec-je-se-postaral-staro-damo","status":"publish","type":"post","link":"https:\/\/hudo.com\/si\/aktualno\/starec-je-se-postaral-staro-damo\/","title":{"rendered":"Starec je \u0161e postaral staro damo"},"content":{"rendered":"<p>Kategorija: Nogomet Sun, 03 Jul 2016 12:00:00 +0200  \u00bbNi bilo natan\u010dnega trenutka, ko sem se odlo\u010dil. \u017delel sem le, da bi sam o sebi pisal zgodovino,\u00ab je Dani Alves povedal, zakaj se je odlo\u010dil zapustiti Barcelono, pri kateri je pre\u017eivel osem let in zmagoval, zmagoval, zmagoval &#8230; Vajen je zmagovanja, tako kot je vajen zmag v Italiji Juventus, s katerim se je Brazilec dogovoril za dveletno sodelovanje. Pogodba obsega \u0161e morebitno tretje leto, toda to bi bilo \u017ee nagradno, \u010de bi torinska stara dama v dveletnem obdobju izpolnila na\u010drt in osvojila ligo prvakov. Prav dogovor s 33-letnim desnim bo\u010dnim branilcem, ki je bil v brazilski reprezentanci ves \u010das v senci Maicona, na klubski ravni pa velja za serijskega osvajalca lovorik, pa razgalja Juventusov odlo\u010den naskok na evropski vrh. Granitna in izku\u0161ena obramba, naslednik Lionela Messija v podobi Paula\u00a0&#8230;<\/p>\n","protected":false},"excerpt":{"rendered":"<p>Kategorija: Nogomet Sun, 03 Jul 2016 12:00:00 +0200  \u00bbNi bilo natan\u010dnega trenutka, ko sem se odlo\u010dil. \u017delel sem le, da bi sam o sebi pisal zgodovino,\u00ab je Dani Alves povedal, zakaj se je odlo\u010dil zapustiti Barcelono, pri kateri je pre\u017eivel osem let in zmagoval, zmagoval, zmagoval &#8230; Vajen je zmagovanja, tako kot je vajen zmag v Italiji Juventus, s katerim se je Brazilec dogovoril za dveletno sodelovanje. Pogodba obsega \u0161e morebitno tretje leto, toda to bi bilo \u017ee nagradno, \u010de bi torinska stara dama v dveletnem obdobju izpolnila na\u010drt in osvojila ligo prvakov. Prav dogovor s 33-letnim desnim bo\u010dnim branilcem, ki je bil v brazilski reprezentanci ves \u010das v senci Maicona, na klubski ravni pa velja za serijskega osvajalca lovorik, pa razgalja Juventusov odlo\u010den naskok na evropski vrh. Granitna in izku\u0161ena obramba, naslednik Lionela Messija v podobi Paula\u00a0&#8230;<\/p>\n","protected":false},"author":1,"featured_media":0,"comment_status":"closed","ping_status":"closed","sticky":false,"template":"","format":"standard","meta":{"footnotes":""},"categories":[1179],"tags":[],"source":[4511],"supertag":[],"acf":[],"yoast_head":"<!-- This site is optimized with the Yoast SEO plugin v21.3 - https:\/\/yoast.com\/wordpress\/plugins\/seo\/ -->\n<title>Starec je \u0161e postaral staro damo - Hudo Slovenija<\/title>\n<meta name=\"robots\" content=\"index, follow, max-snippet:-1, max-image-preview:large, max-video-preview:-1\" \/>\n<link rel=\"canonical\" href=\"https:\/\/hudo.com\/si\/aktualno\/starec-je-se-postaral-staro-damo\/\" \/>\n<meta property=\"og:locale\" content=\"sl_SI\" \/>\n<meta property=\"og:type\" content=\"article\" \/>\n<meta property=\"og:title\" content=\"Starec je \u0161e postaral staro damo - Hudo Slovenija\" \/>\n<meta property=\"og:description\" content=\"Kategorija: Nogomet Sun, 03 Jul 2016 12:00:00 +0200 \u00bbNi bilo natan\u010dnega trenutka, ko sem se odlo\u010dil. \u017delel sem le, da bi sam o sebi pisal zgodovino,\u00ab je Dani Alves povedal, zakaj se je odlo\u010dil zapustiti Barcelono, pri kateri je pre\u017eivel osem let in zmagoval, zmagoval, zmagoval ... Vajen je zmagovanja, tako kot je vajen zmag v Italiji Juventus, s katerim se je Brazilec dogovoril za dveletno sodelovanje. Pogodba obsega \u0161e morebitno tretje leto, toda to bi bilo \u017ee nagradno, \u010de bi torinska stara dama v dveletnem obdobju izpolnila na\u010drt in osvojila ligo prvakov. Prav dogovor s 33-letnim desnim bo\u010dnim branilcem, ki je bil v brazilski reprezentanci ves \u010das v senci Maicona, na klubski ravni pa velja za serijskega osvajalca lovorik, pa razgalja Juventusov odlo\u010den naskok na evropski vrh. Granitna in izku\u0161ena obramba, naslednik Lionela Messija v podobi Paula\u00a0...\" \/>\n<meta property=\"og:url\" content=\"https:\/\/hudo.com\/si\/aktualno\/starec-je-se-postaral-staro-damo\/\" \/>\n<meta property=\"og:site_name\" content=\"Hudo Slovenija\" \/>\n<meta property=\"article:publisher\" content=\"https:\/\/www.facebook.com\/hudo.si\" \/>\n<meta property=\"article:published_time\" content=\"2016-07-03T08:00:00+00:00\" \/>\n<meta property=\"article:modified_time\" content=\"2016-07-04T02:37:03+00:00\" \/>\n<meta property=\"og:image\" content=\"https:\/\/hudo.com\/si\/wp-content\/uploads\/sites\/2\/2016\/07\/480x290_Nedelo__AP_Pictures_2016062_hires0.jpeg\" \/>\n\t<meta property=\"og:image:width\" content=\"480\" \/>\n\t<meta property=\"og:image:height\" content=\"290\" \/>\n\t<meta property=\"og:image:type\" content=\"image\/jpeg\" \/>\n<meta name=\"author\" content=\"hudo\" \/>\n<meta name=\"twitter:card\" content=\"summary_large_image\" \/>\n<meta name=\"twitter:creator\" content=\"@hudo_si\" \/>\n<meta name=\"twitter:site\" content=\"@hudo_si\" \/>\n<meta name=\"twitter:label1\" content=\"Written by\" \/>\n\t<meta name=\"twitter:data1\" content=\"hudo\" \/>\n\t<meta name=\"twitter:label2\" content=\"Est. reading time\" \/>\n\t<meta name=\"twitter:data2\" content=\"1 minuta\" \/>\n<script type=\"application\/ld+json\" class=\"yoast-schema-graph\">{\"@context\":\"https:\/\/schema.org\",\"@graph\":[{\"@type\":\"Article\",\"@id\":\"https:\/\/hudo.com\/si\/aktualno\/starec-je-se-postaral-staro-damo\/#article\",\"isPartOf\":{\"@id\":\"https:\/\/hudo.com\/si\/aktualno\/starec-je-se-postaral-staro-damo\/\"},\"author\":{\"name\":\"hudo\",\"@id\":\"https:\/\/hudo.com\/si\/#\/schema\/person\/601cf3379633985b20f7e50f2bb47707\"},\"headline\":\"Starec je \u0161e postaral staro damo\",\"datePublished\":\"2016-07-03T08:00:00+00:00\",\"dateModified\":\"2016-07-04T02:37:03+00:00\",\"mainEntityOfPage\":{\"@id\":\"https:\/\/hudo.com\/si\/aktualno\/starec-je-se-postaral-staro-damo\/\"},\"wordCount\":147,\"publisher\":{\"@id\":\"https:\/\/hudo.com\/si\/#organization\"},\"articleSection\":[\"Aktualno\"],\"inLanguage\":\"sl-SI\"},{\"@type\":\"WebPage\",\"@id\":\"https:\/\/hudo.com\/si\/aktualno\/starec-je-se-postaral-staro-damo\/\",\"url\":\"https:\/\/hudo.com\/si\/aktualno\/starec-je-se-postaral-staro-damo\/\",\"name\":\"Starec je \u0161e postaral staro damo - Hudo Slovenija\",\"isPartOf\":{\"@id\":\"https:\/\/hudo.com\/si\/#website\"},\"datePublished\":\"2016-07-03T08:00:00+00:00\",\"dateModified\":\"2016-07-04T02:37:03+00:00\",\"breadcrumb\":{\"@id\":\"https:\/\/hudo.com\/si\/aktualno\/starec-je-se-postaral-staro-damo\/#breadcrumb\"},\"inLanguage\":\"sl-SI\",\"potentialAction\":[{\"@type\":\"ReadAction\",\"target\":[\"https:\/\/hudo.com\/si\/aktualno\/starec-je-se-postaral-staro-damo\/\"]}]},{\"@type\":\"BreadcrumbList\",\"@id\":\"https:\/\/hudo.com\/si\/aktualno\/starec-je-se-postaral-staro-damo\/#breadcrumb\",\"itemListElement\":[{\"@type\":\"ListItem\",\"position\":1,\"name\":\"Home\",\"item\":\"https:\/\/hudo.com\/si\/\"},{\"@type\":\"ListItem\",\"position\":2,\"name\":\"Starec je \u0161e postaral staro damo\"}]},{\"@type\":\"WebSite\",\"@id\":\"https:\/\/hudo.com\/si\/#website\",\"url\":\"https:\/\/hudo.com\/si\/\",\"name\":\"Hudo Slovenija\",\"description\":\"Vse novice iz Slovenije in sveta\",\"publisher\":{\"@id\":\"https:\/\/hudo.com\/si\/#organization\"},\"potentialAction\":[{\"@type\":\"SearchAction\",\"target\":{\"@type\":\"EntryPoint\",\"urlTemplate\":\"https:\/\/hudo.com\/si\/?s={search_term_string}\"},\"query-input\":\"required name=search_term_string\"}],\"inLanguage\":\"sl-SI\"},{\"@type\":\"Organization\",\"@id\":\"https:\/\/hudo.com\/si\/#organization\",\"name\":\"VSN Media\",\"url\":\"https:\/\/hudo.com\/si\/\",\"logo\":{\"@type\":\"ImageObject\",\"inLanguage\":\"sl-SI\",\"@id\":\"https:\/\/hudo.com\/si\/#\/schema\/logo\/image\/\",\"url\":\"https:\/\/hudo.com\/si\/wp-content\/uploads\/sites\/2\/2021\/03\/hudo-app-2.png\",\"contentUrl\":\"https:\/\/hudo.com\/si\/wp-content\/uploads\/sites\/2\/2021\/03\/hudo-app-2.png\",\"width\":2185,\"height\":2167,\"caption\":\"VSN Media\"},\"image\":{\"@id\":\"https:\/\/hudo.com\/si\/#\/schema\/logo\/image\/\"},\"sameAs\":[\"https:\/\/www.facebook.com\/hudo.si\",\"https:\/\/twitter.com\/hudo_si\"]},{\"@type\":\"Person\",\"@id\":\"https:\/\/hudo.com\/si\/#\/schema\/person\/601cf3379633985b20f7e50f2bb47707\",\"name\":\"hudo\",\"image\":{\"@type\":\"ImageObject\",\"inLanguage\":\"sl-SI\",\"@id\":\"https:\/\/hudo.com\/si\/#\/schema\/person\/image\/\",\"url\":\"https:\/\/secure.gravatar.com\/avatar\/c4ca25fa72cace7a696b52ff5db9e095?s=96&d=mm&r=g\",\"contentUrl\":\"https:\/\/secure.gravatar.com\/avatar\/c4ca25fa72cace7a696b52ff5db9e095?s=96&d=mm&r=g\",\"caption\":\"hudo\"},\"url\":\"https:\/\/hudo.com\/si\/author\/hudo\/\"}]}<\/script>\n<!-- \/ Yoast SEO plugin. -->","yoast_head_json":{"title":"Starec je \u0161e postaral staro damo - Hudo Slovenija","robots":{"index":"index","follow":"follow","max-snippet":"max-snippet:-1","max-image-preview":"max-image-preview:large","max-video-preview":"max-video-preview:-1"},"canonical":"https:\/\/hudo.com\/si\/aktualno\/starec-je-se-postaral-staro-damo\/","og_locale":"sl_SI","og_type":"article","og_title":"Starec je \u0161e postaral staro damo - Hudo Slovenija","og_description":"Kategorija: Nogomet Sun, 03 Jul 2016 12:00:00 +0200 \u00bbNi bilo natan\u010dnega trenutka, ko sem se odlo\u010dil. \u017delel sem le, da bi sam o sebi pisal zgodovino,\u00ab je Dani Alves povedal, zakaj se je odlo\u010dil zapustiti Barcelono, pri kateri je pre\u017eivel osem let in zmagoval, zmagoval, zmagoval ... Vajen je zmagovanja, tako kot je vajen zmag v Italiji Juventus, s katerim se je Brazilec dogovoril za dveletno sodelovanje. Pogodba obsega \u0161e morebitno tretje leto, toda to bi bilo \u017ee nagradno, \u010de bi torinska stara dama v dveletnem obdobju izpolnila na\u010drt in osvojila ligo prvakov. Prav dogovor s 33-letnim desnim bo\u010dnim branilcem, ki je bil v brazilski reprezentanci ves \u010das v senci Maicona, na klubski ravni pa velja za serijskega osvajalca lovorik, pa razgalja Juventusov odlo\u010den naskok na evropski vrh. Granitna in izku\u0161ena obramba, naslednik Lionela Messija v podobi Paula\u00a0...","og_url":"https:\/\/hudo.com\/si\/aktualno\/starec-je-se-postaral-staro-damo\/","og_site_name":"Hudo Slovenija","article_publisher":"https:\/\/www.facebook.com\/hudo.si","article_published_time":"2016-07-03T08:00:00+00:00","article_modified_time":"2016-07-04T02:37:03+00:00","og_image":[{"width":480,"height":290,"url":"https:\/\/hudo.com\/si\/wp-content\/uploads\/sites\/2\/2016\/07\/480x290_Nedelo__AP_Pictures_2016062_hires0.jpeg","type":"image\/jpeg"}],"author":"hudo","twitter_card":"summary_large_image","twitter_creator":"@hudo_si","twitter_site":"@hudo_si","twitter_misc":{"Written by":"hudo","Est. reading time":"1 minuta"},"schema":{"@context":"https:\/\/schema.org","@graph":[{"@type":"Article","@id":"https:\/\/hudo.com\/si\/aktualno\/starec-je-se-postaral-staro-damo\/#article","isPartOf":{"@id":"https:\/\/hudo.com\/si\/aktualno\/starec-je-se-postaral-staro-damo\/"},"author":{"name":"hudo","@id":"https:\/\/hudo.com\/si\/#\/schema\/person\/601cf3379633985b20f7e50f2bb47707"},"headline":"Starec je \u0161e postaral staro damo","datePublished":"2016-07-03T08:00:00+00:00","dateModified":"2016-07-04T02:37:03+00:00","mainEntityOfPage":{"@id":"https:\/\/hudo.com\/si\/aktualno\/starec-je-se-postaral-staro-damo\/"},"wordCount":147,"publisher":{"@id":"https:\/\/hudo.com\/si\/#organization"},"articleSection":["Aktualno"],"inLanguage":"sl-SI"},{"@type":"WebPage","@id":"https:\/\/hudo.com\/si\/aktualno\/starec-je-se-postaral-staro-damo\/","url":"https:\/\/hudo.com\/si\/aktualno\/starec-je-se-postaral-staro-damo\/","name":"Starec je \u0161e postaral staro damo - Hudo Slovenija","isPartOf":{"@id":"https:\/\/hudo.com\/si\/#website"},"datePublished":"2016-07-03T08:00:00+00:00","dateModified":"2016-07-04T02:37:03+00:00","breadcrumb":{"@id":"https:\/\/hudo.com\/si\/aktualno\/starec-je-se-postaral-staro-damo\/#breadcrumb"},"inLanguage":"sl-SI","potentialAction":[{"@type":"ReadAction","target":["https:\/\/hudo.com\/si\/aktualno\/starec-je-se-postaral-staro-damo\/"]}]},{"@type":"BreadcrumbList","@id":"https:\/\/hudo.com\/si\/aktualno\/starec-je-se-postaral-staro-damo\/#breadcrumb","itemListElement":[{"@type":"ListItem","position":1,"name":"Home","item":"https:\/\/hudo.com\/si\/"},{"@type":"ListItem","position":2,"name":"Starec je \u0161e postaral staro damo"}]},{"@type":"WebSite","@id":"https:\/\/hudo.com\/si\/#website","url":"https:\/\/hudo.com\/si\/","name":"Hudo Slovenija","description":"Vse novice iz Slovenije in sveta","publisher":{"@id":"https:\/\/hudo.com\/si\/#organization"},"potentialAction":[{"@type":"SearchAction","target":{"@type":"EntryPoint","urlTemplate":"https:\/\/hudo.com\/si\/?s={search_term_string}"},"query-input":"required name=search_term_string"}],"inLanguage":"sl-SI"},{"@type":"Organization","@id":"https:\/\/hudo.com\/si\/#organization","name":"VSN Media","url":"https:\/\/hudo.com\/si\/","logo":{"@type":"ImageObject","inLanguage":"sl-SI","@id":"https:\/\/hudo.com\/si\/#\/schema\/logo\/image\/","url":"https:\/\/hudo.com\/si\/wp-content\/uploads\/sites\/2\/2021\/03\/hudo-app-2.png","contentUrl":"https:\/\/hudo.com\/si\/wp-content\/uploads\/sites\/2\/2021\/03\/hudo-app-2.png","width":2185,"height":2167,"caption":"VSN Media"},"image":{"@id":"https:\/\/hudo.com\/si\/#\/schema\/logo\/image\/"},"sameAs":["https:\/\/www.facebook.com\/hudo.si","https:\/\/twitter.com\/hudo_si"]},{"@type":"Person","@id":"https:\/\/hudo.com\/si\/#\/schema\/person\/601cf3379633985b20f7e50f2bb47707","name":"hudo","image":{"@type":"ImageObject","inLanguage":"sl-SI","@id":"https:\/\/hudo.com\/si\/#\/schema\/person\/image\/","url":"https:\/\/secure.gravatar.com\/avatar\/c4ca25fa72cace7a696b52ff5db9e095?s=96&d=mm&r=g","contentUrl":"https:\/\/secure.gravatar.com\/avatar\/c4ca25fa72cace7a696b52ff5db9e095?s=96&d=mm&r=g","caption":"hudo"},"url":"https:\/\/hudo.com\/si\/author\/hudo\/"}]}},"amp_enabled":true,"_links":{"self":[{"href":"https:\/\/hudo.com\/si\/wp-json\/wp\/v2\/posts\/87463"}],"collection":[{"href":"https:\/\/hudo.com\/si\/wp-json\/wp\/v2\/posts"}],"about":[{"href":"https:\/\/hudo.com\/si\/wp-json\/wp\/v2\/types\/post"}],"author":[{"embeddable":true,"href":"https:\/\/hudo.com\/si\/wp-json\/wp\/v2\/users\/1"}],"replies":[{"embeddable":true,"href":"https:\/\/hudo.com\/si\/wp-json\/wp\/v2\/comments?post=87463"}],"version-history":[{"count":1,"href":"https:\/\/hudo.com\/si\/wp-json\/wp\/v2\/posts\/87463\/revisions"}],"predecessor-version":[{"id":87580,"href":"https:\/\/hudo.com\/si\/wp-json\/wp\/v2\/posts\/87463\/revisions\/87580"}],"wp:attachment":[{"href":"https:\/\/hudo.com\/si\/wp-json\/wp\/v2\/media?parent=87463"}],"wp:term":[{"taxonomy":"category","embeddable":true,"href":"https:\/\/hudo.com\/si\/wp-json\/wp\/v2\/categories?post=87463"},{"taxonomy":"post_tag","embeddable":true,"href":"https:\/\/hudo.com\/si\/wp-json\/wp\/v2\/tags?post=87463"},{"taxonomy":"source","embeddable":true,"href":"https:\/\/hudo.com\/si\/wp-json\/wp\/v2\/source?post=87463"},{"taxonomy":"supertag","embeddable":true,"href":"https:\/\/hudo.com\/si\/wp-json\/wp\/v2\/supertag?post=87463"}],"curies":[{"name":"wp","href":"https:\/\/api.w.org\/{rel}","templated":true}]}}