{"id":8854,"date":"2016-03-30T10:52:00","date_gmt":"2016-03-30T09:52:00","guid":{"rendered":"http:\/\/master.hudo.com\/si\/2016\/03\/30\/v-nemciji-o-sankcijah-za-begunce-ki-se-ne-bi-integrirali\/"},"modified":"2016-03-30T10:52:00","modified_gmt":"2016-03-30T09:52:00","slug":"v-nemciji-o-sankcijah-za-begunce-ki-se-ne-bi-integrirali","status":"publish","type":"post","link":"https:\/\/hudo.com\/si\/aktualno\/v-nemciji-o-sankcijah-za-begunce-ki-se-ne-bi-integrirali\/","title":{"rendered":"V Nem\u010diji o sankcijah za begunce, ki se ne bi integrirali"},"content":{"rendered":"<p>Nem\u0161ki notranji minister Thomas de Maiziere je konec tedna predstavil na\u010drte, po katerih bi sankcionirali begunce, ki se ne bi integrirali v nem\u0161ko dru\u017ebo. Ti na\u010drti so \u017ee naleteli na nasprotovanje. Tur\u0161ka skupnost jih je danes ozna\u010dila za skrajno problemati\u010dne, dvome vanje je izrazila tudi za integracijo pristojna dr\u017eavna sekretarka Aydan \u00d6zoguz. Begunci, ki bodo zavrnili ponudbe nem\u0161ke vlade za u\u010denje nem\u0161\u010dine in iskanje dela, se bodo soo\u010dili s sankcijami, je po poro\u010danju nem\u0161kih medijev konec tedna dejal de Maiziere. Kot je nadaljeval, je namen teh na\u010drtov uspe\u0161no integracijo pri\u0161leka povezati z dol\u017eino \u010dasa, ki ga bo lahko pre\u017eivel v Nem\u010diji, poro\u010da nem\u0161ka tiskovna agencija dpa. Ti na\u010drti bodo del novega integracijskega zakona, ki ga bo notranji minister po lastnih besedah predlo\u017eil v maju, z njim pa naj bi prenovili sedanjo zakonodajo. De Maizierovi na\u010drti so v Nem\u010diji \u017ee naleteli na nekatere negativne odzive. Vodja tur\u0161ke skupnosti v Nem\u010diji G\u00f6kay Sofuoglu jih je za dana\u0161nji Berliner Zeitung ozna\u010dil za skrajno problemati\u010dne. &#8220;Nem\u010dija mora enkrat za vselej razumeti, da lahko integracija deluje le, \u010de je \u010dlovek zanjo motiviran. Treba je ponuditi pouk integracije in ljudem pokazati, da spadajo sem,&#8221; je dejal. Dvome v na\u010drte notranjega ministra je \u017ee pred tem izrazila tudi za integracijo pristojna sekretarka v uradu kanclerke Angele Merkel \u00d6zoguzova. Mo\u017enost finan\u010dnih sankcij beguncem, ki se ne bi nau\u010dili nem\u0161ko oz. se integrirali v v dru\u017ebo, je po njenih besedah \u017ee vklju\u010dena v obstoje\u010do zakonodajo. Novi integracijski zakoni bi se morali po mnenju \u00d6zoguzove osredoto\u010diti na to, da se beguncem olaj\u0161a integracija na nem\u0161ki trg delovne sile. Sicer pa nekateri v napovedih notranjega ministra vidijo predvsem popu\u0161\u010danje konservativnim volivcem. Nem\u010dija je lani prejela 1,1 milijona pro\u0161enj za azil, volivci pa so zaradi do beguncev naklonjene politike Merklove njene kr\u0161\u010danske demokrate (CDU) ta mesece kaznovali s slabimi rezultati na trojnih de\u017eelnih volitvah. Na\u010drti de Ma<\/p>\n","protected":false},"excerpt":{"rendered":"<p>Nem\u0161ki notranji minister Thomas de Maiziere je konec tedna predstavil na\u010drte, po katerih bi sankcionirali begunce, ki se ne bi integrirali v nem\u0161ko dru\u017ebo. Ti na\u010drti so \u017ee naleteli na nasprotovanje. Tur\u0161ka skupnost jih je danes ozna\u010dila za skrajno problemati\u010dne, dvome vanje je izrazila tudi za integracijo pristojna dr\u017eavna sekretarka Aydan \u00d6zoguz. Begunci, ki bodo zavrnili ponudbe nem\u0161ke vlade za u\u010denje nem\u0161\u010dine in iskanje dela, se bodo soo\u010dili s sankcijami, je po poro\u010danju nem\u0161kih medijev konec tedna dejal de Maiziere. Kot je nadaljeval, je namen teh na\u010drtov uspe\u0161no integracijo pri\u0161leka povezati z dol\u017eino \u010dasa, ki ga bo lahko pre\u017eivel v Nem\u010diji, poro\u010da nem\u0161ka tiskovna agencija dpa. Ti na\u010drti bodo del novega integracijskega zakona, ki ga bo notranji minister po lastnih besedah predlo\u017eil v maju, z njim pa naj bi prenovili sedanjo zakonodajo. De Maizierovi na\u010drti so v Nem\u010diji \u017ee naleteli na nekatere negativne odzive. Vodja tur\u0161ke skupnosti v Nem\u010diji G\u00f6kay Sofuoglu jih je za dana\u0161nji Berliner Zeitung ozna\u010dil za skrajno problemati\u010dne. &#8220;Nem\u010dija mora enkrat za vselej razumeti, da lahko integracija deluje le, \u010de je \u010dlovek zanjo motiviran. Treba je ponuditi pouk integracije in ljudem pokazati, da spadajo sem,&#8221; je dejal. Dvome v na\u010drte notranjega ministra je \u017ee pred tem izrazila tudi za integracijo pristojna sekretarka v uradu kanclerke Angele Merkel \u00d6zoguzova. Mo\u017enost finan\u010dnih sankcij beguncem, ki se ne bi nau\u010dili nem\u0161ko oz. se integrirali v v dru\u017ebo, je po njenih besedah \u017ee vklju\u010dena v obstoje\u010do zakonodajo. Novi integracijski zakoni bi se morali po mnenju \u00d6zoguzove osredoto\u010diti na to, da se beguncem olaj\u0161a integracija na nem\u0161ki trg delovne sile. Sicer pa nekateri v napovedih notranjega ministra vidijo predvsem popu\u0161\u010danje konservativnim volivcem. Nem\u010dija je lani prejela 1,1 milijona pro\u0161enj za azil, volivci pa so zaradi do beguncev naklonjene politike Merklove njene kr\u0161\u010danske demokrate (CDU) ta mesece kaznovali s slabimi rezultati na trojnih de\u017eelnih volitvah. Na\u010drti de Ma<\/p>\n","protected":false},"author":1,"featured_media":0,"comment_status":"closed","ping_status":"closed","sticky":false,"template":"","format":"standard","meta":{"footnotes":""},"categories":[1179],"tags":[],"source":[1711],"supertag":[],"acf":[],"yoast_head":"<!-- This site is optimized with the Yoast SEO plugin v21.3 - https:\/\/yoast.com\/wordpress\/plugins\/seo\/ -->\n<title>V Nem\u010diji o sankcijah za begunce, ki se ne bi integrirali - Hudo Slovenija<\/title>\n<meta name=\"robots\" content=\"index, follow, max-snippet:-1, max-image-preview:large, max-video-preview:-1\" \/>\n<link rel=\"canonical\" href=\"https:\/\/hudo.com\/si\/aktualno\/v-nemciji-o-sankcijah-za-begunce-ki-se-ne-bi-integrirali\/\" \/>\n<meta property=\"og:locale\" content=\"sl_SI\" \/>\n<meta property=\"og:type\" content=\"article\" \/>\n<meta property=\"og:title\" content=\"V Nem\u010diji o sankcijah za begunce, ki se ne bi integrirali - Hudo Slovenija\" \/>\n<meta property=\"og:description\" content=\"Nem\u0161ki notranji minister Thomas de Maiziere je konec tedna predstavil na\u010drte, po katerih bi sankcionirali begunce, ki se ne bi integrirali v nem\u0161ko dru\u017ebo. Ti na\u010drti so \u017ee naleteli na nasprotovanje. Tur\u0161ka skupnost jih je danes ozna\u010dila za skrajno problemati\u010dne, dvome vanje je izrazila tudi za integracijo pristojna dr\u017eavna sekretarka Aydan \u00d6zoguz. Begunci, ki bodo zavrnili ponudbe nem\u0161ke vlade za u\u010denje nem\u0161\u010dine in iskanje dela, se bodo soo\u010dili s sankcijami, je po poro\u010danju nem\u0161kih medijev konec tedna dejal de Maiziere. Kot je nadaljeval, je namen teh na\u010drtov uspe\u0161no integracijo pri\u0161leka povezati z dol\u017eino \u010dasa, ki ga bo lahko pre\u017eivel v Nem\u010diji, poro\u010da nem\u0161ka tiskovna agencija dpa. Ti na\u010drti bodo del novega integracijskega zakona, ki ga bo notranji minister po lastnih besedah predlo\u017eil v maju, z njim pa naj bi prenovili sedanjo zakonodajo. De Maizierovi na\u010drti so v Nem\u010diji \u017ee naleteli na nekatere negativne odzive. Vodja tur\u0161ke skupnosti v Nem\u010diji G\u00f6kay Sofuoglu jih je za dana\u0161nji Berliner Zeitung ozna\u010dil za skrajno problemati\u010dne. &quot;Nem\u010dija mora enkrat za vselej razumeti, da lahko integracija deluje le, \u010de je \u010dlovek zanjo motiviran. Treba je ponuditi pouk integracije in ljudem pokazati, da spadajo sem,&quot; je dejal. Dvome v na\u010drte notranjega ministra je \u017ee pred tem izrazila tudi za integracijo pristojna sekretarka v uradu kanclerke Angele Merkel \u00d6zoguzova. Mo\u017enost finan\u010dnih sankcij beguncem, ki se ne bi nau\u010dili nem\u0161ko oz. se integrirali v v dru\u017ebo, je po njenih besedah \u017ee vklju\u010dena v obstoje\u010do zakonodajo. Novi integracijski zakoni bi se morali po mnenju \u00d6zoguzove osredoto\u010diti na to, da se beguncem olaj\u0161a integracija na nem\u0161ki trg delovne sile. Sicer pa nekateri v napovedih notranjega ministra vidijo predvsem popu\u0161\u010danje konservativnim volivcem. Nem\u010dija je lani prejela 1,1 milijona pro\u0161enj za azil, volivci pa so zaradi do beguncev naklonjene politike Merklove njene kr\u0161\u010danske demokrate (CDU) ta mesece kaznovali s slabimi rezultati na trojnih de\u017eelnih volitvah. Na\u010drti de Ma\" \/>\n<meta property=\"og:url\" content=\"https:\/\/hudo.com\/si\/aktualno\/v-nemciji-o-sankcijah-za-begunce-ki-se-ne-bi-integrirali\/\" \/>\n<meta property=\"og:site_name\" content=\"Hudo Slovenija\" \/>\n<meta property=\"article:publisher\" content=\"https:\/\/www.facebook.com\/hudo.si\" \/>\n<meta property=\"article:published_time\" content=\"2016-03-30T09:52:00+00:00\" \/>\n<meta property=\"og:image\" content=\"https:\/\/hudo.com\/si\/wp-content\/uploads\/sites\/2\/2016\/03\/01449979F-300.jpg\" \/>\n\t<meta property=\"og:image:width\" content=\"450\" \/>\n\t<meta property=\"og:image:height\" content=\"298\" \/>\n\t<meta property=\"og:image:type\" content=\"image\/jpeg\" \/>\n<meta name=\"author\" content=\"hudo\" \/>\n<meta name=\"twitter:card\" content=\"summary_large_image\" \/>\n<meta name=\"twitter:creator\" content=\"@hudo_si\" \/>\n<meta name=\"twitter:site\" content=\"@hudo_si\" \/>\n<meta name=\"twitter:label1\" content=\"Written by\" \/>\n\t<meta name=\"twitter:data1\" content=\"hudo\" \/>\n\t<meta name=\"twitter:label2\" content=\"Est. reading time\" \/>\n\t<meta name=\"twitter:data2\" content=\"2 minuti\" \/>\n<script type=\"application\/ld+json\" class=\"yoast-schema-graph\">{\"@context\":\"https:\/\/schema.org\",\"@graph\":[{\"@type\":\"Article\",\"@id\":\"https:\/\/hudo.com\/si\/aktualno\/v-nemciji-o-sankcijah-za-begunce-ki-se-ne-bi-integrirali\/#article\",\"isPartOf\":{\"@id\":\"https:\/\/hudo.com\/si\/aktualno\/v-nemciji-o-sankcijah-za-begunce-ki-se-ne-bi-integrirali\/\"},\"author\":{\"name\":\"hudo\",\"@id\":\"https:\/\/hudo.com\/si\/#\/schema\/person\/601cf3379633985b20f7e50f2bb47707\"},\"headline\":\"V Nem\u010diji o sankcijah za begunce, ki se ne bi integrirali\",\"datePublished\":\"2016-03-30T09:52:00+00:00\",\"dateModified\":\"2016-03-30T09:52:00+00:00\",\"mainEntityOfPage\":{\"@id\":\"https:\/\/hudo.com\/si\/aktualno\/v-nemciji-o-sankcijah-za-begunce-ki-se-ne-bi-integrirali\/\"},\"wordCount\":367,\"publisher\":{\"@id\":\"https:\/\/hudo.com\/si\/#organization\"},\"articleSection\":[\"Aktualno\"],\"inLanguage\":\"sl-SI\"},{\"@type\":\"WebPage\",\"@id\":\"https:\/\/hudo.com\/si\/aktualno\/v-nemciji-o-sankcijah-za-begunce-ki-se-ne-bi-integrirali\/\",\"url\":\"https:\/\/hudo.com\/si\/aktualno\/v-nemciji-o-sankcijah-za-begunce-ki-se-ne-bi-integrirali\/\",\"name\":\"V Nem\u010diji o sankcijah za begunce, ki se ne bi integrirali - Hudo Slovenija\",\"isPartOf\":{\"@id\":\"https:\/\/hudo.com\/si\/#website\"},\"datePublished\":\"2016-03-30T09:52:00+00:00\",\"dateModified\":\"2016-03-30T09:52:00+00:00\",\"breadcrumb\":{\"@id\":\"https:\/\/hudo.com\/si\/aktualno\/v-nemciji-o-sankcijah-za-begunce-ki-se-ne-bi-integrirali\/#breadcrumb\"},\"inLanguage\":\"sl-SI\",\"potentialAction\":[{\"@type\":\"ReadAction\",\"target\":[\"https:\/\/hudo.com\/si\/aktualno\/v-nemciji-o-sankcijah-za-begunce-ki-se-ne-bi-integrirali\/\"]}]},{\"@type\":\"BreadcrumbList\",\"@id\":\"https:\/\/hudo.com\/si\/aktualno\/v-nemciji-o-sankcijah-za-begunce-ki-se-ne-bi-integrirali\/#breadcrumb\",\"itemListElement\":[{\"@type\":\"ListItem\",\"position\":1,\"name\":\"Home\",\"item\":\"https:\/\/hudo.com\/si\/\"},{\"@type\":\"ListItem\",\"position\":2,\"name\":\"V Nem\u010diji o sankcijah za begunce, ki se ne bi integrirali\"}]},{\"@type\":\"WebSite\",\"@id\":\"https:\/\/hudo.com\/si\/#website\",\"url\":\"https:\/\/hudo.com\/si\/\",\"name\":\"Hudo Slovenija\",\"description\":\"Vse novice iz Slovenije in sveta\",\"publisher\":{\"@id\":\"https:\/\/hudo.com\/si\/#organization\"},\"potentialAction\":[{\"@type\":\"SearchAction\",\"target\":{\"@type\":\"EntryPoint\",\"urlTemplate\":\"https:\/\/hudo.com\/si\/?s={search_term_string}\"},\"query-input\":\"required name=search_term_string\"}],\"inLanguage\":\"sl-SI\"},{\"@type\":\"Organization\",\"@id\":\"https:\/\/hudo.com\/si\/#organization\",\"name\":\"VSN Media\",\"url\":\"https:\/\/hudo.com\/si\/\",\"logo\":{\"@type\":\"ImageObject\",\"inLanguage\":\"sl-SI\",\"@id\":\"https:\/\/hudo.com\/si\/#\/schema\/logo\/image\/\",\"url\":\"https:\/\/hudo.com\/si\/wp-content\/uploads\/sites\/2\/2021\/03\/hudo-app-2.png\",\"contentUrl\":\"https:\/\/hudo.com\/si\/wp-content\/uploads\/sites\/2\/2021\/03\/hudo-app-2.png\",\"width\":2185,\"height\":2167,\"caption\":\"VSN Media\"},\"image\":{\"@id\":\"https:\/\/hudo.com\/si\/#\/schema\/logo\/image\/\"},\"sameAs\":[\"https:\/\/www.facebook.com\/hudo.si\",\"https:\/\/twitter.com\/hudo_si\"]},{\"@type\":\"Person\",\"@id\":\"https:\/\/hudo.com\/si\/#\/schema\/person\/601cf3379633985b20f7e50f2bb47707\",\"name\":\"hudo\",\"image\":{\"@type\":\"ImageObject\",\"inLanguage\":\"sl-SI\",\"@id\":\"https:\/\/hudo.com\/si\/#\/schema\/person\/image\/\",\"url\":\"https:\/\/secure.gravatar.com\/avatar\/c4ca25fa72cace7a696b52ff5db9e095?s=96&d=mm&r=g\",\"contentUrl\":\"https:\/\/secure.gravatar.com\/avatar\/c4ca25fa72cace7a696b52ff5db9e095?s=96&d=mm&r=g\",\"caption\":\"hudo\"},\"url\":\"https:\/\/hudo.com\/si\/author\/hudo\/\"}]}<\/script>\n<!-- \/ Yoast SEO plugin. -->","yoast_head_json":{"title":"V Nem\u010diji o sankcijah za begunce, ki se ne bi integrirali - Hudo Slovenija","robots":{"index":"index","follow":"follow","max-snippet":"max-snippet:-1","max-image-preview":"max-image-preview:large","max-video-preview":"max-video-preview:-1"},"canonical":"https:\/\/hudo.com\/si\/aktualno\/v-nemciji-o-sankcijah-za-begunce-ki-se-ne-bi-integrirali\/","og_locale":"sl_SI","og_type":"article","og_title":"V Nem\u010diji o sankcijah za begunce, ki se ne bi integrirali - Hudo Slovenija","og_description":"Nem\u0161ki notranji minister Thomas de Maiziere je konec tedna predstavil na\u010drte, po katerih bi sankcionirali begunce, ki se ne bi integrirali v nem\u0161ko dru\u017ebo. Ti na\u010drti so \u017ee naleteli na nasprotovanje. Tur\u0161ka skupnost jih je danes ozna\u010dila za skrajno problemati\u010dne, dvome vanje je izrazila tudi za integracijo pristojna dr\u017eavna sekretarka Aydan \u00d6zoguz. Begunci, ki bodo zavrnili ponudbe nem\u0161ke vlade za u\u010denje nem\u0161\u010dine in iskanje dela, se bodo soo\u010dili s sankcijami, je po poro\u010danju nem\u0161kih medijev konec tedna dejal de Maiziere. Kot je nadaljeval, je namen teh na\u010drtov uspe\u0161no integracijo pri\u0161leka povezati z dol\u017eino \u010dasa, ki ga bo lahko pre\u017eivel v Nem\u010diji, poro\u010da nem\u0161ka tiskovna agencija dpa. Ti na\u010drti bodo del novega integracijskega zakona, ki ga bo notranji minister po lastnih besedah predlo\u017eil v maju, z njim pa naj bi prenovili sedanjo zakonodajo. De Maizierovi na\u010drti so v Nem\u010diji \u017ee naleteli na nekatere negativne odzive. Vodja tur\u0161ke skupnosti v Nem\u010diji G\u00f6kay Sofuoglu jih je za dana\u0161nji Berliner Zeitung ozna\u010dil za skrajno problemati\u010dne. \"Nem\u010dija mora enkrat za vselej razumeti, da lahko integracija deluje le, \u010de je \u010dlovek zanjo motiviran. Treba je ponuditi pouk integracije in ljudem pokazati, da spadajo sem,\" je dejal. Dvome v na\u010drte notranjega ministra je \u017ee pred tem izrazila tudi za integracijo pristojna sekretarka v uradu kanclerke Angele Merkel \u00d6zoguzova. Mo\u017enost finan\u010dnih sankcij beguncem, ki se ne bi nau\u010dili nem\u0161ko oz. se integrirali v v dru\u017ebo, je po njenih besedah \u017ee vklju\u010dena v obstoje\u010do zakonodajo. Novi integracijski zakoni bi se morali po mnenju \u00d6zoguzove osredoto\u010diti na to, da se beguncem olaj\u0161a integracija na nem\u0161ki trg delovne sile. Sicer pa nekateri v napovedih notranjega ministra vidijo predvsem popu\u0161\u010danje konservativnim volivcem. Nem\u010dija je lani prejela 1,1 milijona pro\u0161enj za azil, volivci pa so zaradi do beguncev naklonjene politike Merklove njene kr\u0161\u010danske demokrate (CDU) ta mesece kaznovali s slabimi rezultati na trojnih de\u017eelnih volitvah. Na\u010drti de Ma","og_url":"https:\/\/hudo.com\/si\/aktualno\/v-nemciji-o-sankcijah-za-begunce-ki-se-ne-bi-integrirali\/","og_site_name":"Hudo Slovenija","article_publisher":"https:\/\/www.facebook.com\/hudo.si","article_published_time":"2016-03-30T09:52:00+00:00","og_image":[{"width":450,"height":298,"url":"https:\/\/hudo.com\/si\/wp-content\/uploads\/sites\/2\/2016\/03\/01449979F-300.jpg","type":"image\/jpeg"}],"author":"hudo","twitter_card":"summary_large_image","twitter_creator":"@hudo_si","twitter_site":"@hudo_si","twitter_misc":{"Written by":"hudo","Est. reading time":"2 minuti"},"schema":{"@context":"https:\/\/schema.org","@graph":[{"@type":"Article","@id":"https:\/\/hudo.com\/si\/aktualno\/v-nemciji-o-sankcijah-za-begunce-ki-se-ne-bi-integrirali\/#article","isPartOf":{"@id":"https:\/\/hudo.com\/si\/aktualno\/v-nemciji-o-sankcijah-za-begunce-ki-se-ne-bi-integrirali\/"},"author":{"name":"hudo","@id":"https:\/\/hudo.com\/si\/#\/schema\/person\/601cf3379633985b20f7e50f2bb47707"},"headline":"V Nem\u010diji o sankcijah za begunce, ki se ne bi integrirali","datePublished":"2016-03-30T09:52:00+00:00","dateModified":"2016-03-30T09:52:00+00:00","mainEntityOfPage":{"@id":"https:\/\/hudo.com\/si\/aktualno\/v-nemciji-o-sankcijah-za-begunce-ki-se-ne-bi-integrirali\/"},"wordCount":367,"publisher":{"@id":"https:\/\/hudo.com\/si\/#organization"},"articleSection":["Aktualno"],"inLanguage":"sl-SI"},{"@type":"WebPage","@id":"https:\/\/hudo.com\/si\/aktualno\/v-nemciji-o-sankcijah-za-begunce-ki-se-ne-bi-integrirali\/","url":"https:\/\/hudo.com\/si\/aktualno\/v-nemciji-o-sankcijah-za-begunce-ki-se-ne-bi-integrirali\/","name":"V Nem\u010diji o sankcijah za begunce, ki se ne bi integrirali - Hudo Slovenija","isPartOf":{"@id":"https:\/\/hudo.com\/si\/#website"},"datePublished":"2016-03-30T09:52:00+00:00","dateModified":"2016-03-30T09:52:00+00:00","breadcrumb":{"@id":"https:\/\/hudo.com\/si\/aktualno\/v-nemciji-o-sankcijah-za-begunce-ki-se-ne-bi-integrirali\/#breadcrumb"},"inLanguage":"sl-SI","potentialAction":[{"@type":"ReadAction","target":["https:\/\/hudo.com\/si\/aktualno\/v-nemciji-o-sankcijah-za-begunce-ki-se-ne-bi-integrirali\/"]}]},{"@type":"BreadcrumbList","@id":"https:\/\/hudo.com\/si\/aktualno\/v-nemciji-o-sankcijah-za-begunce-ki-se-ne-bi-integrirali\/#breadcrumb","itemListElement":[{"@type":"ListItem","position":1,"name":"Home","item":"https:\/\/hudo.com\/si\/"},{"@type":"ListItem","position":2,"name":"V Nem\u010diji o sankcijah za begunce, ki se ne bi integrirali"}]},{"@type":"WebSite","@id":"https:\/\/hudo.com\/si\/#website","url":"https:\/\/hudo.com\/si\/","name":"Hudo Slovenija","description":"Vse novice iz Slovenije in sveta","publisher":{"@id":"https:\/\/hudo.com\/si\/#organization"},"potentialAction":[{"@type":"SearchAction","target":{"@type":"EntryPoint","urlTemplate":"https:\/\/hudo.com\/si\/?s={search_term_string}"},"query-input":"required name=search_term_string"}],"inLanguage":"sl-SI"},{"@type":"Organization","@id":"https:\/\/hudo.com\/si\/#organization","name":"VSN Media","url":"https:\/\/hudo.com\/si\/","logo":{"@type":"ImageObject","inLanguage":"sl-SI","@id":"https:\/\/hudo.com\/si\/#\/schema\/logo\/image\/","url":"https:\/\/hudo.com\/si\/wp-content\/uploads\/sites\/2\/2021\/03\/hudo-app-2.png","contentUrl":"https:\/\/hudo.com\/si\/wp-content\/uploads\/sites\/2\/2021\/03\/hudo-app-2.png","width":2185,"height":2167,"caption":"VSN Media"},"image":{"@id":"https:\/\/hudo.com\/si\/#\/schema\/logo\/image\/"},"sameAs":["https:\/\/www.facebook.com\/hudo.si","https:\/\/twitter.com\/hudo_si"]},{"@type":"Person","@id":"https:\/\/hudo.com\/si\/#\/schema\/person\/601cf3379633985b20f7e50f2bb47707","name":"hudo","image":{"@type":"ImageObject","inLanguage":"sl-SI","@id":"https:\/\/hudo.com\/si\/#\/schema\/person\/image\/","url":"https:\/\/secure.gravatar.com\/avatar\/c4ca25fa72cace7a696b52ff5db9e095?s=96&d=mm&r=g","contentUrl":"https:\/\/secure.gravatar.com\/avatar\/c4ca25fa72cace7a696b52ff5db9e095?s=96&d=mm&r=g","caption":"hudo"},"url":"https:\/\/hudo.com\/si\/author\/hudo\/"}]}},"amp_enabled":true,"_links":{"self":[{"href":"https:\/\/hudo.com\/si\/wp-json\/wp\/v2\/posts\/8854"}],"collection":[{"href":"https:\/\/hudo.com\/si\/wp-json\/wp\/v2\/posts"}],"about":[{"href":"https:\/\/hudo.com\/si\/wp-json\/wp\/v2\/types\/post"}],"author":[{"embeddable":true,"href":"https:\/\/hudo.com\/si\/wp-json\/wp\/v2\/users\/1"}],"replies":[{"embeddable":true,"href":"https:\/\/hudo.com\/si\/wp-json\/wp\/v2\/comments?post=8854"}],"version-history":[{"count":0,"href":"https:\/\/hudo.com\/si\/wp-json\/wp\/v2\/posts\/8854\/revisions"}],"wp:attachment":[{"href":"https:\/\/hudo.com\/si\/wp-json\/wp\/v2\/media?parent=8854"}],"wp:term":[{"taxonomy":"category","embeddable":true,"href":"https:\/\/hudo.com\/si\/wp-json\/wp\/v2\/categories?post=8854"},{"taxonomy":"post_tag","embeddable":true,"href":"https:\/\/hudo.com\/si\/wp-json\/wp\/v2\/tags?post=8854"},{"taxonomy":"source","embeddable":true,"href":"https:\/\/hudo.com\/si\/wp-json\/wp\/v2\/source?post=8854"},{"taxonomy":"supertag","embeddable":true,"href":"https:\/\/hudo.com\/si\/wp-json\/wp\/v2\/supertag?post=8854"}],"curies":[{"name":"wp","href":"https:\/\/api.w.org\/{rel}","templated":true}]}}