{"id":8860,"date":"2016-03-30T10:31:00","date_gmt":"2016-03-30T09:31:00","guid":{"rendered":"http:\/\/master.hudo.com\/si\/2016\/03\/30\/maja-vidmar-zapusca-plezalne-steze\/"},"modified":"2016-03-30T10:31:00","modified_gmt":"2016-03-30T09:31:00","slug":"maja-vidmar-zapusca-plezalne-steze","status":"publish","type":"post","link":"https:\/\/hudo.com\/si\/aktualno\/maja-vidmar-zapusca-plezalne-steze\/","title":{"rendered":"Maja Vidmar zapu\u0161\u010da plezalne steze"},"content":{"rendered":"<p>Kategorija: Drugi \u0161porti Wed, 30 Mar 2016 12:31:00 +0200  Ljubljana &#8211; Slovenska \u0161portna plezalka Maja Vidmar, nekdanja skupna zmagovalka svetovnega pokala se poslavlja od plezalnih tekmovanje. Ob koncu profesionalne \u0161portne kariere se bo v nedeljo v \u0160kofji Loki \u0161e zadnji\u010d podala v tekmovalno smer na doma\u010di steni. Ob Mini Markovi\u010d ena najbolj\u0161ih slovenskih plezalk je v svoji karieri nanizala \u0161tevilne uspehe; \u017ee leta 2000 je postala skupna zmagovalka evropskega mladinskega pokala, dve leti pozneje je \u017ee stala na zmagovalnem odru v svetovnem pokalu in leta 2005 v \u0160anghaju tudi prvi\u010d zmagala. Na doma\u010dih tleh je prvi\u010d slavila leta 2006, sanjsko sezono pa je imela leta 2007, ko je s \u0161estimi zaporednimi zmagami postavila poseben mejnik, ki ga ni presegla \u0161e nobena druga tekmovalka. Tedaj je pred doma\u010dimi gledalci postala tudi skupna zmagovalka svetovnega pokala. \u00bbLeto 2007 je bilo zagotovo vrhunec moje\u00a0&#8230;<\/p>\n","protected":false},"excerpt":{"rendered":"<p>Kategorija: Drugi \u0161porti Wed, 30 Mar 2016 12:31:00 +0200  Ljubljana &#8211; Slovenska \u0161portna plezalka Maja Vidmar, nekdanja skupna zmagovalka svetovnega pokala se poslavlja od plezalnih tekmovanje. Ob koncu profesionalne \u0161portne kariere se bo v nedeljo v \u0160kofji Loki \u0161e zadnji\u010d podala v tekmovalno smer na doma\u010di steni. Ob Mini Markovi\u010d ena najbolj\u0161ih slovenskih plezalk je v svoji karieri nanizala \u0161tevilne uspehe; \u017ee leta 2000 je postala skupna zmagovalka evropskega mladinskega pokala, dve leti pozneje je \u017ee stala na zmagovalnem odru v svetovnem pokalu in leta 2005 v \u0160anghaju tudi prvi\u010d zmagala. Na doma\u010dih tleh je prvi\u010d slavila leta 2006, sanjsko sezono pa je imela leta 2007, ko je s \u0161estimi zaporednimi zmagami postavila poseben mejnik, ki ga ni presegla \u0161e nobena druga tekmovalka. Tedaj je pred doma\u010dimi gledalci postala tudi skupna zmagovalka svetovnega pokala. \u00bbLeto 2007 je bilo zagotovo vrhunec moje\u00a0&#8230;<\/p>\n","protected":false},"author":1,"featured_media":0,"comment_status":"closed","ping_status":"closed","sticky":false,"template":"","format":"standard","meta":{"footnotes":""},"categories":[1179],"tags":[],"source":[4511],"supertag":[],"acf":[],"yoast_head":"<!-- This site is optimized with the Yoast SEO plugin v21.3 - https:\/\/yoast.com\/wordpress\/plugins\/seo\/ -->\n<title>Maja Vidmar zapu\u0161\u010da plezalne steze - Hudo Slovenija<\/title>\n<meta name=\"robots\" content=\"index, follow, max-snippet:-1, max-image-preview:large, max-video-preview:-1\" \/>\n<link rel=\"canonical\" href=\"https:\/\/hudo.com\/si\/aktualno\/maja-vidmar-zapusca-plezalne-steze\/\" \/>\n<meta property=\"og:locale\" content=\"sl_SI\" \/>\n<meta property=\"og:type\" content=\"article\" \/>\n<meta property=\"og:title\" content=\"Maja Vidmar zapu\u0161\u010da plezalne steze - Hudo Slovenija\" \/>\n<meta property=\"og:description\" content=\"Kategorija: Drugi \u0161porti Wed, 30 Mar 2016 12:31:00 +0200 Ljubljana - Slovenska \u0161portna plezalka Maja Vidmar, nekdanja skupna zmagovalka svetovnega pokala se poslavlja od plezalnih tekmovanje. Ob koncu profesionalne \u0161portne kariere se bo v nedeljo v \u0160kofji Loki \u0161e zadnji\u010d podala v tekmovalno smer na doma\u010di steni. Ob Mini Markovi\u010d ena najbolj\u0161ih slovenskih plezalk je v svoji karieri nanizala \u0161tevilne uspehe; \u017ee leta 2000 je postala skupna zmagovalka evropskega mladinskega pokala, dve leti pozneje je \u017ee stala na zmagovalnem odru v svetovnem pokalu in leta 2005 v \u0160anghaju tudi prvi\u010d zmagala. Na doma\u010dih tleh je prvi\u010d slavila leta 2006, sanjsko sezono pa je imela leta 2007, ko je s \u0161estimi zaporednimi zmagami postavila poseben mejnik, ki ga ni presegla \u0161e nobena druga tekmovalka. Tedaj je pred doma\u010dimi gledalci postala tudi skupna zmagovalka svetovnega pokala. \u00bbLeto 2007 je bilo zagotovo vrhunec moje\u00a0...\" \/>\n<meta property=\"og:url\" content=\"https:\/\/hudo.com\/si\/aktualno\/maja-vidmar-zapusca-plezalne-steze\/\" \/>\n<meta property=\"og:site_name\" content=\"Hudo Slovenija\" \/>\n<meta property=\"article:publisher\" content=\"https:\/\/www.facebook.com\/hudo.si\" \/>\n<meta property=\"article:published_time\" content=\"2016-03-30T09:31:00+00:00\" \/>\n<meta property=\"og:image\" content=\"https:\/\/hudo.com\/si\/wp-content\/uploads\/sites\/2\/2016\/03\/480x290_djvu_1588063_spelar_lvi-Vidmar.jpeg\" \/>\n\t<meta property=\"og:image:width\" content=\"480\" \/>\n\t<meta property=\"og:image:height\" content=\"290\" \/>\n\t<meta property=\"og:image:type\" content=\"image\/jpeg\" \/>\n<meta name=\"author\" content=\"hudo\" \/>\n<meta name=\"twitter:card\" content=\"summary_large_image\" \/>\n<meta name=\"twitter:creator\" content=\"@hudo_si\" \/>\n<meta name=\"twitter:site\" content=\"@hudo_si\" \/>\n<meta name=\"twitter:label1\" content=\"Written by\" \/>\n\t<meta name=\"twitter:data1\" content=\"hudo\" \/>\n\t<meta name=\"twitter:label2\" content=\"Est. reading time\" \/>\n\t<meta name=\"twitter:data2\" content=\"1 minuta\" \/>\n<script type=\"application\/ld+json\" class=\"yoast-schema-graph\">{\"@context\":\"https:\/\/schema.org\",\"@graph\":[{\"@type\":\"Article\",\"@id\":\"https:\/\/hudo.com\/si\/aktualno\/maja-vidmar-zapusca-plezalne-steze\/#article\",\"isPartOf\":{\"@id\":\"https:\/\/hudo.com\/si\/aktualno\/maja-vidmar-zapusca-plezalne-steze\/\"},\"author\":{\"name\":\"hudo\",\"@id\":\"https:\/\/hudo.com\/si\/#\/schema\/person\/601cf3379633985b20f7e50f2bb47707\"},\"headline\":\"Maja Vidmar zapu\u0161\u010da plezalne steze\",\"datePublished\":\"2016-03-30T09:31:00+00:00\",\"dateModified\":\"2016-03-30T09:31:00+00:00\",\"mainEntityOfPage\":{\"@id\":\"https:\/\/hudo.com\/si\/aktualno\/maja-vidmar-zapusca-plezalne-steze\/\"},\"wordCount\":142,\"publisher\":{\"@id\":\"https:\/\/hudo.com\/si\/#organization\"},\"articleSection\":[\"Aktualno\"],\"inLanguage\":\"sl-SI\"},{\"@type\":\"WebPage\",\"@id\":\"https:\/\/hudo.com\/si\/aktualno\/maja-vidmar-zapusca-plezalne-steze\/\",\"url\":\"https:\/\/hudo.com\/si\/aktualno\/maja-vidmar-zapusca-plezalne-steze\/\",\"name\":\"Maja Vidmar zapu\u0161\u010da plezalne steze - Hudo Slovenija\",\"isPartOf\":{\"@id\":\"https:\/\/hudo.com\/si\/#website\"},\"datePublished\":\"2016-03-30T09:31:00+00:00\",\"dateModified\":\"2016-03-30T09:31:00+00:00\",\"breadcrumb\":{\"@id\":\"https:\/\/hudo.com\/si\/aktualno\/maja-vidmar-zapusca-plezalne-steze\/#breadcrumb\"},\"inLanguage\":\"sl-SI\",\"potentialAction\":[{\"@type\":\"ReadAction\",\"target\":[\"https:\/\/hudo.com\/si\/aktualno\/maja-vidmar-zapusca-plezalne-steze\/\"]}]},{\"@type\":\"BreadcrumbList\",\"@id\":\"https:\/\/hudo.com\/si\/aktualno\/maja-vidmar-zapusca-plezalne-steze\/#breadcrumb\",\"itemListElement\":[{\"@type\":\"ListItem\",\"position\":1,\"name\":\"Home\",\"item\":\"https:\/\/hudo.com\/si\/\"},{\"@type\":\"ListItem\",\"position\":2,\"name\":\"Maja Vidmar zapu\u0161\u010da plezalne steze\"}]},{\"@type\":\"WebSite\",\"@id\":\"https:\/\/hudo.com\/si\/#website\",\"url\":\"https:\/\/hudo.com\/si\/\",\"name\":\"Hudo Slovenija\",\"description\":\"Vse novice iz Slovenije in sveta\",\"publisher\":{\"@id\":\"https:\/\/hudo.com\/si\/#organization\"},\"potentialAction\":[{\"@type\":\"SearchAction\",\"target\":{\"@type\":\"EntryPoint\",\"urlTemplate\":\"https:\/\/hudo.com\/si\/?s={search_term_string}\"},\"query-input\":\"required name=search_term_string\"}],\"inLanguage\":\"sl-SI\"},{\"@type\":\"Organization\",\"@id\":\"https:\/\/hudo.com\/si\/#organization\",\"name\":\"VSN Media\",\"url\":\"https:\/\/hudo.com\/si\/\",\"logo\":{\"@type\":\"ImageObject\",\"inLanguage\":\"sl-SI\",\"@id\":\"https:\/\/hudo.com\/si\/#\/schema\/logo\/image\/\",\"url\":\"https:\/\/hudo.com\/si\/wp-content\/uploads\/sites\/2\/2021\/03\/hudo-app-2.png\",\"contentUrl\":\"https:\/\/hudo.com\/si\/wp-content\/uploads\/sites\/2\/2021\/03\/hudo-app-2.png\",\"width\":2185,\"height\":2167,\"caption\":\"VSN Media\"},\"image\":{\"@id\":\"https:\/\/hudo.com\/si\/#\/schema\/logo\/image\/\"},\"sameAs\":[\"https:\/\/www.facebook.com\/hudo.si\",\"https:\/\/twitter.com\/hudo_si\"]},{\"@type\":\"Person\",\"@id\":\"https:\/\/hudo.com\/si\/#\/schema\/person\/601cf3379633985b20f7e50f2bb47707\",\"name\":\"hudo\",\"image\":{\"@type\":\"ImageObject\",\"inLanguage\":\"sl-SI\",\"@id\":\"https:\/\/hudo.com\/si\/#\/schema\/person\/image\/\",\"url\":\"https:\/\/secure.gravatar.com\/avatar\/c4ca25fa72cace7a696b52ff5db9e095?s=96&d=mm&r=g\",\"contentUrl\":\"https:\/\/secure.gravatar.com\/avatar\/c4ca25fa72cace7a696b52ff5db9e095?s=96&d=mm&r=g\",\"caption\":\"hudo\"},\"url\":\"https:\/\/hudo.com\/si\/author\/hudo\/\"}]}<\/script>\n<!-- \/ Yoast SEO plugin. -->","yoast_head_json":{"title":"Maja Vidmar zapu\u0161\u010da plezalne steze - Hudo Slovenija","robots":{"index":"index","follow":"follow","max-snippet":"max-snippet:-1","max-image-preview":"max-image-preview:large","max-video-preview":"max-video-preview:-1"},"canonical":"https:\/\/hudo.com\/si\/aktualno\/maja-vidmar-zapusca-plezalne-steze\/","og_locale":"sl_SI","og_type":"article","og_title":"Maja Vidmar zapu\u0161\u010da plezalne steze - Hudo Slovenija","og_description":"Kategorija: Drugi \u0161porti Wed, 30 Mar 2016 12:31:00 +0200 Ljubljana - Slovenska \u0161portna plezalka Maja Vidmar, nekdanja skupna zmagovalka svetovnega pokala se poslavlja od plezalnih tekmovanje. Ob koncu profesionalne \u0161portne kariere se bo v nedeljo v \u0160kofji Loki \u0161e zadnji\u010d podala v tekmovalno smer na doma\u010di steni. Ob Mini Markovi\u010d ena najbolj\u0161ih slovenskih plezalk je v svoji karieri nanizala \u0161tevilne uspehe; \u017ee leta 2000 je postala skupna zmagovalka evropskega mladinskega pokala, dve leti pozneje je \u017ee stala na zmagovalnem odru v svetovnem pokalu in leta 2005 v \u0160anghaju tudi prvi\u010d zmagala. Na doma\u010dih tleh je prvi\u010d slavila leta 2006, sanjsko sezono pa je imela leta 2007, ko je s \u0161estimi zaporednimi zmagami postavila poseben mejnik, ki ga ni presegla \u0161e nobena druga tekmovalka. Tedaj je pred doma\u010dimi gledalci postala tudi skupna zmagovalka svetovnega pokala. \u00bbLeto 2007 je bilo zagotovo vrhunec moje\u00a0...","og_url":"https:\/\/hudo.com\/si\/aktualno\/maja-vidmar-zapusca-plezalne-steze\/","og_site_name":"Hudo Slovenija","article_publisher":"https:\/\/www.facebook.com\/hudo.si","article_published_time":"2016-03-30T09:31:00+00:00","og_image":[{"width":480,"height":290,"url":"https:\/\/hudo.com\/si\/wp-content\/uploads\/sites\/2\/2016\/03\/480x290_djvu_1588063_spelar_lvi-Vidmar.jpeg","type":"image\/jpeg"}],"author":"hudo","twitter_card":"summary_large_image","twitter_creator":"@hudo_si","twitter_site":"@hudo_si","twitter_misc":{"Written by":"hudo","Est. reading time":"1 minuta"},"schema":{"@context":"https:\/\/schema.org","@graph":[{"@type":"Article","@id":"https:\/\/hudo.com\/si\/aktualno\/maja-vidmar-zapusca-plezalne-steze\/#article","isPartOf":{"@id":"https:\/\/hudo.com\/si\/aktualno\/maja-vidmar-zapusca-plezalne-steze\/"},"author":{"name":"hudo","@id":"https:\/\/hudo.com\/si\/#\/schema\/person\/601cf3379633985b20f7e50f2bb47707"},"headline":"Maja Vidmar zapu\u0161\u010da plezalne steze","datePublished":"2016-03-30T09:31:00+00:00","dateModified":"2016-03-30T09:31:00+00:00","mainEntityOfPage":{"@id":"https:\/\/hudo.com\/si\/aktualno\/maja-vidmar-zapusca-plezalne-steze\/"},"wordCount":142,"publisher":{"@id":"https:\/\/hudo.com\/si\/#organization"},"articleSection":["Aktualno"],"inLanguage":"sl-SI"},{"@type":"WebPage","@id":"https:\/\/hudo.com\/si\/aktualno\/maja-vidmar-zapusca-plezalne-steze\/","url":"https:\/\/hudo.com\/si\/aktualno\/maja-vidmar-zapusca-plezalne-steze\/","name":"Maja Vidmar zapu\u0161\u010da plezalne steze - Hudo Slovenija","isPartOf":{"@id":"https:\/\/hudo.com\/si\/#website"},"datePublished":"2016-03-30T09:31:00+00:00","dateModified":"2016-03-30T09:31:00+00:00","breadcrumb":{"@id":"https:\/\/hudo.com\/si\/aktualno\/maja-vidmar-zapusca-plezalne-steze\/#breadcrumb"},"inLanguage":"sl-SI","potentialAction":[{"@type":"ReadAction","target":["https:\/\/hudo.com\/si\/aktualno\/maja-vidmar-zapusca-plezalne-steze\/"]}]},{"@type":"BreadcrumbList","@id":"https:\/\/hudo.com\/si\/aktualno\/maja-vidmar-zapusca-plezalne-steze\/#breadcrumb","itemListElement":[{"@type":"ListItem","position":1,"name":"Home","item":"https:\/\/hudo.com\/si\/"},{"@type":"ListItem","position":2,"name":"Maja Vidmar zapu\u0161\u010da plezalne steze"}]},{"@type":"WebSite","@id":"https:\/\/hudo.com\/si\/#website","url":"https:\/\/hudo.com\/si\/","name":"Hudo Slovenija","description":"Vse novice iz Slovenije in sveta","publisher":{"@id":"https:\/\/hudo.com\/si\/#organization"},"potentialAction":[{"@type":"SearchAction","target":{"@type":"EntryPoint","urlTemplate":"https:\/\/hudo.com\/si\/?s={search_term_string}"},"query-input":"required name=search_term_string"}],"inLanguage":"sl-SI"},{"@type":"Organization","@id":"https:\/\/hudo.com\/si\/#organization","name":"VSN Media","url":"https:\/\/hudo.com\/si\/","logo":{"@type":"ImageObject","inLanguage":"sl-SI","@id":"https:\/\/hudo.com\/si\/#\/schema\/logo\/image\/","url":"https:\/\/hudo.com\/si\/wp-content\/uploads\/sites\/2\/2021\/03\/hudo-app-2.png","contentUrl":"https:\/\/hudo.com\/si\/wp-content\/uploads\/sites\/2\/2021\/03\/hudo-app-2.png","width":2185,"height":2167,"caption":"VSN Media"},"image":{"@id":"https:\/\/hudo.com\/si\/#\/schema\/logo\/image\/"},"sameAs":["https:\/\/www.facebook.com\/hudo.si","https:\/\/twitter.com\/hudo_si"]},{"@type":"Person","@id":"https:\/\/hudo.com\/si\/#\/schema\/person\/601cf3379633985b20f7e50f2bb47707","name":"hudo","image":{"@type":"ImageObject","inLanguage":"sl-SI","@id":"https:\/\/hudo.com\/si\/#\/schema\/person\/image\/","url":"https:\/\/secure.gravatar.com\/avatar\/c4ca25fa72cace7a696b52ff5db9e095?s=96&d=mm&r=g","contentUrl":"https:\/\/secure.gravatar.com\/avatar\/c4ca25fa72cace7a696b52ff5db9e095?s=96&d=mm&r=g","caption":"hudo"},"url":"https:\/\/hudo.com\/si\/author\/hudo\/"}]}},"amp_enabled":true,"_links":{"self":[{"href":"https:\/\/hudo.com\/si\/wp-json\/wp\/v2\/posts\/8860"}],"collection":[{"href":"https:\/\/hudo.com\/si\/wp-json\/wp\/v2\/posts"}],"about":[{"href":"https:\/\/hudo.com\/si\/wp-json\/wp\/v2\/types\/post"}],"author":[{"embeddable":true,"href":"https:\/\/hudo.com\/si\/wp-json\/wp\/v2\/users\/1"}],"replies":[{"embeddable":true,"href":"https:\/\/hudo.com\/si\/wp-json\/wp\/v2\/comments?post=8860"}],"version-history":[{"count":0,"href":"https:\/\/hudo.com\/si\/wp-json\/wp\/v2\/posts\/8860\/revisions"}],"wp:attachment":[{"href":"https:\/\/hudo.com\/si\/wp-json\/wp\/v2\/media?parent=8860"}],"wp:term":[{"taxonomy":"category","embeddable":true,"href":"https:\/\/hudo.com\/si\/wp-json\/wp\/v2\/categories?post=8860"},{"taxonomy":"post_tag","embeddable":true,"href":"https:\/\/hudo.com\/si\/wp-json\/wp\/v2\/tags?post=8860"},{"taxonomy":"source","embeddable":true,"href":"https:\/\/hudo.com\/si\/wp-json\/wp\/v2\/source?post=8860"},{"taxonomy":"supertag","embeddable":true,"href":"https:\/\/hudo.com\/si\/wp-json\/wp\/v2\/supertag?post=8860"}],"curies":[{"name":"wp","href":"https:\/\/api.w.org\/{rel}","templated":true}]}}