{"id":89732,"date":"2016-07-06T13:27:00","date_gmt":"2016-07-06T11:27:00","guid":{"rendered":"http:\/\/hudo.com\/si\/2016\/07\/06\/sodisce-tudi-o-stikih-osumljene-mame-z-drugimi-tremi-otroki\/"},"modified":"2016-07-07T10:37:41","modified_gmt":"2016-07-07T08:37:41","slug":"sodisce-tudi-o-stikih-osumljene-mame-z-drugimi-tremi-otroki","status":"publish","type":"post","link":"https:\/\/hudo.com\/si\/aktualno\/sodisce-tudi-o-stikih-osumljene-mame-z-drugimi-tremi-otroki\/","title":{"rendered":"Sodi\u0161\u010de tudi o stikih osumljene mame z drugimi tremi otroki"},"content":{"rendered":"<p>Kategorija: Kronika Wed, 06 Jul 2016 15:27:00 +0200  Jesenice &#8211; Po smrti dveletne deklice z Jesenic njena mama, ki je skupaj z novim partnerjem osumljena povzro\u010ditve posebno hudih po\u0161kodb, zaradi ponovitvene nevarnosti ostaja v priporu, njeni drugi otroci pa \u017eivijo pri o\u010detu. Kak\u0161ne stike bodo imeli z mamo v prihodnje, bo na koncu odlo\u010dilo sodi\u0161\u010de, razmere v dru\u017eini pa pozorno spremlja center za socialno delo. V \u0161oku, v katerem je dru\u017eina, je na vpra\u0161anje o nadaljnjih stikih z mamo \u0161e te\u017eko odgovoriti. Kot je za Slovensko tiskovno agencijo pojasnila direktorica Centra za socialno delo Jesenice Anita Bregar, je ena izmed mo\u017enosti, da zoper mamo podajo predlog za odvzem roditeljskih pravic, druge mo\u017enosti so, da predlagajo prepoved ali omejitev stikov ali pa, da stiki potekajo pod nadzorom. Kon\u010dna odlo\u010ditev bo v rokah sodi\u0161\u010da. \u010ceprav so vsi trije otroci \u0161e mladoletni, pa\u00a0&#8230;<\/p>\n","protected":false},"excerpt":{"rendered":"<p>Kategorija: Kronika Wed, 06 Jul 2016 15:27:00 +0200  Jesenice &#8211; Po smrti dveletne deklice z Jesenic njena mama, ki je skupaj z novim partnerjem osumljena povzro\u010ditve posebno hudih po\u0161kodb, zaradi ponovitvene nevarnosti ostaja v priporu, njeni drugi otroci pa \u017eivijo pri o\u010detu. Kak\u0161ne stike bodo imeli z mamo v prihodnje, bo na koncu odlo\u010dilo sodi\u0161\u010de, razmere v dru\u017eini pa pozorno spremlja center za socialno delo. V \u0161oku, v katerem je dru\u017eina, je na vpra\u0161anje o nadaljnjih stikih z mamo \u0161e te\u017eko odgovoriti. Kot je za Slovensko tiskovno agencijo pojasnila direktorica Centra za socialno delo Jesenice Anita Bregar, je ena izmed mo\u017enosti, da zoper mamo podajo predlog za odvzem roditeljskih pravic, druge mo\u017enosti so, da predlagajo prepoved ali omejitev stikov ali pa, da stiki potekajo pod nadzorom. Kon\u010dna odlo\u010ditev bo v rokah sodi\u0161\u010da. \u010ceprav so vsi trije otroci \u0161e mladoletni, pa\u00a0&#8230;<\/p>\n","protected":false},"author":1,"featured_media":0,"comment_status":"closed","ping_status":"closed","sticky":false,"template":"","format":"standard","meta":{"footnotes":""},"categories":[1179],"tags":[],"source":[4511],"supertag":[],"acf":[],"yoast_head":"<!-- This site is optimized with the Yoast SEO plugin v21.3 - https:\/\/yoast.com\/wordpress\/plugins\/seo\/ -->\n<title>Sodi\u0161\u010de tudi o stikih osumljene mame z drugimi tremi otroki - Hudo Slovenija<\/title>\n<meta name=\"robots\" content=\"index, follow, max-snippet:-1, max-image-preview:large, max-video-preview:-1\" \/>\n<link rel=\"canonical\" href=\"https:\/\/hudo.com\/si\/aktualno\/sodisce-tudi-o-stikih-osumljene-mame-z-drugimi-tremi-otroki\/\" \/>\n<meta property=\"og:locale\" content=\"sl_SI\" \/>\n<meta property=\"og:type\" content=\"article\" \/>\n<meta property=\"og:title\" content=\"Sodi\u0161\u010de tudi o stikih osumljene mame z drugimi tremi otroki - Hudo Slovenija\" \/>\n<meta property=\"og:description\" content=\"Kategorija: Kronika Wed, 06 Jul 2016 15:27:00 +0200 Jesenice - Po smrti dveletne deklice z Jesenic njena mama, ki je skupaj z novim partnerjem osumljena povzro\u010ditve posebno hudih po\u0161kodb, zaradi ponovitvene nevarnosti ostaja v priporu, njeni drugi otroci pa \u017eivijo pri o\u010detu. Kak\u0161ne stike bodo imeli z mamo v prihodnje, bo na koncu odlo\u010dilo sodi\u0161\u010de, razmere v dru\u017eini pa pozorno spremlja center za socialno delo. V \u0161oku, v katerem je dru\u017eina, je na vpra\u0161anje o nadaljnjih stikih z mamo \u0161e te\u017eko odgovoriti. Kot je za Slovensko tiskovno agencijo pojasnila direktorica Centra za socialno delo Jesenice Anita Bregar, je ena izmed mo\u017enosti, da zoper mamo podajo predlog za odvzem roditeljskih pravic, druge mo\u017enosti so, da predlagajo prepoved ali omejitev stikov ali pa, da stiki potekajo pod nadzorom. Kon\u010dna odlo\u010ditev bo v rokah sodi\u0161\u010da. \u010ceprav so vsi trije otroci \u0161e mladoletni, pa\u00a0...\" \/>\n<meta property=\"og:url\" content=\"https:\/\/hudo.com\/si\/aktualno\/sodisce-tudi-o-stikih-osumljene-mame-z-drugimi-tremi-otroki\/\" \/>\n<meta property=\"og:site_name\" content=\"Hudo Slovenija\" \/>\n<meta property=\"article:publisher\" content=\"https:\/\/www.facebook.com\/hudo.si\" \/>\n<meta property=\"article:published_time\" content=\"2016-07-06T11:27:00+00:00\" \/>\n<meta property=\"article:modified_time\" content=\"2016-07-07T08:37:41+00:00\" \/>\n<meta property=\"og:image\" content=\"https:\/\/hudo.com\/si\/wp-content\/uploads\/sites\/2\/2016\/07\/480x290_djvu_2022802_klara_imo-dru-ina.jpeg\" \/>\n\t<meta property=\"og:image:width\" content=\"480\" \/>\n\t<meta property=\"og:image:height\" content=\"290\" \/>\n\t<meta property=\"og:image:type\" content=\"image\/jpeg\" \/>\n<meta name=\"author\" content=\"hudo\" \/>\n<meta name=\"twitter:card\" content=\"summary_large_image\" \/>\n<meta name=\"twitter:creator\" content=\"@hudo_si\" \/>\n<meta name=\"twitter:site\" content=\"@hudo_si\" \/>\n<meta name=\"twitter:label1\" content=\"Written by\" \/>\n\t<meta name=\"twitter:data1\" content=\"hudo\" \/>\n\t<meta name=\"twitter:label2\" content=\"Est. reading time\" \/>\n\t<meta name=\"twitter:data2\" content=\"1 minuta\" \/>\n<script type=\"application\/ld+json\" class=\"yoast-schema-graph\">{\"@context\":\"https:\/\/schema.org\",\"@graph\":[{\"@type\":\"Article\",\"@id\":\"https:\/\/hudo.com\/si\/aktualno\/sodisce-tudi-o-stikih-osumljene-mame-z-drugimi-tremi-otroki\/#article\",\"isPartOf\":{\"@id\":\"https:\/\/hudo.com\/si\/aktualno\/sodisce-tudi-o-stikih-osumljene-mame-z-drugimi-tremi-otroki\/\"},\"author\":{\"name\":\"hudo\",\"@id\":\"https:\/\/hudo.com\/si\/#\/schema\/person\/601cf3379633985b20f7e50f2bb47707\"},\"headline\":\"Sodi\u0161\u010de tudi o stikih osumljene mame z drugimi tremi otroki\",\"datePublished\":\"2016-07-06T11:27:00+00:00\",\"dateModified\":\"2016-07-07T08:37:41+00:00\",\"mainEntityOfPage\":{\"@id\":\"https:\/\/hudo.com\/si\/aktualno\/sodisce-tudi-o-stikih-osumljene-mame-z-drugimi-tremi-otroki\/\"},\"wordCount\":162,\"publisher\":{\"@id\":\"https:\/\/hudo.com\/si\/#organization\"},\"articleSection\":[\"Aktualno\"],\"inLanguage\":\"sl-SI\"},{\"@type\":\"WebPage\",\"@id\":\"https:\/\/hudo.com\/si\/aktualno\/sodisce-tudi-o-stikih-osumljene-mame-z-drugimi-tremi-otroki\/\",\"url\":\"https:\/\/hudo.com\/si\/aktualno\/sodisce-tudi-o-stikih-osumljene-mame-z-drugimi-tremi-otroki\/\",\"name\":\"Sodi\u0161\u010de tudi o stikih osumljene mame z drugimi tremi otroki - Hudo Slovenija\",\"isPartOf\":{\"@id\":\"https:\/\/hudo.com\/si\/#website\"},\"datePublished\":\"2016-07-06T11:27:00+00:00\",\"dateModified\":\"2016-07-07T08:37:41+00:00\",\"breadcrumb\":{\"@id\":\"https:\/\/hudo.com\/si\/aktualno\/sodisce-tudi-o-stikih-osumljene-mame-z-drugimi-tremi-otroki\/#breadcrumb\"},\"inLanguage\":\"sl-SI\",\"potentialAction\":[{\"@type\":\"ReadAction\",\"target\":[\"https:\/\/hudo.com\/si\/aktualno\/sodisce-tudi-o-stikih-osumljene-mame-z-drugimi-tremi-otroki\/\"]}]},{\"@type\":\"BreadcrumbList\",\"@id\":\"https:\/\/hudo.com\/si\/aktualno\/sodisce-tudi-o-stikih-osumljene-mame-z-drugimi-tremi-otroki\/#breadcrumb\",\"itemListElement\":[{\"@type\":\"ListItem\",\"position\":1,\"name\":\"Home\",\"item\":\"https:\/\/hudo.com\/si\/\"},{\"@type\":\"ListItem\",\"position\":2,\"name\":\"Sodi\u0161\u010de tudi o stikih osumljene mame z drugimi tremi otroki\"}]},{\"@type\":\"WebSite\",\"@id\":\"https:\/\/hudo.com\/si\/#website\",\"url\":\"https:\/\/hudo.com\/si\/\",\"name\":\"Hudo Slovenija\",\"description\":\"Vse novice iz Slovenije in sveta\",\"publisher\":{\"@id\":\"https:\/\/hudo.com\/si\/#organization\"},\"potentialAction\":[{\"@type\":\"SearchAction\",\"target\":{\"@type\":\"EntryPoint\",\"urlTemplate\":\"https:\/\/hudo.com\/si\/?s={search_term_string}\"},\"query-input\":\"required name=search_term_string\"}],\"inLanguage\":\"sl-SI\"},{\"@type\":\"Organization\",\"@id\":\"https:\/\/hudo.com\/si\/#organization\",\"name\":\"VSN Media\",\"url\":\"https:\/\/hudo.com\/si\/\",\"logo\":{\"@type\":\"ImageObject\",\"inLanguage\":\"sl-SI\",\"@id\":\"https:\/\/hudo.com\/si\/#\/schema\/logo\/image\/\",\"url\":\"https:\/\/hudo.com\/si\/wp-content\/uploads\/sites\/2\/2021\/03\/hudo-app-2.png\",\"contentUrl\":\"https:\/\/hudo.com\/si\/wp-content\/uploads\/sites\/2\/2021\/03\/hudo-app-2.png\",\"width\":2185,\"height\":2167,\"caption\":\"VSN Media\"},\"image\":{\"@id\":\"https:\/\/hudo.com\/si\/#\/schema\/logo\/image\/\"},\"sameAs\":[\"https:\/\/www.facebook.com\/hudo.si\",\"https:\/\/twitter.com\/hudo_si\"]},{\"@type\":\"Person\",\"@id\":\"https:\/\/hudo.com\/si\/#\/schema\/person\/601cf3379633985b20f7e50f2bb47707\",\"name\":\"hudo\",\"image\":{\"@type\":\"ImageObject\",\"inLanguage\":\"sl-SI\",\"@id\":\"https:\/\/hudo.com\/si\/#\/schema\/person\/image\/\",\"url\":\"https:\/\/secure.gravatar.com\/avatar\/c4ca25fa72cace7a696b52ff5db9e095?s=96&d=mm&r=g\",\"contentUrl\":\"https:\/\/secure.gravatar.com\/avatar\/c4ca25fa72cace7a696b52ff5db9e095?s=96&d=mm&r=g\",\"caption\":\"hudo\"},\"url\":\"https:\/\/hudo.com\/si\/author\/hudo\/\"}]}<\/script>\n<!-- \/ Yoast SEO plugin. -->","yoast_head_json":{"title":"Sodi\u0161\u010de tudi o stikih osumljene mame z drugimi tremi otroki - Hudo Slovenija","robots":{"index":"index","follow":"follow","max-snippet":"max-snippet:-1","max-image-preview":"max-image-preview:large","max-video-preview":"max-video-preview:-1"},"canonical":"https:\/\/hudo.com\/si\/aktualno\/sodisce-tudi-o-stikih-osumljene-mame-z-drugimi-tremi-otroki\/","og_locale":"sl_SI","og_type":"article","og_title":"Sodi\u0161\u010de tudi o stikih osumljene mame z drugimi tremi otroki - Hudo Slovenija","og_description":"Kategorija: Kronika Wed, 06 Jul 2016 15:27:00 +0200 Jesenice - Po smrti dveletne deklice z Jesenic njena mama, ki je skupaj z novim partnerjem osumljena povzro\u010ditve posebno hudih po\u0161kodb, zaradi ponovitvene nevarnosti ostaja v priporu, njeni drugi otroci pa \u017eivijo pri o\u010detu. Kak\u0161ne stike bodo imeli z mamo v prihodnje, bo na koncu odlo\u010dilo sodi\u0161\u010de, razmere v dru\u017eini pa pozorno spremlja center za socialno delo. V \u0161oku, v katerem je dru\u017eina, je na vpra\u0161anje o nadaljnjih stikih z mamo \u0161e te\u017eko odgovoriti. Kot je za Slovensko tiskovno agencijo pojasnila direktorica Centra za socialno delo Jesenice Anita Bregar, je ena izmed mo\u017enosti, da zoper mamo podajo predlog za odvzem roditeljskih pravic, druge mo\u017enosti so, da predlagajo prepoved ali omejitev stikov ali pa, da stiki potekajo pod nadzorom. Kon\u010dna odlo\u010ditev bo v rokah sodi\u0161\u010da. \u010ceprav so vsi trije otroci \u0161e mladoletni, pa\u00a0...","og_url":"https:\/\/hudo.com\/si\/aktualno\/sodisce-tudi-o-stikih-osumljene-mame-z-drugimi-tremi-otroki\/","og_site_name":"Hudo Slovenija","article_publisher":"https:\/\/www.facebook.com\/hudo.si","article_published_time":"2016-07-06T11:27:00+00:00","article_modified_time":"2016-07-07T08:37:41+00:00","og_image":[{"width":480,"height":290,"url":"https:\/\/hudo.com\/si\/wp-content\/uploads\/sites\/2\/2016\/07\/480x290_djvu_2022802_klara_imo-dru-ina.jpeg","type":"image\/jpeg"}],"author":"hudo","twitter_card":"summary_large_image","twitter_creator":"@hudo_si","twitter_site":"@hudo_si","twitter_misc":{"Written by":"hudo","Est. reading time":"1 minuta"},"schema":{"@context":"https:\/\/schema.org","@graph":[{"@type":"Article","@id":"https:\/\/hudo.com\/si\/aktualno\/sodisce-tudi-o-stikih-osumljene-mame-z-drugimi-tremi-otroki\/#article","isPartOf":{"@id":"https:\/\/hudo.com\/si\/aktualno\/sodisce-tudi-o-stikih-osumljene-mame-z-drugimi-tremi-otroki\/"},"author":{"name":"hudo","@id":"https:\/\/hudo.com\/si\/#\/schema\/person\/601cf3379633985b20f7e50f2bb47707"},"headline":"Sodi\u0161\u010de tudi o stikih osumljene mame z drugimi tremi otroki","datePublished":"2016-07-06T11:27:00+00:00","dateModified":"2016-07-07T08:37:41+00:00","mainEntityOfPage":{"@id":"https:\/\/hudo.com\/si\/aktualno\/sodisce-tudi-o-stikih-osumljene-mame-z-drugimi-tremi-otroki\/"},"wordCount":162,"publisher":{"@id":"https:\/\/hudo.com\/si\/#organization"},"articleSection":["Aktualno"],"inLanguage":"sl-SI"},{"@type":"WebPage","@id":"https:\/\/hudo.com\/si\/aktualno\/sodisce-tudi-o-stikih-osumljene-mame-z-drugimi-tremi-otroki\/","url":"https:\/\/hudo.com\/si\/aktualno\/sodisce-tudi-o-stikih-osumljene-mame-z-drugimi-tremi-otroki\/","name":"Sodi\u0161\u010de tudi o stikih osumljene mame z drugimi tremi otroki - Hudo Slovenija","isPartOf":{"@id":"https:\/\/hudo.com\/si\/#website"},"datePublished":"2016-07-06T11:27:00+00:00","dateModified":"2016-07-07T08:37:41+00:00","breadcrumb":{"@id":"https:\/\/hudo.com\/si\/aktualno\/sodisce-tudi-o-stikih-osumljene-mame-z-drugimi-tremi-otroki\/#breadcrumb"},"inLanguage":"sl-SI","potentialAction":[{"@type":"ReadAction","target":["https:\/\/hudo.com\/si\/aktualno\/sodisce-tudi-o-stikih-osumljene-mame-z-drugimi-tremi-otroki\/"]}]},{"@type":"BreadcrumbList","@id":"https:\/\/hudo.com\/si\/aktualno\/sodisce-tudi-o-stikih-osumljene-mame-z-drugimi-tremi-otroki\/#breadcrumb","itemListElement":[{"@type":"ListItem","position":1,"name":"Home","item":"https:\/\/hudo.com\/si\/"},{"@type":"ListItem","position":2,"name":"Sodi\u0161\u010de tudi o stikih osumljene mame z drugimi tremi otroki"}]},{"@type":"WebSite","@id":"https:\/\/hudo.com\/si\/#website","url":"https:\/\/hudo.com\/si\/","name":"Hudo Slovenija","description":"Vse novice iz Slovenije in sveta","publisher":{"@id":"https:\/\/hudo.com\/si\/#organization"},"potentialAction":[{"@type":"SearchAction","target":{"@type":"EntryPoint","urlTemplate":"https:\/\/hudo.com\/si\/?s={search_term_string}"},"query-input":"required name=search_term_string"}],"inLanguage":"sl-SI"},{"@type":"Organization","@id":"https:\/\/hudo.com\/si\/#organization","name":"VSN Media","url":"https:\/\/hudo.com\/si\/","logo":{"@type":"ImageObject","inLanguage":"sl-SI","@id":"https:\/\/hudo.com\/si\/#\/schema\/logo\/image\/","url":"https:\/\/hudo.com\/si\/wp-content\/uploads\/sites\/2\/2021\/03\/hudo-app-2.png","contentUrl":"https:\/\/hudo.com\/si\/wp-content\/uploads\/sites\/2\/2021\/03\/hudo-app-2.png","width":2185,"height":2167,"caption":"VSN Media"},"image":{"@id":"https:\/\/hudo.com\/si\/#\/schema\/logo\/image\/"},"sameAs":["https:\/\/www.facebook.com\/hudo.si","https:\/\/twitter.com\/hudo_si"]},{"@type":"Person","@id":"https:\/\/hudo.com\/si\/#\/schema\/person\/601cf3379633985b20f7e50f2bb47707","name":"hudo","image":{"@type":"ImageObject","inLanguage":"sl-SI","@id":"https:\/\/hudo.com\/si\/#\/schema\/person\/image\/","url":"https:\/\/secure.gravatar.com\/avatar\/c4ca25fa72cace7a696b52ff5db9e095?s=96&d=mm&r=g","contentUrl":"https:\/\/secure.gravatar.com\/avatar\/c4ca25fa72cace7a696b52ff5db9e095?s=96&d=mm&r=g","caption":"hudo"},"url":"https:\/\/hudo.com\/si\/author\/hudo\/"}]}},"amp_enabled":true,"_links":{"self":[{"href":"https:\/\/hudo.com\/si\/wp-json\/wp\/v2\/posts\/89732"}],"collection":[{"href":"https:\/\/hudo.com\/si\/wp-json\/wp\/v2\/posts"}],"about":[{"href":"https:\/\/hudo.com\/si\/wp-json\/wp\/v2\/types\/post"}],"author":[{"embeddable":true,"href":"https:\/\/hudo.com\/si\/wp-json\/wp\/v2\/users\/1"}],"replies":[{"embeddable":true,"href":"https:\/\/hudo.com\/si\/wp-json\/wp\/v2\/comments?post=89732"}],"version-history":[{"count":1,"href":"https:\/\/hudo.com\/si\/wp-json\/wp\/v2\/posts\/89732\/revisions"}],"predecessor-version":[{"id":89837,"href":"https:\/\/hudo.com\/si\/wp-json\/wp\/v2\/posts\/89732\/revisions\/89837"}],"wp:attachment":[{"href":"https:\/\/hudo.com\/si\/wp-json\/wp\/v2\/media?parent=89732"}],"wp:term":[{"taxonomy":"category","embeddable":true,"href":"https:\/\/hudo.com\/si\/wp-json\/wp\/v2\/categories?post=89732"},{"taxonomy":"post_tag","embeddable":true,"href":"https:\/\/hudo.com\/si\/wp-json\/wp\/v2\/tags?post=89732"},{"taxonomy":"source","embeddable":true,"href":"https:\/\/hudo.com\/si\/wp-json\/wp\/v2\/source?post=89732"},{"taxonomy":"supertag","embeddable":true,"href":"https:\/\/hudo.com\/si\/wp-json\/wp\/v2\/supertag?post=89732"}],"curies":[{"name":"wp","href":"https:\/\/api.w.org\/{rel}","templated":true}]}}