{"id":9002,"date":"2016-03-30T05:48:53","date_gmt":"2016-03-30T04:48:53","guid":{"rendered":"http:\/\/master.hudo.com\/si\/2016\/03\/30\/zascita-kulturne-dediscine-pred-teroristicnimi-napadi\/"},"modified":"2016-03-30T05:48:53","modified_gmt":"2016-03-30T04:48:53","slug":"zascita-kulturne-dediscine-pred-teroristicnimi-napadi","status":"publish","type":"post","link":"https:\/\/hudo.com\/si\/aktualno\/zascita-kulturne-dediscine-pred-teroristicnimi-napadi\/","title":{"rendered":"Za\u0161\u010dita kulturne dedi\u0161\u010dine pred teroristi\u010dnimi napadi"},"content":{"rendered":"<p>Italija namerava po teroristi\u010dnih napadih v Bruslju bolje za\u0161\u010dititi svojo kulturno dedi\u0161\u010dino in spomenike, pa tudi \u0161tevilne turiste, ki obiskujejo kulturne znamenitosti. Do leta 2018 bo vlada namenila okoli 300 milijonov evrov za pove\u010danje varnosti 20 najpomembnej\u0161ih kulturnih spomenikov Italije. Ve\u010d na Svet24.si<\/p>\n","protected":false},"excerpt":{"rendered":"<p>Italija namerava po teroristi\u010dnih napadih v Bruslju bolje za\u0161\u010dititi svojo kulturno dedi\u0161\u010dino in spomenike, pa tudi \u0161tevilne turiste, ki obiskujejo kulturne znamenitosti. Do leta 2018 bo vlada namenila okoli 300 milijonov evrov za pove\u010danje varnosti 20 najpomembnej\u0161ih kulturnih spomenikov Italije. Ve\u010d na Svet24.si<\/p>\n","protected":false},"author":1,"featured_media":0,"comment_status":"closed","ping_status":"closed","sticky":false,"template":"","format":"standard","meta":{"footnotes":""},"categories":[1179],"tags":[],"source":[1705],"supertag":[],"acf":[],"yoast_head":"<!-- This site is optimized with the Yoast SEO plugin v21.3 - https:\/\/yoast.com\/wordpress\/plugins\/seo\/ -->\n<title>Za\u0161\u010dita kulturne dedi\u0161\u010dine pred teroristi\u010dnimi napadi - Hudo Slovenija<\/title>\n<meta name=\"robots\" content=\"index, follow, max-snippet:-1, max-image-preview:large, max-video-preview:-1\" \/>\n<link rel=\"canonical\" href=\"https:\/\/hudo.com\/si\/aktualno\/zascita-kulturne-dediscine-pred-teroristicnimi-napadi\/\" \/>\n<meta property=\"og:locale\" content=\"sl_SI\" \/>\n<meta property=\"og:type\" content=\"article\" \/>\n<meta property=\"og:title\" content=\"Za\u0161\u010dita kulturne dedi\u0161\u010dine pred teroristi\u010dnimi napadi - Hudo Slovenija\" \/>\n<meta property=\"og:description\" content=\"Italija namerava po teroristi\u010dnih napadih v Bruslju bolje za\u0161\u010dititi svojo kulturno dedi\u0161\u010dino in spomenike, pa tudi \u0161tevilne turiste, ki obiskujejo kulturne znamenitosti. Do leta 2018 bo vlada namenila okoli 300 milijonov evrov za pove\u010danje varnosti 20 najpomembnej\u0161ih kulturnih spomenikov Italije. Ve\u010d na Svet24.si\" \/>\n<meta property=\"og:url\" content=\"https:\/\/hudo.com\/si\/aktualno\/zascita-kulturne-dediscine-pred-teroristicnimi-napadi\/\" \/>\n<meta property=\"og:site_name\" content=\"Hudo Slovenija\" \/>\n<meta property=\"article:publisher\" content=\"https:\/\/www.facebook.com\/hudo.si\" \/>\n<meta property=\"article:published_time\" content=\"2016-03-30T04:48:53+00:00\" \/>\n<meta property=\"og:image\" content=\"https:\/\/hudo.com\/si\/wp-content\/uploads\/sites\/2\/2016\/03\/d23b74d630d42cedf418fd949cce798d.jpeg\" \/>\n\t<meta property=\"og:image:width\" content=\"800\" \/>\n\t<meta property=\"og:image:height\" content=\"600\" \/>\n\t<meta property=\"og:image:type\" content=\"image\/jpeg\" \/>\n<meta name=\"author\" content=\"hudo\" \/>\n<meta name=\"twitter:card\" content=\"summary_large_image\" \/>\n<meta name=\"twitter:creator\" content=\"@hudo_si\" \/>\n<meta name=\"twitter:site\" content=\"@hudo_si\" \/>\n<meta name=\"twitter:label1\" content=\"Written by\" \/>\n\t<meta name=\"twitter:data1\" content=\"hudo\" \/>\n<script type=\"application\/ld+json\" class=\"yoast-schema-graph\">{\"@context\":\"https:\/\/schema.org\",\"@graph\":[{\"@type\":\"Article\",\"@id\":\"https:\/\/hudo.com\/si\/aktualno\/zascita-kulturne-dediscine-pred-teroristicnimi-napadi\/#article\",\"isPartOf\":{\"@id\":\"https:\/\/hudo.com\/si\/aktualno\/zascita-kulturne-dediscine-pred-teroristicnimi-napadi\/\"},\"author\":{\"name\":\"hudo\",\"@id\":\"https:\/\/hudo.com\/si\/#\/schema\/person\/601cf3379633985b20f7e50f2bb47707\"},\"headline\":\"Za\u0161\u010dita kulturne dedi\u0161\u010dine pred teroristi\u010dnimi napadi\",\"datePublished\":\"2016-03-30T04:48:53+00:00\",\"dateModified\":\"2016-03-30T04:48:53+00:00\",\"mainEntityOfPage\":{\"@id\":\"https:\/\/hudo.com\/si\/aktualno\/zascita-kulturne-dediscine-pred-teroristicnimi-napadi\/\"},\"wordCount\":55,\"publisher\":{\"@id\":\"https:\/\/hudo.com\/si\/#organization\"},\"articleSection\":[\"Aktualno\"],\"inLanguage\":\"sl-SI\"},{\"@type\":\"WebPage\",\"@id\":\"https:\/\/hudo.com\/si\/aktualno\/zascita-kulturne-dediscine-pred-teroristicnimi-napadi\/\",\"url\":\"https:\/\/hudo.com\/si\/aktualno\/zascita-kulturne-dediscine-pred-teroristicnimi-napadi\/\",\"name\":\"Za\u0161\u010dita kulturne dedi\u0161\u010dine pred teroristi\u010dnimi napadi - Hudo Slovenija\",\"isPartOf\":{\"@id\":\"https:\/\/hudo.com\/si\/#website\"},\"datePublished\":\"2016-03-30T04:48:53+00:00\",\"dateModified\":\"2016-03-30T04:48:53+00:00\",\"breadcrumb\":{\"@id\":\"https:\/\/hudo.com\/si\/aktualno\/zascita-kulturne-dediscine-pred-teroristicnimi-napadi\/#breadcrumb\"},\"inLanguage\":\"sl-SI\",\"potentialAction\":[{\"@type\":\"ReadAction\",\"target\":[\"https:\/\/hudo.com\/si\/aktualno\/zascita-kulturne-dediscine-pred-teroristicnimi-napadi\/\"]}]},{\"@type\":\"BreadcrumbList\",\"@id\":\"https:\/\/hudo.com\/si\/aktualno\/zascita-kulturne-dediscine-pred-teroristicnimi-napadi\/#breadcrumb\",\"itemListElement\":[{\"@type\":\"ListItem\",\"position\":1,\"name\":\"Home\",\"item\":\"https:\/\/hudo.com\/si\/\"},{\"@type\":\"ListItem\",\"position\":2,\"name\":\"Za\u0161\u010dita kulturne dedi\u0161\u010dine pred teroristi\u010dnimi napadi\"}]},{\"@type\":\"WebSite\",\"@id\":\"https:\/\/hudo.com\/si\/#website\",\"url\":\"https:\/\/hudo.com\/si\/\",\"name\":\"Hudo Slovenija\",\"description\":\"Vse novice iz Slovenije in sveta\",\"publisher\":{\"@id\":\"https:\/\/hudo.com\/si\/#organization\"},\"potentialAction\":[{\"@type\":\"SearchAction\",\"target\":{\"@type\":\"EntryPoint\",\"urlTemplate\":\"https:\/\/hudo.com\/si\/?s={search_term_string}\"},\"query-input\":\"required name=search_term_string\"}],\"inLanguage\":\"sl-SI\"},{\"@type\":\"Organization\",\"@id\":\"https:\/\/hudo.com\/si\/#organization\",\"name\":\"VSN Media\",\"url\":\"https:\/\/hudo.com\/si\/\",\"logo\":{\"@type\":\"ImageObject\",\"inLanguage\":\"sl-SI\",\"@id\":\"https:\/\/hudo.com\/si\/#\/schema\/logo\/image\/\",\"url\":\"https:\/\/hudo.com\/si\/wp-content\/uploads\/sites\/2\/2021\/03\/hudo-app-2.png\",\"contentUrl\":\"https:\/\/hudo.com\/si\/wp-content\/uploads\/sites\/2\/2021\/03\/hudo-app-2.png\",\"width\":2185,\"height\":2167,\"caption\":\"VSN Media\"},\"image\":{\"@id\":\"https:\/\/hudo.com\/si\/#\/schema\/logo\/image\/\"},\"sameAs\":[\"https:\/\/www.facebook.com\/hudo.si\",\"https:\/\/twitter.com\/hudo_si\"]},{\"@type\":\"Person\",\"@id\":\"https:\/\/hudo.com\/si\/#\/schema\/person\/601cf3379633985b20f7e50f2bb47707\",\"name\":\"hudo\",\"image\":{\"@type\":\"ImageObject\",\"inLanguage\":\"sl-SI\",\"@id\":\"https:\/\/hudo.com\/si\/#\/schema\/person\/image\/\",\"url\":\"https:\/\/secure.gravatar.com\/avatar\/c4ca25fa72cace7a696b52ff5db9e095?s=96&d=mm&r=g\",\"contentUrl\":\"https:\/\/secure.gravatar.com\/avatar\/c4ca25fa72cace7a696b52ff5db9e095?s=96&d=mm&r=g\",\"caption\":\"hudo\"},\"url\":\"https:\/\/hudo.com\/si\/author\/hudo\/\"}]}<\/script>\n<!-- \/ Yoast SEO plugin. -->","yoast_head_json":{"title":"Za\u0161\u010dita kulturne dedi\u0161\u010dine pred teroristi\u010dnimi napadi - Hudo Slovenija","robots":{"index":"index","follow":"follow","max-snippet":"max-snippet:-1","max-image-preview":"max-image-preview:large","max-video-preview":"max-video-preview:-1"},"canonical":"https:\/\/hudo.com\/si\/aktualno\/zascita-kulturne-dediscine-pred-teroristicnimi-napadi\/","og_locale":"sl_SI","og_type":"article","og_title":"Za\u0161\u010dita kulturne dedi\u0161\u010dine pred teroristi\u010dnimi napadi - Hudo Slovenija","og_description":"Italija namerava po teroristi\u010dnih napadih v Bruslju bolje za\u0161\u010dititi svojo kulturno dedi\u0161\u010dino in spomenike, pa tudi \u0161tevilne turiste, ki obiskujejo kulturne znamenitosti. Do leta 2018 bo vlada namenila okoli 300 milijonov evrov za pove\u010danje varnosti 20 najpomembnej\u0161ih kulturnih spomenikov Italije. Ve\u010d na Svet24.si","og_url":"https:\/\/hudo.com\/si\/aktualno\/zascita-kulturne-dediscine-pred-teroristicnimi-napadi\/","og_site_name":"Hudo Slovenija","article_publisher":"https:\/\/www.facebook.com\/hudo.si","article_published_time":"2016-03-30T04:48:53+00:00","og_image":[{"width":800,"height":600,"url":"https:\/\/hudo.com\/si\/wp-content\/uploads\/sites\/2\/2016\/03\/d23b74d630d42cedf418fd949cce798d.jpeg","type":"image\/jpeg"}],"author":"hudo","twitter_card":"summary_large_image","twitter_creator":"@hudo_si","twitter_site":"@hudo_si","twitter_misc":{"Written by":"hudo"},"schema":{"@context":"https:\/\/schema.org","@graph":[{"@type":"Article","@id":"https:\/\/hudo.com\/si\/aktualno\/zascita-kulturne-dediscine-pred-teroristicnimi-napadi\/#article","isPartOf":{"@id":"https:\/\/hudo.com\/si\/aktualno\/zascita-kulturne-dediscine-pred-teroristicnimi-napadi\/"},"author":{"name":"hudo","@id":"https:\/\/hudo.com\/si\/#\/schema\/person\/601cf3379633985b20f7e50f2bb47707"},"headline":"Za\u0161\u010dita kulturne dedi\u0161\u010dine pred teroristi\u010dnimi napadi","datePublished":"2016-03-30T04:48:53+00:00","dateModified":"2016-03-30T04:48:53+00:00","mainEntityOfPage":{"@id":"https:\/\/hudo.com\/si\/aktualno\/zascita-kulturne-dediscine-pred-teroristicnimi-napadi\/"},"wordCount":55,"publisher":{"@id":"https:\/\/hudo.com\/si\/#organization"},"articleSection":["Aktualno"],"inLanguage":"sl-SI"},{"@type":"WebPage","@id":"https:\/\/hudo.com\/si\/aktualno\/zascita-kulturne-dediscine-pred-teroristicnimi-napadi\/","url":"https:\/\/hudo.com\/si\/aktualno\/zascita-kulturne-dediscine-pred-teroristicnimi-napadi\/","name":"Za\u0161\u010dita kulturne dedi\u0161\u010dine pred teroristi\u010dnimi napadi - Hudo Slovenija","isPartOf":{"@id":"https:\/\/hudo.com\/si\/#website"},"datePublished":"2016-03-30T04:48:53+00:00","dateModified":"2016-03-30T04:48:53+00:00","breadcrumb":{"@id":"https:\/\/hudo.com\/si\/aktualno\/zascita-kulturne-dediscine-pred-teroristicnimi-napadi\/#breadcrumb"},"inLanguage":"sl-SI","potentialAction":[{"@type":"ReadAction","target":["https:\/\/hudo.com\/si\/aktualno\/zascita-kulturne-dediscine-pred-teroristicnimi-napadi\/"]}]},{"@type":"BreadcrumbList","@id":"https:\/\/hudo.com\/si\/aktualno\/zascita-kulturne-dediscine-pred-teroristicnimi-napadi\/#breadcrumb","itemListElement":[{"@type":"ListItem","position":1,"name":"Home","item":"https:\/\/hudo.com\/si\/"},{"@type":"ListItem","position":2,"name":"Za\u0161\u010dita kulturne dedi\u0161\u010dine pred teroristi\u010dnimi napadi"}]},{"@type":"WebSite","@id":"https:\/\/hudo.com\/si\/#website","url":"https:\/\/hudo.com\/si\/","name":"Hudo Slovenija","description":"Vse novice iz Slovenije in sveta","publisher":{"@id":"https:\/\/hudo.com\/si\/#organization"},"potentialAction":[{"@type":"SearchAction","target":{"@type":"EntryPoint","urlTemplate":"https:\/\/hudo.com\/si\/?s={search_term_string}"},"query-input":"required name=search_term_string"}],"inLanguage":"sl-SI"},{"@type":"Organization","@id":"https:\/\/hudo.com\/si\/#organization","name":"VSN Media","url":"https:\/\/hudo.com\/si\/","logo":{"@type":"ImageObject","inLanguage":"sl-SI","@id":"https:\/\/hudo.com\/si\/#\/schema\/logo\/image\/","url":"https:\/\/hudo.com\/si\/wp-content\/uploads\/sites\/2\/2021\/03\/hudo-app-2.png","contentUrl":"https:\/\/hudo.com\/si\/wp-content\/uploads\/sites\/2\/2021\/03\/hudo-app-2.png","width":2185,"height":2167,"caption":"VSN Media"},"image":{"@id":"https:\/\/hudo.com\/si\/#\/schema\/logo\/image\/"},"sameAs":["https:\/\/www.facebook.com\/hudo.si","https:\/\/twitter.com\/hudo_si"]},{"@type":"Person","@id":"https:\/\/hudo.com\/si\/#\/schema\/person\/601cf3379633985b20f7e50f2bb47707","name":"hudo","image":{"@type":"ImageObject","inLanguage":"sl-SI","@id":"https:\/\/hudo.com\/si\/#\/schema\/person\/image\/","url":"https:\/\/secure.gravatar.com\/avatar\/c4ca25fa72cace7a696b52ff5db9e095?s=96&d=mm&r=g","contentUrl":"https:\/\/secure.gravatar.com\/avatar\/c4ca25fa72cace7a696b52ff5db9e095?s=96&d=mm&r=g","caption":"hudo"},"url":"https:\/\/hudo.com\/si\/author\/hudo\/"}]}},"amp_enabled":true,"_links":{"self":[{"href":"https:\/\/hudo.com\/si\/wp-json\/wp\/v2\/posts\/9002"}],"collection":[{"href":"https:\/\/hudo.com\/si\/wp-json\/wp\/v2\/posts"}],"about":[{"href":"https:\/\/hudo.com\/si\/wp-json\/wp\/v2\/types\/post"}],"author":[{"embeddable":true,"href":"https:\/\/hudo.com\/si\/wp-json\/wp\/v2\/users\/1"}],"replies":[{"embeddable":true,"href":"https:\/\/hudo.com\/si\/wp-json\/wp\/v2\/comments?post=9002"}],"version-history":[{"count":0,"href":"https:\/\/hudo.com\/si\/wp-json\/wp\/v2\/posts\/9002\/revisions"}],"wp:attachment":[{"href":"https:\/\/hudo.com\/si\/wp-json\/wp\/v2\/media?parent=9002"}],"wp:term":[{"taxonomy":"category","embeddable":true,"href":"https:\/\/hudo.com\/si\/wp-json\/wp\/v2\/categories?post=9002"},{"taxonomy":"post_tag","embeddable":true,"href":"https:\/\/hudo.com\/si\/wp-json\/wp\/v2\/tags?post=9002"},{"taxonomy":"source","embeddable":true,"href":"https:\/\/hudo.com\/si\/wp-json\/wp\/v2\/source?post=9002"},{"taxonomy":"supertag","embeddable":true,"href":"https:\/\/hudo.com\/si\/wp-json\/wp\/v2\/supertag?post=9002"}],"curies":[{"name":"wp","href":"https:\/\/api.w.org\/{rel}","templated":true}]}}