{"id":9006,"date":"2016-03-30T05:45:00","date_gmt":"2016-03-30T04:45:00","guid":{"rendered":"http:\/\/master.hudo.com\/si\/2016\/03\/30\/italija-namerava-kulturno-dediscino-zascititi-pred-teroristicnimi-napadi\/"},"modified":"2016-03-30T05:45:00","modified_gmt":"2016-03-30T04:45:00","slug":"italija-namerava-kulturno-dediscino-zascititi-pred-teroristicnimi-napadi","status":"publish","type":"post","link":"https:\/\/hudo.com\/si\/aktualno\/italija-namerava-kulturno-dediscino-zascititi-pred-teroristicnimi-napadi\/","title":{"rendered":"Italija namerava kulturno dedi\u0161\u010dino za\u0161\u010dititi pred teroristi\u010dnimi napadi"},"content":{"rendered":"<p>Italija namerava po teroristi\u010dnih napadih v Bruslju bolje za\u0161\u010dititi svojo kulturno dedi\u0161\u010dino in spomenike, pa tudi \u0161tevilne turiste, ki obiskujejo kulturne znamenitosti. Do leta 2018 bo vlada namenila okoli 300 milijonov evrov za pove\u010danje varnosti 20 najpomembnej\u0161ih kulturnih spomenikov Italije. Po pisanju nem\u0161ke tiskovne agencije dpa bodo med drugim na spomenikih namestili \u0161tevilne dodatne kamere in detektorje za odkrivanje kovin. Poleg tega bodo pove\u010dali \u0161tevilo varnostnikov in karabinjerjev v muzejih in ob spomenikih. V vladni protiteroristi\u010dni varnostni na\u010drt so med drugim vklju\u010deni rimski Kolosej, arheolo\u0161ko najdi\u0161\u010de Pompeji, Galleria dell\u2018Accademia v Benetkah, Muzej Capodimonte v Neaplju in galerija Uffizi v Firencah. V slednji je, kot zagotavlja direktor galerije Eike Schmidt, prisotnost vojske in karabinjerjev \u017ee sedaj precej vidna. &#8220;V na\u0161em muzeju vsak dan na\u0161tejemo ve\u010d tiso\u010d obiskovalcev, samo na velikono\u010dno nedeljo jih je bilo 8000,&#8221; je dodal.Svet<\/p>\n","protected":false},"excerpt":{"rendered":"<p>Italija namerava po teroristi\u010dnih napadih v Bruslju bolje za\u0161\u010dititi svojo kulturno dedi\u0161\u010dino in spomenike, pa tudi \u0161tevilne turiste, ki obiskujejo kulturne znamenitosti. Do leta 2018 bo vlada namenila okoli 300 milijonov evrov za pove\u010danje varnosti 20 najpomembnej\u0161ih kulturnih spomenikov Italije. Po pisanju nem\u0161ke tiskovne agencije dpa bodo med drugim na spomenikih namestili \u0161tevilne dodatne kamere in detektorje za odkrivanje kovin. Poleg tega bodo pove\u010dali \u0161tevilo varnostnikov in karabinjerjev v muzejih in ob spomenikih. V vladni protiteroristi\u010dni varnostni na\u010drt so med drugim vklju\u010deni rimski Kolosej, arheolo\u0161ko najdi\u0161\u010de Pompeji, Galleria dell\u2018Accademia v Benetkah, Muzej Capodimonte v Neaplju in galerija Uffizi v Firencah. V slednji je, kot zagotavlja direktor galerije Eike Schmidt, prisotnost vojske in karabinjerjev \u017ee sedaj precej vidna. &#8220;V na\u0161em muzeju vsak dan na\u0161tejemo ve\u010d tiso\u010d obiskovalcev, samo na velikono\u010dno nedeljo jih je bilo 8000,&#8221; je dodal.Svet<\/p>\n","protected":false},"author":1,"featured_media":0,"comment_status":"closed","ping_status":"closed","sticky":false,"template":"","format":"standard","meta":{"footnotes":""},"categories":[1179],"tags":[],"source":[1711],"supertag":[],"acf":[],"yoast_head":"<!-- This site is optimized with the Yoast SEO plugin v21.3 - https:\/\/yoast.com\/wordpress\/plugins\/seo\/ -->\n<title>Italija namerava kulturno dedi\u0161\u010dino za\u0161\u010dititi pred teroristi\u010dnimi napadi - Hudo Slovenija<\/title>\n<meta name=\"robots\" content=\"index, follow, max-snippet:-1, max-image-preview:large, max-video-preview:-1\" \/>\n<link rel=\"canonical\" href=\"https:\/\/hudo.com\/si\/aktualno\/italija-namerava-kulturno-dediscino-zascititi-pred-teroristicnimi-napadi\/\" \/>\n<meta property=\"og:locale\" content=\"sl_SI\" \/>\n<meta property=\"og:type\" content=\"article\" \/>\n<meta property=\"og:title\" content=\"Italija namerava kulturno dedi\u0161\u010dino za\u0161\u010dititi pred teroristi\u010dnimi napadi - Hudo Slovenija\" \/>\n<meta property=\"og:description\" content=\"Italija namerava po teroristi\u010dnih napadih v Bruslju bolje za\u0161\u010dititi svojo kulturno dedi\u0161\u010dino in spomenike, pa tudi \u0161tevilne turiste, ki obiskujejo kulturne znamenitosti. Do leta 2018 bo vlada namenila okoli 300 milijonov evrov za pove\u010danje varnosti 20 najpomembnej\u0161ih kulturnih spomenikov Italije. Po pisanju nem\u0161ke tiskovne agencije dpa bodo med drugim na spomenikih namestili \u0161tevilne dodatne kamere in detektorje za odkrivanje kovin. Poleg tega bodo pove\u010dali \u0161tevilo varnostnikov in karabinjerjev v muzejih in ob spomenikih. V vladni protiteroristi\u010dni varnostni na\u010drt so med drugim vklju\u010deni rimski Kolosej, arheolo\u0161ko najdi\u0161\u010de Pompeji, Galleria dell\u2018Accademia v Benetkah, Muzej Capodimonte v Neaplju in galerija Uffizi v Firencah. V slednji je, kot zagotavlja direktor galerije Eike Schmidt, prisotnost vojske in karabinjerjev \u017ee sedaj precej vidna. &quot;V na\u0161em muzeju vsak dan na\u0161tejemo ve\u010d tiso\u010d obiskovalcev, samo na velikono\u010dno nedeljo jih je bilo 8000,&quot; je dodal.Svet\" \/>\n<meta property=\"og:url\" content=\"https:\/\/hudo.com\/si\/aktualno\/italija-namerava-kulturno-dediscino-zascititi-pred-teroristicnimi-napadi\/\" \/>\n<meta property=\"og:site_name\" content=\"Hudo Slovenija\" \/>\n<meta property=\"article:publisher\" content=\"https:\/\/www.facebook.com\/hudo.si\" \/>\n<meta property=\"article:published_time\" content=\"2016-03-30T04:45:00+00:00\" \/>\n<meta property=\"og:image\" content=\"https:\/\/hudo.com\/si\/wp-content\/uploads\/sites\/2\/2016\/03\/05227075-300.jpg\" \/>\n\t<meta property=\"og:image:width\" content=\"450\" \/>\n\t<meta property=\"og:image:height\" content=\"300\" \/>\n\t<meta property=\"og:image:type\" content=\"image\/jpeg\" \/>\n<meta name=\"author\" content=\"hudo\" \/>\n<meta name=\"twitter:card\" content=\"summary_large_image\" \/>\n<meta name=\"twitter:creator\" content=\"@hudo_si\" \/>\n<meta name=\"twitter:site\" content=\"@hudo_si\" \/>\n<meta name=\"twitter:label1\" content=\"Written by\" \/>\n\t<meta name=\"twitter:data1\" content=\"hudo\" \/>\n\t<meta name=\"twitter:label2\" content=\"Est. reading time\" \/>\n\t<meta name=\"twitter:data2\" content=\"1 minuta\" \/>\n<script type=\"application\/ld+json\" class=\"yoast-schema-graph\">{\"@context\":\"https:\/\/schema.org\",\"@graph\":[{\"@type\":\"Article\",\"@id\":\"https:\/\/hudo.com\/si\/aktualno\/italija-namerava-kulturno-dediscino-zascititi-pred-teroristicnimi-napadi\/#article\",\"isPartOf\":{\"@id\":\"https:\/\/hudo.com\/si\/aktualno\/italija-namerava-kulturno-dediscino-zascititi-pred-teroristicnimi-napadi\/\"},\"author\":{\"name\":\"hudo\",\"@id\":\"https:\/\/hudo.com\/si\/#\/schema\/person\/601cf3379633985b20f7e50f2bb47707\"},\"headline\":\"Italija namerava kulturno dedi\u0161\u010dino za\u0161\u010dititi pred teroristi\u010dnimi napadi\",\"datePublished\":\"2016-03-30T04:45:00+00:00\",\"dateModified\":\"2016-03-30T04:45:00+00:00\",\"mainEntityOfPage\":{\"@id\":\"https:\/\/hudo.com\/si\/aktualno\/italija-namerava-kulturno-dediscino-zascititi-pred-teroristicnimi-napadi\/\"},\"wordCount\":160,\"publisher\":{\"@id\":\"https:\/\/hudo.com\/si\/#organization\"},\"articleSection\":[\"Aktualno\"],\"inLanguage\":\"sl-SI\"},{\"@type\":\"WebPage\",\"@id\":\"https:\/\/hudo.com\/si\/aktualno\/italija-namerava-kulturno-dediscino-zascititi-pred-teroristicnimi-napadi\/\",\"url\":\"https:\/\/hudo.com\/si\/aktualno\/italija-namerava-kulturno-dediscino-zascititi-pred-teroristicnimi-napadi\/\",\"name\":\"Italija namerava kulturno dedi\u0161\u010dino za\u0161\u010dititi pred teroristi\u010dnimi napadi - Hudo Slovenija\",\"isPartOf\":{\"@id\":\"https:\/\/hudo.com\/si\/#website\"},\"datePublished\":\"2016-03-30T04:45:00+00:00\",\"dateModified\":\"2016-03-30T04:45:00+00:00\",\"breadcrumb\":{\"@id\":\"https:\/\/hudo.com\/si\/aktualno\/italija-namerava-kulturno-dediscino-zascititi-pred-teroristicnimi-napadi\/#breadcrumb\"},\"inLanguage\":\"sl-SI\",\"potentialAction\":[{\"@type\":\"ReadAction\",\"target\":[\"https:\/\/hudo.com\/si\/aktualno\/italija-namerava-kulturno-dediscino-zascititi-pred-teroristicnimi-napadi\/\"]}]},{\"@type\":\"BreadcrumbList\",\"@id\":\"https:\/\/hudo.com\/si\/aktualno\/italija-namerava-kulturno-dediscino-zascititi-pred-teroristicnimi-napadi\/#breadcrumb\",\"itemListElement\":[{\"@type\":\"ListItem\",\"position\":1,\"name\":\"Home\",\"item\":\"https:\/\/hudo.com\/si\/\"},{\"@type\":\"ListItem\",\"position\":2,\"name\":\"Italija namerava kulturno dedi\u0161\u010dino za\u0161\u010dititi pred teroristi\u010dnimi napadi\"}]},{\"@type\":\"WebSite\",\"@id\":\"https:\/\/hudo.com\/si\/#website\",\"url\":\"https:\/\/hudo.com\/si\/\",\"name\":\"Hudo Slovenija\",\"description\":\"Vse novice iz Slovenije in sveta\",\"publisher\":{\"@id\":\"https:\/\/hudo.com\/si\/#organization\"},\"potentialAction\":[{\"@type\":\"SearchAction\",\"target\":{\"@type\":\"EntryPoint\",\"urlTemplate\":\"https:\/\/hudo.com\/si\/?s={search_term_string}\"},\"query-input\":\"required name=search_term_string\"}],\"inLanguage\":\"sl-SI\"},{\"@type\":\"Organization\",\"@id\":\"https:\/\/hudo.com\/si\/#organization\",\"name\":\"VSN Media\",\"url\":\"https:\/\/hudo.com\/si\/\",\"logo\":{\"@type\":\"ImageObject\",\"inLanguage\":\"sl-SI\",\"@id\":\"https:\/\/hudo.com\/si\/#\/schema\/logo\/image\/\",\"url\":\"https:\/\/hudo.com\/si\/wp-content\/uploads\/sites\/2\/2021\/03\/hudo-app-2.png\",\"contentUrl\":\"https:\/\/hudo.com\/si\/wp-content\/uploads\/sites\/2\/2021\/03\/hudo-app-2.png\",\"width\":2185,\"height\":2167,\"caption\":\"VSN Media\"},\"image\":{\"@id\":\"https:\/\/hudo.com\/si\/#\/schema\/logo\/image\/\"},\"sameAs\":[\"https:\/\/www.facebook.com\/hudo.si\",\"https:\/\/twitter.com\/hudo_si\"]},{\"@type\":\"Person\",\"@id\":\"https:\/\/hudo.com\/si\/#\/schema\/person\/601cf3379633985b20f7e50f2bb47707\",\"name\":\"hudo\",\"image\":{\"@type\":\"ImageObject\",\"inLanguage\":\"sl-SI\",\"@id\":\"https:\/\/hudo.com\/si\/#\/schema\/person\/image\/\",\"url\":\"https:\/\/secure.gravatar.com\/avatar\/c4ca25fa72cace7a696b52ff5db9e095?s=96&d=mm&r=g\",\"contentUrl\":\"https:\/\/secure.gravatar.com\/avatar\/c4ca25fa72cace7a696b52ff5db9e095?s=96&d=mm&r=g\",\"caption\":\"hudo\"},\"url\":\"https:\/\/hudo.com\/si\/author\/hudo\/\"}]}<\/script>\n<!-- \/ Yoast SEO plugin. -->","yoast_head_json":{"title":"Italija namerava kulturno dedi\u0161\u010dino za\u0161\u010dititi pred teroristi\u010dnimi napadi - Hudo Slovenija","robots":{"index":"index","follow":"follow","max-snippet":"max-snippet:-1","max-image-preview":"max-image-preview:large","max-video-preview":"max-video-preview:-1"},"canonical":"https:\/\/hudo.com\/si\/aktualno\/italija-namerava-kulturno-dediscino-zascititi-pred-teroristicnimi-napadi\/","og_locale":"sl_SI","og_type":"article","og_title":"Italija namerava kulturno dedi\u0161\u010dino za\u0161\u010dititi pred teroristi\u010dnimi napadi - Hudo Slovenija","og_description":"Italija namerava po teroristi\u010dnih napadih v Bruslju bolje za\u0161\u010dititi svojo kulturno dedi\u0161\u010dino in spomenike, pa tudi \u0161tevilne turiste, ki obiskujejo kulturne znamenitosti. Do leta 2018 bo vlada namenila okoli 300 milijonov evrov za pove\u010danje varnosti 20 najpomembnej\u0161ih kulturnih spomenikov Italije. Po pisanju nem\u0161ke tiskovne agencije dpa bodo med drugim na spomenikih namestili \u0161tevilne dodatne kamere in detektorje za odkrivanje kovin. Poleg tega bodo pove\u010dali \u0161tevilo varnostnikov in karabinjerjev v muzejih in ob spomenikih. V vladni protiteroristi\u010dni varnostni na\u010drt so med drugim vklju\u010deni rimski Kolosej, arheolo\u0161ko najdi\u0161\u010de Pompeji, Galleria dell\u2018Accademia v Benetkah, Muzej Capodimonte v Neaplju in galerija Uffizi v Firencah. V slednji je, kot zagotavlja direktor galerije Eike Schmidt, prisotnost vojske in karabinjerjev \u017ee sedaj precej vidna. \"V na\u0161em muzeju vsak dan na\u0161tejemo ve\u010d tiso\u010d obiskovalcev, samo na velikono\u010dno nedeljo jih je bilo 8000,\" je dodal.Svet","og_url":"https:\/\/hudo.com\/si\/aktualno\/italija-namerava-kulturno-dediscino-zascititi-pred-teroristicnimi-napadi\/","og_site_name":"Hudo Slovenija","article_publisher":"https:\/\/www.facebook.com\/hudo.si","article_published_time":"2016-03-30T04:45:00+00:00","og_image":[{"width":450,"height":300,"url":"https:\/\/hudo.com\/si\/wp-content\/uploads\/sites\/2\/2016\/03\/05227075-300.jpg","type":"image\/jpeg"}],"author":"hudo","twitter_card":"summary_large_image","twitter_creator":"@hudo_si","twitter_site":"@hudo_si","twitter_misc":{"Written by":"hudo","Est. reading time":"1 minuta"},"schema":{"@context":"https:\/\/schema.org","@graph":[{"@type":"Article","@id":"https:\/\/hudo.com\/si\/aktualno\/italija-namerava-kulturno-dediscino-zascititi-pred-teroristicnimi-napadi\/#article","isPartOf":{"@id":"https:\/\/hudo.com\/si\/aktualno\/italija-namerava-kulturno-dediscino-zascititi-pred-teroristicnimi-napadi\/"},"author":{"name":"hudo","@id":"https:\/\/hudo.com\/si\/#\/schema\/person\/601cf3379633985b20f7e50f2bb47707"},"headline":"Italija namerava kulturno dedi\u0161\u010dino za\u0161\u010dititi pred teroristi\u010dnimi napadi","datePublished":"2016-03-30T04:45:00+00:00","dateModified":"2016-03-30T04:45:00+00:00","mainEntityOfPage":{"@id":"https:\/\/hudo.com\/si\/aktualno\/italija-namerava-kulturno-dediscino-zascititi-pred-teroristicnimi-napadi\/"},"wordCount":160,"publisher":{"@id":"https:\/\/hudo.com\/si\/#organization"},"articleSection":["Aktualno"],"inLanguage":"sl-SI"},{"@type":"WebPage","@id":"https:\/\/hudo.com\/si\/aktualno\/italija-namerava-kulturno-dediscino-zascititi-pred-teroristicnimi-napadi\/","url":"https:\/\/hudo.com\/si\/aktualno\/italija-namerava-kulturno-dediscino-zascititi-pred-teroristicnimi-napadi\/","name":"Italija namerava kulturno dedi\u0161\u010dino za\u0161\u010dititi pred teroristi\u010dnimi napadi - Hudo Slovenija","isPartOf":{"@id":"https:\/\/hudo.com\/si\/#website"},"datePublished":"2016-03-30T04:45:00+00:00","dateModified":"2016-03-30T04:45:00+00:00","breadcrumb":{"@id":"https:\/\/hudo.com\/si\/aktualno\/italija-namerava-kulturno-dediscino-zascititi-pred-teroristicnimi-napadi\/#breadcrumb"},"inLanguage":"sl-SI","potentialAction":[{"@type":"ReadAction","target":["https:\/\/hudo.com\/si\/aktualno\/italija-namerava-kulturno-dediscino-zascititi-pred-teroristicnimi-napadi\/"]}]},{"@type":"BreadcrumbList","@id":"https:\/\/hudo.com\/si\/aktualno\/italija-namerava-kulturno-dediscino-zascititi-pred-teroristicnimi-napadi\/#breadcrumb","itemListElement":[{"@type":"ListItem","position":1,"name":"Home","item":"https:\/\/hudo.com\/si\/"},{"@type":"ListItem","position":2,"name":"Italija namerava kulturno dedi\u0161\u010dino za\u0161\u010dititi pred teroristi\u010dnimi napadi"}]},{"@type":"WebSite","@id":"https:\/\/hudo.com\/si\/#website","url":"https:\/\/hudo.com\/si\/","name":"Hudo Slovenija","description":"Vse novice iz Slovenije in sveta","publisher":{"@id":"https:\/\/hudo.com\/si\/#organization"},"potentialAction":[{"@type":"SearchAction","target":{"@type":"EntryPoint","urlTemplate":"https:\/\/hudo.com\/si\/?s={search_term_string}"},"query-input":"required name=search_term_string"}],"inLanguage":"sl-SI"},{"@type":"Organization","@id":"https:\/\/hudo.com\/si\/#organization","name":"VSN Media","url":"https:\/\/hudo.com\/si\/","logo":{"@type":"ImageObject","inLanguage":"sl-SI","@id":"https:\/\/hudo.com\/si\/#\/schema\/logo\/image\/","url":"https:\/\/hudo.com\/si\/wp-content\/uploads\/sites\/2\/2021\/03\/hudo-app-2.png","contentUrl":"https:\/\/hudo.com\/si\/wp-content\/uploads\/sites\/2\/2021\/03\/hudo-app-2.png","width":2185,"height":2167,"caption":"VSN Media"},"image":{"@id":"https:\/\/hudo.com\/si\/#\/schema\/logo\/image\/"},"sameAs":["https:\/\/www.facebook.com\/hudo.si","https:\/\/twitter.com\/hudo_si"]},{"@type":"Person","@id":"https:\/\/hudo.com\/si\/#\/schema\/person\/601cf3379633985b20f7e50f2bb47707","name":"hudo","image":{"@type":"ImageObject","inLanguage":"sl-SI","@id":"https:\/\/hudo.com\/si\/#\/schema\/person\/image\/","url":"https:\/\/secure.gravatar.com\/avatar\/c4ca25fa72cace7a696b52ff5db9e095?s=96&d=mm&r=g","contentUrl":"https:\/\/secure.gravatar.com\/avatar\/c4ca25fa72cace7a696b52ff5db9e095?s=96&d=mm&r=g","caption":"hudo"},"url":"https:\/\/hudo.com\/si\/author\/hudo\/"}]}},"amp_enabled":true,"_links":{"self":[{"href":"https:\/\/hudo.com\/si\/wp-json\/wp\/v2\/posts\/9006"}],"collection":[{"href":"https:\/\/hudo.com\/si\/wp-json\/wp\/v2\/posts"}],"about":[{"href":"https:\/\/hudo.com\/si\/wp-json\/wp\/v2\/types\/post"}],"author":[{"embeddable":true,"href":"https:\/\/hudo.com\/si\/wp-json\/wp\/v2\/users\/1"}],"replies":[{"embeddable":true,"href":"https:\/\/hudo.com\/si\/wp-json\/wp\/v2\/comments?post=9006"}],"version-history":[{"count":0,"href":"https:\/\/hudo.com\/si\/wp-json\/wp\/v2\/posts\/9006\/revisions"}],"wp:attachment":[{"href":"https:\/\/hudo.com\/si\/wp-json\/wp\/v2\/media?parent=9006"}],"wp:term":[{"taxonomy":"category","embeddable":true,"href":"https:\/\/hudo.com\/si\/wp-json\/wp\/v2\/categories?post=9006"},{"taxonomy":"post_tag","embeddable":true,"href":"https:\/\/hudo.com\/si\/wp-json\/wp\/v2\/tags?post=9006"},{"taxonomy":"source","embeddable":true,"href":"https:\/\/hudo.com\/si\/wp-json\/wp\/v2\/source?post=9006"},{"taxonomy":"supertag","embeddable":true,"href":"https:\/\/hudo.com\/si\/wp-json\/wp\/v2\/supertag?post=9006"}],"curies":[{"name":"wp","href":"https:\/\/api.w.org\/{rel}","templated":true}]}}