{"id":90352,"date":"2016-07-07T14:30:00","date_gmt":"2016-07-07T12:30:00","guid":{"rendered":"http:\/\/hudo.com\/si\/2016\/07\/07\/kaksen-politicni-potencial-imajo-vstaje-za-luko-koper\/"},"modified":"2016-07-08T13:36:55","modified_gmt":"2016-07-08T11:36:55","slug":"kaksen-politicni-potencial-imajo-vstaje-za-luko-koper","status":"publish","type":"post","link":"https:\/\/hudo.com\/si\/aktualno\/kaksen-politicni-potencial-imajo-vstaje-za-luko-koper\/","title":{"rendered":"Kak\u0161en politi\u010dni potencial imajo vstaje za Luko Koper"},"content":{"rendered":"<p>Na revolt se bo \u0161e \u010dakalo  Boris Vezjak, filozof: &#8220;Dogajanje je se\u0161tevek interesnega trka prihodnosti Luke Koper, kot si jo predstavljajo delavci, uprava in vlada, privatizacijskega trka kot odgovor na propadajo\u010do primorsko gospodarstvo, divjo privatizacijo in plenilsko logijo, ki je pokon\u010dala \u0161tevilna podjetja, in \u0161ir\u0161ega trka na politi\u010dnoekonomski ravni, kaj narediti s podjetji. Lu\u0161ki dogodki ne bodo prerasli v vstajni\u0161ko vrenje, mariborski dogodki so zadevali slehernega posameznika in njihove \u017eepe, \u010desar Slovenci v primeru Luke Koper ne dojemajo. Tudi previdni molk koprskega \u017eupana Popovi\u010da ne bo pripomogel k dojemanju protestov na bolj personalni ravni. Bojim se, da bodo morali tisti, ki si \u017eelijo vstajni\u0161kega revolta, \u0161e malo po\u010dakali. Po drugi strani so reakcije Cerarja nespretne in neprepri\u010dljive, odklanjanje pogovorov z delavci pa neokusna gesta in osnovno\u0161olska piarovska napaka. V svojih izjavah je neposredno \u017ealil dostojanstvo delavskega razreda, ocene o ultimatih in ru\u0161enju dr\u017eave pa ka\u017eejo na vladno aroganco in anahronost v presojah. Dobra stran razgretih strasti bo la\u017eje razkritje pravih motivov vpletenih strani.&#8221; Za ohranjanje statusa quo Matev\u017e Tom\u0161i\u010d, sociolog &#8220;Dogajanje v Luki Koper ne bo privedlo do raz\u0161iritve protestov na celotno Slovenijo, ponovno gre za spopad razli\u010dnih interesnih skupin, ki jim je v interesu ohranjanje statusa quo. Delavci igrajo pri tem vlogo \u2018kmetov na \u0161ahovnici\u2018. Nikakor ne moremo primerjati protestov z vseslovenskimi vstajami, ki so se za\u010dele spontano zaradi postavitve radarjev, vendar so bile pozneje politi\u010dno instrumentalizirane. Centri mo\u010di so imeli v ozadju cilj zru\u0161itev vlade Janeza Jan\u0161e in v Mariboru odstavitev \u017eupana Franca Kanglerja. Za zdaj v zvezi s Cerarjem ni tovrstnih motivov, \u010deprav si moramo priznati, da je vlada operativno nesposobna, kar ka\u017ee z izogibanjem re\u0161evanja problemov v Luki Koper oz. izogibanju soo\u010denja z lu\u0161kimi delavci. Tovrsten na\u010din vodenja dr\u017eave pove\u010duje nezaupanje dr\u017eavljanov v ustanove in<\/p>\n","protected":false},"excerpt":{"rendered":"<p>Na revolt se bo \u0161e \u010dakalo  Boris Vezjak, filozof: &#8220;Dogajanje je se\u0161tevek interesnega trka prihodnosti Luke Koper, kot si jo predstavljajo delavci, uprava in vlada, privatizacijskega trka kot odgovor na propadajo\u010do primorsko gospodarstvo, divjo privatizacijo in plenilsko logijo, ki je pokon\u010dala \u0161tevilna podjetja, in \u0161ir\u0161ega trka na politi\u010dnoekonomski ravni, kaj narediti s podjetji. Lu\u0161ki dogodki ne bodo prerasli v vstajni\u0161ko vrenje, mariborski dogodki so zadevali slehernega posameznika in njihove \u017eepe, \u010desar Slovenci v primeru Luke Koper ne dojemajo. Tudi previdni molk koprskega \u017eupana Popovi\u010da ne bo pripomogel k dojemanju protestov na bolj personalni ravni. Bojim se, da bodo morali tisti, ki si \u017eelijo vstajni\u0161kega revolta, \u0161e malo po\u010dakali. Po drugi strani so reakcije Cerarja nespretne in neprepri\u010dljive, odklanjanje pogovorov z delavci pa neokusna gesta in osnovno\u0161olska piarovska napaka. V svojih izjavah je neposredno \u017ealil dostojanstvo delavskega razreda, ocene o ultimatih in ru\u0161enju dr\u017eave pa ka\u017eejo na vladno aroganco in anahronost v presojah. Dobra stran razgretih strasti bo la\u017eje razkritje pravih motivov vpletenih strani.&#8221; Za ohranjanje statusa quo Matev\u017e Tom\u0161i\u010d, sociolog &#8220;Dogajanje v Luki Koper ne bo privedlo do raz\u0161iritve protestov na celotno Slovenijo, ponovno gre za spopad razli\u010dnih interesnih skupin, ki jim je v interesu ohranjanje statusa quo. Delavci igrajo pri tem vlogo \u2018kmetov na \u0161ahovnici\u2018. Nikakor ne moremo primerjati protestov z vseslovenskimi vstajami, ki so se za\u010dele spontano zaradi postavitve radarjev, vendar so bile pozneje politi\u010dno instrumentalizirane. Centri mo\u010di so imeli v ozadju cilj zru\u0161itev vlade Janeza Jan\u0161e in v Mariboru odstavitev \u017eupana Franca Kanglerja. Za zdaj v zvezi s Cerarjem ni tovrstnih motivov, \u010deprav si moramo priznati, da je vlada operativno nesposobna, kar ka\u017ee z izogibanjem re\u0161evanja problemov v Luki Koper oz. izogibanju soo\u010denja z lu\u0161kimi delavci. Tovrsten na\u010din vodenja dr\u017eave pove\u010duje nezaupanje dr\u017eavljanov v ustanove in<\/p>\n","protected":false},"author":1,"featured_media":0,"comment_status":"closed","ping_status":"closed","sticky":false,"template":"","format":"standard","meta":{"footnotes":""},"categories":[1179],"tags":[],"source":[1711],"supertag":[],"acf":[],"yoast_head":"<!-- This site is optimized with the Yoast SEO plugin v21.3 - https:\/\/yoast.com\/wordpress\/plugins\/seo\/ -->\n<title>Kak\u0161en politi\u010dni potencial imajo vstaje za Luko Koper - Hudo Slovenija<\/title>\n<meta name=\"robots\" content=\"index, follow, max-snippet:-1, max-image-preview:large, max-video-preview:-1\" \/>\n<link rel=\"canonical\" href=\"https:\/\/hudo.com\/si\/aktualno\/kaksen-politicni-potencial-imajo-vstaje-za-luko-koper\/\" \/>\n<meta property=\"og:locale\" content=\"sl_SI\" \/>\n<meta property=\"og:type\" content=\"article\" \/>\n<meta property=\"og:title\" content=\"Kak\u0161en politi\u010dni potencial imajo vstaje za Luko Koper - Hudo Slovenija\" \/>\n<meta property=\"og:description\" content=\"Na revolt se bo \u0161e \u010dakalo Boris Vezjak, filozof: &quot;Dogajanje je se\u0161tevek interesnega trka prihodnosti Luke Koper, kot si jo predstavljajo delavci, uprava in vlada, privatizacijskega trka kot odgovor na propadajo\u010do primorsko gospodarstvo, divjo privatizacijo in plenilsko logijo, ki je pokon\u010dala \u0161tevilna podjetja, in \u0161ir\u0161ega trka na politi\u010dnoekonomski ravni, kaj narediti s podjetji. Lu\u0161ki dogodki ne bodo prerasli v vstajni\u0161ko vrenje, mariborski dogodki so zadevali slehernega posameznika in njihove \u017eepe, \u010desar Slovenci v primeru Luke Koper ne dojemajo. Tudi previdni molk koprskega \u017eupana Popovi\u010da ne bo pripomogel k dojemanju protestov na bolj personalni ravni. Bojim se, da bodo morali tisti, ki si \u017eelijo vstajni\u0161kega revolta, \u0161e malo po\u010dakali. Po drugi strani so reakcije Cerarja nespretne in neprepri\u010dljive, odklanjanje pogovorov z delavci pa neokusna gesta in osnovno\u0161olska piarovska napaka. V svojih izjavah je neposredno \u017ealil dostojanstvo delavskega razreda, ocene o ultimatih in ru\u0161enju dr\u017eave pa ka\u017eejo na vladno aroganco in anahronost v presojah. Dobra stran razgretih strasti bo la\u017eje razkritje pravih motivov vpletenih strani.&quot; Za ohranjanje statusa quo Matev\u017e Tom\u0161i\u010d, sociolog &quot;Dogajanje v Luki Koper ne bo privedlo do raz\u0161iritve protestov na celotno Slovenijo, ponovno gre za spopad razli\u010dnih interesnih skupin, ki jim je v interesu ohranjanje statusa quo. Delavci igrajo pri tem vlogo \u2018kmetov na \u0161ahovnici\u2018. Nikakor ne moremo primerjati protestov z vseslovenskimi vstajami, ki so se za\u010dele spontano zaradi postavitve radarjev, vendar so bile pozneje politi\u010dno instrumentalizirane. Centri mo\u010di so imeli v ozadju cilj zru\u0161itev vlade Janeza Jan\u0161e in v Mariboru odstavitev \u017eupana Franca Kanglerja. Za zdaj v zvezi s Cerarjem ni tovrstnih motivov, \u010deprav si moramo priznati, da je vlada operativno nesposobna, kar ka\u017ee z izogibanjem re\u0161evanja problemov v Luki Koper oz. izogibanju soo\u010denja z lu\u0161kimi delavci. Tovrsten na\u010din vodenja dr\u017eave pove\u010duje nezaupanje dr\u017eavljanov v ustanove in\" \/>\n<meta property=\"og:url\" content=\"https:\/\/hudo.com\/si\/aktualno\/kaksen-politicni-potencial-imajo-vstaje-za-luko-koper\/\" \/>\n<meta property=\"og:site_name\" content=\"Hudo Slovenija\" \/>\n<meta property=\"article:publisher\" content=\"https:\/\/www.facebook.com\/hudo.si\" \/>\n<meta property=\"article:published_time\" content=\"2016-07-07T12:30:00+00:00\" \/>\n<meta property=\"article:modified_time\" content=\"2016-07-08T11:36:55+00:00\" \/>\n<meta property=\"og:image\" content=\"https:\/\/hudo.com\/si\/wp-content\/uploads\/sites\/2\/2016\/07\/ll5-300.jpg\" \/>\n\t<meta property=\"og:image:width\" content=\"450\" \/>\n\t<meta property=\"og:image:height\" content=\"286\" \/>\n\t<meta property=\"og:image:type\" content=\"image\/jpeg\" \/>\n<meta name=\"author\" content=\"hudo\" \/>\n<meta name=\"twitter:card\" content=\"summary_large_image\" \/>\n<meta name=\"twitter:creator\" content=\"@hudo_si\" \/>\n<meta name=\"twitter:site\" content=\"@hudo_si\" \/>\n<meta name=\"twitter:label1\" content=\"Written by\" \/>\n\t<meta name=\"twitter:data1\" content=\"hudo\" \/>\n\t<meta name=\"twitter:label2\" content=\"Est. reading time\" \/>\n\t<meta name=\"twitter:data2\" content=\"2 minuti\" \/>\n<script type=\"application\/ld+json\" class=\"yoast-schema-graph\">{\"@context\":\"https:\/\/schema.org\",\"@graph\":[{\"@type\":\"Article\",\"@id\":\"https:\/\/hudo.com\/si\/aktualno\/kaksen-politicni-potencial-imajo-vstaje-za-luko-koper\/#article\",\"isPartOf\":{\"@id\":\"https:\/\/hudo.com\/si\/aktualno\/kaksen-politicni-potencial-imajo-vstaje-za-luko-koper\/\"},\"author\":{\"name\":\"hudo\",\"@id\":\"https:\/\/hudo.com\/si\/#\/schema\/person\/601cf3379633985b20f7e50f2bb47707\"},\"headline\":\"Kak\u0161en politi\u010dni potencial imajo vstaje za Luko Koper\",\"datePublished\":\"2016-07-07T12:30:00+00:00\",\"dateModified\":\"2016-07-08T11:36:55+00:00\",\"mainEntityOfPage\":{\"@id\":\"https:\/\/hudo.com\/si\/aktualno\/kaksen-politicni-potencial-imajo-vstaje-za-luko-koper\/\"},\"wordCount\":331,\"publisher\":{\"@id\":\"https:\/\/hudo.com\/si\/#organization\"},\"articleSection\":[\"Aktualno\"],\"inLanguage\":\"sl-SI\"},{\"@type\":\"WebPage\",\"@id\":\"https:\/\/hudo.com\/si\/aktualno\/kaksen-politicni-potencial-imajo-vstaje-za-luko-koper\/\",\"url\":\"https:\/\/hudo.com\/si\/aktualno\/kaksen-politicni-potencial-imajo-vstaje-za-luko-koper\/\",\"name\":\"Kak\u0161en politi\u010dni potencial imajo vstaje za Luko Koper - Hudo Slovenija\",\"isPartOf\":{\"@id\":\"https:\/\/hudo.com\/si\/#website\"},\"datePublished\":\"2016-07-07T12:30:00+00:00\",\"dateModified\":\"2016-07-08T11:36:55+00:00\",\"breadcrumb\":{\"@id\":\"https:\/\/hudo.com\/si\/aktualno\/kaksen-politicni-potencial-imajo-vstaje-za-luko-koper\/#breadcrumb\"},\"inLanguage\":\"sl-SI\",\"potentialAction\":[{\"@type\":\"ReadAction\",\"target\":[\"https:\/\/hudo.com\/si\/aktualno\/kaksen-politicni-potencial-imajo-vstaje-za-luko-koper\/\"]}]},{\"@type\":\"BreadcrumbList\",\"@id\":\"https:\/\/hudo.com\/si\/aktualno\/kaksen-politicni-potencial-imajo-vstaje-za-luko-koper\/#breadcrumb\",\"itemListElement\":[{\"@type\":\"ListItem\",\"position\":1,\"name\":\"Home\",\"item\":\"https:\/\/hudo.com\/si\/\"},{\"@type\":\"ListItem\",\"position\":2,\"name\":\"Kak\u0161en politi\u010dni potencial imajo vstaje za Luko Koper\"}]},{\"@type\":\"WebSite\",\"@id\":\"https:\/\/hudo.com\/si\/#website\",\"url\":\"https:\/\/hudo.com\/si\/\",\"name\":\"Hudo Slovenija\",\"description\":\"Vse novice iz Slovenije in sveta\",\"publisher\":{\"@id\":\"https:\/\/hudo.com\/si\/#organization\"},\"potentialAction\":[{\"@type\":\"SearchAction\",\"target\":{\"@type\":\"EntryPoint\",\"urlTemplate\":\"https:\/\/hudo.com\/si\/?s={search_term_string}\"},\"query-input\":\"required name=search_term_string\"}],\"inLanguage\":\"sl-SI\"},{\"@type\":\"Organization\",\"@id\":\"https:\/\/hudo.com\/si\/#organization\",\"name\":\"VSN Media\",\"url\":\"https:\/\/hudo.com\/si\/\",\"logo\":{\"@type\":\"ImageObject\",\"inLanguage\":\"sl-SI\",\"@id\":\"https:\/\/hudo.com\/si\/#\/schema\/logo\/image\/\",\"url\":\"https:\/\/hudo.com\/si\/wp-content\/uploads\/sites\/2\/2021\/03\/hudo-app-2.png\",\"contentUrl\":\"https:\/\/hudo.com\/si\/wp-content\/uploads\/sites\/2\/2021\/03\/hudo-app-2.png\",\"width\":2185,\"height\":2167,\"caption\":\"VSN Media\"},\"image\":{\"@id\":\"https:\/\/hudo.com\/si\/#\/schema\/logo\/image\/\"},\"sameAs\":[\"https:\/\/www.facebook.com\/hudo.si\",\"https:\/\/twitter.com\/hudo_si\"]},{\"@type\":\"Person\",\"@id\":\"https:\/\/hudo.com\/si\/#\/schema\/person\/601cf3379633985b20f7e50f2bb47707\",\"name\":\"hudo\",\"image\":{\"@type\":\"ImageObject\",\"inLanguage\":\"sl-SI\",\"@id\":\"https:\/\/hudo.com\/si\/#\/schema\/person\/image\/\",\"url\":\"https:\/\/secure.gravatar.com\/avatar\/c4ca25fa72cace7a696b52ff5db9e095?s=96&d=mm&r=g\",\"contentUrl\":\"https:\/\/secure.gravatar.com\/avatar\/c4ca25fa72cace7a696b52ff5db9e095?s=96&d=mm&r=g\",\"caption\":\"hudo\"},\"url\":\"https:\/\/hudo.com\/si\/author\/hudo\/\"}]}<\/script>\n<!-- \/ Yoast SEO plugin. -->","yoast_head_json":{"title":"Kak\u0161en politi\u010dni potencial imajo vstaje za Luko Koper - Hudo Slovenija","robots":{"index":"index","follow":"follow","max-snippet":"max-snippet:-1","max-image-preview":"max-image-preview:large","max-video-preview":"max-video-preview:-1"},"canonical":"https:\/\/hudo.com\/si\/aktualno\/kaksen-politicni-potencial-imajo-vstaje-za-luko-koper\/","og_locale":"sl_SI","og_type":"article","og_title":"Kak\u0161en politi\u010dni potencial imajo vstaje za Luko Koper - Hudo Slovenija","og_description":"Na revolt se bo \u0161e \u010dakalo Boris Vezjak, filozof: \"Dogajanje je se\u0161tevek interesnega trka prihodnosti Luke Koper, kot si jo predstavljajo delavci, uprava in vlada, privatizacijskega trka kot odgovor na propadajo\u010do primorsko gospodarstvo, divjo privatizacijo in plenilsko logijo, ki je pokon\u010dala \u0161tevilna podjetja, in \u0161ir\u0161ega trka na politi\u010dnoekonomski ravni, kaj narediti s podjetji. Lu\u0161ki dogodki ne bodo prerasli v vstajni\u0161ko vrenje, mariborski dogodki so zadevali slehernega posameznika in njihove \u017eepe, \u010desar Slovenci v primeru Luke Koper ne dojemajo. Tudi previdni molk koprskega \u017eupana Popovi\u010da ne bo pripomogel k dojemanju protestov na bolj personalni ravni. Bojim se, da bodo morali tisti, ki si \u017eelijo vstajni\u0161kega revolta, \u0161e malo po\u010dakali. Po drugi strani so reakcije Cerarja nespretne in neprepri\u010dljive, odklanjanje pogovorov z delavci pa neokusna gesta in osnovno\u0161olska piarovska napaka. V svojih izjavah je neposredno \u017ealil dostojanstvo delavskega razreda, ocene o ultimatih in ru\u0161enju dr\u017eave pa ka\u017eejo na vladno aroganco in anahronost v presojah. Dobra stran razgretih strasti bo la\u017eje razkritje pravih motivov vpletenih strani.\" Za ohranjanje statusa quo Matev\u017e Tom\u0161i\u010d, sociolog \"Dogajanje v Luki Koper ne bo privedlo do raz\u0161iritve protestov na celotno Slovenijo, ponovno gre za spopad razli\u010dnih interesnih skupin, ki jim je v interesu ohranjanje statusa quo. Delavci igrajo pri tem vlogo \u2018kmetov na \u0161ahovnici\u2018. Nikakor ne moremo primerjati protestov z vseslovenskimi vstajami, ki so se za\u010dele spontano zaradi postavitve radarjev, vendar so bile pozneje politi\u010dno instrumentalizirane. Centri mo\u010di so imeli v ozadju cilj zru\u0161itev vlade Janeza Jan\u0161e in v Mariboru odstavitev \u017eupana Franca Kanglerja. Za zdaj v zvezi s Cerarjem ni tovrstnih motivov, \u010deprav si moramo priznati, da je vlada operativno nesposobna, kar ka\u017ee z izogibanjem re\u0161evanja problemov v Luki Koper oz. izogibanju soo\u010denja z lu\u0161kimi delavci. Tovrsten na\u010din vodenja dr\u017eave pove\u010duje nezaupanje dr\u017eavljanov v ustanove in","og_url":"https:\/\/hudo.com\/si\/aktualno\/kaksen-politicni-potencial-imajo-vstaje-za-luko-koper\/","og_site_name":"Hudo Slovenija","article_publisher":"https:\/\/www.facebook.com\/hudo.si","article_published_time":"2016-07-07T12:30:00+00:00","article_modified_time":"2016-07-08T11:36:55+00:00","og_image":[{"width":450,"height":286,"url":"https:\/\/hudo.com\/si\/wp-content\/uploads\/sites\/2\/2016\/07\/ll5-300.jpg","type":"image\/jpeg"}],"author":"hudo","twitter_card":"summary_large_image","twitter_creator":"@hudo_si","twitter_site":"@hudo_si","twitter_misc":{"Written by":"hudo","Est. reading time":"2 minuti"},"schema":{"@context":"https:\/\/schema.org","@graph":[{"@type":"Article","@id":"https:\/\/hudo.com\/si\/aktualno\/kaksen-politicni-potencial-imajo-vstaje-za-luko-koper\/#article","isPartOf":{"@id":"https:\/\/hudo.com\/si\/aktualno\/kaksen-politicni-potencial-imajo-vstaje-za-luko-koper\/"},"author":{"name":"hudo","@id":"https:\/\/hudo.com\/si\/#\/schema\/person\/601cf3379633985b20f7e50f2bb47707"},"headline":"Kak\u0161en politi\u010dni potencial imajo vstaje za Luko Koper","datePublished":"2016-07-07T12:30:00+00:00","dateModified":"2016-07-08T11:36:55+00:00","mainEntityOfPage":{"@id":"https:\/\/hudo.com\/si\/aktualno\/kaksen-politicni-potencial-imajo-vstaje-za-luko-koper\/"},"wordCount":331,"publisher":{"@id":"https:\/\/hudo.com\/si\/#organization"},"articleSection":["Aktualno"],"inLanguage":"sl-SI"},{"@type":"WebPage","@id":"https:\/\/hudo.com\/si\/aktualno\/kaksen-politicni-potencial-imajo-vstaje-za-luko-koper\/","url":"https:\/\/hudo.com\/si\/aktualno\/kaksen-politicni-potencial-imajo-vstaje-za-luko-koper\/","name":"Kak\u0161en politi\u010dni potencial imajo vstaje za Luko Koper - Hudo Slovenija","isPartOf":{"@id":"https:\/\/hudo.com\/si\/#website"},"datePublished":"2016-07-07T12:30:00+00:00","dateModified":"2016-07-08T11:36:55+00:00","breadcrumb":{"@id":"https:\/\/hudo.com\/si\/aktualno\/kaksen-politicni-potencial-imajo-vstaje-za-luko-koper\/#breadcrumb"},"inLanguage":"sl-SI","potentialAction":[{"@type":"ReadAction","target":["https:\/\/hudo.com\/si\/aktualno\/kaksen-politicni-potencial-imajo-vstaje-za-luko-koper\/"]}]},{"@type":"BreadcrumbList","@id":"https:\/\/hudo.com\/si\/aktualno\/kaksen-politicni-potencial-imajo-vstaje-za-luko-koper\/#breadcrumb","itemListElement":[{"@type":"ListItem","position":1,"name":"Home","item":"https:\/\/hudo.com\/si\/"},{"@type":"ListItem","position":2,"name":"Kak\u0161en politi\u010dni potencial imajo vstaje za Luko Koper"}]},{"@type":"WebSite","@id":"https:\/\/hudo.com\/si\/#website","url":"https:\/\/hudo.com\/si\/","name":"Hudo Slovenija","description":"Vse novice iz Slovenije in sveta","publisher":{"@id":"https:\/\/hudo.com\/si\/#organization"},"potentialAction":[{"@type":"SearchAction","target":{"@type":"EntryPoint","urlTemplate":"https:\/\/hudo.com\/si\/?s={search_term_string}"},"query-input":"required name=search_term_string"}],"inLanguage":"sl-SI"},{"@type":"Organization","@id":"https:\/\/hudo.com\/si\/#organization","name":"VSN Media","url":"https:\/\/hudo.com\/si\/","logo":{"@type":"ImageObject","inLanguage":"sl-SI","@id":"https:\/\/hudo.com\/si\/#\/schema\/logo\/image\/","url":"https:\/\/hudo.com\/si\/wp-content\/uploads\/sites\/2\/2021\/03\/hudo-app-2.png","contentUrl":"https:\/\/hudo.com\/si\/wp-content\/uploads\/sites\/2\/2021\/03\/hudo-app-2.png","width":2185,"height":2167,"caption":"VSN Media"},"image":{"@id":"https:\/\/hudo.com\/si\/#\/schema\/logo\/image\/"},"sameAs":["https:\/\/www.facebook.com\/hudo.si","https:\/\/twitter.com\/hudo_si"]},{"@type":"Person","@id":"https:\/\/hudo.com\/si\/#\/schema\/person\/601cf3379633985b20f7e50f2bb47707","name":"hudo","image":{"@type":"ImageObject","inLanguage":"sl-SI","@id":"https:\/\/hudo.com\/si\/#\/schema\/person\/image\/","url":"https:\/\/secure.gravatar.com\/avatar\/c4ca25fa72cace7a696b52ff5db9e095?s=96&d=mm&r=g","contentUrl":"https:\/\/secure.gravatar.com\/avatar\/c4ca25fa72cace7a696b52ff5db9e095?s=96&d=mm&r=g","caption":"hudo"},"url":"https:\/\/hudo.com\/si\/author\/hudo\/"}]}},"amp_enabled":true,"_links":{"self":[{"href":"https:\/\/hudo.com\/si\/wp-json\/wp\/v2\/posts\/90352"}],"collection":[{"href":"https:\/\/hudo.com\/si\/wp-json\/wp\/v2\/posts"}],"about":[{"href":"https:\/\/hudo.com\/si\/wp-json\/wp\/v2\/types\/post"}],"author":[{"embeddable":true,"href":"https:\/\/hudo.com\/si\/wp-json\/wp\/v2\/users\/1"}],"replies":[{"embeddable":true,"href":"https:\/\/hudo.com\/si\/wp-json\/wp\/v2\/comments?post=90352"}],"version-history":[{"count":1,"href":"https:\/\/hudo.com\/si\/wp-json\/wp\/v2\/posts\/90352\/revisions"}],"predecessor-version":[{"id":90489,"href":"https:\/\/hudo.com\/si\/wp-json\/wp\/v2\/posts\/90352\/revisions\/90489"}],"wp:attachment":[{"href":"https:\/\/hudo.com\/si\/wp-json\/wp\/v2\/media?parent=90352"}],"wp:term":[{"taxonomy":"category","embeddable":true,"href":"https:\/\/hudo.com\/si\/wp-json\/wp\/v2\/categories?post=90352"},{"taxonomy":"post_tag","embeddable":true,"href":"https:\/\/hudo.com\/si\/wp-json\/wp\/v2\/tags?post=90352"},{"taxonomy":"source","embeddable":true,"href":"https:\/\/hudo.com\/si\/wp-json\/wp\/v2\/source?post=90352"},{"taxonomy":"supertag","embeddable":true,"href":"https:\/\/hudo.com\/si\/wp-json\/wp\/v2\/supertag?post=90352"}],"curies":[{"name":"wp","href":"https:\/\/api.w.org\/{rel}","templated":true}]}}