{"id":90450,"date":"2016-07-07T16:15:00","date_gmt":"2016-07-07T14:15:00","guid":{"rendered":"http:\/\/hudo.com\/si\/2016\/07\/07\/ker-cerarja-ni-bilo-v-koper-so-koprcani-prisli-v-ljubljano\/"},"modified":"2016-07-08T13:36:24","modified_gmt":"2016-07-08T11:36:24","slug":"ker-cerarja-ni-bilo-v-koper-so-koprcani-prisli-v-ljubljano","status":"publish","type":"post","link":"https:\/\/hudo.com\/si\/aktualno\/ker-cerarja-ni-bilo-v-koper-so-koprcani-prisli-v-ljubljano\/","title":{"rendered":"Ker Cerarja ni bilo v Koper so Kopr\u010dani pri\u0161li v Ljubljano"},"content":{"rendered":"<p>V Ljubljani se je danes zbralo nekaj sto protestnikov, ki so se, kot je povedala ena izmed njih, s tremi avtobusi pripeljali iz Kopra v Ljubljano. Prevoz naj bi organiziral sindikat Luke Koper, udele\u017eenci protesta pa so pri\u0161li opremljeni z rde\u010dimi in slovenskimi zastavami.  Protest je potekal kot tisti v Kopru &#8211; udele\u017eenci so peli Bandiera Rossa in Vstala Primorska, skrandirajo &#8220;Luke ne damo&#8221;, v prestolnico pa so pri\u0161li z istimi zahtevami, kot jih imajo ves \u010das: klju\u010dni dve sta odstop dr\u017eavnega sekretarja Metoda Dragonje in ministra Ga\u0161per\u0161i\u010da.  Na protestu je prisotna tudi Zdru\u017eena levica. Ker Cerarja ni bilo v Koper so Kopr\u010dani pri\u0161li v Ljubljano in mu vsaj ob zaklju\u010dku po mikrofonu servirali njegove lastne besede o civilni dru\u017ebi, ki da je dragocen vir na\u0161e dr\u017eave in dr\u017eavljani, ki so aktivni pri njenem upravljanju. Tako je dejala sindikalna predstavnica \u0160pela Per\u0161elj Mlakar.  Prepri\u010dani so tudi, da je spontan delavski upor, kakr\u0161en se je zgodil v Luki Koper, najbolj avtenti\u010den upor v Sloveniji in \u0161ir\u0161e, prav zato, ker je spontan.Slovenija<\/p>\n","protected":false},"excerpt":{"rendered":"<p>V Ljubljani se je danes zbralo nekaj sto protestnikov, ki so se, kot je povedala ena izmed njih, s tremi avtobusi pripeljali iz Kopra v Ljubljano. Prevoz naj bi organiziral sindikat Luke Koper, udele\u017eenci protesta pa so pri\u0161li opremljeni z rde\u010dimi in slovenskimi zastavami.  Protest je potekal kot tisti v Kopru &#8211; udele\u017eenci so peli Bandiera Rossa in Vstala Primorska, skrandirajo &#8220;Luke ne damo&#8221;, v prestolnico pa so pri\u0161li z istimi zahtevami, kot jih imajo ves \u010das: klju\u010dni dve sta odstop dr\u017eavnega sekretarja Metoda Dragonje in ministra Ga\u0161per\u0161i\u010da.  Na protestu je prisotna tudi Zdru\u017eena levica. Ker Cerarja ni bilo v Koper so Kopr\u010dani pri\u0161li v Ljubljano in mu vsaj ob zaklju\u010dku po mikrofonu servirali njegove lastne besede o civilni dru\u017ebi, ki da je dragocen vir na\u0161e dr\u017eave in dr\u017eavljani, ki so aktivni pri njenem upravljanju. Tako je dejala sindikalna predstavnica \u0160pela Per\u0161elj Mlakar.  Prepri\u010dani so tudi, da je spontan delavski upor, kakr\u0161en se je zgodil v Luki Koper, najbolj avtenti\u010den upor v Sloveniji in \u0161ir\u0161e, prav zato, ker je spontan.Slovenija<\/p>\n","protected":false},"author":1,"featured_media":0,"comment_status":"closed","ping_status":"closed","sticky":false,"template":"","format":"standard","meta":{"footnotes":""},"categories":[1179],"tags":[],"source":[1711],"supertag":[],"acf":[],"yoast_head":"<!-- This site is optimized with the Yoast SEO plugin v21.3 - https:\/\/yoast.com\/wordpress\/plugins\/seo\/ -->\n<title>Ker Cerarja ni bilo v Koper so Kopr\u010dani pri\u0161li v Ljubljano - Hudo Slovenija<\/title>\n<meta name=\"robots\" content=\"index, follow, max-snippet:-1, max-image-preview:large, max-video-preview:-1\" \/>\n<link rel=\"canonical\" href=\"https:\/\/hudo.com\/si\/aktualno\/ker-cerarja-ni-bilo-v-koper-so-koprcani-prisli-v-ljubljano\/\" \/>\n<meta property=\"og:locale\" content=\"sl_SI\" \/>\n<meta property=\"og:type\" content=\"article\" \/>\n<meta property=\"og:title\" content=\"Ker Cerarja ni bilo v Koper so Kopr\u010dani pri\u0161li v Ljubljano - Hudo Slovenija\" \/>\n<meta property=\"og:description\" content=\"V Ljubljani se je danes zbralo nekaj sto protestnikov, ki so se, kot je povedala ena izmed njih, s tremi avtobusi pripeljali iz Kopra v Ljubljano. Prevoz naj bi organiziral sindikat Luke Koper, udele\u017eenci protesta pa so pri\u0161li opremljeni z rde\u010dimi in slovenskimi zastavami. Protest je potekal kot tisti v Kopru - udele\u017eenci so peli Bandiera Rossa in Vstala Primorska, skrandirajo &quot;Luke ne damo&quot;, v prestolnico pa so pri\u0161li z istimi zahtevami, kot jih imajo ves \u010das: klju\u010dni dve sta odstop dr\u017eavnega sekretarja Metoda Dragonje in ministra Ga\u0161per\u0161i\u010da. Na protestu je prisotna tudi Zdru\u017eena levica. Ker Cerarja ni bilo v Koper so Kopr\u010dani pri\u0161li v Ljubljano in mu vsaj ob zaklju\u010dku po mikrofonu servirali njegove lastne besede o civilni dru\u017ebi, ki da je dragocen vir na\u0161e dr\u017eave in dr\u017eavljani, ki so aktivni pri njenem upravljanju. Tako je dejala sindikalna predstavnica \u0160pela Per\u0161elj Mlakar. Prepri\u010dani so tudi, da je spontan delavski upor, kakr\u0161en se je zgodil v Luki Koper, najbolj avtenti\u010den upor v Sloveniji in \u0161ir\u0161e, prav zato, ker je spontan.Slovenija\" \/>\n<meta property=\"og:url\" content=\"https:\/\/hudo.com\/si\/aktualno\/ker-cerarja-ni-bilo-v-koper-so-koprcani-prisli-v-ljubljano\/\" \/>\n<meta property=\"og:site_name\" content=\"Hudo Slovenija\" \/>\n<meta property=\"article:publisher\" content=\"https:\/\/www.facebook.com\/hudo.si\" \/>\n<meta property=\"article:published_time\" content=\"2016-07-07T14:15:00+00:00\" \/>\n<meta property=\"article:modified_time\" content=\"2016-07-08T11:36:24+00:00\" \/>\n<meta property=\"og:image\" content=\"https:\/\/hudo.com\/si\/wp-content\/uploads\/sites\/2\/2016\/07\/CmxhpuWYAALacr-300.jpg\" \/>\n\t<meta property=\"og:image:width\" content=\"450\" \/>\n\t<meta property=\"og:image:height\" content=\"337\" \/>\n\t<meta property=\"og:image:type\" content=\"image\/jpeg\" \/>\n<meta name=\"author\" content=\"hudo\" \/>\n<meta name=\"twitter:card\" content=\"summary_large_image\" \/>\n<meta name=\"twitter:creator\" content=\"@hudo_si\" \/>\n<meta name=\"twitter:site\" content=\"@hudo_si\" \/>\n<meta name=\"twitter:label1\" content=\"Written by\" \/>\n\t<meta name=\"twitter:data1\" content=\"hudo\" \/>\n\t<meta name=\"twitter:label2\" content=\"Est. reading time\" \/>\n\t<meta name=\"twitter:data2\" content=\"1 minuta\" \/>\n<script type=\"application\/ld+json\" class=\"yoast-schema-graph\">{\"@context\":\"https:\/\/schema.org\",\"@graph\":[{\"@type\":\"Article\",\"@id\":\"https:\/\/hudo.com\/si\/aktualno\/ker-cerarja-ni-bilo-v-koper-so-koprcani-prisli-v-ljubljano\/#article\",\"isPartOf\":{\"@id\":\"https:\/\/hudo.com\/si\/aktualno\/ker-cerarja-ni-bilo-v-koper-so-koprcani-prisli-v-ljubljano\/\"},\"author\":{\"name\":\"hudo\",\"@id\":\"https:\/\/hudo.com\/si\/#\/schema\/person\/601cf3379633985b20f7e50f2bb47707\"},\"headline\":\"Ker Cerarja ni bilo v Koper so Kopr\u010dani pri\u0161li v Ljubljano\",\"datePublished\":\"2016-07-07T14:15:00+00:00\",\"dateModified\":\"2016-07-08T11:36:24+00:00\",\"mainEntityOfPage\":{\"@id\":\"https:\/\/hudo.com\/si\/aktualno\/ker-cerarja-ni-bilo-v-koper-so-koprcani-prisli-v-ljubljano\/\"},\"wordCount\":207,\"publisher\":{\"@id\":\"https:\/\/hudo.com\/si\/#organization\"},\"articleSection\":[\"Aktualno\"],\"inLanguage\":\"sl-SI\"},{\"@type\":\"WebPage\",\"@id\":\"https:\/\/hudo.com\/si\/aktualno\/ker-cerarja-ni-bilo-v-koper-so-koprcani-prisli-v-ljubljano\/\",\"url\":\"https:\/\/hudo.com\/si\/aktualno\/ker-cerarja-ni-bilo-v-koper-so-koprcani-prisli-v-ljubljano\/\",\"name\":\"Ker Cerarja ni bilo v Koper so Kopr\u010dani pri\u0161li v Ljubljano - Hudo Slovenija\",\"isPartOf\":{\"@id\":\"https:\/\/hudo.com\/si\/#website\"},\"datePublished\":\"2016-07-07T14:15:00+00:00\",\"dateModified\":\"2016-07-08T11:36:24+00:00\",\"breadcrumb\":{\"@id\":\"https:\/\/hudo.com\/si\/aktualno\/ker-cerarja-ni-bilo-v-koper-so-koprcani-prisli-v-ljubljano\/#breadcrumb\"},\"inLanguage\":\"sl-SI\",\"potentialAction\":[{\"@type\":\"ReadAction\",\"target\":[\"https:\/\/hudo.com\/si\/aktualno\/ker-cerarja-ni-bilo-v-koper-so-koprcani-prisli-v-ljubljano\/\"]}]},{\"@type\":\"BreadcrumbList\",\"@id\":\"https:\/\/hudo.com\/si\/aktualno\/ker-cerarja-ni-bilo-v-koper-so-koprcani-prisli-v-ljubljano\/#breadcrumb\",\"itemListElement\":[{\"@type\":\"ListItem\",\"position\":1,\"name\":\"Home\",\"item\":\"https:\/\/hudo.com\/si\/\"},{\"@type\":\"ListItem\",\"position\":2,\"name\":\"Ker Cerarja ni bilo v Koper so Kopr\u010dani pri\u0161li v Ljubljano\"}]},{\"@type\":\"WebSite\",\"@id\":\"https:\/\/hudo.com\/si\/#website\",\"url\":\"https:\/\/hudo.com\/si\/\",\"name\":\"Hudo Slovenija\",\"description\":\"Vse novice iz Slovenije in sveta\",\"publisher\":{\"@id\":\"https:\/\/hudo.com\/si\/#organization\"},\"potentialAction\":[{\"@type\":\"SearchAction\",\"target\":{\"@type\":\"EntryPoint\",\"urlTemplate\":\"https:\/\/hudo.com\/si\/?s={search_term_string}\"},\"query-input\":\"required name=search_term_string\"}],\"inLanguage\":\"sl-SI\"},{\"@type\":\"Organization\",\"@id\":\"https:\/\/hudo.com\/si\/#organization\",\"name\":\"VSN Media\",\"url\":\"https:\/\/hudo.com\/si\/\",\"logo\":{\"@type\":\"ImageObject\",\"inLanguage\":\"sl-SI\",\"@id\":\"https:\/\/hudo.com\/si\/#\/schema\/logo\/image\/\",\"url\":\"https:\/\/hudo.com\/si\/wp-content\/uploads\/sites\/2\/2021\/03\/hudo-app-2.png\",\"contentUrl\":\"https:\/\/hudo.com\/si\/wp-content\/uploads\/sites\/2\/2021\/03\/hudo-app-2.png\",\"width\":2185,\"height\":2167,\"caption\":\"VSN Media\"},\"image\":{\"@id\":\"https:\/\/hudo.com\/si\/#\/schema\/logo\/image\/\"},\"sameAs\":[\"https:\/\/www.facebook.com\/hudo.si\",\"https:\/\/twitter.com\/hudo_si\"]},{\"@type\":\"Person\",\"@id\":\"https:\/\/hudo.com\/si\/#\/schema\/person\/601cf3379633985b20f7e50f2bb47707\",\"name\":\"hudo\",\"image\":{\"@type\":\"ImageObject\",\"inLanguage\":\"sl-SI\",\"@id\":\"https:\/\/hudo.com\/si\/#\/schema\/person\/image\/\",\"url\":\"https:\/\/secure.gravatar.com\/avatar\/c4ca25fa72cace7a696b52ff5db9e095?s=96&d=mm&r=g\",\"contentUrl\":\"https:\/\/secure.gravatar.com\/avatar\/c4ca25fa72cace7a696b52ff5db9e095?s=96&d=mm&r=g\",\"caption\":\"hudo\"},\"url\":\"https:\/\/hudo.com\/si\/author\/hudo\/\"}]}<\/script>\n<!-- \/ Yoast SEO plugin. -->","yoast_head_json":{"title":"Ker Cerarja ni bilo v Koper so Kopr\u010dani pri\u0161li v Ljubljano - Hudo Slovenija","robots":{"index":"index","follow":"follow","max-snippet":"max-snippet:-1","max-image-preview":"max-image-preview:large","max-video-preview":"max-video-preview:-1"},"canonical":"https:\/\/hudo.com\/si\/aktualno\/ker-cerarja-ni-bilo-v-koper-so-koprcani-prisli-v-ljubljano\/","og_locale":"sl_SI","og_type":"article","og_title":"Ker Cerarja ni bilo v Koper so Kopr\u010dani pri\u0161li v Ljubljano - Hudo Slovenija","og_description":"V Ljubljani se je danes zbralo nekaj sto protestnikov, ki so se, kot je povedala ena izmed njih, s tremi avtobusi pripeljali iz Kopra v Ljubljano. Prevoz naj bi organiziral sindikat Luke Koper, udele\u017eenci protesta pa so pri\u0161li opremljeni z rde\u010dimi in slovenskimi zastavami. Protest je potekal kot tisti v Kopru - udele\u017eenci so peli Bandiera Rossa in Vstala Primorska, skrandirajo \"Luke ne damo\", v prestolnico pa so pri\u0161li z istimi zahtevami, kot jih imajo ves \u010das: klju\u010dni dve sta odstop dr\u017eavnega sekretarja Metoda Dragonje in ministra Ga\u0161per\u0161i\u010da. Na protestu je prisotna tudi Zdru\u017eena levica. Ker Cerarja ni bilo v Koper so Kopr\u010dani pri\u0161li v Ljubljano in mu vsaj ob zaklju\u010dku po mikrofonu servirali njegove lastne besede o civilni dru\u017ebi, ki da je dragocen vir na\u0161e dr\u017eave in dr\u017eavljani, ki so aktivni pri njenem upravljanju. Tako je dejala sindikalna predstavnica \u0160pela Per\u0161elj Mlakar. Prepri\u010dani so tudi, da je spontan delavski upor, kakr\u0161en se je zgodil v Luki Koper, najbolj avtenti\u010den upor v Sloveniji in \u0161ir\u0161e, prav zato, ker je spontan.Slovenija","og_url":"https:\/\/hudo.com\/si\/aktualno\/ker-cerarja-ni-bilo-v-koper-so-koprcani-prisli-v-ljubljano\/","og_site_name":"Hudo Slovenija","article_publisher":"https:\/\/www.facebook.com\/hudo.si","article_published_time":"2016-07-07T14:15:00+00:00","article_modified_time":"2016-07-08T11:36:24+00:00","og_image":[{"width":450,"height":337,"url":"https:\/\/hudo.com\/si\/wp-content\/uploads\/sites\/2\/2016\/07\/CmxhpuWYAALacr-300.jpg","type":"image\/jpeg"}],"author":"hudo","twitter_card":"summary_large_image","twitter_creator":"@hudo_si","twitter_site":"@hudo_si","twitter_misc":{"Written by":"hudo","Est. reading time":"1 minuta"},"schema":{"@context":"https:\/\/schema.org","@graph":[{"@type":"Article","@id":"https:\/\/hudo.com\/si\/aktualno\/ker-cerarja-ni-bilo-v-koper-so-koprcani-prisli-v-ljubljano\/#article","isPartOf":{"@id":"https:\/\/hudo.com\/si\/aktualno\/ker-cerarja-ni-bilo-v-koper-so-koprcani-prisli-v-ljubljano\/"},"author":{"name":"hudo","@id":"https:\/\/hudo.com\/si\/#\/schema\/person\/601cf3379633985b20f7e50f2bb47707"},"headline":"Ker Cerarja ni bilo v Koper so Kopr\u010dani pri\u0161li v Ljubljano","datePublished":"2016-07-07T14:15:00+00:00","dateModified":"2016-07-08T11:36:24+00:00","mainEntityOfPage":{"@id":"https:\/\/hudo.com\/si\/aktualno\/ker-cerarja-ni-bilo-v-koper-so-koprcani-prisli-v-ljubljano\/"},"wordCount":207,"publisher":{"@id":"https:\/\/hudo.com\/si\/#organization"},"articleSection":["Aktualno"],"inLanguage":"sl-SI"},{"@type":"WebPage","@id":"https:\/\/hudo.com\/si\/aktualno\/ker-cerarja-ni-bilo-v-koper-so-koprcani-prisli-v-ljubljano\/","url":"https:\/\/hudo.com\/si\/aktualno\/ker-cerarja-ni-bilo-v-koper-so-koprcani-prisli-v-ljubljano\/","name":"Ker Cerarja ni bilo v Koper so Kopr\u010dani pri\u0161li v Ljubljano - Hudo Slovenija","isPartOf":{"@id":"https:\/\/hudo.com\/si\/#website"},"datePublished":"2016-07-07T14:15:00+00:00","dateModified":"2016-07-08T11:36:24+00:00","breadcrumb":{"@id":"https:\/\/hudo.com\/si\/aktualno\/ker-cerarja-ni-bilo-v-koper-so-koprcani-prisli-v-ljubljano\/#breadcrumb"},"inLanguage":"sl-SI","potentialAction":[{"@type":"ReadAction","target":["https:\/\/hudo.com\/si\/aktualno\/ker-cerarja-ni-bilo-v-koper-so-koprcani-prisli-v-ljubljano\/"]}]},{"@type":"BreadcrumbList","@id":"https:\/\/hudo.com\/si\/aktualno\/ker-cerarja-ni-bilo-v-koper-so-koprcani-prisli-v-ljubljano\/#breadcrumb","itemListElement":[{"@type":"ListItem","position":1,"name":"Home","item":"https:\/\/hudo.com\/si\/"},{"@type":"ListItem","position":2,"name":"Ker Cerarja ni bilo v Koper so Kopr\u010dani pri\u0161li v Ljubljano"}]},{"@type":"WebSite","@id":"https:\/\/hudo.com\/si\/#website","url":"https:\/\/hudo.com\/si\/","name":"Hudo Slovenija","description":"Vse novice iz Slovenije in sveta","publisher":{"@id":"https:\/\/hudo.com\/si\/#organization"},"potentialAction":[{"@type":"SearchAction","target":{"@type":"EntryPoint","urlTemplate":"https:\/\/hudo.com\/si\/?s={search_term_string}"},"query-input":"required name=search_term_string"}],"inLanguage":"sl-SI"},{"@type":"Organization","@id":"https:\/\/hudo.com\/si\/#organization","name":"VSN Media","url":"https:\/\/hudo.com\/si\/","logo":{"@type":"ImageObject","inLanguage":"sl-SI","@id":"https:\/\/hudo.com\/si\/#\/schema\/logo\/image\/","url":"https:\/\/hudo.com\/si\/wp-content\/uploads\/sites\/2\/2021\/03\/hudo-app-2.png","contentUrl":"https:\/\/hudo.com\/si\/wp-content\/uploads\/sites\/2\/2021\/03\/hudo-app-2.png","width":2185,"height":2167,"caption":"VSN Media"},"image":{"@id":"https:\/\/hudo.com\/si\/#\/schema\/logo\/image\/"},"sameAs":["https:\/\/www.facebook.com\/hudo.si","https:\/\/twitter.com\/hudo_si"]},{"@type":"Person","@id":"https:\/\/hudo.com\/si\/#\/schema\/person\/601cf3379633985b20f7e50f2bb47707","name":"hudo","image":{"@type":"ImageObject","inLanguage":"sl-SI","@id":"https:\/\/hudo.com\/si\/#\/schema\/person\/image\/","url":"https:\/\/secure.gravatar.com\/avatar\/c4ca25fa72cace7a696b52ff5db9e095?s=96&d=mm&r=g","contentUrl":"https:\/\/secure.gravatar.com\/avatar\/c4ca25fa72cace7a696b52ff5db9e095?s=96&d=mm&r=g","caption":"hudo"},"url":"https:\/\/hudo.com\/si\/author\/hudo\/"}]}},"amp_enabled":true,"_links":{"self":[{"href":"https:\/\/hudo.com\/si\/wp-json\/wp\/v2\/posts\/90450"}],"collection":[{"href":"https:\/\/hudo.com\/si\/wp-json\/wp\/v2\/posts"}],"about":[{"href":"https:\/\/hudo.com\/si\/wp-json\/wp\/v2\/types\/post"}],"author":[{"embeddable":true,"href":"https:\/\/hudo.com\/si\/wp-json\/wp\/v2\/users\/1"}],"replies":[{"embeddable":true,"href":"https:\/\/hudo.com\/si\/wp-json\/wp\/v2\/comments?post=90450"}],"version-history":[{"count":1,"href":"https:\/\/hudo.com\/si\/wp-json\/wp\/v2\/posts\/90450\/revisions"}],"predecessor-version":[{"id":90545,"href":"https:\/\/hudo.com\/si\/wp-json\/wp\/v2\/posts\/90450\/revisions\/90545"}],"wp:attachment":[{"href":"https:\/\/hudo.com\/si\/wp-json\/wp\/v2\/media?parent=90450"}],"wp:term":[{"taxonomy":"category","embeddable":true,"href":"https:\/\/hudo.com\/si\/wp-json\/wp\/v2\/categories?post=90450"},{"taxonomy":"post_tag","embeddable":true,"href":"https:\/\/hudo.com\/si\/wp-json\/wp\/v2\/tags?post=90450"},{"taxonomy":"source","embeddable":true,"href":"https:\/\/hudo.com\/si\/wp-json\/wp\/v2\/source?post=90450"},{"taxonomy":"supertag","embeddable":true,"href":"https:\/\/hudo.com\/si\/wp-json\/wp\/v2\/supertag?post=90450"}],"curies":[{"name":"wp","href":"https:\/\/api.w.org\/{rel}","templated":true}]}}