{"id":90452,"date":"2016-07-07T16:00:00","date_gmt":"2016-07-07T14:00:00","guid":{"rendered":"http:\/\/hudo.com\/si\/2016\/07\/07\/cudhg-idrija-bo-zacasno-vodila-tatjana-dizdarevic\/"},"modified":"2016-07-07T16:00:00","modified_gmt":"2016-07-07T14:00:00","slug":"cudhg-idrija-bo-zacasno-vodila-tatjana-dizdarevic","status":"publish","type":"post","link":"https:\/\/hudo.com\/si\/aktualno\/cudhg-idrija-bo-zacasno-vodila-tatjana-dizdarevic\/","title":{"rendered":"CudHg Idrija bo za\u010dasno vodila Tatjana Dizdarevi\u0107"},"content":{"rendered":"<p>Kategorija: Slovenija Thu, 07 Jul 2016 18:00:00 +0200  Idrija &#8211; Vlada je na dana\u0161nji seji imenovala Tatjano Dizdarevi\u0107 za v.d. direktorice Centra za upravljanje z dedi\u0161\u010dino \u017eivega srebra Idrija (CUDHg). Nasledila bo Jo\u017eeta \u017di\u017eka, ki je v za\u010detku aprila odstopil. Tatjana Dizdarevi\u0107 je sicer kot v. d. direktorice ta javni zavod \u017ee vodila. Vlada jo je za v.d. direktorice javnega zavoda CUDHg imenovala do imenovanja novega direktorja po izvedenem javnem razpisu, vendar najdlje za dobo enega leta, so sporo\u010dili z vladnega urada za komuniciranje. CUDHg je bil ustanovljen julija 2012, njegova naloga je skrb za rudarsko zapu\u0161\u010dino v Idriji. Doslej je v. d. direktorja na predlog ministra, pristojnega za kulturo, imenovala vlada brez javnega razpisa. Tatjana Dizdarevi\u010d je kot v. d. direktorice javni zavod vodila od njegove ustanovitve, nekdanja ministrica za kulturo Julijana Bizjak Mlakar pa je januarja letos za\u00a0&#8230;<\/p>\n","protected":false},"excerpt":{"rendered":"<p>Kategorija: Slovenija Thu, 07 Jul 2016 18:00:00 +0200  Idrija &#8211; Vlada je na dana\u0161nji seji imenovala Tatjano Dizdarevi\u0107 za v.d. direktorice Centra za upravljanje z dedi\u0161\u010dino \u017eivega srebra Idrija (CUDHg). Nasledila bo Jo\u017eeta \u017di\u017eka, ki je v za\u010detku aprila odstopil. Tatjana Dizdarevi\u0107 je sicer kot v. d. direktorice ta javni zavod \u017ee vodila. Vlada jo je za v.d. direktorice javnega zavoda CUDHg imenovala do imenovanja novega direktorja po izvedenem javnem razpisu, vendar najdlje za dobo enega leta, so sporo\u010dili z vladnega urada za komuniciranje. CUDHg je bil ustanovljen julija 2012, njegova naloga je skrb za rudarsko zapu\u0161\u010dino v Idriji. Doslej je v. d. direktorja na predlog ministra, pristojnega za kulturo, imenovala vlada brez javnega razpisa. Tatjana Dizdarevi\u010d je kot v. d. direktorice javni zavod vodila od njegove ustanovitve, nekdanja ministrica za kulturo Julijana Bizjak Mlakar pa je januarja letos za\u00a0&#8230;<\/p>\n","protected":false},"author":1,"featured_media":0,"comment_status":"closed","ping_status":"closed","sticky":false,"template":"","format":"standard","meta":{"footnotes":""},"categories":[1179],"tags":[],"source":[4511],"supertag":[],"acf":[],"yoast_head":"<!-- This site is optimized with the Yoast SEO plugin v21.3 - https:\/\/yoast.com\/wordpress\/plugins\/seo\/ -->\n<title>CudHg Idrija bo za\u010dasno vodila Tatjana Dizdarevi\u0107 - Hudo Slovenija<\/title>\n<meta name=\"robots\" content=\"index, follow, max-snippet:-1, max-image-preview:large, max-video-preview:-1\" \/>\n<link rel=\"canonical\" href=\"https:\/\/hudo.com\/si\/aktualno\/cudhg-idrija-bo-zacasno-vodila-tatjana-dizdarevic\/\" \/>\n<meta property=\"og:locale\" content=\"sl_SI\" \/>\n<meta property=\"og:type\" content=\"article\" \/>\n<meta property=\"og:title\" content=\"CudHg Idrija bo za\u010dasno vodila Tatjana Dizdarevi\u0107 - Hudo Slovenija\" \/>\n<meta property=\"og:description\" content=\"Kategorija: Slovenija Thu, 07 Jul 2016 18:00:00 +0200 Idrija - Vlada je na dana\u0161nji seji imenovala Tatjano Dizdarevi\u0107 za v.d. direktorice Centra za upravljanje z dedi\u0161\u010dino \u017eivega srebra Idrija (CUDHg). Nasledila bo Jo\u017eeta \u017di\u017eka, ki je v za\u010detku aprila odstopil. Tatjana Dizdarevi\u0107 je sicer kot v. d. direktorice ta javni zavod \u017ee vodila. Vlada jo je za v.d. direktorice javnega zavoda CUDHg imenovala do imenovanja novega direktorja po izvedenem javnem razpisu, vendar najdlje za dobo enega leta, so sporo\u010dili z vladnega urada za komuniciranje. CUDHg je bil ustanovljen julija 2012, njegova naloga je skrb za rudarsko zapu\u0161\u010dino v Idriji. Doslej je v. d. direktorja na predlog ministra, pristojnega za kulturo, imenovala vlada brez javnega razpisa. Tatjana Dizdarevi\u010d je kot v. d. direktorice javni zavod vodila od njegove ustanovitve, nekdanja ministrica za kulturo Julijana Bizjak Mlakar pa je januarja letos za\u00a0...\" \/>\n<meta property=\"og:url\" content=\"https:\/\/hudo.com\/si\/aktualno\/cudhg-idrija-bo-zacasno-vodila-tatjana-dizdarevic\/\" \/>\n<meta property=\"og:site_name\" content=\"Hudo Slovenija\" \/>\n<meta property=\"article:publisher\" content=\"https:\/\/www.facebook.com\/hudo.si\" \/>\n<meta property=\"article:published_time\" content=\"2016-07-07T14:00:00+00:00\" \/>\n<meta property=\"og:image\" content=\"https:\/\/hudo.com\/si\/wp-content\/uploads\/sites\/2\/2016\/07\/480x290_djvu_1817270_cakaricn_bmo-idrija-center.jpeg\" \/>\n\t<meta property=\"og:image:width\" content=\"480\" \/>\n\t<meta property=\"og:image:height\" content=\"290\" \/>\n\t<meta property=\"og:image:type\" content=\"image\/jpeg\" \/>\n<meta name=\"author\" content=\"hudo\" \/>\n<meta name=\"twitter:card\" content=\"summary_large_image\" \/>\n<meta name=\"twitter:creator\" content=\"@hudo_si\" \/>\n<meta name=\"twitter:site\" content=\"@hudo_si\" \/>\n<meta name=\"twitter:label1\" content=\"Written by\" \/>\n\t<meta name=\"twitter:data1\" content=\"hudo\" \/>\n\t<meta name=\"twitter:label2\" content=\"Est. reading time\" \/>\n\t<meta name=\"twitter:data2\" content=\"1 minuta\" \/>\n<script type=\"application\/ld+json\" class=\"yoast-schema-graph\">{\"@context\":\"https:\/\/schema.org\",\"@graph\":[{\"@type\":\"Article\",\"@id\":\"https:\/\/hudo.com\/si\/aktualno\/cudhg-idrija-bo-zacasno-vodila-tatjana-dizdarevic\/#article\",\"isPartOf\":{\"@id\":\"https:\/\/hudo.com\/si\/aktualno\/cudhg-idrija-bo-zacasno-vodila-tatjana-dizdarevic\/\"},\"author\":{\"name\":\"hudo\",\"@id\":\"https:\/\/hudo.com\/si\/#\/schema\/person\/601cf3379633985b20f7e50f2bb47707\"},\"headline\":\"CudHg Idrija bo za\u010dasno vodila Tatjana Dizdarevi\u0107\",\"datePublished\":\"2016-07-07T14:00:00+00:00\",\"dateModified\":\"2016-07-07T14:00:00+00:00\",\"mainEntityOfPage\":{\"@id\":\"https:\/\/hudo.com\/si\/aktualno\/cudhg-idrija-bo-zacasno-vodila-tatjana-dizdarevic\/\"},\"wordCount\":152,\"publisher\":{\"@id\":\"https:\/\/hudo.com\/si\/#organization\"},\"articleSection\":[\"Aktualno\"],\"inLanguage\":\"sl-SI\"},{\"@type\":\"WebPage\",\"@id\":\"https:\/\/hudo.com\/si\/aktualno\/cudhg-idrija-bo-zacasno-vodila-tatjana-dizdarevic\/\",\"url\":\"https:\/\/hudo.com\/si\/aktualno\/cudhg-idrija-bo-zacasno-vodila-tatjana-dizdarevic\/\",\"name\":\"CudHg Idrija bo za\u010dasno vodila Tatjana Dizdarevi\u0107 - Hudo Slovenija\",\"isPartOf\":{\"@id\":\"https:\/\/hudo.com\/si\/#website\"},\"datePublished\":\"2016-07-07T14:00:00+00:00\",\"dateModified\":\"2016-07-07T14:00:00+00:00\",\"breadcrumb\":{\"@id\":\"https:\/\/hudo.com\/si\/aktualno\/cudhg-idrija-bo-zacasno-vodila-tatjana-dizdarevic\/#breadcrumb\"},\"inLanguage\":\"sl-SI\",\"potentialAction\":[{\"@type\":\"ReadAction\",\"target\":[\"https:\/\/hudo.com\/si\/aktualno\/cudhg-idrija-bo-zacasno-vodila-tatjana-dizdarevic\/\"]}]},{\"@type\":\"BreadcrumbList\",\"@id\":\"https:\/\/hudo.com\/si\/aktualno\/cudhg-idrija-bo-zacasno-vodila-tatjana-dizdarevic\/#breadcrumb\",\"itemListElement\":[{\"@type\":\"ListItem\",\"position\":1,\"name\":\"Home\",\"item\":\"https:\/\/hudo.com\/si\/\"},{\"@type\":\"ListItem\",\"position\":2,\"name\":\"CudHg Idrija bo za\u010dasno vodila Tatjana Dizdarevi\u0107\"}]},{\"@type\":\"WebSite\",\"@id\":\"https:\/\/hudo.com\/si\/#website\",\"url\":\"https:\/\/hudo.com\/si\/\",\"name\":\"Hudo Slovenija\",\"description\":\"Vse novice iz Slovenije in sveta\",\"publisher\":{\"@id\":\"https:\/\/hudo.com\/si\/#organization\"},\"potentialAction\":[{\"@type\":\"SearchAction\",\"target\":{\"@type\":\"EntryPoint\",\"urlTemplate\":\"https:\/\/hudo.com\/si\/?s={search_term_string}\"},\"query-input\":\"required name=search_term_string\"}],\"inLanguage\":\"sl-SI\"},{\"@type\":\"Organization\",\"@id\":\"https:\/\/hudo.com\/si\/#organization\",\"name\":\"VSN Media\",\"url\":\"https:\/\/hudo.com\/si\/\",\"logo\":{\"@type\":\"ImageObject\",\"inLanguage\":\"sl-SI\",\"@id\":\"https:\/\/hudo.com\/si\/#\/schema\/logo\/image\/\",\"url\":\"https:\/\/hudo.com\/si\/wp-content\/uploads\/sites\/2\/2021\/03\/hudo-app-2.png\",\"contentUrl\":\"https:\/\/hudo.com\/si\/wp-content\/uploads\/sites\/2\/2021\/03\/hudo-app-2.png\",\"width\":2185,\"height\":2167,\"caption\":\"VSN Media\"},\"image\":{\"@id\":\"https:\/\/hudo.com\/si\/#\/schema\/logo\/image\/\"},\"sameAs\":[\"https:\/\/www.facebook.com\/hudo.si\",\"https:\/\/twitter.com\/hudo_si\"]},{\"@type\":\"Person\",\"@id\":\"https:\/\/hudo.com\/si\/#\/schema\/person\/601cf3379633985b20f7e50f2bb47707\",\"name\":\"hudo\",\"image\":{\"@type\":\"ImageObject\",\"inLanguage\":\"sl-SI\",\"@id\":\"https:\/\/hudo.com\/si\/#\/schema\/person\/image\/\",\"url\":\"https:\/\/secure.gravatar.com\/avatar\/c4ca25fa72cace7a696b52ff5db9e095?s=96&d=mm&r=g\",\"contentUrl\":\"https:\/\/secure.gravatar.com\/avatar\/c4ca25fa72cace7a696b52ff5db9e095?s=96&d=mm&r=g\",\"caption\":\"hudo\"},\"url\":\"https:\/\/hudo.com\/si\/author\/hudo\/\"}]}<\/script>\n<!-- \/ Yoast SEO plugin. -->","yoast_head_json":{"title":"CudHg Idrija bo za\u010dasno vodila Tatjana Dizdarevi\u0107 - Hudo Slovenija","robots":{"index":"index","follow":"follow","max-snippet":"max-snippet:-1","max-image-preview":"max-image-preview:large","max-video-preview":"max-video-preview:-1"},"canonical":"https:\/\/hudo.com\/si\/aktualno\/cudhg-idrija-bo-zacasno-vodila-tatjana-dizdarevic\/","og_locale":"sl_SI","og_type":"article","og_title":"CudHg Idrija bo za\u010dasno vodila Tatjana Dizdarevi\u0107 - Hudo Slovenija","og_description":"Kategorija: Slovenija Thu, 07 Jul 2016 18:00:00 +0200 Idrija - Vlada je na dana\u0161nji seji imenovala Tatjano Dizdarevi\u0107 za v.d. direktorice Centra za upravljanje z dedi\u0161\u010dino \u017eivega srebra Idrija (CUDHg). Nasledila bo Jo\u017eeta \u017di\u017eka, ki je v za\u010detku aprila odstopil. Tatjana Dizdarevi\u0107 je sicer kot v. d. direktorice ta javni zavod \u017ee vodila. Vlada jo je za v.d. direktorice javnega zavoda CUDHg imenovala do imenovanja novega direktorja po izvedenem javnem razpisu, vendar najdlje za dobo enega leta, so sporo\u010dili z vladnega urada za komuniciranje. CUDHg je bil ustanovljen julija 2012, njegova naloga je skrb za rudarsko zapu\u0161\u010dino v Idriji. Doslej je v. d. direktorja na predlog ministra, pristojnega za kulturo, imenovala vlada brez javnega razpisa. Tatjana Dizdarevi\u010d je kot v. d. direktorice javni zavod vodila od njegove ustanovitve, nekdanja ministrica za kulturo Julijana Bizjak Mlakar pa je januarja letos za\u00a0...","og_url":"https:\/\/hudo.com\/si\/aktualno\/cudhg-idrija-bo-zacasno-vodila-tatjana-dizdarevic\/","og_site_name":"Hudo Slovenija","article_publisher":"https:\/\/www.facebook.com\/hudo.si","article_published_time":"2016-07-07T14:00:00+00:00","og_image":[{"width":480,"height":290,"url":"https:\/\/hudo.com\/si\/wp-content\/uploads\/sites\/2\/2016\/07\/480x290_djvu_1817270_cakaricn_bmo-idrija-center.jpeg","type":"image\/jpeg"}],"author":"hudo","twitter_card":"summary_large_image","twitter_creator":"@hudo_si","twitter_site":"@hudo_si","twitter_misc":{"Written by":"hudo","Est. reading time":"1 minuta"},"schema":{"@context":"https:\/\/schema.org","@graph":[{"@type":"Article","@id":"https:\/\/hudo.com\/si\/aktualno\/cudhg-idrija-bo-zacasno-vodila-tatjana-dizdarevic\/#article","isPartOf":{"@id":"https:\/\/hudo.com\/si\/aktualno\/cudhg-idrija-bo-zacasno-vodila-tatjana-dizdarevic\/"},"author":{"name":"hudo","@id":"https:\/\/hudo.com\/si\/#\/schema\/person\/601cf3379633985b20f7e50f2bb47707"},"headline":"CudHg Idrija bo za\u010dasno vodila Tatjana Dizdarevi\u0107","datePublished":"2016-07-07T14:00:00+00:00","dateModified":"2016-07-07T14:00:00+00:00","mainEntityOfPage":{"@id":"https:\/\/hudo.com\/si\/aktualno\/cudhg-idrija-bo-zacasno-vodila-tatjana-dizdarevic\/"},"wordCount":152,"publisher":{"@id":"https:\/\/hudo.com\/si\/#organization"},"articleSection":["Aktualno"],"inLanguage":"sl-SI"},{"@type":"WebPage","@id":"https:\/\/hudo.com\/si\/aktualno\/cudhg-idrija-bo-zacasno-vodila-tatjana-dizdarevic\/","url":"https:\/\/hudo.com\/si\/aktualno\/cudhg-idrija-bo-zacasno-vodila-tatjana-dizdarevic\/","name":"CudHg Idrija bo za\u010dasno vodila Tatjana Dizdarevi\u0107 - Hudo Slovenija","isPartOf":{"@id":"https:\/\/hudo.com\/si\/#website"},"datePublished":"2016-07-07T14:00:00+00:00","dateModified":"2016-07-07T14:00:00+00:00","breadcrumb":{"@id":"https:\/\/hudo.com\/si\/aktualno\/cudhg-idrija-bo-zacasno-vodila-tatjana-dizdarevic\/#breadcrumb"},"inLanguage":"sl-SI","potentialAction":[{"@type":"ReadAction","target":["https:\/\/hudo.com\/si\/aktualno\/cudhg-idrija-bo-zacasno-vodila-tatjana-dizdarevic\/"]}]},{"@type":"BreadcrumbList","@id":"https:\/\/hudo.com\/si\/aktualno\/cudhg-idrija-bo-zacasno-vodila-tatjana-dizdarevic\/#breadcrumb","itemListElement":[{"@type":"ListItem","position":1,"name":"Home","item":"https:\/\/hudo.com\/si\/"},{"@type":"ListItem","position":2,"name":"CudHg Idrija bo za\u010dasno vodila Tatjana Dizdarevi\u0107"}]},{"@type":"WebSite","@id":"https:\/\/hudo.com\/si\/#website","url":"https:\/\/hudo.com\/si\/","name":"Hudo Slovenija","description":"Vse novice iz Slovenije in sveta","publisher":{"@id":"https:\/\/hudo.com\/si\/#organization"},"potentialAction":[{"@type":"SearchAction","target":{"@type":"EntryPoint","urlTemplate":"https:\/\/hudo.com\/si\/?s={search_term_string}"},"query-input":"required name=search_term_string"}],"inLanguage":"sl-SI"},{"@type":"Organization","@id":"https:\/\/hudo.com\/si\/#organization","name":"VSN Media","url":"https:\/\/hudo.com\/si\/","logo":{"@type":"ImageObject","inLanguage":"sl-SI","@id":"https:\/\/hudo.com\/si\/#\/schema\/logo\/image\/","url":"https:\/\/hudo.com\/si\/wp-content\/uploads\/sites\/2\/2021\/03\/hudo-app-2.png","contentUrl":"https:\/\/hudo.com\/si\/wp-content\/uploads\/sites\/2\/2021\/03\/hudo-app-2.png","width":2185,"height":2167,"caption":"VSN Media"},"image":{"@id":"https:\/\/hudo.com\/si\/#\/schema\/logo\/image\/"},"sameAs":["https:\/\/www.facebook.com\/hudo.si","https:\/\/twitter.com\/hudo_si"]},{"@type":"Person","@id":"https:\/\/hudo.com\/si\/#\/schema\/person\/601cf3379633985b20f7e50f2bb47707","name":"hudo","image":{"@type":"ImageObject","inLanguage":"sl-SI","@id":"https:\/\/hudo.com\/si\/#\/schema\/person\/image\/","url":"https:\/\/secure.gravatar.com\/avatar\/c4ca25fa72cace7a696b52ff5db9e095?s=96&d=mm&r=g","contentUrl":"https:\/\/secure.gravatar.com\/avatar\/c4ca25fa72cace7a696b52ff5db9e095?s=96&d=mm&r=g","caption":"hudo"},"url":"https:\/\/hudo.com\/si\/author\/hudo\/"}]}},"amp_enabled":true,"_links":{"self":[{"href":"https:\/\/hudo.com\/si\/wp-json\/wp\/v2\/posts\/90452"}],"collection":[{"href":"https:\/\/hudo.com\/si\/wp-json\/wp\/v2\/posts"}],"about":[{"href":"https:\/\/hudo.com\/si\/wp-json\/wp\/v2\/types\/post"}],"author":[{"embeddable":true,"href":"https:\/\/hudo.com\/si\/wp-json\/wp\/v2\/users\/1"}],"replies":[{"embeddable":true,"href":"https:\/\/hudo.com\/si\/wp-json\/wp\/v2\/comments?post=90452"}],"version-history":[{"count":0,"href":"https:\/\/hudo.com\/si\/wp-json\/wp\/v2\/posts\/90452\/revisions"}],"wp:attachment":[{"href":"https:\/\/hudo.com\/si\/wp-json\/wp\/v2\/media?parent=90452"}],"wp:term":[{"taxonomy":"category","embeddable":true,"href":"https:\/\/hudo.com\/si\/wp-json\/wp\/v2\/categories?post=90452"},{"taxonomy":"post_tag","embeddable":true,"href":"https:\/\/hudo.com\/si\/wp-json\/wp\/v2\/tags?post=90452"},{"taxonomy":"source","embeddable":true,"href":"https:\/\/hudo.com\/si\/wp-json\/wp\/v2\/source?post=90452"},{"taxonomy":"supertag","embeddable":true,"href":"https:\/\/hudo.com\/si\/wp-json\/wp\/v2\/supertag?post=90452"}],"curies":[{"name":"wp","href":"https:\/\/api.w.org\/{rel}","templated":true}]}}