{"id":90468,"date":"2016-07-07T15:22:00","date_gmt":"2016-07-07T13:22:00","guid":{"rendered":"http:\/\/hudo.com\/si\/2016\/07\/07\/gadafijevega-sina-kljub-izreceni-smrtni-kazni-izpustili-iz-zapora\/"},"modified":"2016-07-08T10:12:28","modified_gmt":"2016-07-08T08:12:28","slug":"gadafijevega-sina-kljub-izreceni-smrtni-kazni-izpustili-iz-zapora","status":"publish","type":"post","link":"https:\/\/hudo.com\/si\/aktualno\/gadafijevega-sina-kljub-izreceni-smrtni-kazni-izpustili-iz-zapora\/","title":{"rendered":"Gadafijevega sina kljub izre\u010deni smrtni kazni izpustili iz zapora"},"content":{"rendered":"<p>Kategorija: Globalno Thu, 07 Jul 2016 17:22:00 +0200  Tripoli\u00a0\u2212 Sina ubitega libijskega voditelja Moamerja Gadafija, Saifa al Islama, so kljub lani izre\u010deni smrtni kazni izpustili iz zapora, poro\u010da Slovenska tiskovna agencjia, ki se sklicuje na ruske medije. Izpu\u0161\u010den je bil \u017ee sredi aprila. Odvetniki 44-letnega Saifa al Islama so sporo\u010dili, da je bil Gadafijev sin izpu\u0161\u010den na podlagi zakona o amnestiji. Konec julija lani je kazensko sodi\u0161\u010de v Tripoliju izreklo smrtno kazen deseterici privr\u017eencev Gadafijevega re\u017eima, med katerimi je bil tudi Saif al Islam. Obto\u017eencem so o\u010ditali spodbujanje ubijanja miroljubnih protestnikov in oblikovanje skupin za zatiranje demonstracij med revolucijo februarja 2011, pa tudi korupcijo, pi\u0161e STA. Saifa al Islama sicer \u0161e vedno i\u0161\u010de Mednarodno kazensko sodi\u0161\u010de v Haagu, in to zaradi \u0161tevilnih zlo\u010dinov proti \u010dlove\u010dnosti in vojnih zlo\u010dinov, povezanih z o\u010detovim re\u017eimom, pi\u0161e STA. A po besedah njegovega odvetnika bi bilo\u00a0&#8230;<\/p>\n","protected":false},"excerpt":{"rendered":"<p>Kategorija: Globalno Thu, 07 Jul 2016 17:22:00 +0200  Tripoli\u00a0\u2212 Sina ubitega libijskega voditelja Moamerja Gadafija, Saifa al Islama, so kljub lani izre\u010deni smrtni kazni izpustili iz zapora, poro\u010da Slovenska tiskovna agencjia, ki se sklicuje na ruske medije. Izpu\u0161\u010den je bil \u017ee sredi aprila. Odvetniki 44-letnega Saifa al Islama so sporo\u010dili, da je bil Gadafijev sin izpu\u0161\u010den na podlagi zakona o amnestiji. Konec julija lani je kazensko sodi\u0161\u010de v Tripoliju izreklo smrtno kazen deseterici privr\u017eencev Gadafijevega re\u017eima, med katerimi je bil tudi Saif al Islam. Obto\u017eencem so o\u010ditali spodbujanje ubijanja miroljubnih protestnikov in oblikovanje skupin za zatiranje demonstracij med revolucijo februarja 2011, pa tudi korupcijo, pi\u0161e STA. Saifa al Islama sicer \u0161e vedno i\u0161\u010de Mednarodno kazensko sodi\u0161\u010de v Haagu, in to zaradi \u0161tevilnih zlo\u010dinov proti \u010dlove\u010dnosti in vojnih zlo\u010dinov, povezanih z o\u010detovim re\u017eimom, pi\u0161e STA. A po besedah njegovega odvetnika bi bilo\u00a0&#8230;<\/p>\n","protected":false},"author":1,"featured_media":0,"comment_status":"closed","ping_status":"closed","sticky":false,"template":"","format":"standard","meta":{"footnotes":""},"categories":[1179],"tags":[],"source":[4511],"supertag":[],"acf":[],"yoast_head":"<!-- This site is optimized with the Yoast SEO plugin v21.3 - https:\/\/yoast.com\/wordpress\/plugins\/seo\/ -->\n<title>Gadafijevega sina kljub izre\u010deni smrtni kazni izpustili iz zapora - Hudo Slovenija<\/title>\n<meta name=\"robots\" content=\"index, follow, max-snippet:-1, max-image-preview:large, max-video-preview:-1\" \/>\n<link rel=\"canonical\" href=\"https:\/\/hudo.com\/si\/aktualno\/gadafijevega-sina-kljub-izreceni-smrtni-kazni-izpustili-iz-zapora\/\" \/>\n<meta property=\"og:locale\" content=\"sl_SI\" \/>\n<meta property=\"og:type\" content=\"article\" \/>\n<meta property=\"og:title\" content=\"Gadafijevega sina kljub izre\u010deni smrtni kazni izpustili iz zapora - Hudo Slovenija\" \/>\n<meta property=\"og:description\" content=\"Kategorija: Globalno Thu, 07 Jul 2016 17:22:00 +0200 Tripoli\u00a0\u2212 Sina ubitega libijskega voditelja Moamerja Gadafija, Saifa al Islama, so kljub lani izre\u010deni smrtni kazni izpustili iz zapora, poro\u010da Slovenska tiskovna agencjia, ki se sklicuje na ruske medije. Izpu\u0161\u010den je bil \u017ee sredi aprila. Odvetniki 44-letnega Saifa al Islama so sporo\u010dili, da je bil Gadafijev sin izpu\u0161\u010den na podlagi zakona o amnestiji. Konec julija lani je kazensko sodi\u0161\u010de v Tripoliju izreklo smrtno kazen deseterici privr\u017eencev Gadafijevega re\u017eima, med katerimi je bil tudi Saif al Islam. Obto\u017eencem so o\u010ditali spodbujanje ubijanja miroljubnih protestnikov in oblikovanje skupin za zatiranje demonstracij med revolucijo februarja 2011, pa tudi korupcijo, pi\u0161e STA. Saifa al Islama sicer \u0161e vedno i\u0161\u010de Mednarodno kazensko sodi\u0161\u010de v Haagu, in to zaradi \u0161tevilnih zlo\u010dinov proti \u010dlove\u010dnosti in vojnih zlo\u010dinov, povezanih z o\u010detovim re\u017eimom, pi\u0161e STA. A po besedah njegovega odvetnika bi bilo\u00a0...\" \/>\n<meta property=\"og:url\" content=\"https:\/\/hudo.com\/si\/aktualno\/gadafijevega-sina-kljub-izreceni-smrtni-kazni-izpustili-iz-zapora\/\" \/>\n<meta property=\"og:site_name\" content=\"Hudo Slovenija\" \/>\n<meta property=\"article:publisher\" content=\"https:\/\/www.facebook.com\/hudo.si\" \/>\n<meta property=\"article:published_time\" content=\"2016-07-07T13:22:00+00:00\" \/>\n<meta property=\"article:modified_time\" content=\"2016-07-08T08:12:28+00:00\" \/>\n<meta property=\"og:image\" content=\"https:\/\/hudo.com\/si\/wp-content\/uploads\/sites\/2\/2016\/07\/480x290_saif.jpeg\" \/>\n\t<meta property=\"og:image:width\" content=\"480\" \/>\n\t<meta property=\"og:image:height\" content=\"290\" \/>\n\t<meta property=\"og:image:type\" content=\"image\/jpeg\" \/>\n<meta name=\"author\" content=\"hudo\" \/>\n<meta name=\"twitter:card\" content=\"summary_large_image\" \/>\n<meta name=\"twitter:creator\" content=\"@hudo_si\" \/>\n<meta name=\"twitter:site\" content=\"@hudo_si\" \/>\n<meta name=\"twitter:label1\" content=\"Written by\" \/>\n\t<meta name=\"twitter:data1\" content=\"hudo\" \/>\n\t<meta name=\"twitter:label2\" content=\"Est. reading time\" \/>\n\t<meta name=\"twitter:data2\" content=\"1 minuta\" \/>\n<script type=\"application\/ld+json\" class=\"yoast-schema-graph\">{\"@context\":\"https:\/\/schema.org\",\"@graph\":[{\"@type\":\"Article\",\"@id\":\"https:\/\/hudo.com\/si\/aktualno\/gadafijevega-sina-kljub-izreceni-smrtni-kazni-izpustili-iz-zapora\/#article\",\"isPartOf\":{\"@id\":\"https:\/\/hudo.com\/si\/aktualno\/gadafijevega-sina-kljub-izreceni-smrtni-kazni-izpustili-iz-zapora\/\"},\"author\":{\"name\":\"hudo\",\"@id\":\"https:\/\/hudo.com\/si\/#\/schema\/person\/601cf3379633985b20f7e50f2bb47707\"},\"headline\":\"Gadafijevega sina kljub izre\u010deni smrtni kazni izpustili iz zapora\",\"datePublished\":\"2016-07-07T13:22:00+00:00\",\"dateModified\":\"2016-07-08T08:12:28+00:00\",\"mainEntityOfPage\":{\"@id\":\"https:\/\/hudo.com\/si\/aktualno\/gadafijevega-sina-kljub-izreceni-smrtni-kazni-izpustili-iz-zapora\/\"},\"wordCount\":165,\"publisher\":{\"@id\":\"https:\/\/hudo.com\/si\/#organization\"},\"articleSection\":[\"Aktualno\"],\"inLanguage\":\"sl-SI\"},{\"@type\":\"WebPage\",\"@id\":\"https:\/\/hudo.com\/si\/aktualno\/gadafijevega-sina-kljub-izreceni-smrtni-kazni-izpustili-iz-zapora\/\",\"url\":\"https:\/\/hudo.com\/si\/aktualno\/gadafijevega-sina-kljub-izreceni-smrtni-kazni-izpustili-iz-zapora\/\",\"name\":\"Gadafijevega sina kljub izre\u010deni smrtni kazni izpustili iz zapora - Hudo Slovenija\",\"isPartOf\":{\"@id\":\"https:\/\/hudo.com\/si\/#website\"},\"datePublished\":\"2016-07-07T13:22:00+00:00\",\"dateModified\":\"2016-07-08T08:12:28+00:00\",\"breadcrumb\":{\"@id\":\"https:\/\/hudo.com\/si\/aktualno\/gadafijevega-sina-kljub-izreceni-smrtni-kazni-izpustili-iz-zapora\/#breadcrumb\"},\"inLanguage\":\"sl-SI\",\"potentialAction\":[{\"@type\":\"ReadAction\",\"target\":[\"https:\/\/hudo.com\/si\/aktualno\/gadafijevega-sina-kljub-izreceni-smrtni-kazni-izpustili-iz-zapora\/\"]}]},{\"@type\":\"BreadcrumbList\",\"@id\":\"https:\/\/hudo.com\/si\/aktualno\/gadafijevega-sina-kljub-izreceni-smrtni-kazni-izpustili-iz-zapora\/#breadcrumb\",\"itemListElement\":[{\"@type\":\"ListItem\",\"position\":1,\"name\":\"Home\",\"item\":\"https:\/\/hudo.com\/si\/\"},{\"@type\":\"ListItem\",\"position\":2,\"name\":\"Gadafijevega sina kljub izre\u010deni smrtni kazni izpustili iz zapora\"}]},{\"@type\":\"WebSite\",\"@id\":\"https:\/\/hudo.com\/si\/#website\",\"url\":\"https:\/\/hudo.com\/si\/\",\"name\":\"Hudo Slovenija\",\"description\":\"Vse novice iz Slovenije in sveta\",\"publisher\":{\"@id\":\"https:\/\/hudo.com\/si\/#organization\"},\"potentialAction\":[{\"@type\":\"SearchAction\",\"target\":{\"@type\":\"EntryPoint\",\"urlTemplate\":\"https:\/\/hudo.com\/si\/?s={search_term_string}\"},\"query-input\":\"required name=search_term_string\"}],\"inLanguage\":\"sl-SI\"},{\"@type\":\"Organization\",\"@id\":\"https:\/\/hudo.com\/si\/#organization\",\"name\":\"VSN Media\",\"url\":\"https:\/\/hudo.com\/si\/\",\"logo\":{\"@type\":\"ImageObject\",\"inLanguage\":\"sl-SI\",\"@id\":\"https:\/\/hudo.com\/si\/#\/schema\/logo\/image\/\",\"url\":\"https:\/\/hudo.com\/si\/wp-content\/uploads\/sites\/2\/2021\/03\/hudo-app-2.png\",\"contentUrl\":\"https:\/\/hudo.com\/si\/wp-content\/uploads\/sites\/2\/2021\/03\/hudo-app-2.png\",\"width\":2185,\"height\":2167,\"caption\":\"VSN Media\"},\"image\":{\"@id\":\"https:\/\/hudo.com\/si\/#\/schema\/logo\/image\/\"},\"sameAs\":[\"https:\/\/www.facebook.com\/hudo.si\",\"https:\/\/twitter.com\/hudo_si\"]},{\"@type\":\"Person\",\"@id\":\"https:\/\/hudo.com\/si\/#\/schema\/person\/601cf3379633985b20f7e50f2bb47707\",\"name\":\"hudo\",\"image\":{\"@type\":\"ImageObject\",\"inLanguage\":\"sl-SI\",\"@id\":\"https:\/\/hudo.com\/si\/#\/schema\/person\/image\/\",\"url\":\"https:\/\/secure.gravatar.com\/avatar\/c4ca25fa72cace7a696b52ff5db9e095?s=96&d=mm&r=g\",\"contentUrl\":\"https:\/\/secure.gravatar.com\/avatar\/c4ca25fa72cace7a696b52ff5db9e095?s=96&d=mm&r=g\",\"caption\":\"hudo\"},\"url\":\"https:\/\/hudo.com\/si\/author\/hudo\/\"}]}<\/script>\n<!-- \/ Yoast SEO plugin. -->","yoast_head_json":{"title":"Gadafijevega sina kljub izre\u010deni smrtni kazni izpustili iz zapora - Hudo Slovenija","robots":{"index":"index","follow":"follow","max-snippet":"max-snippet:-1","max-image-preview":"max-image-preview:large","max-video-preview":"max-video-preview:-1"},"canonical":"https:\/\/hudo.com\/si\/aktualno\/gadafijevega-sina-kljub-izreceni-smrtni-kazni-izpustili-iz-zapora\/","og_locale":"sl_SI","og_type":"article","og_title":"Gadafijevega sina kljub izre\u010deni smrtni kazni izpustili iz zapora - Hudo Slovenija","og_description":"Kategorija: Globalno Thu, 07 Jul 2016 17:22:00 +0200 Tripoli\u00a0\u2212 Sina ubitega libijskega voditelja Moamerja Gadafija, Saifa al Islama, so kljub lani izre\u010deni smrtni kazni izpustili iz zapora, poro\u010da Slovenska tiskovna agencjia, ki se sklicuje na ruske medije. Izpu\u0161\u010den je bil \u017ee sredi aprila. Odvetniki 44-letnega Saifa al Islama so sporo\u010dili, da je bil Gadafijev sin izpu\u0161\u010den na podlagi zakona o amnestiji. Konec julija lani je kazensko sodi\u0161\u010de v Tripoliju izreklo smrtno kazen deseterici privr\u017eencev Gadafijevega re\u017eima, med katerimi je bil tudi Saif al Islam. Obto\u017eencem so o\u010ditali spodbujanje ubijanja miroljubnih protestnikov in oblikovanje skupin za zatiranje demonstracij med revolucijo februarja 2011, pa tudi korupcijo, pi\u0161e STA. Saifa al Islama sicer \u0161e vedno i\u0161\u010de Mednarodno kazensko sodi\u0161\u010de v Haagu, in to zaradi \u0161tevilnih zlo\u010dinov proti \u010dlove\u010dnosti in vojnih zlo\u010dinov, povezanih z o\u010detovim re\u017eimom, pi\u0161e STA. A po besedah njegovega odvetnika bi bilo\u00a0...","og_url":"https:\/\/hudo.com\/si\/aktualno\/gadafijevega-sina-kljub-izreceni-smrtni-kazni-izpustili-iz-zapora\/","og_site_name":"Hudo Slovenija","article_publisher":"https:\/\/www.facebook.com\/hudo.si","article_published_time":"2016-07-07T13:22:00+00:00","article_modified_time":"2016-07-08T08:12:28+00:00","og_image":[{"width":480,"height":290,"url":"https:\/\/hudo.com\/si\/wp-content\/uploads\/sites\/2\/2016\/07\/480x290_saif.jpeg","type":"image\/jpeg"}],"author":"hudo","twitter_card":"summary_large_image","twitter_creator":"@hudo_si","twitter_site":"@hudo_si","twitter_misc":{"Written by":"hudo","Est. reading time":"1 minuta"},"schema":{"@context":"https:\/\/schema.org","@graph":[{"@type":"Article","@id":"https:\/\/hudo.com\/si\/aktualno\/gadafijevega-sina-kljub-izreceni-smrtni-kazni-izpustili-iz-zapora\/#article","isPartOf":{"@id":"https:\/\/hudo.com\/si\/aktualno\/gadafijevega-sina-kljub-izreceni-smrtni-kazni-izpustili-iz-zapora\/"},"author":{"name":"hudo","@id":"https:\/\/hudo.com\/si\/#\/schema\/person\/601cf3379633985b20f7e50f2bb47707"},"headline":"Gadafijevega sina kljub izre\u010deni smrtni kazni izpustili iz zapora","datePublished":"2016-07-07T13:22:00+00:00","dateModified":"2016-07-08T08:12:28+00:00","mainEntityOfPage":{"@id":"https:\/\/hudo.com\/si\/aktualno\/gadafijevega-sina-kljub-izreceni-smrtni-kazni-izpustili-iz-zapora\/"},"wordCount":165,"publisher":{"@id":"https:\/\/hudo.com\/si\/#organization"},"articleSection":["Aktualno"],"inLanguage":"sl-SI"},{"@type":"WebPage","@id":"https:\/\/hudo.com\/si\/aktualno\/gadafijevega-sina-kljub-izreceni-smrtni-kazni-izpustili-iz-zapora\/","url":"https:\/\/hudo.com\/si\/aktualno\/gadafijevega-sina-kljub-izreceni-smrtni-kazni-izpustili-iz-zapora\/","name":"Gadafijevega sina kljub izre\u010deni smrtni kazni izpustili iz zapora - Hudo Slovenija","isPartOf":{"@id":"https:\/\/hudo.com\/si\/#website"},"datePublished":"2016-07-07T13:22:00+00:00","dateModified":"2016-07-08T08:12:28+00:00","breadcrumb":{"@id":"https:\/\/hudo.com\/si\/aktualno\/gadafijevega-sina-kljub-izreceni-smrtni-kazni-izpustili-iz-zapora\/#breadcrumb"},"inLanguage":"sl-SI","potentialAction":[{"@type":"ReadAction","target":["https:\/\/hudo.com\/si\/aktualno\/gadafijevega-sina-kljub-izreceni-smrtni-kazni-izpustili-iz-zapora\/"]}]},{"@type":"BreadcrumbList","@id":"https:\/\/hudo.com\/si\/aktualno\/gadafijevega-sina-kljub-izreceni-smrtni-kazni-izpustili-iz-zapora\/#breadcrumb","itemListElement":[{"@type":"ListItem","position":1,"name":"Home","item":"https:\/\/hudo.com\/si\/"},{"@type":"ListItem","position":2,"name":"Gadafijevega sina kljub izre\u010deni smrtni kazni izpustili iz zapora"}]},{"@type":"WebSite","@id":"https:\/\/hudo.com\/si\/#website","url":"https:\/\/hudo.com\/si\/","name":"Hudo Slovenija","description":"Vse novice iz Slovenije in sveta","publisher":{"@id":"https:\/\/hudo.com\/si\/#organization"},"potentialAction":[{"@type":"SearchAction","target":{"@type":"EntryPoint","urlTemplate":"https:\/\/hudo.com\/si\/?s={search_term_string}"},"query-input":"required name=search_term_string"}],"inLanguage":"sl-SI"},{"@type":"Organization","@id":"https:\/\/hudo.com\/si\/#organization","name":"VSN Media","url":"https:\/\/hudo.com\/si\/","logo":{"@type":"ImageObject","inLanguage":"sl-SI","@id":"https:\/\/hudo.com\/si\/#\/schema\/logo\/image\/","url":"https:\/\/hudo.com\/si\/wp-content\/uploads\/sites\/2\/2021\/03\/hudo-app-2.png","contentUrl":"https:\/\/hudo.com\/si\/wp-content\/uploads\/sites\/2\/2021\/03\/hudo-app-2.png","width":2185,"height":2167,"caption":"VSN Media"},"image":{"@id":"https:\/\/hudo.com\/si\/#\/schema\/logo\/image\/"},"sameAs":["https:\/\/www.facebook.com\/hudo.si","https:\/\/twitter.com\/hudo_si"]},{"@type":"Person","@id":"https:\/\/hudo.com\/si\/#\/schema\/person\/601cf3379633985b20f7e50f2bb47707","name":"hudo","image":{"@type":"ImageObject","inLanguage":"sl-SI","@id":"https:\/\/hudo.com\/si\/#\/schema\/person\/image\/","url":"https:\/\/secure.gravatar.com\/avatar\/c4ca25fa72cace7a696b52ff5db9e095?s=96&d=mm&r=g","contentUrl":"https:\/\/secure.gravatar.com\/avatar\/c4ca25fa72cace7a696b52ff5db9e095?s=96&d=mm&r=g","caption":"hudo"},"url":"https:\/\/hudo.com\/si\/author\/hudo\/"}]}},"amp_enabled":true,"_links":{"self":[{"href":"https:\/\/hudo.com\/si\/wp-json\/wp\/v2\/posts\/90468"}],"collection":[{"href":"https:\/\/hudo.com\/si\/wp-json\/wp\/v2\/posts"}],"about":[{"href":"https:\/\/hudo.com\/si\/wp-json\/wp\/v2\/types\/post"}],"author":[{"embeddable":true,"href":"https:\/\/hudo.com\/si\/wp-json\/wp\/v2\/users\/1"}],"replies":[{"embeddable":true,"href":"https:\/\/hudo.com\/si\/wp-json\/wp\/v2\/comments?post=90468"}],"version-history":[{"count":1,"href":"https:\/\/hudo.com\/si\/wp-json\/wp\/v2\/posts\/90468\/revisions"}],"predecessor-version":[{"id":90549,"href":"https:\/\/hudo.com\/si\/wp-json\/wp\/v2\/posts\/90468\/revisions\/90549"}],"wp:attachment":[{"href":"https:\/\/hudo.com\/si\/wp-json\/wp\/v2\/media?parent=90468"}],"wp:term":[{"taxonomy":"category","embeddable":true,"href":"https:\/\/hudo.com\/si\/wp-json\/wp\/v2\/categories?post=90468"},{"taxonomy":"post_tag","embeddable":true,"href":"https:\/\/hudo.com\/si\/wp-json\/wp\/v2\/tags?post=90468"},{"taxonomy":"source","embeddable":true,"href":"https:\/\/hudo.com\/si\/wp-json\/wp\/v2\/source?post=90468"},{"taxonomy":"supertag","embeddable":true,"href":"https:\/\/hudo.com\/si\/wp-json\/wp\/v2\/supertag?post=90468"}],"curies":[{"name":"wp","href":"https:\/\/api.w.org\/{rel}","templated":true}]}}