{"id":90539,"date":"2016-07-07T17:35:00","date_gmt":"2016-07-07T15:35:00","guid":{"rendered":"http:\/\/hudo.com\/si\/2016\/07\/07\/v-vatikanu-obsodili-duhovnika-in-oprostili-novinarja\/"},"modified":"2016-07-08T06:12:56","modified_gmt":"2016-07-08T04:12:56","slug":"v-vatikanu-obsodili-duhovnika-in-oprostili-novinarja","status":"publish","type":"post","link":"https:\/\/hudo.com\/si\/aktualno\/v-vatikanu-obsodili-duhovnika-in-oprostili-novinarja\/","title":{"rendered":"V Vatikanu obsodili duhovnika in oprostili novinarja"},"content":{"rendered":"<p>Kategorija: Sose\u0161\u010dina Thu, 07 Jul 2016 19:35:00 +0200  Vatikan &#8211; V sodnem procesu zaradi posredovanja in objave zaupnih vatikanskih dokumentov, kar je postalo v javnosti znano kot afera Vatileaks2, je danes sodi\u0161\u010de dva od petih obto\u017eencev obsodilo na ve\u010dmese\u010dno zaporno kazen, tri obto\u017eene, med njimi sta dva preiskovalna novinarja, pa oprostilo, poro\u010dajo tuje tiskovne agencije. Strokovnjakinja za odnose z javnostmi Francesca Immacolata Chaouqui je bila obsojena na deset mesecev pogojno, \u0161panski duhovnik Lucio Vallejo Balda pa na 18 mesecev zapora. Preiskovalna novinarja Gianluigi Nuzzi in Emiliano Fittipaldi ter sodelavec vatikanske komisije za gospodarstvo, sicer pomo\u010dnik Balde, Nicola Maio so bili opro\u0161\u010deni, poro\u010da avstrijska tiskovna agencija APA. Nuzzi in Fittipaldi sta novembra lani objavila knjigi, v kateri sta objavila zaupne dokumente iz Vatikana. V primeru obeh novinarjev se je vatikansko pravosodje danes razglasilo za nepristojnega in ju oprostilo. Vatikan je bil\u00a0&#8230;<\/p>\n","protected":false},"excerpt":{"rendered":"<p>Kategorija: Sose\u0161\u010dina Thu, 07 Jul 2016 19:35:00 +0200  Vatikan &#8211; V sodnem procesu zaradi posredovanja in objave zaupnih vatikanskih dokumentov, kar je postalo v javnosti znano kot afera Vatileaks2, je danes sodi\u0161\u010de dva od petih obto\u017eencev obsodilo na ve\u010dmese\u010dno zaporno kazen, tri obto\u017eene, med njimi sta dva preiskovalna novinarja, pa oprostilo, poro\u010dajo tuje tiskovne agencije. Strokovnjakinja za odnose z javnostmi Francesca Immacolata Chaouqui je bila obsojena na deset mesecev pogojno, \u0161panski duhovnik Lucio Vallejo Balda pa na 18 mesecev zapora. Preiskovalna novinarja Gianluigi Nuzzi in Emiliano Fittipaldi ter sodelavec vatikanske komisije za gospodarstvo, sicer pomo\u010dnik Balde, Nicola Maio so bili opro\u0161\u010deni, poro\u010da avstrijska tiskovna agencija APA. Nuzzi in Fittipaldi sta novembra lani objavila knjigi, v kateri sta objavila zaupne dokumente iz Vatikana. V primeru obeh novinarjev se je vatikansko pravosodje danes razglasilo za nepristojnega in ju oprostilo. Vatikan je bil\u00a0&#8230;<\/p>\n","protected":false},"author":1,"featured_media":0,"comment_status":"closed","ping_status":"closed","sticky":false,"template":"","format":"standard","meta":{"footnotes":""},"categories":[1179],"tags":[],"source":[4511],"supertag":[],"acf":[],"yoast_head":"<!-- This site is optimized with the Yoast SEO plugin v21.3 - https:\/\/yoast.com\/wordpress\/plugins\/seo\/ -->\n<title>V Vatikanu obsodili duhovnika in oprostili novinarja - Hudo Slovenija<\/title>\n<meta name=\"robots\" content=\"index, follow, max-snippet:-1, max-image-preview:large, max-video-preview:-1\" \/>\n<link rel=\"canonical\" href=\"https:\/\/hudo.com\/si\/aktualno\/v-vatikanu-obsodili-duhovnika-in-oprostili-novinarja\/\" \/>\n<meta property=\"og:locale\" content=\"sl_SI\" \/>\n<meta property=\"og:type\" content=\"article\" \/>\n<meta property=\"og:title\" content=\"V Vatikanu obsodili duhovnika in oprostili novinarja - Hudo Slovenija\" \/>\n<meta property=\"og:description\" content=\"Kategorija: Sose\u0161\u010dina Thu, 07 Jul 2016 19:35:00 +0200 Vatikan - V sodnem procesu zaradi posredovanja in objave zaupnih vatikanskih dokumentov, kar je postalo v javnosti znano kot afera Vatileaks2, je danes sodi\u0161\u010de dva od petih obto\u017eencev obsodilo na ve\u010dmese\u010dno zaporno kazen, tri obto\u017eene, med njimi sta dva preiskovalna novinarja, pa oprostilo, poro\u010dajo tuje tiskovne agencije. Strokovnjakinja za odnose z javnostmi Francesca Immacolata Chaouqui je bila obsojena na deset mesecev pogojno, \u0161panski duhovnik Lucio Vallejo Balda pa na 18 mesecev zapora. Preiskovalna novinarja Gianluigi Nuzzi in Emiliano Fittipaldi ter sodelavec vatikanske komisije za gospodarstvo, sicer pomo\u010dnik Balde, Nicola Maio so bili opro\u0161\u010deni, poro\u010da avstrijska tiskovna agencija APA. Nuzzi in Fittipaldi sta novembra lani objavila knjigi, v kateri sta objavila zaupne dokumente iz Vatikana. V primeru obeh novinarjev se je vatikansko pravosodje danes razglasilo za nepristojnega in ju oprostilo. Vatikan je bil\u00a0...\" \/>\n<meta property=\"og:url\" content=\"https:\/\/hudo.com\/si\/aktualno\/v-vatikanu-obsodili-duhovnika-in-oprostili-novinarja\/\" \/>\n<meta property=\"og:site_name\" content=\"Hudo Slovenija\" \/>\n<meta property=\"article:publisher\" content=\"https:\/\/www.facebook.com\/hudo.si\" \/>\n<meta property=\"article:published_time\" content=\"2016-07-07T15:35:00+00:00\" \/>\n<meta property=\"article:modified_time\" content=\"2016-07-08T04:12:56+00:00\" \/>\n<meta property=\"og:image\" content=\"https:\/\/hudo.com\/si\/wp-content\/uploads\/sites\/2\/2016\/07\/480x290_Reuters_Pictures-20160707175106-02526000.jpeg\" \/>\n\t<meta property=\"og:image:width\" content=\"480\" \/>\n\t<meta property=\"og:image:height\" content=\"290\" \/>\n\t<meta property=\"og:image:type\" content=\"image\/jpeg\" \/>\n<meta name=\"author\" content=\"hudo\" \/>\n<meta name=\"twitter:card\" content=\"summary_large_image\" \/>\n<meta name=\"twitter:creator\" content=\"@hudo_si\" \/>\n<meta name=\"twitter:site\" content=\"@hudo_si\" \/>\n<meta name=\"twitter:label1\" content=\"Written by\" \/>\n\t<meta name=\"twitter:data1\" content=\"hudo\" \/>\n\t<meta name=\"twitter:label2\" content=\"Est. reading time\" \/>\n\t<meta name=\"twitter:data2\" content=\"1 minuta\" \/>\n<script type=\"application\/ld+json\" class=\"yoast-schema-graph\">{\"@context\":\"https:\/\/schema.org\",\"@graph\":[{\"@type\":\"Article\",\"@id\":\"https:\/\/hudo.com\/si\/aktualno\/v-vatikanu-obsodili-duhovnika-in-oprostili-novinarja\/#article\",\"isPartOf\":{\"@id\":\"https:\/\/hudo.com\/si\/aktualno\/v-vatikanu-obsodili-duhovnika-in-oprostili-novinarja\/\"},\"author\":{\"name\":\"hudo\",\"@id\":\"https:\/\/hudo.com\/si\/#\/schema\/person\/601cf3379633985b20f7e50f2bb47707\"},\"headline\":\"V Vatikanu obsodili duhovnika in oprostili novinarja\",\"datePublished\":\"2016-07-07T15:35:00+00:00\",\"dateModified\":\"2016-07-08T04:12:56+00:00\",\"mainEntityOfPage\":{\"@id\":\"https:\/\/hudo.com\/si\/aktualno\/v-vatikanu-obsodili-duhovnika-in-oprostili-novinarja\/\"},\"wordCount\":152,\"publisher\":{\"@id\":\"https:\/\/hudo.com\/si\/#organization\"},\"articleSection\":[\"Aktualno\"],\"inLanguage\":\"sl-SI\"},{\"@type\":\"WebPage\",\"@id\":\"https:\/\/hudo.com\/si\/aktualno\/v-vatikanu-obsodili-duhovnika-in-oprostili-novinarja\/\",\"url\":\"https:\/\/hudo.com\/si\/aktualno\/v-vatikanu-obsodili-duhovnika-in-oprostili-novinarja\/\",\"name\":\"V Vatikanu obsodili duhovnika in oprostili novinarja - Hudo Slovenija\",\"isPartOf\":{\"@id\":\"https:\/\/hudo.com\/si\/#website\"},\"datePublished\":\"2016-07-07T15:35:00+00:00\",\"dateModified\":\"2016-07-08T04:12:56+00:00\",\"breadcrumb\":{\"@id\":\"https:\/\/hudo.com\/si\/aktualno\/v-vatikanu-obsodili-duhovnika-in-oprostili-novinarja\/#breadcrumb\"},\"inLanguage\":\"sl-SI\",\"potentialAction\":[{\"@type\":\"ReadAction\",\"target\":[\"https:\/\/hudo.com\/si\/aktualno\/v-vatikanu-obsodili-duhovnika-in-oprostili-novinarja\/\"]}]},{\"@type\":\"BreadcrumbList\",\"@id\":\"https:\/\/hudo.com\/si\/aktualno\/v-vatikanu-obsodili-duhovnika-in-oprostili-novinarja\/#breadcrumb\",\"itemListElement\":[{\"@type\":\"ListItem\",\"position\":1,\"name\":\"Home\",\"item\":\"https:\/\/hudo.com\/si\/\"},{\"@type\":\"ListItem\",\"position\":2,\"name\":\"V Vatikanu obsodili duhovnika in oprostili novinarja\"}]},{\"@type\":\"WebSite\",\"@id\":\"https:\/\/hudo.com\/si\/#website\",\"url\":\"https:\/\/hudo.com\/si\/\",\"name\":\"Hudo Slovenija\",\"description\":\"Vse novice iz Slovenije in sveta\",\"publisher\":{\"@id\":\"https:\/\/hudo.com\/si\/#organization\"},\"potentialAction\":[{\"@type\":\"SearchAction\",\"target\":{\"@type\":\"EntryPoint\",\"urlTemplate\":\"https:\/\/hudo.com\/si\/?s={search_term_string}\"},\"query-input\":\"required name=search_term_string\"}],\"inLanguage\":\"sl-SI\"},{\"@type\":\"Organization\",\"@id\":\"https:\/\/hudo.com\/si\/#organization\",\"name\":\"VSN Media\",\"url\":\"https:\/\/hudo.com\/si\/\",\"logo\":{\"@type\":\"ImageObject\",\"inLanguage\":\"sl-SI\",\"@id\":\"https:\/\/hudo.com\/si\/#\/schema\/logo\/image\/\",\"url\":\"https:\/\/hudo.com\/si\/wp-content\/uploads\/sites\/2\/2021\/03\/hudo-app-2.png\",\"contentUrl\":\"https:\/\/hudo.com\/si\/wp-content\/uploads\/sites\/2\/2021\/03\/hudo-app-2.png\",\"width\":2185,\"height\":2167,\"caption\":\"VSN Media\"},\"image\":{\"@id\":\"https:\/\/hudo.com\/si\/#\/schema\/logo\/image\/\"},\"sameAs\":[\"https:\/\/www.facebook.com\/hudo.si\",\"https:\/\/twitter.com\/hudo_si\"]},{\"@type\":\"Person\",\"@id\":\"https:\/\/hudo.com\/si\/#\/schema\/person\/601cf3379633985b20f7e50f2bb47707\",\"name\":\"hudo\",\"image\":{\"@type\":\"ImageObject\",\"inLanguage\":\"sl-SI\",\"@id\":\"https:\/\/hudo.com\/si\/#\/schema\/person\/image\/\",\"url\":\"https:\/\/secure.gravatar.com\/avatar\/c4ca25fa72cace7a696b52ff5db9e095?s=96&d=mm&r=g\",\"contentUrl\":\"https:\/\/secure.gravatar.com\/avatar\/c4ca25fa72cace7a696b52ff5db9e095?s=96&d=mm&r=g\",\"caption\":\"hudo\"},\"url\":\"https:\/\/hudo.com\/si\/author\/hudo\/\"}]}<\/script>\n<!-- \/ Yoast SEO plugin. -->","yoast_head_json":{"title":"V Vatikanu obsodili duhovnika in oprostili novinarja - Hudo Slovenija","robots":{"index":"index","follow":"follow","max-snippet":"max-snippet:-1","max-image-preview":"max-image-preview:large","max-video-preview":"max-video-preview:-1"},"canonical":"https:\/\/hudo.com\/si\/aktualno\/v-vatikanu-obsodili-duhovnika-in-oprostili-novinarja\/","og_locale":"sl_SI","og_type":"article","og_title":"V Vatikanu obsodili duhovnika in oprostili novinarja - Hudo Slovenija","og_description":"Kategorija: Sose\u0161\u010dina Thu, 07 Jul 2016 19:35:00 +0200 Vatikan - V sodnem procesu zaradi posredovanja in objave zaupnih vatikanskih dokumentov, kar je postalo v javnosti znano kot afera Vatileaks2, je danes sodi\u0161\u010de dva od petih obto\u017eencev obsodilo na ve\u010dmese\u010dno zaporno kazen, tri obto\u017eene, med njimi sta dva preiskovalna novinarja, pa oprostilo, poro\u010dajo tuje tiskovne agencije. Strokovnjakinja za odnose z javnostmi Francesca Immacolata Chaouqui je bila obsojena na deset mesecev pogojno, \u0161panski duhovnik Lucio Vallejo Balda pa na 18 mesecev zapora. Preiskovalna novinarja Gianluigi Nuzzi in Emiliano Fittipaldi ter sodelavec vatikanske komisije za gospodarstvo, sicer pomo\u010dnik Balde, Nicola Maio so bili opro\u0161\u010deni, poro\u010da avstrijska tiskovna agencija APA. Nuzzi in Fittipaldi sta novembra lani objavila knjigi, v kateri sta objavila zaupne dokumente iz Vatikana. V primeru obeh novinarjev se je vatikansko pravosodje danes razglasilo za nepristojnega in ju oprostilo. Vatikan je bil\u00a0...","og_url":"https:\/\/hudo.com\/si\/aktualno\/v-vatikanu-obsodili-duhovnika-in-oprostili-novinarja\/","og_site_name":"Hudo Slovenija","article_publisher":"https:\/\/www.facebook.com\/hudo.si","article_published_time":"2016-07-07T15:35:00+00:00","article_modified_time":"2016-07-08T04:12:56+00:00","og_image":[{"width":480,"height":290,"url":"https:\/\/hudo.com\/si\/wp-content\/uploads\/sites\/2\/2016\/07\/480x290_Reuters_Pictures-20160707175106-02526000.jpeg","type":"image\/jpeg"}],"author":"hudo","twitter_card":"summary_large_image","twitter_creator":"@hudo_si","twitter_site":"@hudo_si","twitter_misc":{"Written by":"hudo","Est. reading time":"1 minuta"},"schema":{"@context":"https:\/\/schema.org","@graph":[{"@type":"Article","@id":"https:\/\/hudo.com\/si\/aktualno\/v-vatikanu-obsodili-duhovnika-in-oprostili-novinarja\/#article","isPartOf":{"@id":"https:\/\/hudo.com\/si\/aktualno\/v-vatikanu-obsodili-duhovnika-in-oprostili-novinarja\/"},"author":{"name":"hudo","@id":"https:\/\/hudo.com\/si\/#\/schema\/person\/601cf3379633985b20f7e50f2bb47707"},"headline":"V Vatikanu obsodili duhovnika in oprostili novinarja","datePublished":"2016-07-07T15:35:00+00:00","dateModified":"2016-07-08T04:12:56+00:00","mainEntityOfPage":{"@id":"https:\/\/hudo.com\/si\/aktualno\/v-vatikanu-obsodili-duhovnika-in-oprostili-novinarja\/"},"wordCount":152,"publisher":{"@id":"https:\/\/hudo.com\/si\/#organization"},"articleSection":["Aktualno"],"inLanguage":"sl-SI"},{"@type":"WebPage","@id":"https:\/\/hudo.com\/si\/aktualno\/v-vatikanu-obsodili-duhovnika-in-oprostili-novinarja\/","url":"https:\/\/hudo.com\/si\/aktualno\/v-vatikanu-obsodili-duhovnika-in-oprostili-novinarja\/","name":"V Vatikanu obsodili duhovnika in oprostili novinarja - Hudo Slovenija","isPartOf":{"@id":"https:\/\/hudo.com\/si\/#website"},"datePublished":"2016-07-07T15:35:00+00:00","dateModified":"2016-07-08T04:12:56+00:00","breadcrumb":{"@id":"https:\/\/hudo.com\/si\/aktualno\/v-vatikanu-obsodili-duhovnika-in-oprostili-novinarja\/#breadcrumb"},"inLanguage":"sl-SI","potentialAction":[{"@type":"ReadAction","target":["https:\/\/hudo.com\/si\/aktualno\/v-vatikanu-obsodili-duhovnika-in-oprostili-novinarja\/"]}]},{"@type":"BreadcrumbList","@id":"https:\/\/hudo.com\/si\/aktualno\/v-vatikanu-obsodili-duhovnika-in-oprostili-novinarja\/#breadcrumb","itemListElement":[{"@type":"ListItem","position":1,"name":"Home","item":"https:\/\/hudo.com\/si\/"},{"@type":"ListItem","position":2,"name":"V Vatikanu obsodili duhovnika in oprostili novinarja"}]},{"@type":"WebSite","@id":"https:\/\/hudo.com\/si\/#website","url":"https:\/\/hudo.com\/si\/","name":"Hudo Slovenija","description":"Vse novice iz Slovenije in sveta","publisher":{"@id":"https:\/\/hudo.com\/si\/#organization"},"potentialAction":[{"@type":"SearchAction","target":{"@type":"EntryPoint","urlTemplate":"https:\/\/hudo.com\/si\/?s={search_term_string}"},"query-input":"required name=search_term_string"}],"inLanguage":"sl-SI"},{"@type":"Organization","@id":"https:\/\/hudo.com\/si\/#organization","name":"VSN Media","url":"https:\/\/hudo.com\/si\/","logo":{"@type":"ImageObject","inLanguage":"sl-SI","@id":"https:\/\/hudo.com\/si\/#\/schema\/logo\/image\/","url":"https:\/\/hudo.com\/si\/wp-content\/uploads\/sites\/2\/2021\/03\/hudo-app-2.png","contentUrl":"https:\/\/hudo.com\/si\/wp-content\/uploads\/sites\/2\/2021\/03\/hudo-app-2.png","width":2185,"height":2167,"caption":"VSN Media"},"image":{"@id":"https:\/\/hudo.com\/si\/#\/schema\/logo\/image\/"},"sameAs":["https:\/\/www.facebook.com\/hudo.si","https:\/\/twitter.com\/hudo_si"]},{"@type":"Person","@id":"https:\/\/hudo.com\/si\/#\/schema\/person\/601cf3379633985b20f7e50f2bb47707","name":"hudo","image":{"@type":"ImageObject","inLanguage":"sl-SI","@id":"https:\/\/hudo.com\/si\/#\/schema\/person\/image\/","url":"https:\/\/secure.gravatar.com\/avatar\/c4ca25fa72cace7a696b52ff5db9e095?s=96&d=mm&r=g","contentUrl":"https:\/\/secure.gravatar.com\/avatar\/c4ca25fa72cace7a696b52ff5db9e095?s=96&d=mm&r=g","caption":"hudo"},"url":"https:\/\/hudo.com\/si\/author\/hudo\/"}]}},"amp_enabled":true,"_links":{"self":[{"href":"https:\/\/hudo.com\/si\/wp-json\/wp\/v2\/posts\/90539"}],"collection":[{"href":"https:\/\/hudo.com\/si\/wp-json\/wp\/v2\/posts"}],"about":[{"href":"https:\/\/hudo.com\/si\/wp-json\/wp\/v2\/types\/post"}],"author":[{"embeddable":true,"href":"https:\/\/hudo.com\/si\/wp-json\/wp\/v2\/users\/1"}],"replies":[{"embeddable":true,"href":"https:\/\/hudo.com\/si\/wp-json\/wp\/v2\/comments?post=90539"}],"version-history":[{"count":1,"href":"https:\/\/hudo.com\/si\/wp-json\/wp\/v2\/posts\/90539\/revisions"}],"predecessor-version":[{"id":90635,"href":"https:\/\/hudo.com\/si\/wp-json\/wp\/v2\/posts\/90539\/revisions\/90635"}],"wp:attachment":[{"href":"https:\/\/hudo.com\/si\/wp-json\/wp\/v2\/media?parent=90539"}],"wp:term":[{"taxonomy":"category","embeddable":true,"href":"https:\/\/hudo.com\/si\/wp-json\/wp\/v2\/categories?post=90539"},{"taxonomy":"post_tag","embeddable":true,"href":"https:\/\/hudo.com\/si\/wp-json\/wp\/v2\/tags?post=90539"},{"taxonomy":"source","embeddable":true,"href":"https:\/\/hudo.com\/si\/wp-json\/wp\/v2\/source?post=90539"},{"taxonomy":"supertag","embeddable":true,"href":"https:\/\/hudo.com\/si\/wp-json\/wp\/v2\/supertag?post=90539"}],"curies":[{"name":"wp","href":"https:\/\/api.w.org\/{rel}","templated":true}]}}