{"id":90729,"date":"2016-07-08T05:15:00","date_gmt":"2016-07-08T03:15:00","guid":{"rendered":"http:\/\/hudo.com\/si\/2016\/07\/08\/med-protestom-v-dallasu-odjeknili-streli-ubiti-stirje-policisti\/"},"modified":"2016-07-09T03:22:28","modified_gmt":"2016-07-09T01:22:28","slug":"med-protestom-v-dallasu-odjeknili-streli-ubiti-stirje-policisti","status":"publish","type":"post","link":"https:\/\/hudo.com\/si\/aktualno\/med-protestom-v-dallasu-odjeknili-streli-ubiti-stirje-policisti\/","title":{"rendered":"Med protestom v Dallasu odjeknili streli, ubiti \u0161tirje policisti"},"content":{"rendered":"<p>ZDA so v \u010detrtek zajeli protesti proti policijskemu nasilju, ki so se razvneli zaradi torkove in sredine smrti temnopoltih mo\u0161kih v Louisiani in Minnesoti. Oba incidenta sta bila posneta in sta zaokro\u017eila po spletu. Med protestom v Dallasu so pozno zve\u010der tudi odjeknili streli, pri \u010demer so umrli \u0161tirje policisti. Streli so odjeknili, ko so protestniki hodili po glavni ulici. Streljal naj bi ostrostrelec. Takoj je nastala panika in ljudje so iskali zaveti\u0161\u010de. Na zadnja dva primera policijskega nasilja se je v Var\u0161avi, kjer se udele\u017euje vrha zveze Nato, odzval tudi predsednik ZDA Barack Obama, ki je dejal, da je tak\u0161nih tragedij odlo\u010dno preve\u010d. Obama je dejal, da gre za simptome \u0161ir\u0161ega niza rasnih razlik v kazensko-pravnem sistemu, ki veliko bolj kaznuje pripadnike rasnih manj\u0161in kot belce. Poudaril je, da to ne sme pustiti neprizadetega nobenega Ameri\u010dana. Velik del Ameri\u010danov \u010duti, da jih ne obravnavajo enako zaradi njihove barve ko\u017ee in Obama pravi, da ne gre za vpra\u0161anje \u010drncev, ampak ameri\u0161ko vpra\u0161anje. &#8220;Moramo biti bolj\u0161i od tega. Pomembna so vsa \u017eivljenja, ampak podatki ka\u017eejo, da so \u010drnci veliko bolj izpostavljeni tak\u0161nim incidentom,&#8221; je dejal Obama in Ameri\u010dane pozval, naj se vpra\u0161ajo kako bi se po\u010dutili, \u010de bi \u0161lo za njihove dru\u017einske \u010dlane. Protest je med drugim potekal tudi v v New Yorku, kjer so se protestniki najprej zbrali v Union Square Parku in od tam krenili na sever proti Harlemu. Spremljale so jih mo\u010dne policijske enote in pri\u0161lo je do ob\u010dasnih spopadov in aretacij. Protestniki so vzklikali gesla proti rasisti\u010dni policiji in zahtevali pravico za umore. Posnetka policijskega nasilja iz Louisiane in Minnesote sta tako pretresljiva, da celo republikanci in ameri\u0161ka televizija Fox niso nemudoma stopili na stran policistov. Guverner Minnesote Mark Dayton je dejal, da se, kar se je zgodilo v sredo 32-letnemu temnopoltemu Philandu Castilu, belemu vozniku nikoli ne bi zgodilo in pozval zvezno pravosodno ministrstvo, da spro\u017ei preiskavo. To, da guverner d<\/p>\n","protected":false},"excerpt":{"rendered":"<p>ZDA so v \u010detrtek zajeli protesti proti policijskemu nasilju, ki so se razvneli zaradi torkove in sredine smrti temnopoltih mo\u0161kih v Louisiani in Minnesoti. Oba incidenta sta bila posneta in sta zaokro\u017eila po spletu. Med protestom v Dallasu so pozno zve\u010der tudi odjeknili streli, pri \u010demer so umrli \u0161tirje policisti. Streli so odjeknili, ko so protestniki hodili po glavni ulici. Streljal naj bi ostrostrelec. Takoj je nastala panika in ljudje so iskali zaveti\u0161\u010de. Na zadnja dva primera policijskega nasilja se je v Var\u0161avi, kjer se udele\u017euje vrha zveze Nato, odzval tudi predsednik ZDA Barack Obama, ki je dejal, da je tak\u0161nih tragedij odlo\u010dno preve\u010d. Obama je dejal, da gre za simptome \u0161ir\u0161ega niza rasnih razlik v kazensko-pravnem sistemu, ki veliko bolj kaznuje pripadnike rasnih manj\u0161in kot belce. Poudaril je, da to ne sme pustiti neprizadetega nobenega Ameri\u010dana. Velik del Ameri\u010danov \u010duti, da jih ne obravnavajo enako zaradi njihove barve ko\u017ee in Obama pravi, da ne gre za vpra\u0161anje \u010drncev, ampak ameri\u0161ko vpra\u0161anje. &#8220;Moramo biti bolj\u0161i od tega. Pomembna so vsa \u017eivljenja, ampak podatki ka\u017eejo, da so \u010drnci veliko bolj izpostavljeni tak\u0161nim incidentom,&#8221; je dejal Obama in Ameri\u010dane pozval, naj se vpra\u0161ajo kako bi se po\u010dutili, \u010de bi \u0161lo za njihove dru\u017einske \u010dlane. Protest je med drugim potekal tudi v v New Yorku, kjer so se protestniki najprej zbrali v Union Square Parku in od tam krenili na sever proti Harlemu. Spremljale so jih mo\u010dne policijske enote in pri\u0161lo je do ob\u010dasnih spopadov in aretacij. Protestniki so vzklikali gesla proti rasisti\u010dni policiji in zahtevali pravico za umore. Posnetka policijskega nasilja iz Louisiane in Minnesote sta tako pretresljiva, da celo republikanci in ameri\u0161ka televizija Fox niso nemudoma stopili na stran policistov. Guverner Minnesote Mark Dayton je dejal, da se, kar se je zgodilo v sredo 32-letnemu temnopoltemu Philandu Castilu, belemu vozniku nikoli ne bi zgodilo in pozval zvezno pravosodno ministrstvo, da spro\u017ei preiskavo. To, da guverner d<\/p>\n","protected":false},"author":1,"featured_media":0,"comment_status":"closed","ping_status":"closed","sticky":false,"template":"","format":"standard","meta":{"footnotes":""},"categories":[1179],"tags":[],"source":[1711],"supertag":[],"acf":[],"yoast_head":"<!-- This site is optimized with the Yoast SEO plugin v21.3 - https:\/\/yoast.com\/wordpress\/plugins\/seo\/ -->\n<title>Med protestom v Dallasu odjeknili streli, ubiti \u0161tirje policisti - Hudo Slovenija<\/title>\n<meta name=\"robots\" content=\"index, follow, max-snippet:-1, max-image-preview:large, max-video-preview:-1\" \/>\n<link rel=\"canonical\" href=\"https:\/\/hudo.com\/si\/aktualno\/med-protestom-v-dallasu-odjeknili-streli-ubiti-stirje-policisti\/\" \/>\n<meta property=\"og:locale\" content=\"sl_SI\" \/>\n<meta property=\"og:type\" content=\"article\" \/>\n<meta property=\"og:title\" content=\"Med protestom v Dallasu odjeknili streli, ubiti \u0161tirje policisti - Hudo Slovenija\" \/>\n<meta property=\"og:description\" content=\"ZDA so v \u010detrtek zajeli protesti proti policijskemu nasilju, ki so se razvneli zaradi torkove in sredine smrti temnopoltih mo\u0161kih v Louisiani in Minnesoti. Oba incidenta sta bila posneta in sta zaokro\u017eila po spletu. Med protestom v Dallasu so pozno zve\u010der tudi odjeknili streli, pri \u010demer so umrli \u0161tirje policisti. Streli so odjeknili, ko so protestniki hodili po glavni ulici. Streljal naj bi ostrostrelec. Takoj je nastala panika in ljudje so iskali zaveti\u0161\u010de. Na zadnja dva primera policijskega nasilja se je v Var\u0161avi, kjer se udele\u017euje vrha zveze Nato, odzval tudi predsednik ZDA Barack Obama, ki je dejal, da je tak\u0161nih tragedij odlo\u010dno preve\u010d. Obama je dejal, da gre za simptome \u0161ir\u0161ega niza rasnih razlik v kazensko-pravnem sistemu, ki veliko bolj kaznuje pripadnike rasnih manj\u0161in kot belce. Poudaril je, da to ne sme pustiti neprizadetega nobenega Ameri\u010dana. Velik del Ameri\u010danov \u010duti, da jih ne obravnavajo enako zaradi njihove barve ko\u017ee in Obama pravi, da ne gre za vpra\u0161anje \u010drncev, ampak ameri\u0161ko vpra\u0161anje. &quot;Moramo biti bolj\u0161i od tega. Pomembna so vsa \u017eivljenja, ampak podatki ka\u017eejo, da so \u010drnci veliko bolj izpostavljeni tak\u0161nim incidentom,&quot; je dejal Obama in Ameri\u010dane pozval, naj se vpra\u0161ajo kako bi se po\u010dutili, \u010de bi \u0161lo za njihove dru\u017einske \u010dlane. Protest je med drugim potekal tudi v v New Yorku, kjer so se protestniki najprej zbrali v Union Square Parku in od tam krenili na sever proti Harlemu. Spremljale so jih mo\u010dne policijske enote in pri\u0161lo je do ob\u010dasnih spopadov in aretacij. Protestniki so vzklikali gesla proti rasisti\u010dni policiji in zahtevali pravico za umore. Posnetka policijskega nasilja iz Louisiane in Minnesote sta tako pretresljiva, da celo republikanci in ameri\u0161ka televizija Fox niso nemudoma stopili na stran policistov. Guverner Minnesote Mark Dayton je dejal, da se, kar se je zgodilo v sredo 32-letnemu temnopoltemu Philandu Castilu, belemu vozniku nikoli ne bi zgodilo in pozval zvezno pravosodno ministrstvo, da spro\u017ei preiskavo. To, da guverner d\" \/>\n<meta property=\"og:url\" content=\"https:\/\/hudo.com\/si\/aktualno\/med-protestom-v-dallasu-odjeknili-streli-ubiti-stirje-policisti\/\" \/>\n<meta property=\"og:site_name\" content=\"Hudo Slovenija\" \/>\n<meta property=\"article:publisher\" content=\"https:\/\/www.facebook.com\/hudo.si\" \/>\n<meta property=\"article:published_time\" content=\"2016-07-08T03:15:00+00:00\" \/>\n<meta property=\"article:modified_time\" content=\"2016-07-09T01:22:28+00:00\" \/>\n<meta property=\"og:image\" content=\"https:\/\/hudo.com\/si\/wp-content\/uploads\/sites\/2\/2016\/07\/MDF83846-300.jpg\" \/>\n\t<meta property=\"og:image:width\" content=\"450\" \/>\n\t<meta property=\"og:image:height\" content=\"300\" \/>\n\t<meta property=\"og:image:type\" content=\"image\/jpeg\" \/>\n<meta name=\"author\" content=\"hudo\" \/>\n<meta name=\"twitter:card\" content=\"summary_large_image\" \/>\n<meta name=\"twitter:creator\" content=\"@hudo_si\" \/>\n<meta name=\"twitter:site\" content=\"@hudo_si\" \/>\n<meta name=\"twitter:label1\" content=\"Written by\" \/>\n\t<meta name=\"twitter:data1\" content=\"hudo\" \/>\n\t<meta name=\"twitter:label2\" content=\"Est. reading time\" \/>\n\t<meta name=\"twitter:data2\" content=\"2 minuti\" \/>\n<script type=\"application\/ld+json\" class=\"yoast-schema-graph\">{\"@context\":\"https:\/\/schema.org\",\"@graph\":[{\"@type\":\"Article\",\"@id\":\"https:\/\/hudo.com\/si\/aktualno\/med-protestom-v-dallasu-odjeknili-streli-ubiti-stirje-policisti\/#article\",\"isPartOf\":{\"@id\":\"https:\/\/hudo.com\/si\/aktualno\/med-protestom-v-dallasu-odjeknili-streli-ubiti-stirje-policisti\/\"},\"author\":{\"name\":\"hudo\",\"@id\":\"https:\/\/hudo.com\/si\/#\/schema\/person\/601cf3379633985b20f7e50f2bb47707\"},\"headline\":\"Med protestom v Dallasu odjeknili streli, ubiti \u0161tirje policisti\",\"datePublished\":\"2016-07-08T03:15:00+00:00\",\"dateModified\":\"2016-07-09T01:22:28+00:00\",\"mainEntityOfPage\":{\"@id\":\"https:\/\/hudo.com\/si\/aktualno\/med-protestom-v-dallasu-odjeknili-streli-ubiti-stirje-policisti\/\"},\"wordCount\":353,\"publisher\":{\"@id\":\"https:\/\/hudo.com\/si\/#organization\"},\"articleSection\":[\"Aktualno\"],\"inLanguage\":\"sl-SI\"},{\"@type\":\"WebPage\",\"@id\":\"https:\/\/hudo.com\/si\/aktualno\/med-protestom-v-dallasu-odjeknili-streli-ubiti-stirje-policisti\/\",\"url\":\"https:\/\/hudo.com\/si\/aktualno\/med-protestom-v-dallasu-odjeknili-streli-ubiti-stirje-policisti\/\",\"name\":\"Med protestom v Dallasu odjeknili streli, ubiti \u0161tirje policisti - Hudo Slovenija\",\"isPartOf\":{\"@id\":\"https:\/\/hudo.com\/si\/#website\"},\"datePublished\":\"2016-07-08T03:15:00+00:00\",\"dateModified\":\"2016-07-09T01:22:28+00:00\",\"breadcrumb\":{\"@id\":\"https:\/\/hudo.com\/si\/aktualno\/med-protestom-v-dallasu-odjeknili-streli-ubiti-stirje-policisti\/#breadcrumb\"},\"inLanguage\":\"sl-SI\",\"potentialAction\":[{\"@type\":\"ReadAction\",\"target\":[\"https:\/\/hudo.com\/si\/aktualno\/med-protestom-v-dallasu-odjeknili-streli-ubiti-stirje-policisti\/\"]}]},{\"@type\":\"BreadcrumbList\",\"@id\":\"https:\/\/hudo.com\/si\/aktualno\/med-protestom-v-dallasu-odjeknili-streli-ubiti-stirje-policisti\/#breadcrumb\",\"itemListElement\":[{\"@type\":\"ListItem\",\"position\":1,\"name\":\"Home\",\"item\":\"https:\/\/hudo.com\/si\/\"},{\"@type\":\"ListItem\",\"position\":2,\"name\":\"Med protestom v Dallasu odjeknili streli, ubiti \u0161tirje policisti\"}]},{\"@type\":\"WebSite\",\"@id\":\"https:\/\/hudo.com\/si\/#website\",\"url\":\"https:\/\/hudo.com\/si\/\",\"name\":\"Hudo Slovenija\",\"description\":\"Vse novice iz Slovenije in sveta\",\"publisher\":{\"@id\":\"https:\/\/hudo.com\/si\/#organization\"},\"potentialAction\":[{\"@type\":\"SearchAction\",\"target\":{\"@type\":\"EntryPoint\",\"urlTemplate\":\"https:\/\/hudo.com\/si\/?s={search_term_string}\"},\"query-input\":\"required name=search_term_string\"}],\"inLanguage\":\"sl-SI\"},{\"@type\":\"Organization\",\"@id\":\"https:\/\/hudo.com\/si\/#organization\",\"name\":\"VSN Media\",\"url\":\"https:\/\/hudo.com\/si\/\",\"logo\":{\"@type\":\"ImageObject\",\"inLanguage\":\"sl-SI\",\"@id\":\"https:\/\/hudo.com\/si\/#\/schema\/logo\/image\/\",\"url\":\"https:\/\/hudo.com\/si\/wp-content\/uploads\/sites\/2\/2021\/03\/hudo-app-2.png\",\"contentUrl\":\"https:\/\/hudo.com\/si\/wp-content\/uploads\/sites\/2\/2021\/03\/hudo-app-2.png\",\"width\":2185,\"height\":2167,\"caption\":\"VSN Media\"},\"image\":{\"@id\":\"https:\/\/hudo.com\/si\/#\/schema\/logo\/image\/\"},\"sameAs\":[\"https:\/\/www.facebook.com\/hudo.si\",\"https:\/\/twitter.com\/hudo_si\"]},{\"@type\":\"Person\",\"@id\":\"https:\/\/hudo.com\/si\/#\/schema\/person\/601cf3379633985b20f7e50f2bb47707\",\"name\":\"hudo\",\"image\":{\"@type\":\"ImageObject\",\"inLanguage\":\"sl-SI\",\"@id\":\"https:\/\/hudo.com\/si\/#\/schema\/person\/image\/\",\"url\":\"https:\/\/secure.gravatar.com\/avatar\/c4ca25fa72cace7a696b52ff5db9e095?s=96&d=mm&r=g\",\"contentUrl\":\"https:\/\/secure.gravatar.com\/avatar\/c4ca25fa72cace7a696b52ff5db9e095?s=96&d=mm&r=g\",\"caption\":\"hudo\"},\"url\":\"https:\/\/hudo.com\/si\/author\/hudo\/\"}]}<\/script>\n<!-- \/ Yoast SEO plugin. -->","yoast_head_json":{"title":"Med protestom v Dallasu odjeknili streli, ubiti \u0161tirje policisti - Hudo Slovenija","robots":{"index":"index","follow":"follow","max-snippet":"max-snippet:-1","max-image-preview":"max-image-preview:large","max-video-preview":"max-video-preview:-1"},"canonical":"https:\/\/hudo.com\/si\/aktualno\/med-protestom-v-dallasu-odjeknili-streli-ubiti-stirje-policisti\/","og_locale":"sl_SI","og_type":"article","og_title":"Med protestom v Dallasu odjeknili streli, ubiti \u0161tirje policisti - Hudo Slovenija","og_description":"ZDA so v \u010detrtek zajeli protesti proti policijskemu nasilju, ki so se razvneli zaradi torkove in sredine smrti temnopoltih mo\u0161kih v Louisiani in Minnesoti. Oba incidenta sta bila posneta in sta zaokro\u017eila po spletu. Med protestom v Dallasu so pozno zve\u010der tudi odjeknili streli, pri \u010demer so umrli \u0161tirje policisti. Streli so odjeknili, ko so protestniki hodili po glavni ulici. Streljal naj bi ostrostrelec. Takoj je nastala panika in ljudje so iskali zaveti\u0161\u010de. Na zadnja dva primera policijskega nasilja se je v Var\u0161avi, kjer se udele\u017euje vrha zveze Nato, odzval tudi predsednik ZDA Barack Obama, ki je dejal, da je tak\u0161nih tragedij odlo\u010dno preve\u010d. Obama je dejal, da gre za simptome \u0161ir\u0161ega niza rasnih razlik v kazensko-pravnem sistemu, ki veliko bolj kaznuje pripadnike rasnih manj\u0161in kot belce. Poudaril je, da to ne sme pustiti neprizadetega nobenega Ameri\u010dana. Velik del Ameri\u010danov \u010duti, da jih ne obravnavajo enako zaradi njihove barve ko\u017ee in Obama pravi, da ne gre za vpra\u0161anje \u010drncev, ampak ameri\u0161ko vpra\u0161anje. \"Moramo biti bolj\u0161i od tega. Pomembna so vsa \u017eivljenja, ampak podatki ka\u017eejo, da so \u010drnci veliko bolj izpostavljeni tak\u0161nim incidentom,\" je dejal Obama in Ameri\u010dane pozval, naj se vpra\u0161ajo kako bi se po\u010dutili, \u010de bi \u0161lo za njihove dru\u017einske \u010dlane. Protest je med drugim potekal tudi v v New Yorku, kjer so se protestniki najprej zbrali v Union Square Parku in od tam krenili na sever proti Harlemu. Spremljale so jih mo\u010dne policijske enote in pri\u0161lo je do ob\u010dasnih spopadov in aretacij. Protestniki so vzklikali gesla proti rasisti\u010dni policiji in zahtevali pravico za umore. Posnetka policijskega nasilja iz Louisiane in Minnesote sta tako pretresljiva, da celo republikanci in ameri\u0161ka televizija Fox niso nemudoma stopili na stran policistov. Guverner Minnesote Mark Dayton je dejal, da se, kar se je zgodilo v sredo 32-letnemu temnopoltemu Philandu Castilu, belemu vozniku nikoli ne bi zgodilo in pozval zvezno pravosodno ministrstvo, da spro\u017ei preiskavo. To, da guverner d","og_url":"https:\/\/hudo.com\/si\/aktualno\/med-protestom-v-dallasu-odjeknili-streli-ubiti-stirje-policisti\/","og_site_name":"Hudo Slovenija","article_publisher":"https:\/\/www.facebook.com\/hudo.si","article_published_time":"2016-07-08T03:15:00+00:00","article_modified_time":"2016-07-09T01:22:28+00:00","og_image":[{"width":450,"height":300,"url":"https:\/\/hudo.com\/si\/wp-content\/uploads\/sites\/2\/2016\/07\/MDF83846-300.jpg","type":"image\/jpeg"}],"author":"hudo","twitter_card":"summary_large_image","twitter_creator":"@hudo_si","twitter_site":"@hudo_si","twitter_misc":{"Written by":"hudo","Est. reading time":"2 minuti"},"schema":{"@context":"https:\/\/schema.org","@graph":[{"@type":"Article","@id":"https:\/\/hudo.com\/si\/aktualno\/med-protestom-v-dallasu-odjeknili-streli-ubiti-stirje-policisti\/#article","isPartOf":{"@id":"https:\/\/hudo.com\/si\/aktualno\/med-protestom-v-dallasu-odjeknili-streli-ubiti-stirje-policisti\/"},"author":{"name":"hudo","@id":"https:\/\/hudo.com\/si\/#\/schema\/person\/601cf3379633985b20f7e50f2bb47707"},"headline":"Med protestom v Dallasu odjeknili streli, ubiti \u0161tirje policisti","datePublished":"2016-07-08T03:15:00+00:00","dateModified":"2016-07-09T01:22:28+00:00","mainEntityOfPage":{"@id":"https:\/\/hudo.com\/si\/aktualno\/med-protestom-v-dallasu-odjeknili-streli-ubiti-stirje-policisti\/"},"wordCount":353,"publisher":{"@id":"https:\/\/hudo.com\/si\/#organization"},"articleSection":["Aktualno"],"inLanguage":"sl-SI"},{"@type":"WebPage","@id":"https:\/\/hudo.com\/si\/aktualno\/med-protestom-v-dallasu-odjeknili-streli-ubiti-stirje-policisti\/","url":"https:\/\/hudo.com\/si\/aktualno\/med-protestom-v-dallasu-odjeknili-streli-ubiti-stirje-policisti\/","name":"Med protestom v Dallasu odjeknili streli, ubiti \u0161tirje policisti - Hudo Slovenija","isPartOf":{"@id":"https:\/\/hudo.com\/si\/#website"},"datePublished":"2016-07-08T03:15:00+00:00","dateModified":"2016-07-09T01:22:28+00:00","breadcrumb":{"@id":"https:\/\/hudo.com\/si\/aktualno\/med-protestom-v-dallasu-odjeknili-streli-ubiti-stirje-policisti\/#breadcrumb"},"inLanguage":"sl-SI","potentialAction":[{"@type":"ReadAction","target":["https:\/\/hudo.com\/si\/aktualno\/med-protestom-v-dallasu-odjeknili-streli-ubiti-stirje-policisti\/"]}]},{"@type":"BreadcrumbList","@id":"https:\/\/hudo.com\/si\/aktualno\/med-protestom-v-dallasu-odjeknili-streli-ubiti-stirje-policisti\/#breadcrumb","itemListElement":[{"@type":"ListItem","position":1,"name":"Home","item":"https:\/\/hudo.com\/si\/"},{"@type":"ListItem","position":2,"name":"Med protestom v Dallasu odjeknili streli, ubiti \u0161tirje policisti"}]},{"@type":"WebSite","@id":"https:\/\/hudo.com\/si\/#website","url":"https:\/\/hudo.com\/si\/","name":"Hudo Slovenija","description":"Vse novice iz Slovenije in sveta","publisher":{"@id":"https:\/\/hudo.com\/si\/#organization"},"potentialAction":[{"@type":"SearchAction","target":{"@type":"EntryPoint","urlTemplate":"https:\/\/hudo.com\/si\/?s={search_term_string}"},"query-input":"required name=search_term_string"}],"inLanguage":"sl-SI"},{"@type":"Organization","@id":"https:\/\/hudo.com\/si\/#organization","name":"VSN Media","url":"https:\/\/hudo.com\/si\/","logo":{"@type":"ImageObject","inLanguage":"sl-SI","@id":"https:\/\/hudo.com\/si\/#\/schema\/logo\/image\/","url":"https:\/\/hudo.com\/si\/wp-content\/uploads\/sites\/2\/2021\/03\/hudo-app-2.png","contentUrl":"https:\/\/hudo.com\/si\/wp-content\/uploads\/sites\/2\/2021\/03\/hudo-app-2.png","width":2185,"height":2167,"caption":"VSN Media"},"image":{"@id":"https:\/\/hudo.com\/si\/#\/schema\/logo\/image\/"},"sameAs":["https:\/\/www.facebook.com\/hudo.si","https:\/\/twitter.com\/hudo_si"]},{"@type":"Person","@id":"https:\/\/hudo.com\/si\/#\/schema\/person\/601cf3379633985b20f7e50f2bb47707","name":"hudo","image":{"@type":"ImageObject","inLanguage":"sl-SI","@id":"https:\/\/hudo.com\/si\/#\/schema\/person\/image\/","url":"https:\/\/secure.gravatar.com\/avatar\/c4ca25fa72cace7a696b52ff5db9e095?s=96&d=mm&r=g","contentUrl":"https:\/\/secure.gravatar.com\/avatar\/c4ca25fa72cace7a696b52ff5db9e095?s=96&d=mm&r=g","caption":"hudo"},"url":"https:\/\/hudo.com\/si\/author\/hudo\/"}]}},"amp_enabled":true,"_links":{"self":[{"href":"https:\/\/hudo.com\/si\/wp-json\/wp\/v2\/posts\/90729"}],"collection":[{"href":"https:\/\/hudo.com\/si\/wp-json\/wp\/v2\/posts"}],"about":[{"href":"https:\/\/hudo.com\/si\/wp-json\/wp\/v2\/types\/post"}],"author":[{"embeddable":true,"href":"https:\/\/hudo.com\/si\/wp-json\/wp\/v2\/users\/1"}],"replies":[{"embeddable":true,"href":"https:\/\/hudo.com\/si\/wp-json\/wp\/v2\/comments?post=90729"}],"version-history":[{"count":1,"href":"https:\/\/hudo.com\/si\/wp-json\/wp\/v2\/posts\/90729\/revisions"}],"predecessor-version":[{"id":90920,"href":"https:\/\/hudo.com\/si\/wp-json\/wp\/v2\/posts\/90729\/revisions\/90920"}],"wp:attachment":[{"href":"https:\/\/hudo.com\/si\/wp-json\/wp\/v2\/media?parent=90729"}],"wp:term":[{"taxonomy":"category","embeddable":true,"href":"https:\/\/hudo.com\/si\/wp-json\/wp\/v2\/categories?post=90729"},{"taxonomy":"post_tag","embeddable":true,"href":"https:\/\/hudo.com\/si\/wp-json\/wp\/v2\/tags?post=90729"},{"taxonomy":"source","embeddable":true,"href":"https:\/\/hudo.com\/si\/wp-json\/wp\/v2\/source?post=90729"},{"taxonomy":"supertag","embeddable":true,"href":"https:\/\/hudo.com\/si\/wp-json\/wp\/v2\/supertag?post=90729"}],"curies":[{"name":"wp","href":"https:\/\/api.w.org\/{rel}","templated":true}]}}