{"id":90747,"date":"2016-07-08T04:01:00","date_gmt":"2016-07-08T02:01:00","guid":{"rendered":"http:\/\/hudo.com\/si\/2016\/07\/08\/iscejo-kompromis-za-soske-vile\/"},"modified":"2016-07-10T09:42:33","modified_gmt":"2016-07-10T07:42:33","slug":"iscejo-kompromis-za-soske-vile","status":"publish","type":"post","link":"https:\/\/hudo.com\/si\/aktualno\/iscejo-kompromis-za-soske-vile\/","title":{"rendered":"I\u0161\u010dejo kompromis za So\u0161ke vile"},"content":{"rendered":"<p>Po letih nesoglasij okrog na\u010drtovane soseske So\u0161ka vile so se Solkanci, mestna ob\u010dina in dru\u017eba Gorica Invest le za\u010deli pogovarjati, da bi uskladili interese. Ljudje so proti gosti pozidavi in zahtevajo, naj bodo tam tudi javne zelene povr\u0161ine, odpravi naj se te\u017eave s prometom ter odpre \u017eelezni\u0161ki prehod na Veliki poti. Ob\u010dina upa, da bodo na\u0161li primerno re\u0161itev za vse.<\/p>\n","protected":false},"excerpt":{"rendered":"<p>Po letih nesoglasij okrog na\u010drtovane soseske So\u0161ka vile so se Solkanci, mestna ob\u010dina in dru\u017eba Gorica Invest le za\u010deli pogovarjati, da bi uskladili interese. Ljudje so proti gosti pozidavi in zahtevajo, naj bodo tam tudi javne zelene povr\u0161ine, odpravi naj se te\u017eave s prometom ter odpre \u017eelezni\u0161ki prehod na Veliki poti. Ob\u010dina upa, da bodo na\u0161li primerno re\u0161itev za vse.<\/p>\n","protected":false},"author":1,"featured_media":0,"comment_status":"closed","ping_status":"closed","sticky":false,"template":"","format":"standard","meta":{"footnotes":""},"categories":[1179],"tags":[],"source":[1707],"supertag":[],"acf":[],"yoast_head":"<!-- This site is optimized with the Yoast SEO plugin v21.3 - https:\/\/yoast.com\/wordpress\/plugins\/seo\/ -->\n<title>I\u0161\u010dejo kompromis za So\u0161ke vile - Hudo Slovenija<\/title>\n<meta name=\"robots\" content=\"index, follow, max-snippet:-1, max-image-preview:large, max-video-preview:-1\" \/>\n<link rel=\"canonical\" href=\"https:\/\/hudo.com\/si\/aktualno\/iscejo-kompromis-za-soske-vile\/\" \/>\n<meta property=\"og:locale\" content=\"sl_SI\" \/>\n<meta property=\"og:type\" content=\"article\" \/>\n<meta property=\"og:title\" content=\"I\u0161\u010dejo kompromis za So\u0161ke vile - Hudo Slovenija\" \/>\n<meta property=\"og:description\" content=\"Po letih nesoglasij okrog na\u010drtovane soseske So\u0161ka vile so se Solkanci, mestna ob\u010dina in dru\u017eba Gorica Invest le za\u010deli pogovarjati, da bi uskladili interese. Ljudje so proti gosti pozidavi in zahtevajo, naj bodo tam tudi javne zelene povr\u0161ine, odpravi naj se te\u017eave s prometom ter odpre \u017eelezni\u0161ki prehod na Veliki poti. Ob\u010dina upa, da bodo na\u0161li primerno re\u0161itev za vse.\" \/>\n<meta property=\"og:url\" content=\"https:\/\/hudo.com\/si\/aktualno\/iscejo-kompromis-za-soske-vile\/\" \/>\n<meta property=\"og:site_name\" content=\"Hudo Slovenija\" \/>\n<meta property=\"article:publisher\" content=\"https:\/\/www.facebook.com\/hudo.si\" \/>\n<meta property=\"article:published_time\" content=\"2016-07-08T02:01:00+00:00\" \/>\n<meta property=\"article:modified_time\" content=\"2016-07-10T07:42:33+00:00\" \/>\n<meta property=\"og:image\" content=\"https:\/\/hudo.com\/si\/wp-content\/uploads\/sites\/2\/2016\/07\/Vile_Solkan_011.jpg\" \/>\n\t<meta property=\"og:image:width\" content=\"620\" \/>\n\t<meta property=\"og:image:height\" content=\"413\" \/>\n\t<meta property=\"og:image:type\" content=\"image\/jpeg\" \/>\n<meta name=\"author\" content=\"hudo\" \/>\n<meta name=\"twitter:card\" content=\"summary_large_image\" \/>\n<meta name=\"twitter:creator\" content=\"@hudo_si\" \/>\n<meta name=\"twitter:site\" content=\"@hudo_si\" \/>\n<meta name=\"twitter:label1\" content=\"Written by\" \/>\n\t<meta name=\"twitter:data1\" content=\"hudo\" \/>\n<script type=\"application\/ld+json\" class=\"yoast-schema-graph\">{\"@context\":\"https:\/\/schema.org\",\"@graph\":[{\"@type\":\"Article\",\"@id\":\"https:\/\/hudo.com\/si\/aktualno\/iscejo-kompromis-za-soske-vile\/#article\",\"isPartOf\":{\"@id\":\"https:\/\/hudo.com\/si\/aktualno\/iscejo-kompromis-za-soske-vile\/\"},\"author\":{\"name\":\"hudo\",\"@id\":\"https:\/\/hudo.com\/si\/#\/schema\/person\/601cf3379633985b20f7e50f2bb47707\"},\"headline\":\"I\u0161\u010dejo kompromis za So\u0161ke vile\",\"datePublished\":\"2016-07-08T02:01:00+00:00\",\"dateModified\":\"2016-07-10T07:42:33+00:00\",\"mainEntityOfPage\":{\"@id\":\"https:\/\/hudo.com\/si\/aktualno\/iscejo-kompromis-za-soske-vile\/\"},\"wordCount\":78,\"publisher\":{\"@id\":\"https:\/\/hudo.com\/si\/#organization\"},\"articleSection\":[\"Aktualno\"],\"inLanguage\":\"sl-SI\"},{\"@type\":\"WebPage\",\"@id\":\"https:\/\/hudo.com\/si\/aktualno\/iscejo-kompromis-za-soske-vile\/\",\"url\":\"https:\/\/hudo.com\/si\/aktualno\/iscejo-kompromis-za-soske-vile\/\",\"name\":\"I\u0161\u010dejo kompromis za So\u0161ke vile - Hudo Slovenija\",\"isPartOf\":{\"@id\":\"https:\/\/hudo.com\/si\/#website\"},\"datePublished\":\"2016-07-08T02:01:00+00:00\",\"dateModified\":\"2016-07-10T07:42:33+00:00\",\"breadcrumb\":{\"@id\":\"https:\/\/hudo.com\/si\/aktualno\/iscejo-kompromis-za-soske-vile\/#breadcrumb\"},\"inLanguage\":\"sl-SI\",\"potentialAction\":[{\"@type\":\"ReadAction\",\"target\":[\"https:\/\/hudo.com\/si\/aktualno\/iscejo-kompromis-za-soske-vile\/\"]}]},{\"@type\":\"BreadcrumbList\",\"@id\":\"https:\/\/hudo.com\/si\/aktualno\/iscejo-kompromis-za-soske-vile\/#breadcrumb\",\"itemListElement\":[{\"@type\":\"ListItem\",\"position\":1,\"name\":\"Home\",\"item\":\"https:\/\/hudo.com\/si\/\"},{\"@type\":\"ListItem\",\"position\":2,\"name\":\"I\u0161\u010dejo kompromis za So\u0161ke vile\"}]},{\"@type\":\"WebSite\",\"@id\":\"https:\/\/hudo.com\/si\/#website\",\"url\":\"https:\/\/hudo.com\/si\/\",\"name\":\"Hudo Slovenija\",\"description\":\"Vse novice iz Slovenije in sveta\",\"publisher\":{\"@id\":\"https:\/\/hudo.com\/si\/#organization\"},\"potentialAction\":[{\"@type\":\"SearchAction\",\"target\":{\"@type\":\"EntryPoint\",\"urlTemplate\":\"https:\/\/hudo.com\/si\/?s={search_term_string}\"},\"query-input\":\"required name=search_term_string\"}],\"inLanguage\":\"sl-SI\"},{\"@type\":\"Organization\",\"@id\":\"https:\/\/hudo.com\/si\/#organization\",\"name\":\"VSN Media\",\"url\":\"https:\/\/hudo.com\/si\/\",\"logo\":{\"@type\":\"ImageObject\",\"inLanguage\":\"sl-SI\",\"@id\":\"https:\/\/hudo.com\/si\/#\/schema\/logo\/image\/\",\"url\":\"https:\/\/hudo.com\/si\/wp-content\/uploads\/sites\/2\/2021\/03\/hudo-app-2.png\",\"contentUrl\":\"https:\/\/hudo.com\/si\/wp-content\/uploads\/sites\/2\/2021\/03\/hudo-app-2.png\",\"width\":2185,\"height\":2167,\"caption\":\"VSN Media\"},\"image\":{\"@id\":\"https:\/\/hudo.com\/si\/#\/schema\/logo\/image\/\"},\"sameAs\":[\"https:\/\/www.facebook.com\/hudo.si\",\"https:\/\/twitter.com\/hudo_si\"]},{\"@type\":\"Person\",\"@id\":\"https:\/\/hudo.com\/si\/#\/schema\/person\/601cf3379633985b20f7e50f2bb47707\",\"name\":\"hudo\",\"image\":{\"@type\":\"ImageObject\",\"inLanguage\":\"sl-SI\",\"@id\":\"https:\/\/hudo.com\/si\/#\/schema\/person\/image\/\",\"url\":\"https:\/\/secure.gravatar.com\/avatar\/c4ca25fa72cace7a696b52ff5db9e095?s=96&d=mm&r=g\",\"contentUrl\":\"https:\/\/secure.gravatar.com\/avatar\/c4ca25fa72cace7a696b52ff5db9e095?s=96&d=mm&r=g\",\"caption\":\"hudo\"},\"url\":\"https:\/\/hudo.com\/si\/author\/hudo\/\"}]}<\/script>\n<!-- \/ Yoast SEO plugin. -->","yoast_head_json":{"title":"I\u0161\u010dejo kompromis za So\u0161ke vile - Hudo Slovenija","robots":{"index":"index","follow":"follow","max-snippet":"max-snippet:-1","max-image-preview":"max-image-preview:large","max-video-preview":"max-video-preview:-1"},"canonical":"https:\/\/hudo.com\/si\/aktualno\/iscejo-kompromis-za-soske-vile\/","og_locale":"sl_SI","og_type":"article","og_title":"I\u0161\u010dejo kompromis za So\u0161ke vile - Hudo Slovenija","og_description":"Po letih nesoglasij okrog na\u010drtovane soseske So\u0161ka vile so se Solkanci, mestna ob\u010dina in dru\u017eba Gorica Invest le za\u010deli pogovarjati, da bi uskladili interese. Ljudje so proti gosti pozidavi in zahtevajo, naj bodo tam tudi javne zelene povr\u0161ine, odpravi naj se te\u017eave s prometom ter odpre \u017eelezni\u0161ki prehod na Veliki poti. Ob\u010dina upa, da bodo na\u0161li primerno re\u0161itev za vse.","og_url":"https:\/\/hudo.com\/si\/aktualno\/iscejo-kompromis-za-soske-vile\/","og_site_name":"Hudo Slovenija","article_publisher":"https:\/\/www.facebook.com\/hudo.si","article_published_time":"2016-07-08T02:01:00+00:00","article_modified_time":"2016-07-10T07:42:33+00:00","og_image":[{"width":620,"height":413,"url":"https:\/\/hudo.com\/si\/wp-content\/uploads\/sites\/2\/2016\/07\/Vile_Solkan_011.jpg","type":"image\/jpeg"}],"author":"hudo","twitter_card":"summary_large_image","twitter_creator":"@hudo_si","twitter_site":"@hudo_si","twitter_misc":{"Written by":"hudo"},"schema":{"@context":"https:\/\/schema.org","@graph":[{"@type":"Article","@id":"https:\/\/hudo.com\/si\/aktualno\/iscejo-kompromis-za-soske-vile\/#article","isPartOf":{"@id":"https:\/\/hudo.com\/si\/aktualno\/iscejo-kompromis-za-soske-vile\/"},"author":{"name":"hudo","@id":"https:\/\/hudo.com\/si\/#\/schema\/person\/601cf3379633985b20f7e50f2bb47707"},"headline":"I\u0161\u010dejo kompromis za So\u0161ke vile","datePublished":"2016-07-08T02:01:00+00:00","dateModified":"2016-07-10T07:42:33+00:00","mainEntityOfPage":{"@id":"https:\/\/hudo.com\/si\/aktualno\/iscejo-kompromis-za-soske-vile\/"},"wordCount":78,"publisher":{"@id":"https:\/\/hudo.com\/si\/#organization"},"articleSection":["Aktualno"],"inLanguage":"sl-SI"},{"@type":"WebPage","@id":"https:\/\/hudo.com\/si\/aktualno\/iscejo-kompromis-za-soske-vile\/","url":"https:\/\/hudo.com\/si\/aktualno\/iscejo-kompromis-za-soske-vile\/","name":"I\u0161\u010dejo kompromis za So\u0161ke vile - Hudo Slovenija","isPartOf":{"@id":"https:\/\/hudo.com\/si\/#website"},"datePublished":"2016-07-08T02:01:00+00:00","dateModified":"2016-07-10T07:42:33+00:00","breadcrumb":{"@id":"https:\/\/hudo.com\/si\/aktualno\/iscejo-kompromis-za-soske-vile\/#breadcrumb"},"inLanguage":"sl-SI","potentialAction":[{"@type":"ReadAction","target":["https:\/\/hudo.com\/si\/aktualno\/iscejo-kompromis-za-soske-vile\/"]}]},{"@type":"BreadcrumbList","@id":"https:\/\/hudo.com\/si\/aktualno\/iscejo-kompromis-za-soske-vile\/#breadcrumb","itemListElement":[{"@type":"ListItem","position":1,"name":"Home","item":"https:\/\/hudo.com\/si\/"},{"@type":"ListItem","position":2,"name":"I\u0161\u010dejo kompromis za So\u0161ke vile"}]},{"@type":"WebSite","@id":"https:\/\/hudo.com\/si\/#website","url":"https:\/\/hudo.com\/si\/","name":"Hudo Slovenija","description":"Vse novice iz Slovenije in sveta","publisher":{"@id":"https:\/\/hudo.com\/si\/#organization"},"potentialAction":[{"@type":"SearchAction","target":{"@type":"EntryPoint","urlTemplate":"https:\/\/hudo.com\/si\/?s={search_term_string}"},"query-input":"required name=search_term_string"}],"inLanguage":"sl-SI"},{"@type":"Organization","@id":"https:\/\/hudo.com\/si\/#organization","name":"VSN Media","url":"https:\/\/hudo.com\/si\/","logo":{"@type":"ImageObject","inLanguage":"sl-SI","@id":"https:\/\/hudo.com\/si\/#\/schema\/logo\/image\/","url":"https:\/\/hudo.com\/si\/wp-content\/uploads\/sites\/2\/2021\/03\/hudo-app-2.png","contentUrl":"https:\/\/hudo.com\/si\/wp-content\/uploads\/sites\/2\/2021\/03\/hudo-app-2.png","width":2185,"height":2167,"caption":"VSN Media"},"image":{"@id":"https:\/\/hudo.com\/si\/#\/schema\/logo\/image\/"},"sameAs":["https:\/\/www.facebook.com\/hudo.si","https:\/\/twitter.com\/hudo_si"]},{"@type":"Person","@id":"https:\/\/hudo.com\/si\/#\/schema\/person\/601cf3379633985b20f7e50f2bb47707","name":"hudo","image":{"@type":"ImageObject","inLanguage":"sl-SI","@id":"https:\/\/hudo.com\/si\/#\/schema\/person\/image\/","url":"https:\/\/secure.gravatar.com\/avatar\/c4ca25fa72cace7a696b52ff5db9e095?s=96&d=mm&r=g","contentUrl":"https:\/\/secure.gravatar.com\/avatar\/c4ca25fa72cace7a696b52ff5db9e095?s=96&d=mm&r=g","caption":"hudo"},"url":"https:\/\/hudo.com\/si\/author\/hudo\/"}]}},"amp_enabled":true,"_links":{"self":[{"href":"https:\/\/hudo.com\/si\/wp-json\/wp\/v2\/posts\/90747"}],"collection":[{"href":"https:\/\/hudo.com\/si\/wp-json\/wp\/v2\/posts"}],"about":[{"href":"https:\/\/hudo.com\/si\/wp-json\/wp\/v2\/types\/post"}],"author":[{"embeddable":true,"href":"https:\/\/hudo.com\/si\/wp-json\/wp\/v2\/users\/1"}],"replies":[{"embeddable":true,"href":"https:\/\/hudo.com\/si\/wp-json\/wp\/v2\/comments?post=90747"}],"version-history":[{"count":1,"href":"https:\/\/hudo.com\/si\/wp-json\/wp\/v2\/posts\/90747\/revisions"}],"predecessor-version":[{"id":90935,"href":"https:\/\/hudo.com\/si\/wp-json\/wp\/v2\/posts\/90747\/revisions\/90935"}],"wp:attachment":[{"href":"https:\/\/hudo.com\/si\/wp-json\/wp\/v2\/media?parent=90747"}],"wp:term":[{"taxonomy":"category","embeddable":true,"href":"https:\/\/hudo.com\/si\/wp-json\/wp\/v2\/categories?post=90747"},{"taxonomy":"post_tag","embeddable":true,"href":"https:\/\/hudo.com\/si\/wp-json\/wp\/v2\/tags?post=90747"},{"taxonomy":"source","embeddable":true,"href":"https:\/\/hudo.com\/si\/wp-json\/wp\/v2\/source?post=90747"},{"taxonomy":"supertag","embeddable":true,"href":"https:\/\/hudo.com\/si\/wp-json\/wp\/v2\/supertag?post=90747"}],"curies":[{"name":"wp","href":"https:\/\/api.w.org\/{rel}","templated":true}]}}