{"id":90781,"date":"2016-07-08T04:00:00","date_gmt":"2016-07-08T02:00:00","guid":{"rendered":"http:\/\/hudo.com\/si\/2016\/07\/08\/stavka-jeseni-enostranski-ukrepi-niso-izkljuceni\/"},"modified":"2016-07-09T03:46:44","modified_gmt":"2016-07-09T01:46:44","slug":"stavka-jeseni-enostranski-ukrepi-niso-izkljuceni","status":"publish","type":"post","link":"https:\/\/hudo.com\/si\/aktualno\/stavka-jeseni-enostranski-ukrepi-niso-izkljuceni\/","title":{"rendered":"Stavka jeseni? &#8220;Enostranski ukrepi niso izklju\u010deni.&#8221;"},"content":{"rendered":"<p>Zaradi ponavljajo\u010dih se kozmeti\u010dnih popravkov vladnih proti predlogov je jasno, da pred po\u010ditnicami dogovora o spro\u0161\u010danju var\u010devalnih ukrepov v javnem sektorju ne bo. Kaj je sindikalni minimum, da do dogovora pride jeseni? &#8220;Zaradi pogajalskega procesa te\u017eko govorim o minimumu, ki ga za dogovor zahtevamo sindikati, vendar pa smo v pogajanjih izpostavili dve to\u010dki, ki naj bi privedli do dogovora: da se ukrepi dogovorjeni lani sprostijo do konca leta 2019 ter da do postopnega spro\u0161\u010danja ukrepov pride \u017ee v letu 2017. V kak\u0161nem obsegu je stvar pogajanj, vemo pa, da vlada za leto 2017 za sprostitev ni predlo\u017eila nobenega od ukrepov iz dogovora sklenjenega lani.&#8221; Ko tehtate med regresom za letni dopust, napredovanji in odstotkovni rasti premije dodatnega pokojninskega zavarovanja, pri katerem ne mislite popu\u0161\u010dati ve\u010d? &#8220;Regres za letni dopust je to\u010dka, ki je problemati\u010dna, saj je \u017ee pet let ni\u017eja od zakonskega minimuma, ki pripada vsem zaposlenim. S sistemskega vidika bi podalj\u0161evanje tega ukrepa predstavljalo problem, tudi napredovanja so zelo pomembna, prav tako pa bi imelo podalj\u0161evanje obdobja zni\u017eanih premij dolgoro\u010dne posledice pri izpla\u010dilu ob upokojitvi, zato je potrebno dose\u010di neko ravnote\u017eje pri postopnem spro\u0161\u010danju. Pri posameznih ukrepih obstaja razli\u010den maneverski prostor za pogajanja, vendar pa si pri regresu te\u017eko predstavljam, da bi iskali \u0161e kak\u0161ne vmesne re\u0161itve med trenutnim izpla\u010dilom in zakonskim minimumom.&#8221; Brez regresa v vi\u0161ini minimalne pla\u010de za vse v letu 2017 torej do dogovora ne more priti? &#8220;Pristanek na ta pogoj bi pomenil pomemben premik v pogajanjih.&#8221; \u010ce dogovora ne bo, je stavka javnega sektorja jeseni neizbe\u017ena? &#8220;To je odvisno od tega, kak\u0161ne ukrepe bi potegnila vlada v primeru, da dogovora ne bi bilo. Kolikor je bilo razumeti vladno stran, enostranski ukrepi niso izklju\u010deni, kar bo zagotovo vodilo v konflikt. Sindikati bomo naredili vse, da zavarujemo pravice na\u0161ih \u010dlanov.&#8221; Vlada bi rada s spremembo pla\u010dnega in uslu\u017ebenskega zakona bistveno<\/p>\n","protected":false},"excerpt":{"rendered":"<p>Zaradi ponavljajo\u010dih se kozmeti\u010dnih popravkov vladnih proti predlogov je jasno, da pred po\u010ditnicami dogovora o spro\u0161\u010danju var\u010devalnih ukrepov v javnem sektorju ne bo. Kaj je sindikalni minimum, da do dogovora pride jeseni? &#8220;Zaradi pogajalskega procesa te\u017eko govorim o minimumu, ki ga za dogovor zahtevamo sindikati, vendar pa smo v pogajanjih izpostavili dve to\u010dki, ki naj bi privedli do dogovora: da se ukrepi dogovorjeni lani sprostijo do konca leta 2019 ter da do postopnega spro\u0161\u010danja ukrepov pride \u017ee v letu 2017. V kak\u0161nem obsegu je stvar pogajanj, vemo pa, da vlada za leto 2017 za sprostitev ni predlo\u017eila nobenega od ukrepov iz dogovora sklenjenega lani.&#8221; Ko tehtate med regresom za letni dopust, napredovanji in odstotkovni rasti premije dodatnega pokojninskega zavarovanja, pri katerem ne mislite popu\u0161\u010dati ve\u010d? &#8220;Regres za letni dopust je to\u010dka, ki je problemati\u010dna, saj je \u017ee pet let ni\u017eja od zakonskega minimuma, ki pripada vsem zaposlenim. S sistemskega vidika bi podalj\u0161evanje tega ukrepa predstavljalo problem, tudi napredovanja so zelo pomembna, prav tako pa bi imelo podalj\u0161evanje obdobja zni\u017eanih premij dolgoro\u010dne posledice pri izpla\u010dilu ob upokojitvi, zato je potrebno dose\u010di neko ravnote\u017eje pri postopnem spro\u0161\u010danju. Pri posameznih ukrepih obstaja razli\u010den maneverski prostor za pogajanja, vendar pa si pri regresu te\u017eko predstavljam, da bi iskali \u0161e kak\u0161ne vmesne re\u0161itve med trenutnim izpla\u010dilom in zakonskim minimumom.&#8221; Brez regresa v vi\u0161ini minimalne pla\u010de za vse v letu 2017 torej do dogovora ne more priti? &#8220;Pristanek na ta pogoj bi pomenil pomemben premik v pogajanjih.&#8221; \u010ce dogovora ne bo, je stavka javnega sektorja jeseni neizbe\u017ena? &#8220;To je odvisno od tega, kak\u0161ne ukrepe bi potegnila vlada v primeru, da dogovora ne bi bilo. Kolikor je bilo razumeti vladno stran, enostranski ukrepi niso izklju\u010deni, kar bo zagotovo vodilo v konflikt. Sindikati bomo naredili vse, da zavarujemo pravice na\u0161ih \u010dlanov.&#8221; Vlada bi rada s spremembo pla\u010dnega in uslu\u017ebenskega zakona bistveno<\/p>\n","protected":false},"author":1,"featured_media":0,"comment_status":"closed","ping_status":"closed","sticky":false,"template":"","format":"standard","meta":{"footnotes":""},"categories":[1179],"tags":[],"source":[1711],"supertag":[],"acf":[],"yoast_head":"<!-- This site is optimized with the Yoast SEO plugin v21.3 - https:\/\/yoast.com\/wordpress\/plugins\/seo\/ -->\n<title>Stavka jeseni? &quot;Enostranski ukrepi niso izklju\u010deni.&quot; - Hudo Slovenija<\/title>\n<meta name=\"robots\" content=\"index, follow, max-snippet:-1, max-image-preview:large, max-video-preview:-1\" \/>\n<link rel=\"canonical\" href=\"https:\/\/hudo.com\/si\/aktualno\/stavka-jeseni-enostranski-ukrepi-niso-izkljuceni\/\" \/>\n<meta property=\"og:locale\" content=\"sl_SI\" \/>\n<meta property=\"og:type\" content=\"article\" \/>\n<meta property=\"og:title\" content=\"Stavka jeseni? &quot;Enostranski ukrepi niso izklju\u010deni.&quot; - Hudo Slovenija\" \/>\n<meta property=\"og:description\" content=\"Zaradi ponavljajo\u010dih se kozmeti\u010dnih popravkov vladnih proti predlogov je jasno, da pred po\u010ditnicami dogovora o spro\u0161\u010danju var\u010devalnih ukrepov v javnem sektorju ne bo. Kaj je sindikalni minimum, da do dogovora pride jeseni? &quot;Zaradi pogajalskega procesa te\u017eko govorim o minimumu, ki ga za dogovor zahtevamo sindikati, vendar pa smo v pogajanjih izpostavili dve to\u010dki, ki naj bi privedli do dogovora: da se ukrepi dogovorjeni lani sprostijo do konca leta 2019 ter da do postopnega spro\u0161\u010danja ukrepov pride \u017ee v letu 2017. V kak\u0161nem obsegu je stvar pogajanj, vemo pa, da vlada za leto 2017 za sprostitev ni predlo\u017eila nobenega od ukrepov iz dogovora sklenjenega lani.&quot; Ko tehtate med regresom za letni dopust, napredovanji in odstotkovni rasti premije dodatnega pokojninskega zavarovanja, pri katerem ne mislite popu\u0161\u010dati ve\u010d? &quot;Regres za letni dopust je to\u010dka, ki je problemati\u010dna, saj je \u017ee pet let ni\u017eja od zakonskega minimuma, ki pripada vsem zaposlenim. S sistemskega vidika bi podalj\u0161evanje tega ukrepa predstavljalo problem, tudi napredovanja so zelo pomembna, prav tako pa bi imelo podalj\u0161evanje obdobja zni\u017eanih premij dolgoro\u010dne posledice pri izpla\u010dilu ob upokojitvi, zato je potrebno dose\u010di neko ravnote\u017eje pri postopnem spro\u0161\u010danju. Pri posameznih ukrepih obstaja razli\u010den maneverski prostor za pogajanja, vendar pa si pri regresu te\u017eko predstavljam, da bi iskali \u0161e kak\u0161ne vmesne re\u0161itve med trenutnim izpla\u010dilom in zakonskim minimumom.&quot; Brez regresa v vi\u0161ini minimalne pla\u010de za vse v letu 2017 torej do dogovora ne more priti? &quot;Pristanek na ta pogoj bi pomenil pomemben premik v pogajanjih.&quot; \u010ce dogovora ne bo, je stavka javnega sektorja jeseni neizbe\u017ena? &quot;To je odvisno od tega, kak\u0161ne ukrepe bi potegnila vlada v primeru, da dogovora ne bi bilo. Kolikor je bilo razumeti vladno stran, enostranski ukrepi niso izklju\u010deni, kar bo zagotovo vodilo v konflikt. Sindikati bomo naredili vse, da zavarujemo pravice na\u0161ih \u010dlanov.&quot; Vlada bi rada s spremembo pla\u010dnega in uslu\u017ebenskega zakona bistveno\" \/>\n<meta property=\"og:url\" content=\"https:\/\/hudo.com\/si\/aktualno\/stavka-jeseni-enostranski-ukrepi-niso-izkljuceni\/\" \/>\n<meta property=\"og:site_name\" content=\"Hudo Slovenija\" \/>\n<meta property=\"article:publisher\" content=\"https:\/\/www.facebook.com\/hudo.si\" \/>\n<meta property=\"article:published_time\" content=\"2016-07-08T02:00:00+00:00\" \/>\n<meta property=\"article:modified_time\" content=\"2016-07-09T01:46:44+00:00\" \/>\n<meta property=\"og:image\" content=\"https:\/\/hudo.com\/si\/wp-content\/uploads\/sites\/2\/2016\/07\/slo-300.jpg\" \/>\n\t<meta property=\"og:image:width\" content=\"450\" \/>\n\t<meta property=\"og:image:height\" content=\"300\" \/>\n\t<meta property=\"og:image:type\" content=\"image\/jpeg\" \/>\n<meta name=\"author\" content=\"hudo\" \/>\n<meta name=\"twitter:card\" content=\"summary_large_image\" \/>\n<meta name=\"twitter:creator\" content=\"@hudo_si\" \/>\n<meta name=\"twitter:site\" content=\"@hudo_si\" \/>\n<meta name=\"twitter:label1\" content=\"Written by\" \/>\n\t<meta name=\"twitter:data1\" content=\"hudo\" \/>\n\t<meta name=\"twitter:label2\" content=\"Est. reading time\" \/>\n\t<meta name=\"twitter:data2\" content=\"2 minuti\" \/>\n<script type=\"application\/ld+json\" class=\"yoast-schema-graph\">{\"@context\":\"https:\/\/schema.org\",\"@graph\":[{\"@type\":\"Article\",\"@id\":\"https:\/\/hudo.com\/si\/aktualno\/stavka-jeseni-enostranski-ukrepi-niso-izkljuceni\/#article\",\"isPartOf\":{\"@id\":\"https:\/\/hudo.com\/si\/aktualno\/stavka-jeseni-enostranski-ukrepi-niso-izkljuceni\/\"},\"author\":{\"name\":\"hudo\",\"@id\":\"https:\/\/hudo.com\/si\/#\/schema\/person\/601cf3379633985b20f7e50f2bb47707\"},\"headline\":\"Stavka jeseni? &#8220;Enostranski ukrepi niso izklju\u010deni.&#8221;\",\"datePublished\":\"2016-07-08T02:00:00+00:00\",\"dateModified\":\"2016-07-09T01:46:44+00:00\",\"mainEntityOfPage\":{\"@id\":\"https:\/\/hudo.com\/si\/aktualno\/stavka-jeseni-enostranski-ukrepi-niso-izkljuceni\/\"},\"wordCount\":341,\"publisher\":{\"@id\":\"https:\/\/hudo.com\/si\/#organization\"},\"articleSection\":[\"Aktualno\"],\"inLanguage\":\"sl-SI\"},{\"@type\":\"WebPage\",\"@id\":\"https:\/\/hudo.com\/si\/aktualno\/stavka-jeseni-enostranski-ukrepi-niso-izkljuceni\/\",\"url\":\"https:\/\/hudo.com\/si\/aktualno\/stavka-jeseni-enostranski-ukrepi-niso-izkljuceni\/\",\"name\":\"Stavka jeseni? \\\"Enostranski ukrepi niso izklju\u010deni.\\\" - Hudo Slovenija\",\"isPartOf\":{\"@id\":\"https:\/\/hudo.com\/si\/#website\"},\"datePublished\":\"2016-07-08T02:00:00+00:00\",\"dateModified\":\"2016-07-09T01:46:44+00:00\",\"breadcrumb\":{\"@id\":\"https:\/\/hudo.com\/si\/aktualno\/stavka-jeseni-enostranski-ukrepi-niso-izkljuceni\/#breadcrumb\"},\"inLanguage\":\"sl-SI\",\"potentialAction\":[{\"@type\":\"ReadAction\",\"target\":[\"https:\/\/hudo.com\/si\/aktualno\/stavka-jeseni-enostranski-ukrepi-niso-izkljuceni\/\"]}]},{\"@type\":\"BreadcrumbList\",\"@id\":\"https:\/\/hudo.com\/si\/aktualno\/stavka-jeseni-enostranski-ukrepi-niso-izkljuceni\/#breadcrumb\",\"itemListElement\":[{\"@type\":\"ListItem\",\"position\":1,\"name\":\"Home\",\"item\":\"https:\/\/hudo.com\/si\/\"},{\"@type\":\"ListItem\",\"position\":2,\"name\":\"Stavka jeseni? &#8220;Enostranski ukrepi niso izklju\u010deni.&#8221;\"}]},{\"@type\":\"WebSite\",\"@id\":\"https:\/\/hudo.com\/si\/#website\",\"url\":\"https:\/\/hudo.com\/si\/\",\"name\":\"Hudo Slovenija\",\"description\":\"Vse novice iz Slovenije in sveta\",\"publisher\":{\"@id\":\"https:\/\/hudo.com\/si\/#organization\"},\"potentialAction\":[{\"@type\":\"SearchAction\",\"target\":{\"@type\":\"EntryPoint\",\"urlTemplate\":\"https:\/\/hudo.com\/si\/?s={search_term_string}\"},\"query-input\":\"required name=search_term_string\"}],\"inLanguage\":\"sl-SI\"},{\"@type\":\"Organization\",\"@id\":\"https:\/\/hudo.com\/si\/#organization\",\"name\":\"VSN Media\",\"url\":\"https:\/\/hudo.com\/si\/\",\"logo\":{\"@type\":\"ImageObject\",\"inLanguage\":\"sl-SI\",\"@id\":\"https:\/\/hudo.com\/si\/#\/schema\/logo\/image\/\",\"url\":\"https:\/\/hudo.com\/si\/wp-content\/uploads\/sites\/2\/2021\/03\/hudo-app-2.png\",\"contentUrl\":\"https:\/\/hudo.com\/si\/wp-content\/uploads\/sites\/2\/2021\/03\/hudo-app-2.png\",\"width\":2185,\"height\":2167,\"caption\":\"VSN Media\"},\"image\":{\"@id\":\"https:\/\/hudo.com\/si\/#\/schema\/logo\/image\/\"},\"sameAs\":[\"https:\/\/www.facebook.com\/hudo.si\",\"https:\/\/twitter.com\/hudo_si\"]},{\"@type\":\"Person\",\"@id\":\"https:\/\/hudo.com\/si\/#\/schema\/person\/601cf3379633985b20f7e50f2bb47707\",\"name\":\"hudo\",\"image\":{\"@type\":\"ImageObject\",\"inLanguage\":\"sl-SI\",\"@id\":\"https:\/\/hudo.com\/si\/#\/schema\/person\/image\/\",\"url\":\"https:\/\/secure.gravatar.com\/avatar\/c4ca25fa72cace7a696b52ff5db9e095?s=96&d=mm&r=g\",\"contentUrl\":\"https:\/\/secure.gravatar.com\/avatar\/c4ca25fa72cace7a696b52ff5db9e095?s=96&d=mm&r=g\",\"caption\":\"hudo\"},\"url\":\"https:\/\/hudo.com\/si\/author\/hudo\/\"}]}<\/script>\n<!-- \/ Yoast SEO plugin. -->","yoast_head_json":{"title":"Stavka jeseni? \"Enostranski ukrepi niso izklju\u010deni.\" - Hudo Slovenija","robots":{"index":"index","follow":"follow","max-snippet":"max-snippet:-1","max-image-preview":"max-image-preview:large","max-video-preview":"max-video-preview:-1"},"canonical":"https:\/\/hudo.com\/si\/aktualno\/stavka-jeseni-enostranski-ukrepi-niso-izkljuceni\/","og_locale":"sl_SI","og_type":"article","og_title":"Stavka jeseni? \"Enostranski ukrepi niso izklju\u010deni.\" - Hudo Slovenija","og_description":"Zaradi ponavljajo\u010dih se kozmeti\u010dnih popravkov vladnih proti predlogov je jasno, da pred po\u010ditnicami dogovora o spro\u0161\u010danju var\u010devalnih ukrepov v javnem sektorju ne bo. Kaj je sindikalni minimum, da do dogovora pride jeseni? \"Zaradi pogajalskega procesa te\u017eko govorim o minimumu, ki ga za dogovor zahtevamo sindikati, vendar pa smo v pogajanjih izpostavili dve to\u010dki, ki naj bi privedli do dogovora: da se ukrepi dogovorjeni lani sprostijo do konca leta 2019 ter da do postopnega spro\u0161\u010danja ukrepov pride \u017ee v letu 2017. V kak\u0161nem obsegu je stvar pogajanj, vemo pa, da vlada za leto 2017 za sprostitev ni predlo\u017eila nobenega od ukrepov iz dogovora sklenjenega lani.\" Ko tehtate med regresom za letni dopust, napredovanji in odstotkovni rasti premije dodatnega pokojninskega zavarovanja, pri katerem ne mislite popu\u0161\u010dati ve\u010d? \"Regres za letni dopust je to\u010dka, ki je problemati\u010dna, saj je \u017ee pet let ni\u017eja od zakonskega minimuma, ki pripada vsem zaposlenim. S sistemskega vidika bi podalj\u0161evanje tega ukrepa predstavljalo problem, tudi napredovanja so zelo pomembna, prav tako pa bi imelo podalj\u0161evanje obdobja zni\u017eanih premij dolgoro\u010dne posledice pri izpla\u010dilu ob upokojitvi, zato je potrebno dose\u010di neko ravnote\u017eje pri postopnem spro\u0161\u010danju. Pri posameznih ukrepih obstaja razli\u010den maneverski prostor za pogajanja, vendar pa si pri regresu te\u017eko predstavljam, da bi iskali \u0161e kak\u0161ne vmesne re\u0161itve med trenutnim izpla\u010dilom in zakonskim minimumom.\" Brez regresa v vi\u0161ini minimalne pla\u010de za vse v letu 2017 torej do dogovora ne more priti? \"Pristanek na ta pogoj bi pomenil pomemben premik v pogajanjih.\" \u010ce dogovora ne bo, je stavka javnega sektorja jeseni neizbe\u017ena? \"To je odvisno od tega, kak\u0161ne ukrepe bi potegnila vlada v primeru, da dogovora ne bi bilo. Kolikor je bilo razumeti vladno stran, enostranski ukrepi niso izklju\u010deni, kar bo zagotovo vodilo v konflikt. Sindikati bomo naredili vse, da zavarujemo pravice na\u0161ih \u010dlanov.\" Vlada bi rada s spremembo pla\u010dnega in uslu\u017ebenskega zakona bistveno","og_url":"https:\/\/hudo.com\/si\/aktualno\/stavka-jeseni-enostranski-ukrepi-niso-izkljuceni\/","og_site_name":"Hudo Slovenija","article_publisher":"https:\/\/www.facebook.com\/hudo.si","article_published_time":"2016-07-08T02:00:00+00:00","article_modified_time":"2016-07-09T01:46:44+00:00","og_image":[{"width":450,"height":300,"url":"https:\/\/hudo.com\/si\/wp-content\/uploads\/sites\/2\/2016\/07\/slo-300.jpg","type":"image\/jpeg"}],"author":"hudo","twitter_card":"summary_large_image","twitter_creator":"@hudo_si","twitter_site":"@hudo_si","twitter_misc":{"Written by":"hudo","Est. reading time":"2 minuti"},"schema":{"@context":"https:\/\/schema.org","@graph":[{"@type":"Article","@id":"https:\/\/hudo.com\/si\/aktualno\/stavka-jeseni-enostranski-ukrepi-niso-izkljuceni\/#article","isPartOf":{"@id":"https:\/\/hudo.com\/si\/aktualno\/stavka-jeseni-enostranski-ukrepi-niso-izkljuceni\/"},"author":{"name":"hudo","@id":"https:\/\/hudo.com\/si\/#\/schema\/person\/601cf3379633985b20f7e50f2bb47707"},"headline":"Stavka jeseni? &#8220;Enostranski ukrepi niso izklju\u010deni.&#8221;","datePublished":"2016-07-08T02:00:00+00:00","dateModified":"2016-07-09T01:46:44+00:00","mainEntityOfPage":{"@id":"https:\/\/hudo.com\/si\/aktualno\/stavka-jeseni-enostranski-ukrepi-niso-izkljuceni\/"},"wordCount":341,"publisher":{"@id":"https:\/\/hudo.com\/si\/#organization"},"articleSection":["Aktualno"],"inLanguage":"sl-SI"},{"@type":"WebPage","@id":"https:\/\/hudo.com\/si\/aktualno\/stavka-jeseni-enostranski-ukrepi-niso-izkljuceni\/","url":"https:\/\/hudo.com\/si\/aktualno\/stavka-jeseni-enostranski-ukrepi-niso-izkljuceni\/","name":"Stavka jeseni? \"Enostranski ukrepi niso izklju\u010deni.\" - Hudo Slovenija","isPartOf":{"@id":"https:\/\/hudo.com\/si\/#website"},"datePublished":"2016-07-08T02:00:00+00:00","dateModified":"2016-07-09T01:46:44+00:00","breadcrumb":{"@id":"https:\/\/hudo.com\/si\/aktualno\/stavka-jeseni-enostranski-ukrepi-niso-izkljuceni\/#breadcrumb"},"inLanguage":"sl-SI","potentialAction":[{"@type":"ReadAction","target":["https:\/\/hudo.com\/si\/aktualno\/stavka-jeseni-enostranski-ukrepi-niso-izkljuceni\/"]}]},{"@type":"BreadcrumbList","@id":"https:\/\/hudo.com\/si\/aktualno\/stavka-jeseni-enostranski-ukrepi-niso-izkljuceni\/#breadcrumb","itemListElement":[{"@type":"ListItem","position":1,"name":"Home","item":"https:\/\/hudo.com\/si\/"},{"@type":"ListItem","position":2,"name":"Stavka jeseni? &#8220;Enostranski ukrepi niso izklju\u010deni.&#8221;"}]},{"@type":"WebSite","@id":"https:\/\/hudo.com\/si\/#website","url":"https:\/\/hudo.com\/si\/","name":"Hudo Slovenija","description":"Vse novice iz Slovenije in sveta","publisher":{"@id":"https:\/\/hudo.com\/si\/#organization"},"potentialAction":[{"@type":"SearchAction","target":{"@type":"EntryPoint","urlTemplate":"https:\/\/hudo.com\/si\/?s={search_term_string}"},"query-input":"required name=search_term_string"}],"inLanguage":"sl-SI"},{"@type":"Organization","@id":"https:\/\/hudo.com\/si\/#organization","name":"VSN Media","url":"https:\/\/hudo.com\/si\/","logo":{"@type":"ImageObject","inLanguage":"sl-SI","@id":"https:\/\/hudo.com\/si\/#\/schema\/logo\/image\/","url":"https:\/\/hudo.com\/si\/wp-content\/uploads\/sites\/2\/2021\/03\/hudo-app-2.png","contentUrl":"https:\/\/hudo.com\/si\/wp-content\/uploads\/sites\/2\/2021\/03\/hudo-app-2.png","width":2185,"height":2167,"caption":"VSN Media"},"image":{"@id":"https:\/\/hudo.com\/si\/#\/schema\/logo\/image\/"},"sameAs":["https:\/\/www.facebook.com\/hudo.si","https:\/\/twitter.com\/hudo_si"]},{"@type":"Person","@id":"https:\/\/hudo.com\/si\/#\/schema\/person\/601cf3379633985b20f7e50f2bb47707","name":"hudo","image":{"@type":"ImageObject","inLanguage":"sl-SI","@id":"https:\/\/hudo.com\/si\/#\/schema\/person\/image\/","url":"https:\/\/secure.gravatar.com\/avatar\/c4ca25fa72cace7a696b52ff5db9e095?s=96&d=mm&r=g","contentUrl":"https:\/\/secure.gravatar.com\/avatar\/c4ca25fa72cace7a696b52ff5db9e095?s=96&d=mm&r=g","caption":"hudo"},"url":"https:\/\/hudo.com\/si\/author\/hudo\/"}]}},"amp_enabled":true,"_links":{"self":[{"href":"https:\/\/hudo.com\/si\/wp-json\/wp\/v2\/posts\/90781"}],"collection":[{"href":"https:\/\/hudo.com\/si\/wp-json\/wp\/v2\/posts"}],"about":[{"href":"https:\/\/hudo.com\/si\/wp-json\/wp\/v2\/types\/post"}],"author":[{"embeddable":true,"href":"https:\/\/hudo.com\/si\/wp-json\/wp\/v2\/users\/1"}],"replies":[{"embeddable":true,"href":"https:\/\/hudo.com\/si\/wp-json\/wp\/v2\/comments?post=90781"}],"version-history":[{"count":1,"href":"https:\/\/hudo.com\/si\/wp-json\/wp\/v2\/posts\/90781\/revisions"}],"predecessor-version":[{"id":90952,"href":"https:\/\/hudo.com\/si\/wp-json\/wp\/v2\/posts\/90781\/revisions\/90952"}],"wp:attachment":[{"href":"https:\/\/hudo.com\/si\/wp-json\/wp\/v2\/media?parent=90781"}],"wp:term":[{"taxonomy":"category","embeddable":true,"href":"https:\/\/hudo.com\/si\/wp-json\/wp\/v2\/categories?post=90781"},{"taxonomy":"post_tag","embeddable":true,"href":"https:\/\/hudo.com\/si\/wp-json\/wp\/v2\/tags?post=90781"},{"taxonomy":"source","embeddable":true,"href":"https:\/\/hudo.com\/si\/wp-json\/wp\/v2\/source?post=90781"},{"taxonomy":"supertag","embeddable":true,"href":"https:\/\/hudo.com\/si\/wp-json\/wp\/v2\/supertag?post=90781"}],"curies":[{"name":"wp","href":"https:\/\/api.w.org\/{rel}","templated":true}]}}