{"id":91025,"date":"2016-07-08T12:50:00","date_gmt":"2016-07-08T10:50:00","guid":{"rendered":"http:\/\/hudo.com\/si\/2016\/07\/08\/kje-je-luka-doncic\/"},"modified":"2016-07-09T15:46:53","modified_gmt":"2016-07-09T13:46:53","slug":"kje-je-luka-doncic","status":"publish","type":"post","link":"https:\/\/hudo.com\/si\/aktualno\/kje-je-luka-doncic\/","title":{"rendered":"Kje je Luka Don\u010di\u0107?"},"content":{"rendered":"<p>\u010cez slabih \u0161tirinajst dni se bo v Roga\u0161ki Slatini zbrala slovenska ko\u0161arkarska reprezentanca, ki jo letos po dolgem \u010dasu \u010dakajo kvalifikacije za naslednje evropsko prvenstvo. Na za\u010detku bo imel selektor Igor Koko\u0161kov na voljo petnajst igralcev, s 1. avgustom pa kompletno ekipo na \u010delu z Goranom Dragi\u0107em.  Prvi zvezdnik Slovenije se lahko reprezentanci zaradi pravil NBA pridru\u017ei \u0161ele 1. avgusta, ko se bodo reprezentanci priklju\u010dili \u0161e mladi upi Vlatko \u010can\u010dar, Luka Kraljevi\u0107 in \u017dan Mark \u0160i\u0161ko.  &#8220;Reprezentanca Slovenije je me\u0161anica izku\u0161enih in mladih igralcev. Po eni strani razmi\u0161ljamo kratkoro\u010dno, saj je zame edina pomembna tekma tista naslednja, hkrati pa moramo skrbeti za prihodnost slovenske ko\u0161arke. Letos bomo videli precej mladih, ki bodo sestavljali okostje ekipe \u010dez pet ali ve\u010d let. \u0160koda, da med njimi ni Luke Don\u010di\u0107a, s katerim sem bil v kontaktu, vendar se ni odlo\u010dil za prihod. Dejal je, da imajo letos prednost druge stvari, in izrazil pripravljenost, da se reprezentanci pridru\u017ei v prihodnjih letih. Priznam, sem razo\u010daran, ne pa jezen,&#8221; je na novinarski konferenci dejal Igor Koko\u0161kov.  Slovenija bo v dobrem mesecu priprav odigrala devet prijateljskih tekem, od tega \u0161est v Sloveniji. Prvi dve bo igrala v Celju 5. in 6. avgusta (Portugalska, Belgija), nato jo sredi avgusta \u010daka turnir na Dunaju (Avstrija, Poljska, Islandija), enkrat se bo predstavila v Sto\u017eicah (Velika Britanija), za konec pa \u0161e v Mariboru (Makedonija, \u010crna gora).  Kvalifikacije se bodo za\u010dele 31. avgusta. Slovenija bo igrala s Kosovom (Sto\u017eice), Ukrajino (Celje) ter Bolgarijo (Sto\u017eice).  Priprav se bodo udele\u017eili: Jaka Bla\u017ei\u010d, Toma\u017e Bol\u010dina, Domen Brato\u017e, Vlatko \u010can\u010dar, \u017diga Dimec, Goran Dragi\u0107, Zoran Dragi\u0107, Jaka Klobu\u010dar, Luka Kraljevi\u0107, Luka Lapornik, Miha Lapornik, Bla\u017e Mahkovic, Gezim Morina, Edo Muri\u0107, Mitja Nikoli\u0107, Alen Omi\u0107, Klemen Prepeli\u010d, Matic Rebec, \u017dan Mark \u0160i\u0161ko, Ga\u0161per Vidmar in Sa\u0161o Zagorac.\u0160port<\/p>\n","protected":false},"excerpt":{"rendered":"<p>\u010cez slabih \u0161tirinajst dni se bo v Roga\u0161ki Slatini zbrala slovenska ko\u0161arkarska reprezentanca, ki jo letos po dolgem \u010dasu \u010dakajo kvalifikacije za naslednje evropsko prvenstvo. Na za\u010detku bo imel selektor Igor Koko\u0161kov na voljo petnajst igralcev, s 1. avgustom pa kompletno ekipo na \u010delu z Goranom Dragi\u0107em.  Prvi zvezdnik Slovenije se lahko reprezentanci zaradi pravil NBA pridru\u017ei \u0161ele 1. avgusta, ko se bodo reprezentanci priklju\u010dili \u0161e mladi upi Vlatko \u010can\u010dar, Luka Kraljevi\u0107 in \u017dan Mark \u0160i\u0161ko.  &#8220;Reprezentanca Slovenije je me\u0161anica izku\u0161enih in mladih igralcev. Po eni strani razmi\u0161ljamo kratkoro\u010dno, saj je zame edina pomembna tekma tista naslednja, hkrati pa moramo skrbeti za prihodnost slovenske ko\u0161arke. Letos bomo videli precej mladih, ki bodo sestavljali okostje ekipe \u010dez pet ali ve\u010d let. \u0160koda, da med njimi ni Luke Don\u010di\u0107a, s katerim sem bil v kontaktu, vendar se ni odlo\u010dil za prihod. Dejal je, da imajo letos prednost druge stvari, in izrazil pripravljenost, da se reprezentanci pridru\u017ei v prihodnjih letih. Priznam, sem razo\u010daran, ne pa jezen,&#8221; je na novinarski konferenci dejal Igor Koko\u0161kov.  Slovenija bo v dobrem mesecu priprav odigrala devet prijateljskih tekem, od tega \u0161est v Sloveniji. Prvi dve bo igrala v Celju 5. in 6. avgusta (Portugalska, Belgija), nato jo sredi avgusta \u010daka turnir na Dunaju (Avstrija, Poljska, Islandija), enkrat se bo predstavila v Sto\u017eicah (Velika Britanija), za konec pa \u0161e v Mariboru (Makedonija, \u010crna gora).  Kvalifikacije se bodo za\u010dele 31. avgusta. Slovenija bo igrala s Kosovom (Sto\u017eice), Ukrajino (Celje) ter Bolgarijo (Sto\u017eice).  Priprav se bodo udele\u017eili: Jaka Bla\u017ei\u010d, Toma\u017e Bol\u010dina, Domen Brato\u017e, Vlatko \u010can\u010dar, \u017diga Dimec, Goran Dragi\u0107, Zoran Dragi\u0107, Jaka Klobu\u010dar, Luka Kraljevi\u0107, Luka Lapornik, Miha Lapornik, Bla\u017e Mahkovic, Gezim Morina, Edo Muri\u0107, Mitja Nikoli\u0107, Alen Omi\u0107, Klemen Prepeli\u010d, Matic Rebec, \u017dan Mark \u0160i\u0161ko, Ga\u0161per Vidmar in Sa\u0161o Zagorac.\u0160port<\/p>\n","protected":false},"author":1,"featured_media":0,"comment_status":"closed","ping_status":"closed","sticky":false,"template":"","format":"standard","meta":{"footnotes":""},"categories":[1179],"tags":[],"source":[1711],"supertag":[],"acf":[],"yoast_head":"<!-- This site is optimized with the Yoast SEO plugin v21.3 - https:\/\/yoast.com\/wordpress\/plugins\/seo\/ -->\n<title>Kje je Luka Don\u010di\u0107? - Hudo Slovenija<\/title>\n<meta name=\"robots\" content=\"index, follow, max-snippet:-1, max-image-preview:large, max-video-preview:-1\" \/>\n<link rel=\"canonical\" href=\"https:\/\/hudo.com\/si\/aktualno\/kje-je-luka-doncic\/\" \/>\n<meta property=\"og:locale\" content=\"sl_SI\" \/>\n<meta property=\"og:type\" content=\"article\" \/>\n<meta property=\"og:title\" content=\"Kje je Luka Don\u010di\u0107? - Hudo Slovenija\" \/>\n<meta property=\"og:description\" content=\"\u010cez slabih \u0161tirinajst dni se bo v Roga\u0161ki Slatini zbrala slovenska ko\u0161arkarska reprezentanca, ki jo letos po dolgem \u010dasu \u010dakajo kvalifikacije za naslednje evropsko prvenstvo. Na za\u010detku bo imel selektor Igor Koko\u0161kov na voljo petnajst igralcev, s 1. avgustom pa kompletno ekipo na \u010delu z Goranom Dragi\u0107em. Prvi zvezdnik Slovenije se lahko reprezentanci zaradi pravil NBA pridru\u017ei \u0161ele 1. avgusta, ko se bodo reprezentanci priklju\u010dili \u0161e mladi upi Vlatko \u010can\u010dar, Luka Kraljevi\u0107 in \u017dan Mark \u0160i\u0161ko. &quot;Reprezentanca Slovenije je me\u0161anica izku\u0161enih in mladih igralcev. Po eni strani razmi\u0161ljamo kratkoro\u010dno, saj je zame edina pomembna tekma tista naslednja, hkrati pa moramo skrbeti za prihodnost slovenske ko\u0161arke. Letos bomo videli precej mladih, ki bodo sestavljali okostje ekipe \u010dez pet ali ve\u010d let. \u0160koda, da med njimi ni Luke Don\u010di\u0107a, s katerim sem bil v kontaktu, vendar se ni odlo\u010dil za prihod. Dejal je, da imajo letos prednost druge stvari, in izrazil pripravljenost, da se reprezentanci pridru\u017ei v prihodnjih letih. Priznam, sem razo\u010daran, ne pa jezen,&quot; je na novinarski konferenci dejal Igor Koko\u0161kov. Slovenija bo v dobrem mesecu priprav odigrala devet prijateljskih tekem, od tega \u0161est v Sloveniji. Prvi dve bo igrala v Celju 5. in 6. avgusta (Portugalska, Belgija), nato jo sredi avgusta \u010daka turnir na Dunaju (Avstrija, Poljska, Islandija), enkrat se bo predstavila v Sto\u017eicah (Velika Britanija), za konec pa \u0161e v Mariboru (Makedonija, \u010crna gora). Kvalifikacije se bodo za\u010dele 31. avgusta. Slovenija bo igrala s Kosovom (Sto\u017eice), Ukrajino (Celje) ter Bolgarijo (Sto\u017eice). Priprav se bodo udele\u017eili: Jaka Bla\u017ei\u010d, Toma\u017e Bol\u010dina, Domen Brato\u017e, Vlatko \u010can\u010dar, \u017diga Dimec, Goran Dragi\u0107, Zoran Dragi\u0107, Jaka Klobu\u010dar, Luka Kraljevi\u0107, Luka Lapornik, Miha Lapornik, Bla\u017e Mahkovic, Gezim Morina, Edo Muri\u0107, Mitja Nikoli\u0107, Alen Omi\u0107, Klemen Prepeli\u010d, Matic Rebec, \u017dan Mark \u0160i\u0161ko, Ga\u0161per Vidmar in Sa\u0161o Zagorac.\u0160port\" \/>\n<meta property=\"og:url\" content=\"https:\/\/hudo.com\/si\/aktualno\/kje-je-luka-doncic\/\" \/>\n<meta property=\"og:site_name\" content=\"Hudo Slovenija\" \/>\n<meta property=\"article:publisher\" content=\"https:\/\/www.facebook.com\/hudo.si\" \/>\n<meta property=\"article:published_time\" content=\"2016-07-08T10:50:00+00:00\" \/>\n<meta property=\"article:modified_time\" content=\"2016-07-09T13:46:53+00:00\" \/>\n<meta property=\"og:image\" content=\"https:\/\/hudo.com\/si\/wp-content\/uploads\/sites\/2\/2016\/07\/doncic_real-300.jpg\" \/>\n\t<meta property=\"og:image:width\" content=\"450\" \/>\n\t<meta property=\"og:image:height\" content=\"337\" \/>\n\t<meta property=\"og:image:type\" content=\"image\/jpeg\" \/>\n<meta name=\"author\" content=\"hudo\" \/>\n<meta name=\"twitter:card\" content=\"summary_large_image\" \/>\n<meta name=\"twitter:creator\" content=\"@hudo_si\" \/>\n<meta name=\"twitter:site\" content=\"@hudo_si\" \/>\n<meta name=\"twitter:label1\" content=\"Written by\" \/>\n\t<meta name=\"twitter:data1\" content=\"hudo\" \/>\n\t<meta name=\"twitter:label2\" content=\"Est. reading time\" \/>\n\t<meta name=\"twitter:data2\" content=\"2 minuti\" \/>\n<script type=\"application\/ld+json\" class=\"yoast-schema-graph\">{\"@context\":\"https:\/\/schema.org\",\"@graph\":[{\"@type\":\"Article\",\"@id\":\"https:\/\/hudo.com\/si\/aktualno\/kje-je-luka-doncic\/#article\",\"isPartOf\":{\"@id\":\"https:\/\/hudo.com\/si\/aktualno\/kje-je-luka-doncic\/\"},\"author\":{\"name\":\"hudo\",\"@id\":\"https:\/\/hudo.com\/si\/#\/schema\/person\/601cf3379633985b20f7e50f2bb47707\"},\"headline\":\"Kje je Luka Don\u010di\u0107?\",\"datePublished\":\"2016-07-08T10:50:00+00:00\",\"dateModified\":\"2016-07-09T13:46:53+00:00\",\"mainEntityOfPage\":{\"@id\":\"https:\/\/hudo.com\/si\/aktualno\/kje-je-luka-doncic\/\"},\"wordCount\":323,\"publisher\":{\"@id\":\"https:\/\/hudo.com\/si\/#organization\"},\"articleSection\":[\"Aktualno\"],\"inLanguage\":\"sl-SI\"},{\"@type\":\"WebPage\",\"@id\":\"https:\/\/hudo.com\/si\/aktualno\/kje-je-luka-doncic\/\",\"url\":\"https:\/\/hudo.com\/si\/aktualno\/kje-je-luka-doncic\/\",\"name\":\"Kje je Luka Don\u010di\u0107? - Hudo Slovenija\",\"isPartOf\":{\"@id\":\"https:\/\/hudo.com\/si\/#website\"},\"datePublished\":\"2016-07-08T10:50:00+00:00\",\"dateModified\":\"2016-07-09T13:46:53+00:00\",\"breadcrumb\":{\"@id\":\"https:\/\/hudo.com\/si\/aktualno\/kje-je-luka-doncic\/#breadcrumb\"},\"inLanguage\":\"sl-SI\",\"potentialAction\":[{\"@type\":\"ReadAction\",\"target\":[\"https:\/\/hudo.com\/si\/aktualno\/kje-je-luka-doncic\/\"]}]},{\"@type\":\"BreadcrumbList\",\"@id\":\"https:\/\/hudo.com\/si\/aktualno\/kje-je-luka-doncic\/#breadcrumb\",\"itemListElement\":[{\"@type\":\"ListItem\",\"position\":1,\"name\":\"Home\",\"item\":\"https:\/\/hudo.com\/si\/\"},{\"@type\":\"ListItem\",\"position\":2,\"name\":\"Kje je Luka Don\u010di\u0107?\"}]},{\"@type\":\"WebSite\",\"@id\":\"https:\/\/hudo.com\/si\/#website\",\"url\":\"https:\/\/hudo.com\/si\/\",\"name\":\"Hudo Slovenija\",\"description\":\"Vse novice iz Slovenije in sveta\",\"publisher\":{\"@id\":\"https:\/\/hudo.com\/si\/#organization\"},\"potentialAction\":[{\"@type\":\"SearchAction\",\"target\":{\"@type\":\"EntryPoint\",\"urlTemplate\":\"https:\/\/hudo.com\/si\/?s={search_term_string}\"},\"query-input\":\"required name=search_term_string\"}],\"inLanguage\":\"sl-SI\"},{\"@type\":\"Organization\",\"@id\":\"https:\/\/hudo.com\/si\/#organization\",\"name\":\"VSN Media\",\"url\":\"https:\/\/hudo.com\/si\/\",\"logo\":{\"@type\":\"ImageObject\",\"inLanguage\":\"sl-SI\",\"@id\":\"https:\/\/hudo.com\/si\/#\/schema\/logo\/image\/\",\"url\":\"https:\/\/hudo.com\/si\/wp-content\/uploads\/sites\/2\/2021\/03\/hudo-app-2.png\",\"contentUrl\":\"https:\/\/hudo.com\/si\/wp-content\/uploads\/sites\/2\/2021\/03\/hudo-app-2.png\",\"width\":2185,\"height\":2167,\"caption\":\"VSN Media\"},\"image\":{\"@id\":\"https:\/\/hudo.com\/si\/#\/schema\/logo\/image\/\"},\"sameAs\":[\"https:\/\/www.facebook.com\/hudo.si\",\"https:\/\/twitter.com\/hudo_si\"]},{\"@type\":\"Person\",\"@id\":\"https:\/\/hudo.com\/si\/#\/schema\/person\/601cf3379633985b20f7e50f2bb47707\",\"name\":\"hudo\",\"image\":{\"@type\":\"ImageObject\",\"inLanguage\":\"sl-SI\",\"@id\":\"https:\/\/hudo.com\/si\/#\/schema\/person\/image\/\",\"url\":\"https:\/\/secure.gravatar.com\/avatar\/c4ca25fa72cace7a696b52ff5db9e095?s=96&d=mm&r=g\",\"contentUrl\":\"https:\/\/secure.gravatar.com\/avatar\/c4ca25fa72cace7a696b52ff5db9e095?s=96&d=mm&r=g\",\"caption\":\"hudo\"},\"url\":\"https:\/\/hudo.com\/si\/author\/hudo\/\"}]}<\/script>\n<!-- \/ Yoast SEO plugin. -->","yoast_head_json":{"title":"Kje je Luka Don\u010di\u0107? - Hudo Slovenija","robots":{"index":"index","follow":"follow","max-snippet":"max-snippet:-1","max-image-preview":"max-image-preview:large","max-video-preview":"max-video-preview:-1"},"canonical":"https:\/\/hudo.com\/si\/aktualno\/kje-je-luka-doncic\/","og_locale":"sl_SI","og_type":"article","og_title":"Kje je Luka Don\u010di\u0107? - Hudo Slovenija","og_description":"\u010cez slabih \u0161tirinajst dni se bo v Roga\u0161ki Slatini zbrala slovenska ko\u0161arkarska reprezentanca, ki jo letos po dolgem \u010dasu \u010dakajo kvalifikacije za naslednje evropsko prvenstvo. Na za\u010detku bo imel selektor Igor Koko\u0161kov na voljo petnajst igralcev, s 1. avgustom pa kompletno ekipo na \u010delu z Goranom Dragi\u0107em. Prvi zvezdnik Slovenije se lahko reprezentanci zaradi pravil NBA pridru\u017ei \u0161ele 1. avgusta, ko se bodo reprezentanci priklju\u010dili \u0161e mladi upi Vlatko \u010can\u010dar, Luka Kraljevi\u0107 in \u017dan Mark \u0160i\u0161ko. \"Reprezentanca Slovenije je me\u0161anica izku\u0161enih in mladih igralcev. Po eni strani razmi\u0161ljamo kratkoro\u010dno, saj je zame edina pomembna tekma tista naslednja, hkrati pa moramo skrbeti za prihodnost slovenske ko\u0161arke. Letos bomo videli precej mladih, ki bodo sestavljali okostje ekipe \u010dez pet ali ve\u010d let. \u0160koda, da med njimi ni Luke Don\u010di\u0107a, s katerim sem bil v kontaktu, vendar se ni odlo\u010dil za prihod. Dejal je, da imajo letos prednost druge stvari, in izrazil pripravljenost, da se reprezentanci pridru\u017ei v prihodnjih letih. Priznam, sem razo\u010daran, ne pa jezen,\" je na novinarski konferenci dejal Igor Koko\u0161kov. Slovenija bo v dobrem mesecu priprav odigrala devet prijateljskih tekem, od tega \u0161est v Sloveniji. Prvi dve bo igrala v Celju 5. in 6. avgusta (Portugalska, Belgija), nato jo sredi avgusta \u010daka turnir na Dunaju (Avstrija, Poljska, Islandija), enkrat se bo predstavila v Sto\u017eicah (Velika Britanija), za konec pa \u0161e v Mariboru (Makedonija, \u010crna gora). Kvalifikacije se bodo za\u010dele 31. avgusta. Slovenija bo igrala s Kosovom (Sto\u017eice), Ukrajino (Celje) ter Bolgarijo (Sto\u017eice). Priprav se bodo udele\u017eili: Jaka Bla\u017ei\u010d, Toma\u017e Bol\u010dina, Domen Brato\u017e, Vlatko \u010can\u010dar, \u017diga Dimec, Goran Dragi\u0107, Zoran Dragi\u0107, Jaka Klobu\u010dar, Luka Kraljevi\u0107, Luka Lapornik, Miha Lapornik, Bla\u017e Mahkovic, Gezim Morina, Edo Muri\u0107, Mitja Nikoli\u0107, Alen Omi\u0107, Klemen Prepeli\u010d, Matic Rebec, \u017dan Mark \u0160i\u0161ko, Ga\u0161per Vidmar in Sa\u0161o Zagorac.\u0160port","og_url":"https:\/\/hudo.com\/si\/aktualno\/kje-je-luka-doncic\/","og_site_name":"Hudo Slovenija","article_publisher":"https:\/\/www.facebook.com\/hudo.si","article_published_time":"2016-07-08T10:50:00+00:00","article_modified_time":"2016-07-09T13:46:53+00:00","og_image":[{"width":450,"height":337,"url":"https:\/\/hudo.com\/si\/wp-content\/uploads\/sites\/2\/2016\/07\/doncic_real-300.jpg","type":"image\/jpeg"}],"author":"hudo","twitter_card":"summary_large_image","twitter_creator":"@hudo_si","twitter_site":"@hudo_si","twitter_misc":{"Written by":"hudo","Est. reading time":"2 minuti"},"schema":{"@context":"https:\/\/schema.org","@graph":[{"@type":"Article","@id":"https:\/\/hudo.com\/si\/aktualno\/kje-je-luka-doncic\/#article","isPartOf":{"@id":"https:\/\/hudo.com\/si\/aktualno\/kje-je-luka-doncic\/"},"author":{"name":"hudo","@id":"https:\/\/hudo.com\/si\/#\/schema\/person\/601cf3379633985b20f7e50f2bb47707"},"headline":"Kje je Luka Don\u010di\u0107?","datePublished":"2016-07-08T10:50:00+00:00","dateModified":"2016-07-09T13:46:53+00:00","mainEntityOfPage":{"@id":"https:\/\/hudo.com\/si\/aktualno\/kje-je-luka-doncic\/"},"wordCount":323,"publisher":{"@id":"https:\/\/hudo.com\/si\/#organization"},"articleSection":["Aktualno"],"inLanguage":"sl-SI"},{"@type":"WebPage","@id":"https:\/\/hudo.com\/si\/aktualno\/kje-je-luka-doncic\/","url":"https:\/\/hudo.com\/si\/aktualno\/kje-je-luka-doncic\/","name":"Kje je Luka Don\u010di\u0107? - Hudo Slovenija","isPartOf":{"@id":"https:\/\/hudo.com\/si\/#website"},"datePublished":"2016-07-08T10:50:00+00:00","dateModified":"2016-07-09T13:46:53+00:00","breadcrumb":{"@id":"https:\/\/hudo.com\/si\/aktualno\/kje-je-luka-doncic\/#breadcrumb"},"inLanguage":"sl-SI","potentialAction":[{"@type":"ReadAction","target":["https:\/\/hudo.com\/si\/aktualno\/kje-je-luka-doncic\/"]}]},{"@type":"BreadcrumbList","@id":"https:\/\/hudo.com\/si\/aktualno\/kje-je-luka-doncic\/#breadcrumb","itemListElement":[{"@type":"ListItem","position":1,"name":"Home","item":"https:\/\/hudo.com\/si\/"},{"@type":"ListItem","position":2,"name":"Kje je Luka Don\u010di\u0107?"}]},{"@type":"WebSite","@id":"https:\/\/hudo.com\/si\/#website","url":"https:\/\/hudo.com\/si\/","name":"Hudo Slovenija","description":"Vse novice iz Slovenije in sveta","publisher":{"@id":"https:\/\/hudo.com\/si\/#organization"},"potentialAction":[{"@type":"SearchAction","target":{"@type":"EntryPoint","urlTemplate":"https:\/\/hudo.com\/si\/?s={search_term_string}"},"query-input":"required name=search_term_string"}],"inLanguage":"sl-SI"},{"@type":"Organization","@id":"https:\/\/hudo.com\/si\/#organization","name":"VSN Media","url":"https:\/\/hudo.com\/si\/","logo":{"@type":"ImageObject","inLanguage":"sl-SI","@id":"https:\/\/hudo.com\/si\/#\/schema\/logo\/image\/","url":"https:\/\/hudo.com\/si\/wp-content\/uploads\/sites\/2\/2021\/03\/hudo-app-2.png","contentUrl":"https:\/\/hudo.com\/si\/wp-content\/uploads\/sites\/2\/2021\/03\/hudo-app-2.png","width":2185,"height":2167,"caption":"VSN Media"},"image":{"@id":"https:\/\/hudo.com\/si\/#\/schema\/logo\/image\/"},"sameAs":["https:\/\/www.facebook.com\/hudo.si","https:\/\/twitter.com\/hudo_si"]},{"@type":"Person","@id":"https:\/\/hudo.com\/si\/#\/schema\/person\/601cf3379633985b20f7e50f2bb47707","name":"hudo","image":{"@type":"ImageObject","inLanguage":"sl-SI","@id":"https:\/\/hudo.com\/si\/#\/schema\/person\/image\/","url":"https:\/\/secure.gravatar.com\/avatar\/c4ca25fa72cace7a696b52ff5db9e095?s=96&d=mm&r=g","contentUrl":"https:\/\/secure.gravatar.com\/avatar\/c4ca25fa72cace7a696b52ff5db9e095?s=96&d=mm&r=g","caption":"hudo"},"url":"https:\/\/hudo.com\/si\/author\/hudo\/"}]}},"amp_enabled":true,"_links":{"self":[{"href":"https:\/\/hudo.com\/si\/wp-json\/wp\/v2\/posts\/91025"}],"collection":[{"href":"https:\/\/hudo.com\/si\/wp-json\/wp\/v2\/posts"}],"about":[{"href":"https:\/\/hudo.com\/si\/wp-json\/wp\/v2\/types\/post"}],"author":[{"embeddable":true,"href":"https:\/\/hudo.com\/si\/wp-json\/wp\/v2\/users\/1"}],"replies":[{"embeddable":true,"href":"https:\/\/hudo.com\/si\/wp-json\/wp\/v2\/comments?post=91025"}],"version-history":[{"count":1,"href":"https:\/\/hudo.com\/si\/wp-json\/wp\/v2\/posts\/91025\/revisions"}],"predecessor-version":[{"id":91202,"href":"https:\/\/hudo.com\/si\/wp-json\/wp\/v2\/posts\/91025\/revisions\/91202"}],"wp:attachment":[{"href":"https:\/\/hudo.com\/si\/wp-json\/wp\/v2\/media?parent=91025"}],"wp:term":[{"taxonomy":"category","embeddable":true,"href":"https:\/\/hudo.com\/si\/wp-json\/wp\/v2\/categories?post=91025"},{"taxonomy":"post_tag","embeddable":true,"href":"https:\/\/hudo.com\/si\/wp-json\/wp\/v2\/tags?post=91025"},{"taxonomy":"source","embeddable":true,"href":"https:\/\/hudo.com\/si\/wp-json\/wp\/v2\/source?post=91025"},{"taxonomy":"supertag","embeddable":true,"href":"https:\/\/hudo.com\/si\/wp-json\/wp\/v2\/supertag?post=91025"}],"curies":[{"name":"wp","href":"https:\/\/api.w.org\/{rel}","templated":true}]}}